{"id":1967,"date":"2023-06-15T09:04:00","date_gmt":"2023-06-15T08:04:00","guid":{"rendered":"https:\/\/aridane.org\/ciudad\/?p=1862"},"modified":"2023-06-22T11:59:00","modified_gmt":"2023-06-22T11:59:00","slug":"pilar-teresa-diaz-luis-mujer-destacada-2023-de-los-llanos-de-aridane-2","status":"publish","type":"post","link":"https:\/\/www.aridane.org\/city\/2023\/06\/15\/pilar-teresa-diaz-luis-mujer-destacada-2023-de-los-llanos-de-aridane-2\/","title":{"rendered":"Pilar Teresa D\u00edaz Luis Mujer Destacada 2023 de Los Llanos de Aridane"},"content":{"rendered":"<section class=\"wpb-content-wrapper\"><p>[vc_row css_animation=\u00bb\u00bb row_type=\u00bbrow\u00bb use_row_as_full_screen_section=\u00bbno\u00bb type=\u00bbfull_width\u00bb angled_section=\u00bbno\u00bb text_align=\u00bbleft\u00bb background_image_as_pattern=\u00bbwithout_pattern\u00bb][vc_column][vc_row_inner row_type=\u00bbrow\u00bb type=\u00bbgrid\u00bb text_align=\u00bbleft\u00bb css_animation=\u00bb\u00bb][vc_column_inner][vc_empty_space height=\u00bb20px\u00bb][vc_empty_space height=\u00bb20px\u00bb][\/vc_column_inner][\/vc_row_inner][vc_column_text]<strong>Los Llanos de Aridane, 15 de junio 2023.-<\/strong> El Ayuntamiento de Los Llanos de Aridane a trav\u00e9s de su alcaldesa en funciones, Noelia Garc\u00eda Leal, y la concejal de Igualdad en funciones, Elena Pais, han informado que ayer el municipio homenaje\u00f3 a su Mujer Destacada 2023, Pilar Teresa D\u00edaz Luis, \u201cpor su extensa experiencia vinculada a la educaci\u00f3n y el fomento de la igualdad entre hombres y mujeres\u201d.<\/p>\n<p>Durante el acto, en el que tambi\u00e9n se reconoci\u00f3 al resto de mujeres propuestas para este premio, se concedieron las distinciones honor\u00edficas y que este a\u00f1o han reca\u00eddo en el IES Jos\u00e9 Mar\u00eda P\u00e9rez Pulido, como mejor Proyecto Educativo sobre Igualdad y por visibilizar la figura de las mujeres; las empresas premiadas han sido Adamana Peluqueros, con Antonia Toledo Vi\u00f1a a la cabeza, y Ferreter\u00eda Hogar, que dirige Carmen Mar\u00eda Koury Hern\u00e1ndez; mientras que la menci\u00f3n honor\u00edfica ha sido para Fundaci\u00f3n Canaria para las Personas con Sordera y sus familias, FUNCASOR.[\/vc_column_text][\/vc_column][\/vc_row]<\/p>\n<\/section>","protected":false},"excerpt":{"rendered":"<p>[vc_row css_animation=\u00bb\u00bb row_type=\u00bbrow\u00bb use_row_as_full_screen_section=\u00bbno\u00bb type=\u00bbfull_width\u00bb angled_section=\u00bbno\u00bb text_align=\u00bbleft\u00bb background_image_as_pattern=\u00bbwithout_pattern\u00bb][vc_column][vc_row_inner row_type=\u00bbrow\u00bb type=\u00bbgrid\u00bb text_align=\u00bbleft\u00bb css_animation=\u00bb\u00bb][vc_column_inner][vc_empty_space height=\u00bb20px\u00bb][vc_empty_space height=\u00bb20px\u00bb][\/vc_column_inner][\/vc_row_inner][vc_column_text]Los Llanos de Aridane, 15 de junio 2023.- El Ayuntamiento de Los Llanos de Aridane a trav\u00e9s de su alcaldesa en funciones, Noelia Garc\u00eda Leal, y la concejal de Igualdad en funciones,&#8230;<\/p>\n","protected":false},"author":1,"featured_media":2060,"comment_status":"closed","ping_status":"open","sticky":false,"template":"","format":"standard","meta":{"footnotes":""},"categories":[6],"tags":[],"class_list":["post-1967","post","type-post","status-publish","format-standard","has-post-thumbnail","hentry","category-prensa"],"yoast_head":"<!-- This site is optimized with the Yoast SEO plugin v22.7 - https:\/\/yoast.com\/wordpress\/plugins\/seo\/ -->\n<title>Pilar Teresa D\u00edaz Luis Mujer Destacada 2023 de Los Llanos de Aridane - Ayuntamiento de Los Llanos de Aridane<\/title>\n<meta name=\"description\" content=\"El Ayuntamiento de Los Llanos de Aridane presenta el cartel y el programa de La Patrona 2021 con el lema \u201cRemedios, m\u00e1s que un nombre.\u201d\" \/>\n<meta name=\"robots\" content=\"index, follow, max-snippet:-1, max-image-preview:large, max-video-preview:-1\" \/>\n<link rel=\"canonical\" href=\"https:\/\/www.aridane.org\/city\/2023\/06\/15\/pilar-teresa-diaz-luis-mujer-destacada-2023-de-los-llanos-de-aridane-2\/\" \/>\n<meta property=\"og:locale\" content=\"es_ES\" \/>\n<meta property=\"og:type\" content=\"article\" \/>\n<meta property=\"og:title\" content=\"Pilar Teresa D\u00edaz Luis Mujer Destacada 2023 de Los Llanos de Aridane - Ayuntamiento de Los Llanos de Aridane\" \/>\n<meta property=\"og:description\" content=\"El Ayuntamiento de Los Llanos de Aridane presenta el cartel y el programa de La Patrona 2021 con el lema \u201cRemedios, m\u00e1s que un nombre.\u201d\" \/>\n<meta property=\"og:url\" content=\"https:\/\/www.aridane.org\/city\/2023\/06\/15\/pilar-teresa-diaz-luis-mujer-destacada-2023-de-los-llanos-de-aridane-2\/\" \/>\n<meta property=\"og:site_name\" content=\"Ayuntamiento de Los Llanos de Aridane\" \/>\n<meta property=\"article:published_time\" content=\"2023-06-15T08:04:00+00:00\" \/>\n<meta property=\"article:modified_time\" content=\"2023-06-22T11:59:00+00:00\" \/>\n<meta property=\"og:image\" content=\"https:\/\/www.aridane.org\/city\/wp-content\/uploads\/2023\/06\/mujer-destacada-23.jpg\" \/>\n\t<meta property=\"og:image:width\" content=\"1600\" \/>\n\t<meta property=\"og:image:height\" content=\"1066\" \/>\n\t<meta property=\"og:image:type\" content=\"image\/jpeg\" \/>\n<meta name=\"author\" content=\"Richard Diaz\" \/>\n<meta name=\"twitter:card\" content=\"summary_large_image\" \/>\n<meta name=\"twitter:label1\" content=\"Escrito por\" \/>\n\t<meta name=\"twitter:data1\" content=\"Richard Diaz\" \/>\n\t<meta name=\"twitter:label2\" content=\"Tiempo de lectura\" \/>\n\t<meta name=\"twitter:data2\" content=\"1 minuto\" \/>\n<script type=\"application\/ld+json\" class=\"yoast-schema-graph\">{\"@context\":\"https:\/\/schema.org\",\"@graph\":[{\"@type\":\"WebPage\",\"@id\":\"https:\/\/www.aridane.org\/city\/2023\/06\/15\/pilar-teresa-diaz-luis-mujer-destacada-2023-de-los-llanos-de-aridane-2\/\",\"url\":\"https:\/\/www.aridane.org\/city\/2023\/06\/15\/pilar-teresa-diaz-luis-mujer-destacada-2023-de-los-llanos-de-aridane-2\/\",\"name\":\"Pilar Teresa D\u00edaz Luis Mujer Destacada 2023 de Los Llanos de Aridane - Ayuntamiento de Los Llanos de Aridane\",\"isPartOf\":{\"@id\":\"https:\/\/www.aridane.org\/city\/#website\"},\"primaryImageOfPage\":{\"@id\":\"https:\/\/www.aridane.org\/city\/2023\/06\/15\/pilar-teresa-diaz-luis-mujer-destacada-2023-de-los-llanos-de-aridane-2\/#primaryimage\"},\"image\":{\"@id\":\"https:\/\/www.aridane.org\/city\/2023\/06\/15\/pilar-teresa-diaz-luis-mujer-destacada-2023-de-los-llanos-de-aridane-2\/#primaryimage\"},\"thumbnailUrl\":\"https:\/\/www.aridane.org\/city\/wp-content\/uploads\/2023\/06\/mujer-destacada-23.jpg\",\"datePublished\":\"2023-06-15T08:04:00+00:00\",\"dateModified\":\"2023-06-22T11:59:00+00:00\",\"author\":{\"@id\":\"https:\/\/www.aridane.org\/city\/#\/schema\/person\/7d352ec7f29881716f298394432e7209\"},\"description\":\"El Ayuntamiento de Los Llanos de Aridane presenta el cartel y el programa de La Patrona 2021 con el lema \u201cRemedios, m\u00e1s que un nombre.\u201d\",\"breadcrumb\":{\"@id\":\"https:\/\/www.aridane.org\/city\/2023\/06\/15\/pilar-teresa-diaz-luis-mujer-destacada-2023-de-los-llanos-de-aridane-2\/#breadcrumb\"},\"inLanguage\":\"es\",\"potentialAction\":[{\"@type\":\"ReadAction\",\"target\":[\"https:\/\/www.aridane.org\/city\/2023\/06\/15\/pilar-teresa-diaz-luis-mujer-destacada-2023-de-los-llanos-de-aridane-2\/\"]}]},{\"@type\":\"ImageObject\",\"inLanguage\":\"es\",\"@id\":\"https:\/\/www.aridane.org\/city\/2023\/06\/15\/pilar-teresa-diaz-luis-mujer-destacada-2023-de-los-llanos-de-aridane-2\/#primaryimage\",\"url\":\"https:\/\/www.aridane.org\/city\/wp-content\/uploads\/2023\/06\/mujer-destacada-23.jpg\",\"contentUrl\":\"https:\/\/www.aridane.org\/city\/wp-content\/uploads\/2023\/06\/mujer-destacada-23.jpg\",\"width\":1600,\"height\":1066},{\"@type\":\"BreadcrumbList\",\"@id\":\"https:\/\/www.aridane.org\/city\/2023\/06\/15\/pilar-teresa-diaz-luis-mujer-destacada-2023-de-los-llanos-de-aridane-2\/#breadcrumb\",\"itemListElement\":[{\"@type\":\"ListItem\",\"position\":1,\"name\":\"Portada\",\"item\":\"https:\/\/www.aridane.org\/city\/\"},{\"@type\":\"ListItem\",\"position\":2,\"name\":\"Pilar Teresa D\u00edaz Luis Mujer Destacada 2023 de Los Llanos de Aridane\"}]},{\"@type\":\"WebSite\",\"@id\":\"https:\/\/www.aridane.org\/city\/#website\",\"url\":\"https:\/\/www.aridane.org\/city\/\",\"name\":\"Ayuntamiento de Los Llanos de Aridane\",\"description\":\"\",\"potentialAction\":[{\"@type\":\"SearchAction\",\"target\":{\"@type\":\"EntryPoint\",\"urlTemplate\":\"https:\/\/www.aridane.org\/city\/?s={search_term_string}\"},\"query-input\":\"required name=search_term_string\"}],\"inLanguage\":\"es\"},{\"@type\":\"Person\",\"@id\":\"https:\/\/www.aridane.org\/city\/#\/schema\/person\/7d352ec7f29881716f298394432e7209\",\"name\":\"Richard Diaz\",\"image\":{\"@type\":\"ImageObject\",\"inLanguage\":\"es\",\"@id\":\"https:\/\/www.aridane.org\/city\/#\/schema\/person\/image\/\",\"url\":\"https:\/\/secure.gravatar.com\/avatar\/bacd6aefc26a4a204943090a4c596cd10f0857081ef3cfd12084a70ecb3161d5?s=96&d=mm&r=g\",\"contentUrl\":\"https:\/\/secure.gravatar.com\/avatar\/bacd6aefc26a4a204943090a4c596cd10f0857081ef3cfd12084a70ecb3161d5?s=96&d=mm&r=g\",\"caption\":\"Richard Diaz\"},\"sameAs\":[\"https:\/\/www.aridane.org\/city\"],\"url\":\"https:\/\/www.aridane.org\/city\/author\/richard-diaz\/\"}]}<\/script>\n<!-- \/ Yoast SEO plugin. -->","yoast_head_json":{"title":"Pilar Teresa D\u00edaz Luis Mujer Destacada 2023 de Los Llanos de Aridane - Ayuntamiento de Los Llanos de Aridane","description":"El Ayuntamiento de Los Llanos de Aridane presenta el cartel y el programa de La Patrona 2021 con el lema \u201cRemedios, m\u00e1s que un nombre.\u201d","robots":{"index":"index","follow":"follow","max-snippet":"max-snippet:-1","max-image-preview":"max-image-preview:large","max-video-preview":"max-video-preview:-1"},"canonical":"https:\/\/www.aridane.org\/city\/2023\/06\/15\/pilar-teresa-diaz-luis-mujer-destacada-2023-de-los-llanos-de-aridane-2\/","og_locale":"es_ES","og_type":"article","og_title":"Pilar Teresa D\u00edaz Luis Mujer Destacada 2023 de Los Llanos de Aridane - Ayuntamiento de Los Llanos de Aridane","og_description":"El Ayuntamiento de Los Llanos de Aridane presenta el cartel y el programa de La Patrona 2021 con el lema \u201cRemedios, m\u00e1s que un nombre.\u201d","og_url":"https:\/\/www.aridane.org\/city\/2023\/06\/15\/pilar-teresa-diaz-luis-mujer-destacada-2023-de-los-llanos-de-aridane-2\/","og_site_name":"Ayuntamiento de Los Llanos de Aridane","article_published_time":"2023-06-15T08:04:00+00:00","article_modified_time":"2023-06-22T11:59:00+00:00","og_image":[{"width":1600,"height":1066,"url":"https:\/\/www.aridane.org\/city\/wp-content\/uploads\/2023\/06\/mujer-destacada-23.jpg","type":"image\/jpeg"}],"author":"Richard Diaz","twitter_card":"summary_large_image","twitter_misc":{"Escrito por":"Richard Diaz","Tiempo de lectura":"1 minuto"},"schema":{"@context":"https:\/\/schema.org","@graph":[{"@type":"WebPage","@id":"https:\/\/www.aridane.org\/city\/2023\/06\/15\/pilar-teresa-diaz-luis-mujer-destacada-2023-de-los-llanos-de-aridane-2\/","url":"https:\/\/www.aridane.org\/city\/2023\/06\/15\/pilar-teresa-diaz-luis-mujer-destacada-2023-de-los-llanos-de-aridane-2\/","name":"Pilar Teresa D\u00edaz Luis Mujer Destacada 2023 de Los Llanos de Aridane - Ayuntamiento de Los Llanos de Aridane","isPartOf":{"@id":"https:\/\/www.aridane.org\/city\/#website"},"primaryImageOfPage":{"@id":"https:\/\/www.aridane.org\/city\/2023\/06\/15\/pilar-teresa-diaz-luis-mujer-destacada-2023-de-los-llanos-de-aridane-2\/#primaryimage"},"image":{"@id":"https:\/\/www.aridane.org\/city\/2023\/06\/15\/pilar-teresa-diaz-luis-mujer-destacada-2023-de-los-llanos-de-aridane-2\/#primaryimage"},"thumbnailUrl":"https:\/\/www.aridane.org\/city\/wp-content\/uploads\/2023\/06\/mujer-destacada-23.jpg","datePublished":"2023-06-15T08:04:00+00:00","dateModified":"2023-06-22T11:59:00+00:00","author":{"@id":"https:\/\/www.aridane.org\/city\/#\/schema\/person\/7d352ec7f29881716f298394432e7209"},"description":"El Ayuntamiento de Los Llanos de Aridane presenta el cartel y el programa de La Patrona 2021 con el lema \u201cRemedios, m\u00e1s que un nombre.\u201d","breadcrumb":{"@id":"https:\/\/www.aridane.org\/city\/2023\/06\/15\/pilar-teresa-diaz-luis-mujer-destacada-2023-de-los-llanos-de-aridane-2\/#breadcrumb"},"inLanguage":"es","potentialAction":[{"@type":"ReadAction","target":["https:\/\/www.aridane.org\/city\/2023\/06\/15\/pilar-teresa-diaz-luis-mujer-destacada-2023-de-los-llanos-de-aridane-2\/"]}]},{"@type":"ImageObject","inLanguage":"es","@id":"https:\/\/www.aridane.org\/city\/2023\/06\/15\/pilar-teresa-diaz-luis-mujer-destacada-2023-de-los-llanos-de-aridane-2\/#primaryimage","url":"https:\/\/www.aridane.org\/city\/wp-content\/uploads\/2023\/06\/mujer-destacada-23.jpg","contentUrl":"https:\/\/www.aridane.org\/city\/wp-content\/uploads\/2023\/06\/mujer-destacada-23.jpg","width":1600,"height":1066},{"@type":"BreadcrumbList","@id":"https:\/\/www.aridane.org\/city\/2023\/06\/15\/pilar-teresa-diaz-luis-mujer-destacada-2023-de-los-llanos-de-aridane-2\/#breadcrumb","itemListElement":[{"@type":"ListItem","position":1,"name":"Portada","item":"https:\/\/www.aridane.org\/city\/"},{"@type":"ListItem","position":2,"name":"Pilar Teresa D\u00edaz Luis Mujer Destacada 2023 de Los Llanos de Aridane"}]},{"@type":"WebSite","@id":"https:\/\/www.aridane.org\/city\/#website","url":"https:\/\/www.aridane.org\/city\/","name":"Ayuntamiento de Los Llanos de Aridane","description":"","potentialAction":[{"@type":"SearchAction","target":{"@type":"EntryPoint","urlTemplate":"https:\/\/www.aridane.org\/city\/?s={search_term_string}"},"query-input":"required name=search_term_string"}],"inLanguage":"es"},{"@type":"Person","@id":"https:\/\/www.aridane.org\/city\/#\/schema\/person\/7d352ec7f29881716f298394432e7209","name":"Richard Diaz","image":{"@type":"ImageObject","inLanguage":"es","@id":"https:\/\/www.aridane.org\/city\/#\/schema\/person\/image\/","url":"https:\/\/secure.gravatar.com\/avatar\/bacd6aefc26a4a204943090a4c596cd10f0857081ef3cfd12084a70ecb3161d5?s=96&d=mm&r=g","contentUrl":"https:\/\/secure.gravatar.com\/avatar\/bacd6aefc26a4a204943090a4c596cd10f0857081ef3cfd12084a70ecb3161d5?s=96&d=mm&r=g","caption":"Richard Diaz"},"sameAs":["https:\/\/www.aridane.org\/city"],"url":"https:\/\/www.aridane.org\/city\/author\/richard-diaz\/"}]}},"_links":{"self":[{"href":"https:\/\/www.aridane.org\/city\/wp-json\/wp\/v2\/posts\/1967","targetHints":{"allow":["GET"]}}],"collection":[{"href":"https:\/\/www.aridane.org\/city\/wp-json\/wp\/v2\/posts"}],"about":[{"href":"https:\/\/www.aridane.org\/city\/wp-json\/wp\/v2\/types\/post"}],"author":[{"embeddable":true,"href":"https:\/\/www.aridane.org\/city\/wp-json\/wp\/v2\/users\/1"}],"replies":[{"embeddable":true,"href":"https:\/\/www.aridane.org\/city\/wp-json\/wp\/v2\/comments?post=1967"}],"version-history":[{"count":1,"href":"https:\/\/www.aridane.org\/city\/wp-json\/wp\/v2\/posts\/1967\/revisions"}],"predecessor-version":[{"id":2074,"href":"https:\/\/www.aridane.org\/city\/wp-json\/wp\/v2\/posts\/1967\/revisions\/2074"}],"wp:featuredmedia":[{"embeddable":true,"href":"https:\/\/www.aridane.org\/city\/wp-json\/wp\/v2\/media\/2060"}],"wp:attachment":[{"href":"https:\/\/www.aridane.org\/city\/wp-json\/wp\/v2\/media?parent=1967"}],"wp:term":[{"taxonomy":"category","embeddable":true,"href":"https:\/\/www.aridane.org\/city\/wp-json\/wp\/v2\/categories?post=1967"},{"taxonomy":"post_tag","embeddable":true,"href":"https:\/\/www.aridane.org\/city\/wp-json\/wp\/v2\/tags?post=1967"}],"curies":[{"name":"wp","href":"https:\/\/api.w.org\/{rel}","templated":true}]}}