{"id":1968,"date":"2023-06-15T13:21:57","date_gmt":"2023-06-15T12:21:57","guid":{"rendered":"https:\/\/aridane.org\/ciudad\/?p=1865"},"modified":"2023-07-21T07:49:50","modified_gmt":"2023-07-21T07:49:50","slug":"los-llanos-de-aridane-otorga-145-licencias-en-suelo-rustico-en-apenas-1-ano","status":"publish","type":"post","link":"https:\/\/www.aridane.org\/city\/2023\/06\/15\/los-llanos-de-aridane-otorga-145-licencias-en-suelo-rustico-en-apenas-1-ano\/","title":{"rendered":"Los Llanos de Aridane otorga 145 licencias en suelo r\u00fastico en apenas 1 a\u00f1o"},"content":{"rendered":"<section class=\"wpb-content-wrapper\"><p>[vc_row css_animation=\u00bb\u00bb row_type=\u00bbrow\u00bb use_row_as_full_screen_section=\u00bbno\u00bb type=\u00bbfull_width\u00bb angled_section=\u00bbno\u00bb text_align=\u00bbleft\u00bb background_image_as_pattern=\u00bbwithout_pattern\u00bb][vc_column][vc_row_inner row_type=\u00bbrow\u00bb type=\u00bbgrid\u00bb text_align=\u00bbleft\u00bb css_animation=\u00bb\u00bb][vc_column_inner][vc_empty_space height=\u00bb20px\u00bb][vc_empty_space height=\u00bb20px\u00bb][\/vc_column_inner][\/vc_row_inner][vc_column_text]<\/p>\n<ul>\n<li><em>Garc\u00eda Leal agradece el importante trabajo que han desarrollado los t\u00e9cnicos del Consistorio aridanense para que este importante trabajo haya salido adelante en tiempo r\u00e9cord, as\u00ed como el coraje y valent\u00eda de las familias que han vuelto a elegir el municipio para reconstruir sus viviendas.<\/em><\/li>\n<\/ul>\n<p>&nbsp;<\/p>\n<p><strong>Los Llanos de Aridane, 15 de junio de 2023.- <\/strong>El Ayuntamiento de Los Llanos de Aridane a trav\u00e9s de la alcaldesa en funciones, Noelia Garc\u00eda Leal, han confirmado que el Consistorio aridanense ha entregado 145 licencias en suelo r\u00fastico en apenas 1 a\u00f1o.<\/p>\n<p>Garc\u00eda Leal ha puesto en valor el importante trabajo que se ha realizado desde el Ayuntamiento de Los Llanos de Aridane, y ha agradecido el esfuerzo de los t\u00e9cnicos para sacar adelante este importante trabajo en tiempo r\u00e9cord, \u201cy que nos permiti\u00f3\u00a0 ser el primer Consistorio en otorgar estas licencias\u201d. La alcaldesa en funciones, tambi\u00e9n ha querido reconocer la valent\u00eda y el coraje de las familias que han querido volver a reconstruir en el municipio, \u201cporque su sacrificio y ganas han sido clave para poder desarrollar todo este trabajo\u201d.<\/p>\n<p>Adem\u00e1s, Garc\u00eda Leal ha destacado el papel que han jugado las personas contratadas a trav\u00e9s de los planes de empleo, \u201ccuyo trabajo ha sido clave, permiti\u00e9ndonos ser una administraci\u00f3n m\u00e1s \u00e1gil, que es lo que nos ped\u00edan y siguen pidiendo los afectados, y fundamental en un momento\u00a0 como el que vive el municipio\u201d.<\/p>\n<p>Por \u00faltimo, desde el Ayuntamiento de Los Llanos de Aridane se recuerda que \u201cen plena reconstrucci\u00f3n como se encuentra el municipio en estos momentos es fundamental seguir trabajando para dar soluciones efectivas a nuestros vecinos\u201d.[\/vc_column_text][\/vc_column][\/vc_row]<\/p>\n<\/section>","protected":false},"excerpt":{"rendered":"<p>[vc_row css_animation=\u00bb\u00bb row_type=\u00bbrow\u00bb use_row_as_full_screen_section=\u00bbno\u00bb type=\u00bbfull_width\u00bb angled_section=\u00bbno\u00bb text_align=\u00bbleft\u00bb background_image_as_pattern=\u00bbwithout_pattern\u00bb][vc_column][vc_row_inner row_type=\u00bbrow\u00bb type=\u00bbgrid\u00bb text_align=\u00bbleft\u00bb css_animation=\u00bb\u00bb][vc_column_inner][vc_empty_space height=\u00bb20px\u00bb][vc_empty_space height=\u00bb20px\u00bb][\/vc_column_inner][\/vc_row_inner][vc_column_text] Garc\u00eda Leal agradece el importante trabajo que han desarrollado los t\u00e9cnicos del Consistorio aridanense para que este importante trabajo haya salido adelante en tiempo r\u00e9cord, as\u00ed como el coraje y valent\u00eda&#8230;<\/p>\n","protected":false},"author":1,"featured_media":2391,"comment_status":"closed","ping_status":"open","sticky":false,"template":"","format":"standard","meta":{"footnotes":""},"categories":[6],"tags":[],"class_list":["post-1968","post","type-post","status-publish","format-standard","has-post-thumbnail","hentry","category-prensa"],"yoast_head":"<!-- This site is optimized with the Yoast SEO plugin v22.7 - https:\/\/yoast.com\/wordpress\/plugins\/seo\/ -->\n<title>Los Llanos de Aridane otorga 145 licencias en suelo r\u00fastico en apenas 1 a\u00f1o - Ayuntamiento de Los Llanos de Aridane<\/title>\n<meta name=\"description\" content=\"El Ayuntamiento de Los Llanos de Aridane presenta el cartel y el programa de La Patrona 2021 con el lema \u201cRemedios, m\u00e1s que un nombre.\u201d\" \/>\n<meta name=\"robots\" content=\"index, follow, max-snippet:-1, max-image-preview:large, max-video-preview:-1\" \/>\n<link rel=\"canonical\" href=\"https:\/\/www.aridane.org\/city\/2023\/06\/15\/los-llanos-de-aridane-otorga-145-licencias-en-suelo-rustico-en-apenas-1-ano\/\" \/>\n<meta property=\"og:locale\" content=\"es_ES\" \/>\n<meta property=\"og:type\" content=\"article\" \/>\n<meta property=\"og:title\" content=\"Los Llanos de Aridane otorga 145 licencias en suelo r\u00fastico en apenas 1 a\u00f1o - Ayuntamiento de Los Llanos de Aridane\" \/>\n<meta property=\"og:description\" content=\"El Ayuntamiento de Los Llanos de Aridane presenta el cartel y el programa de La Patrona 2021 con el lema \u201cRemedios, m\u00e1s que un nombre.\u201d\" \/>\n<meta property=\"og:url\" content=\"https:\/\/www.aridane.org\/city\/2023\/06\/15\/los-llanos-de-aridane-otorga-145-licencias-en-suelo-rustico-en-apenas-1-ano\/\" \/>\n<meta property=\"og:site_name\" content=\"Ayuntamiento de Los Llanos de Aridane\" \/>\n<meta property=\"article:published_time\" content=\"2023-06-15T12:21:57+00:00\" \/>\n<meta property=\"article:modified_time\" content=\"2023-07-21T07:49:50+00:00\" \/>\n<meta property=\"og:image\" content=\"https:\/\/www.aridane.org\/city\/wp-content\/uploads\/2023\/06\/6007839.webp\" \/>\n\t<meta property=\"og:image:width\" content=\"1200\" \/>\n\t<meta property=\"og:image:height\" content=\"675\" \/>\n\t<meta property=\"og:image:type\" content=\"image\/webp\" \/>\n<meta name=\"author\" content=\"Richard Diaz\" \/>\n<meta name=\"twitter:card\" content=\"summary_large_image\" \/>\n<meta name=\"twitter:label1\" content=\"Escrito por\" \/>\n\t<meta name=\"twitter:data1\" content=\"Richard Diaz\" \/>\n\t<meta name=\"twitter:label2\" content=\"Tiempo de lectura\" \/>\n\t<meta name=\"twitter:data2\" content=\"2 minutos\" \/>\n<script type=\"application\/ld+json\" class=\"yoast-schema-graph\">{\"@context\":\"https:\/\/schema.org\",\"@graph\":[{\"@type\":\"WebPage\",\"@id\":\"https:\/\/www.aridane.org\/city\/2023\/06\/15\/los-llanos-de-aridane-otorga-145-licencias-en-suelo-rustico-en-apenas-1-ano\/\",\"url\":\"https:\/\/www.aridane.org\/city\/2023\/06\/15\/los-llanos-de-aridane-otorga-145-licencias-en-suelo-rustico-en-apenas-1-ano\/\",\"name\":\"Los Llanos de Aridane otorga 145 licencias en suelo r\u00fastico en apenas 1 a\u00f1o - Ayuntamiento de Los Llanos de Aridane\",\"isPartOf\":{\"@id\":\"https:\/\/www.aridane.org\/city\/#website\"},\"primaryImageOfPage\":{\"@id\":\"https:\/\/www.aridane.org\/city\/2023\/06\/15\/los-llanos-de-aridane-otorga-145-licencias-en-suelo-rustico-en-apenas-1-ano\/#primaryimage\"},\"image\":{\"@id\":\"https:\/\/www.aridane.org\/city\/2023\/06\/15\/los-llanos-de-aridane-otorga-145-licencias-en-suelo-rustico-en-apenas-1-ano\/#primaryimage\"},\"thumbnailUrl\":\"https:\/\/www.aridane.org\/city\/wp-content\/uploads\/2023\/06\/6007839.webp\",\"datePublished\":\"2023-06-15T12:21:57+00:00\",\"dateModified\":\"2023-07-21T07:49:50+00:00\",\"author\":{\"@id\":\"https:\/\/www.aridane.org\/city\/#\/schema\/person\/7d352ec7f29881716f298394432e7209\"},\"description\":\"El Ayuntamiento de Los Llanos de Aridane presenta el cartel y el programa de La Patrona 2021 con el lema \u201cRemedios, m\u00e1s que un nombre.\u201d\",\"breadcrumb\":{\"@id\":\"https:\/\/www.aridane.org\/city\/2023\/06\/15\/los-llanos-de-aridane-otorga-145-licencias-en-suelo-rustico-en-apenas-1-ano\/#breadcrumb\"},\"inLanguage\":\"es\",\"potentialAction\":[{\"@type\":\"ReadAction\",\"target\":[\"https:\/\/www.aridane.org\/city\/2023\/06\/15\/los-llanos-de-aridane-otorga-145-licencias-en-suelo-rustico-en-apenas-1-ano\/\"]}]},{\"@type\":\"ImageObject\",\"inLanguage\":\"es\",\"@id\":\"https:\/\/www.aridane.org\/city\/2023\/06\/15\/los-llanos-de-aridane-otorga-145-licencias-en-suelo-rustico-en-apenas-1-ano\/#primaryimage\",\"url\":\"https:\/\/www.aridane.org\/city\/wp-content\/uploads\/2023\/06\/6007839.webp\",\"contentUrl\":\"https:\/\/www.aridane.org\/city\/wp-content\/uploads\/2023\/06\/6007839.webp\",\"width\":1200,\"height\":675},{\"@type\":\"BreadcrumbList\",\"@id\":\"https:\/\/www.aridane.org\/city\/2023\/06\/15\/los-llanos-de-aridane-otorga-145-licencias-en-suelo-rustico-en-apenas-1-ano\/#breadcrumb\",\"itemListElement\":[{\"@type\":\"ListItem\",\"position\":1,\"name\":\"Portada\",\"item\":\"https:\/\/www.aridane.org\/city\/\"},{\"@type\":\"ListItem\",\"position\":2,\"name\":\"Los Llanos de Aridane otorga 145 licencias en suelo r\u00fastico en apenas 1 a\u00f1o\"}]},{\"@type\":\"WebSite\",\"@id\":\"https:\/\/www.aridane.org\/city\/#website\",\"url\":\"https:\/\/www.aridane.org\/city\/\",\"name\":\"Ayuntamiento de Los Llanos de Aridane\",\"description\":\"\",\"potentialAction\":[{\"@type\":\"SearchAction\",\"target\":{\"@type\":\"EntryPoint\",\"urlTemplate\":\"https:\/\/www.aridane.org\/city\/?s={search_term_string}\"},\"query-input\":\"required name=search_term_string\"}],\"inLanguage\":\"es\"},{\"@type\":\"Person\",\"@id\":\"https:\/\/www.aridane.org\/city\/#\/schema\/person\/7d352ec7f29881716f298394432e7209\",\"name\":\"Richard Diaz\",\"image\":{\"@type\":\"ImageObject\",\"inLanguage\":\"es\",\"@id\":\"https:\/\/www.aridane.org\/city\/#\/schema\/person\/image\/\",\"url\":\"https:\/\/secure.gravatar.com\/avatar\/bacd6aefc26a4a204943090a4c596cd10f0857081ef3cfd12084a70ecb3161d5?s=96&d=mm&r=g\",\"contentUrl\":\"https:\/\/secure.gravatar.com\/avatar\/bacd6aefc26a4a204943090a4c596cd10f0857081ef3cfd12084a70ecb3161d5?s=96&d=mm&r=g\",\"caption\":\"Richard Diaz\"},\"sameAs\":[\"https:\/\/www.aridane.org\/city\"],\"url\":\"https:\/\/www.aridane.org\/city\/author\/richard-diaz\/\"}]}<\/script>\n<!-- \/ Yoast SEO plugin. -->","yoast_head_json":{"title":"Los Llanos de Aridane otorga 145 licencias en suelo r\u00fastico en apenas 1 a\u00f1o - Ayuntamiento de Los Llanos de Aridane","description":"El Ayuntamiento de Los Llanos de Aridane presenta el cartel y el programa de La Patrona 2021 con el lema \u201cRemedios, m\u00e1s que un nombre.\u201d","robots":{"index":"index","follow":"follow","max-snippet":"max-snippet:-1","max-image-preview":"max-image-preview:large","max-video-preview":"max-video-preview:-1"},"canonical":"https:\/\/www.aridane.org\/city\/2023\/06\/15\/los-llanos-de-aridane-otorga-145-licencias-en-suelo-rustico-en-apenas-1-ano\/","og_locale":"es_ES","og_type":"article","og_title":"Los Llanos de Aridane otorga 145 licencias en suelo r\u00fastico en apenas 1 a\u00f1o - Ayuntamiento de Los Llanos de Aridane","og_description":"El Ayuntamiento de Los Llanos de Aridane presenta el cartel y el programa de La Patrona 2021 con el lema \u201cRemedios, m\u00e1s que un nombre.\u201d","og_url":"https:\/\/www.aridane.org\/city\/2023\/06\/15\/los-llanos-de-aridane-otorga-145-licencias-en-suelo-rustico-en-apenas-1-ano\/","og_site_name":"Ayuntamiento de Los Llanos de Aridane","article_published_time":"2023-06-15T12:21:57+00:00","article_modified_time":"2023-07-21T07:49:50+00:00","og_image":[{"width":1200,"height":675,"url":"https:\/\/www.aridane.org\/city\/wp-content\/uploads\/2023\/06\/6007839.webp","type":"image\/webp"}],"author":"Richard Diaz","twitter_card":"summary_large_image","twitter_misc":{"Escrito por":"Richard Diaz","Tiempo de lectura":"2 minutos"},"schema":{"@context":"https:\/\/schema.org","@graph":[{"@type":"WebPage","@id":"https:\/\/www.aridane.org\/city\/2023\/06\/15\/los-llanos-de-aridane-otorga-145-licencias-en-suelo-rustico-en-apenas-1-ano\/","url":"https:\/\/www.aridane.org\/city\/2023\/06\/15\/los-llanos-de-aridane-otorga-145-licencias-en-suelo-rustico-en-apenas-1-ano\/","name":"Los Llanos de Aridane otorga 145 licencias en suelo r\u00fastico en apenas 1 a\u00f1o - Ayuntamiento de Los Llanos de Aridane","isPartOf":{"@id":"https:\/\/www.aridane.org\/city\/#website"},"primaryImageOfPage":{"@id":"https:\/\/www.aridane.org\/city\/2023\/06\/15\/los-llanos-de-aridane-otorga-145-licencias-en-suelo-rustico-en-apenas-1-ano\/#primaryimage"},"image":{"@id":"https:\/\/www.aridane.org\/city\/2023\/06\/15\/los-llanos-de-aridane-otorga-145-licencias-en-suelo-rustico-en-apenas-1-ano\/#primaryimage"},"thumbnailUrl":"https:\/\/www.aridane.org\/city\/wp-content\/uploads\/2023\/06\/6007839.webp","datePublished":"2023-06-15T12:21:57+00:00","dateModified":"2023-07-21T07:49:50+00:00","author":{"@id":"https:\/\/www.aridane.org\/city\/#\/schema\/person\/7d352ec7f29881716f298394432e7209"},"description":"El Ayuntamiento de Los Llanos de Aridane presenta el cartel y el programa de La Patrona 2021 con el lema \u201cRemedios, m\u00e1s que un nombre.\u201d","breadcrumb":{"@id":"https:\/\/www.aridane.org\/city\/2023\/06\/15\/los-llanos-de-aridane-otorga-145-licencias-en-suelo-rustico-en-apenas-1-ano\/#breadcrumb"},"inLanguage":"es","potentialAction":[{"@type":"ReadAction","target":["https:\/\/www.aridane.org\/city\/2023\/06\/15\/los-llanos-de-aridane-otorga-145-licencias-en-suelo-rustico-en-apenas-1-ano\/"]}]},{"@type":"ImageObject","inLanguage":"es","@id":"https:\/\/www.aridane.org\/city\/2023\/06\/15\/los-llanos-de-aridane-otorga-145-licencias-en-suelo-rustico-en-apenas-1-ano\/#primaryimage","url":"https:\/\/www.aridane.org\/city\/wp-content\/uploads\/2023\/06\/6007839.webp","contentUrl":"https:\/\/www.aridane.org\/city\/wp-content\/uploads\/2023\/06\/6007839.webp","width":1200,"height":675},{"@type":"BreadcrumbList","@id":"https:\/\/www.aridane.org\/city\/2023\/06\/15\/los-llanos-de-aridane-otorga-145-licencias-en-suelo-rustico-en-apenas-1-ano\/#breadcrumb","itemListElement":[{"@type":"ListItem","position":1,"name":"Portada","item":"https:\/\/www.aridane.org\/city\/"},{"@type":"ListItem","position":2,"name":"Los Llanos de Aridane otorga 145 licencias en suelo r\u00fastico en apenas 1 a\u00f1o"}]},{"@type":"WebSite","@id":"https:\/\/www.aridane.org\/city\/#website","url":"https:\/\/www.aridane.org\/city\/","name":"Ayuntamiento de Los Llanos de Aridane","description":"","potentialAction":[{"@type":"SearchAction","target":{"@type":"EntryPoint","urlTemplate":"https:\/\/www.aridane.org\/city\/?s={search_term_string}"},"query-input":"required name=search_term_string"}],"inLanguage":"es"},{"@type":"Person","@id":"https:\/\/www.aridane.org\/city\/#\/schema\/person\/7d352ec7f29881716f298394432e7209","name":"Richard Diaz","image":{"@type":"ImageObject","inLanguage":"es","@id":"https:\/\/www.aridane.org\/city\/#\/schema\/person\/image\/","url":"https:\/\/secure.gravatar.com\/avatar\/bacd6aefc26a4a204943090a4c596cd10f0857081ef3cfd12084a70ecb3161d5?s=96&d=mm&r=g","contentUrl":"https:\/\/secure.gravatar.com\/avatar\/bacd6aefc26a4a204943090a4c596cd10f0857081ef3cfd12084a70ecb3161d5?s=96&d=mm&r=g","caption":"Richard Diaz"},"sameAs":["https:\/\/www.aridane.org\/city"],"url":"https:\/\/www.aridane.org\/city\/author\/richard-diaz\/"}]}},"_links":{"self":[{"href":"https:\/\/www.aridane.org\/city\/wp-json\/wp\/v2\/posts\/1968","targetHints":{"allow":["GET"]}}],"collection":[{"href":"https:\/\/www.aridane.org\/city\/wp-json\/wp\/v2\/posts"}],"about":[{"href":"https:\/\/www.aridane.org\/city\/wp-json\/wp\/v2\/types\/post"}],"author":[{"embeddable":true,"href":"https:\/\/www.aridane.org\/city\/wp-json\/wp\/v2\/users\/1"}],"replies":[{"embeddable":true,"href":"https:\/\/www.aridane.org\/city\/wp-json\/wp\/v2\/comments?post=1968"}],"version-history":[{"count":1,"href":"https:\/\/www.aridane.org\/city\/wp-json\/wp\/v2\/posts\/1968\/revisions"}],"predecessor-version":[{"id":2392,"href":"https:\/\/www.aridane.org\/city\/wp-json\/wp\/v2\/posts\/1968\/revisions\/2392"}],"wp:featuredmedia":[{"embeddable":true,"href":"https:\/\/www.aridane.org\/city\/wp-json\/wp\/v2\/media\/2391"}],"wp:attachment":[{"href":"https:\/\/www.aridane.org\/city\/wp-json\/wp\/v2\/media?parent=1968"}],"wp:term":[{"taxonomy":"category","embeddable":true,"href":"https:\/\/www.aridane.org\/city\/wp-json\/wp\/v2\/categories?post=1968"},{"taxonomy":"post_tag","embeddable":true,"href":"https:\/\/www.aridane.org\/city\/wp-json\/wp\/v2\/tags?post=1968"}],"curies":[{"name":"wp","href":"https:\/\/api.w.org\/{rel}","templated":true}]}}