{"id":1969,"date":"2023-06-16T09:38:03","date_gmt":"2023-06-16T08:38:03","guid":{"rendered":"https:\/\/aridane.org\/ciudad\/?p=1867"},"modified":"2023-07-21T07:46:57","modified_gmt":"2023-07-21T07:46:57","slug":"la-fiesta-de-arte-de-los-llanos-de-aridane-rendira-homenaje-a-maria-callas-en-su-centenario","status":"publish","type":"post","link":"https:\/\/www.aridane.org\/city\/2023\/06\/16\/la-fiesta-de-arte-de-los-llanos-de-aridane-rendira-homenaje-a-maria-callas-en-su-centenario\/","title":{"rendered":"La Fiesta de Arte de Los Llanos de Aridane rendir\u00e1 homenaje a Mar\u00eda Callas en su centenario"},"content":{"rendered":"<section class=\"wpb-content-wrapper\"><p>[vc_row css_animation=\u00bb\u00bb row_type=\u00bbrow\u00bb use_row_as_full_screen_section=\u00bbno\u00bb type=\u00bbfull_width\u00bb angled_section=\u00bbno\u00bb text_align=\u00bbleft\u00bb background_image_as_pattern=\u00bbwithout_pattern\u00bb][vc_column][vc_row_inner row_type=\u00bbrow\u00bb type=\u00bbgrid\u00bb text_align=\u00bbleft\u00bb css_animation=\u00bb\u00bb][vc_column_inner][vc_empty_space height=\u00bb20px\u00bb][vc_empty_space height=\u00bb20px\u00bb][\/vc_column_inner][\/vc_row_inner][vc_column_text]<\/p>\n<ul>\n<li style=\"text-align: justify;\"><em>Este evento se desarrollar\u00e1 el pr\u00f3ximo 1 de julio en la Plaza de Espa\u00f1a a partir de las 22:00 horas<\/em><\/li>\n<\/ul>\n<p style=\"text-align: justify;\"><strong>Los Llanos de Aridane, 15 de junio del 2023.- <\/strong>El Ayuntamiento de Los Llanos de Aridane a trav\u00e9s de la concejal de Cultura en funciones, Charo Gonz\u00e1lez, ha informado que el pr\u00f3ximo s\u00e1bado 1 de julio, a partir de las 22:00 horas en la Plaza de Espa\u00f1a, \u201cla Fiesta de Arte regresa al municipio para rendir homenaje a Mar\u00eda Callas en el centenario de su nacimiento\u201d.<\/p>\n<p style=\"text-align: justify;\">Charo Gonz\u00e1lez explica que este a\u00f1o estar\u00e1 dirigida por Naira G\u00f3mez e Iriome del Toro, que ya la dirigieron en 2019, \u00a0siendo el mantenedor \u00a0el llanense Jos\u00e9 Ra\u00fal Acosta Ventura, \u00a0con un texto cuyo t\u00edtulo, \u2018Aridane: escenario de la pasi\u00f3n por la m\u00fasica\u2019, evoca la relaci\u00f3n del municipio y la suya propia con esta disciplina art\u00edstica.<\/p>\n<p style=\"text-align: justify;\">Adem\u00e1s, se contar\u00e1 con la participaci\u00f3n de la soprano Mar\u00eda Hern\u00e1ndez, de los grupos Divas y Lux Aeternam, y desde el a\u00f1o 2013 miembro del Coro de la \u00d3pera de Tenerife, dirigido por la maestra Carmen Cruz Sim\u00f3; junto a uno de los tenores m\u00e1s prometedores de nuestro pa\u00eds, Francisco Corujo; y \u00a0al piano estar\u00e1 la llanense Mar\u00eda Lorenzo. Como es tradici\u00f3n, tambi\u00e9n participar\u00e1 la Banda Municipal de M\u00fasica de Los Llanos de Aridane, dirigida por Gonzalo Jaubert, que interpretar\u00e1 las siguientes obras: \u2018La Traviata\u2019, preludio del acto primero, J. Verdi; y \u00a0Fantas\u00eda de la \u00d3pera \u2018Carmen\u2019.\u00a0 G. Bizet.<\/p>\n<p style=\"text-align: justify;\">Por \u00faltimo, desde el Ayuntamiento de Los Llanos de Aridane se invita a todas las personas que lo deseen a participar en esta Fiesta del Arte.<\/p>\n<p style=\"text-align: justify;\"><strong>Jos\u00e9 Ra\u00fal Acosta Ventura, Mantenedor.<\/strong> Nace en Los Llanos de Aridane el 4 de mayo de 1.971. Es licenciado en Ciencias Religiosas por la Facultad de Teolog\u00eda del Norte de Espa\u00f1a con sede en Burgos y Educador Social.<\/p>\n<p style=\"text-align: justify;\">Ha estado comprometido con el mundo de lo social tanto de forma profesional como de forma altruista siendo Presidente de Cruz Roja en La Palma en su comarca Oeste desde junio 2019 hasta junio 2023.<\/p>\n<p style=\"text-align: justify;\">Laboralmente ha ejercido su labor en programas de rehabilitaci\u00f3n en adicciones dentro de Proyecto Hombre Canarias, y en estos \u00faltimos 18 a\u00f1os inmerso de lleno en el departamento de Servicios Sociales del Ayto. de Los Llanos de Aridane, ocupando distintas responsabilidades tanto en la concejal\u00eda de acci\u00f3n social como de sanidad.<\/p>\n<p style=\"text-align: justify;\">Experto en geriatr\u00eda, gesti\u00f3n, nutrici\u00f3n y salud p\u00fablica por diversas universidades espa\u00f1olas ha ido completando su formaci\u00f3n continuada.<\/p>\n<p style=\"text-align: justify;\">Unido a la m\u00fasica desde muy peque\u00f1o, consigui\u00f3 su sue\u00f1o de poder perfeccionar el canto profesional a trav\u00e9s de la Escuela Insular de M\u00fasica, bajo la tutela de la soprano Rosina Herrera.<\/p>\n<p style=\"text-align: justify;\"><strong>Mar\u00eda Candelaria Hern\u00e1ndez, Soprano. <\/strong>Natural de Tenerife, se ha formado con maestros como Carmen Acosta, Celso Albelo, Nancy Fabiola Herrera, Augusto Brito, Carmen Bustamante, Raquel Lojendio, Diego D\u2019auria, Carolina Alcaide, C\u00e9lida Alzola, Raquel Hern\u00e1ndez, Antonio Quijada, Elisa Belmonte y Virginia Prieto. Tambi\u00e9n ha trabajado con repertoristas como Mara Jaubert, Juan Francisco Parra, Ricardo Francia, Aurelio Viribay, Concepci\u00f3n Reyes y Blanca Trabal\u00f3n.<\/p>\n<p style=\"text-align: justify;\">Su carrera como solista la ha llevado a cantar variado repertorio en todas las islas del Archipi\u00e9lago Canario, junto al hist\u00f3rico Orfe\u00f3n La Paz de La Laguna, as\u00ed como, por ejemplo, a interpretar a Carlota en \u2018El Fantasma de la \u00d3pera\u2019, de A. Lloyd Webber o a ser soprano solista de \u2018The Armed Man\u2019 y \u2018Requiem\u2019, ambos de Karl Jenkins. Tambi\u00e9n ha sido participante en la I Zarzuela Studio de La Palma.<\/p>\n<p style=\"text-align: justify;\">Desde 2013 ha sido miembro del Coro de la \u00d3pera de Tenerife, dirigido por la maestra Carmen Cruz Sim\u00f3. Tambi\u00e9n es solista integrante de los grupos Divas y Lux Aeternam. Ganadora de diversos premios, tales como: Accesit de Solista y Tercer Premio del Concurso de Rondallas del Carnaval de Tenerife; Premio del p\u00fablico en el I Concurso L\u00edrico de la Villa de Teror; Premio a la Mejor Cantante Canaria, Tercer Premio y Premio a la Joven Promesa en el Concurso de Zarzuela de Valleseco.<\/p>\n<p style=\"text-align: justify;\"><strong>Francisco Corujo,\u00a0 Tenor. <\/strong>Nacido en Lanzarote, es uno de los tenores espa\u00f1oles m\u00e1s prometedores, habiendo obtenido premios en concursos como Francisco Vi\u00f1as o Iris Adami Corradetti. Se forma en Espa\u00f1a e Italia con Mar\u00eda Or\u00e1n en Canarias, Manuel Cid y Tom Krause en la Escuela Superior de M\u00fasica Reina Sof\u00eda, y con Carlo Bergonzi en la Academia Verdiana de Busseto. Su repertorio abarca \u00f3peras como\u00a0La Traviata,\u00a0Rigoletto,\u00a0Macbeth,\u00a0Cosi fan tutte\u00a0o\u00a0Romeo y Julieta. Tambi\u00e9n es un consumado int\u00e9rprete de oratorio y sinf\u00f3nico, con obras como el\u00a0R\u00e9quiem\u00a0de Mozart,\u00a0Misa de gloria\u00a0de Puccini o la\u00a0Novena sinfon\u00eda\u00a0de Beethoven. Ha trabajado junto a directores como Pl\u00e1cido Domingo, Jes\u00fas L\u00f3pez Cobos, Phillipe Entremont, Josep Pons, Giancarlo Del Monaco, Emilio Sagi, Liu J\u00e4, Nicola Luisotti, Luc Bondi, Giuliano Carella, Robert Carsen y Vasily Petrenko.<\/p>\n<p style=\"text-align: justify;\">Hace su debut en 2006 con\u00a0Die Fledermaus\u00a0para los Amigos Canarios de la \u00d3pera en Las Palmas y desde entonces ha cantado en las principales salas de concierto y teatros de \u00f3pera espa\u00f1oles e italianos. Entre sus interpretaciones destacadas se incluyen\u00a0La Traviata\u00a0(Alfredo) en La Fenice de Venecia;\u00a0Romeo et Juliette\u00a0en el Arena de Verona;\u00a0Don Giovanni\u00a0(Don Ottavio) en el Verdi de Salerno;\u00a0Idomeneo\u00a0(Arbace) y \u00d3pera Intergal\u00e1ctica en el Teatro Real de Madrid;\u00a0Macbeth\u00a0(Macduff),\u00a0Nabucco\u00a0(Ismaele), junto al bar\u00edtono Leo Nucci,\u00a0Tristan und Isolde\u00a0bajo la direcci\u00f3n de Eliahu Inbal,\u00a0Lucrezia Borgia\u00a0y Falstaff en La Coru\u00f1a;\u00a0Lucia di Lammermoor\u00a0(Edgardo) en la \u00d3pera de Tel Aviv, bajo la direcci\u00f3n de<\/p>\n<p style=\"text-align: justify;\">Yshai Steckler y Emilio Sagi y tambi\u00e9n en Pavia, Cremona y Brescia;\u00a0Otello\u00a0de Verdi (Cassio) en el Teatro Petruzzelli de Bari, Teatro P\u00e9rez Gald\u00f3s de Las Palmas, Teatro de la Maestranza, Auditorio Baluarte y Gran Teatro de C\u00f3rdoba;\u00a0Misa D950\u00a0de Schubert en el Maggio Musicale Fiorentino dirigida por Andrea Battistoni;\u00a0Cosi Fan Tutte\u00a0(Ferrando) en Cagliari con direcci\u00f3n de Cristopher Franklin y Damiano Michieletto;\u00a0Romeo et Juliette\u00a0(Romeo) en Zagreb;\u00a0Die Zauberfl\u00f6te\u00a0(Tamino) en el Gran Teatro Nacional de Per\u00fa, Coru\u00f1a y Opera Naples en Florida; I due foscari\u00a0en el Theatre Capitole de Toulouse; la\u00a0Novena Sinfon\u00eda\u00a0de Beethoven en Coru\u00f1a, con la Orquestra Simf\u00f3nica del Vall\u00e9s y en Santo Domingo;\u00a0La Boh\u00e8me\u00a0en el Auditorio de Tenerife y en el Teatro Campoamor de Oviedo;\u00a0Les p\u00eacheurs de perles\u00a0con la Real Filharmon\u00eda en Santiago de Compostela y Vigo;\u00a0Der fliegende H\u00f6llander\u00a0con la Orquesta de Valencia;\u00a0Do\u00f1a Francisquita\u00a0en el Auditorio de Tenerife;\u00a0El mozo de mulas\u00a0con la Sinf\u00f3nica de Burgos en el Auditorio del F\u00f3rum Evoluci\u00f3n;\u00a0Manfred\u00a0en la Fundaci\u00f3n Juan March;\u00a0La hija del Mestre\u00a0en el Auditorio Teatro de Las Palmas de Gran Canaria;\u00a0Txanozuritxu (Caperucita blanca)\u00a0en ABAO;\u00a0El Barberillo de Lavapi\u00e9s\u00a0en el Teatro de la Zarzuela. Ha participado adem\u00e1s en diferentes galas, recitales y conciertos, como\u00a0conciertos homenaje a Alfredo Kraus en Oviedo y en el Auditorio Teatro de Las Palmas,\u00a0un Recital en Las Palmas, un Concierto Homenaje a Leonard Bernstein y a Miguel Fleta en Coru\u00f1a, una Gala con Celso Albelo y Jorge de Le\u00f3n y un R\u00e9quiem de Mozart en Baleares.<\/p>\n<p style=\"text-align: justify;\">En 2013 se public\u00f3 su primer disco para el sello Playclassics, junto al pianista \u00c1ngel Cabrera, dedicado al compositor napolitano Francesco Paolo Tosti, que interpret\u00f3 en diversos recitales en Mallorca, Ja\u00e9n, Menorca y Coru\u00f1a.<\/p>\n<p style=\"text-align: justify;\">Sus \u00faltimas actuaciones\u00a0incluyen\u00a0Don Giovanni\u00a0en el Palacio de la \u00d3pera de Coru\u00f1a y en San Sebasti\u00e1n,\u00a0Marina\u00a0en el Teatro Cuy\u00e1s de Las Palmas,El loro de Carlos V\u00a0en el Teatro Col\u00f3n de Coru\u00f1a,\u00a0Adriana Lecouvrer y Macbeth en Las Palmas de Gran Canaria y La Boh\u00e8me en Opera Garage.<\/p>\n<p style=\"text-align: justify;\"><strong>Mar\u00eda Lorenzo, Piano.\u00a0 <\/strong>Natural de los Llanos de Aridane termin\u00f3 sus estudios superiores de piano en la Escola Superior de M\u00fasica de Catalu\u00f1a (ESMUC) con matr\u00edcula de honor en la clase del profesor ruso Leonid N. Sintsev. Posteriormente realiz\u00f3 estudios de Postgrado en Especializaci\u00f3n Pian\u00edstica en el Conservatorio Estatal RimskiKorsakov de San Petersburgo con la profesora Nadiesda Eysmont. Se especializa tambi\u00e9n en la interpretaci\u00f3n de m\u00fasica antigua con teclados hist\u00f3ricos: fortepiano y clave. Es licenciada en Historia y Ciencias de la M\u00fasica por la Universidad de la Rioja, es titulada superior en Clave por el Conservatorio Superior de M\u00fasica de Castell\u00f3n y obtiene el M\u00e1ster en Musicolog\u00eda y Educaci\u00f3n Musical de la Universidad Aut\u00f3noma de Barcelona. Como solista ha ofrecido recitales en diferentes salas de Espa\u00f1a y Rusia, como la Maly Zal Philharmonia, la Sala Glazunov, el Palacio de Petergoff (San Petersburgo), la Casa-Museo Goldenweiser (Mosc\u00fa), el Ateneo Barcelon\u00e9s, el Museo Agbar de las aguas, la Fundaci\u00f3n Mas i Mas (Barcelona), el Museo Rom\u00e1ntico de Madrid, el Auditorio de Castell\u00f3n, el Auditorio Alfredo Kraus (Las Palmas de Gran Canaria) y el Auditorio Cajacanarias (Tenerife). Como pianista de m\u00fasica de c\u00e1mara ha formado parte de diferentes formaciones instrumentales y vocales en numerosos conciertos, y c\u00f3mo m\u00fasico de orquesta ha colaborado como pianista con la Orquesta Sinf\u00f3nica de Tenerife en las dos \u00faltimas temporadas en el Auditorio de Tenerife. Desde 2019 es funcionaria por concurso oposici\u00f3n del cuerpo de profesores de m\u00fasica y artes esc\u00e9nicas en la especialidad de piano en la Comunidad Valenciana. Su labor docente se ha desarrollado como profesora de piano y pianista acompa\u00f1ante en el Conservatorio Superior de M\u00fasica de Castell\u00f3n, el Conservatorio Profesional de M\u00fasica Mestre T\u00e1rrega de Castell\u00f3n, el Conservatorio Profesional de M\u00fasica Mestre Feliu de Benicarl\u00f3 y el Conservatorio Superior de M\u00fasica de Canarias. Actualmente forma parte del equipo directivo del Conservatorio Superior de M\u00fasica de Canarias como secretaria acad\u00e9mica.<\/p>\n<p>[\/vc_column_text][\/vc_column][\/vc_row]<\/p>\n<\/section>","protected":false},"excerpt":{"rendered":"<p>[vc_row css_animation=\u00bb\u00bb row_type=\u00bbrow\u00bb use_row_as_full_screen_section=\u00bbno\u00bb type=\u00bbfull_width\u00bb angled_section=\u00bbno\u00bb text_align=\u00bbleft\u00bb background_image_as_pattern=\u00bbwithout_pattern\u00bb][vc_column][vc_row_inner row_type=\u00bbrow\u00bb type=\u00bbgrid\u00bb text_align=\u00bbleft\u00bb css_animation=\u00bb\u00bb][vc_column_inner][vc_empty_space height=\u00bb20px\u00bb][vc_empty_space height=\u00bb20px\u00bb][\/vc_column_inner][\/vc_row_inner][vc_column_text] Este evento se desarrollar\u00e1 el pr\u00f3ximo 1 de julio en la Plaza de Espa\u00f1a a partir de las 22:00 horas Los Llanos de Aridane, 15 de junio del 2023.- El Ayuntamiento&#8230;<\/p>\n","protected":false},"author":1,"featured_media":2389,"comment_status":"closed","ping_status":"open","sticky":false,"template":"","format":"standard","meta":{"footnotes":""},"categories":[6],"tags":[],"class_list":["post-1969","post","type-post","status-publish","format-standard","has-post-thumbnail","hentry","category-prensa"],"yoast_head":"<!-- This site is optimized with the Yoast SEO plugin v22.7 - https:\/\/yoast.com\/wordpress\/plugins\/seo\/ -->\n<title>La Fiesta de Arte de Los Llanos de Aridane rendir\u00e1 homenaje a Mar\u00eda Callas en su centenario - Ayuntamiento de Los Llanos de Aridane<\/title>\n<meta name=\"description\" content=\"El Ayuntamiento de Los Llanos de Aridane presenta el cartel y el programa de La Patrona 2021 con el lema \u201cRemedios, m\u00e1s que un nombre.\u201d\" \/>\n<meta name=\"robots\" content=\"index, follow, max-snippet:-1, max-image-preview:large, max-video-preview:-1\" \/>\n<link rel=\"canonical\" href=\"https:\/\/www.aridane.org\/city\/2023\/06\/16\/la-fiesta-de-arte-de-los-llanos-de-aridane-rendira-homenaje-a-maria-callas-en-su-centenario\/\" \/>\n<meta property=\"og:locale\" content=\"es_ES\" \/>\n<meta property=\"og:type\" content=\"article\" \/>\n<meta property=\"og:title\" content=\"La Fiesta de Arte de Los Llanos de Aridane rendir\u00e1 homenaje a Mar\u00eda Callas en su centenario - Ayuntamiento de Los Llanos de Aridane\" \/>\n<meta property=\"og:description\" content=\"El Ayuntamiento de Los Llanos de Aridane presenta el cartel y el programa de La Patrona 2021 con el lema \u201cRemedios, m\u00e1s que un nombre.\u201d\" \/>\n<meta property=\"og:url\" content=\"https:\/\/www.aridane.org\/city\/2023\/06\/16\/la-fiesta-de-arte-de-los-llanos-de-aridane-rendira-homenaje-a-maria-callas-en-su-centenario\/\" \/>\n<meta property=\"og:site_name\" content=\"Ayuntamiento de Los Llanos de Aridane\" \/>\n<meta property=\"article:published_time\" content=\"2023-06-16T08:38:03+00:00\" \/>\n<meta property=\"article:modified_time\" content=\"2023-07-21T07:46:57+00:00\" \/>\n<meta property=\"og:image\" content=\"https:\/\/www.aridane.org\/city\/wp-content\/uploads\/2023\/06\/Fiesta-de-Arte-maria-callas.jpg\" \/>\n\t<meta property=\"og:image:width\" content=\"1920\" \/>\n\t<meta property=\"og:image:height\" content=\"1280\" \/>\n\t<meta property=\"og:image:type\" content=\"image\/jpeg\" \/>\n<meta name=\"author\" content=\"Richard Diaz\" \/>\n<meta name=\"twitter:card\" content=\"summary_large_image\" \/>\n<meta name=\"twitter:label1\" content=\"Escrito por\" \/>\n\t<meta name=\"twitter:data1\" content=\"Richard Diaz\" \/>\n\t<meta name=\"twitter:label2\" content=\"Tiempo de lectura\" \/>\n\t<meta name=\"twitter:data2\" content=\"8 minutos\" \/>\n<script type=\"application\/ld+json\" class=\"yoast-schema-graph\">{\"@context\":\"https:\/\/schema.org\",\"@graph\":[{\"@type\":\"WebPage\",\"@id\":\"https:\/\/www.aridane.org\/city\/2023\/06\/16\/la-fiesta-de-arte-de-los-llanos-de-aridane-rendira-homenaje-a-maria-callas-en-su-centenario\/\",\"url\":\"https:\/\/www.aridane.org\/city\/2023\/06\/16\/la-fiesta-de-arte-de-los-llanos-de-aridane-rendira-homenaje-a-maria-callas-en-su-centenario\/\",\"name\":\"La Fiesta de Arte de Los Llanos de Aridane rendir\u00e1 homenaje a Mar\u00eda Callas en su centenario - Ayuntamiento de Los Llanos de Aridane\",\"isPartOf\":{\"@id\":\"https:\/\/www.aridane.org\/city\/#website\"},\"primaryImageOfPage\":{\"@id\":\"https:\/\/www.aridane.org\/city\/2023\/06\/16\/la-fiesta-de-arte-de-los-llanos-de-aridane-rendira-homenaje-a-maria-callas-en-su-centenario\/#primaryimage\"},\"image\":{\"@id\":\"https:\/\/www.aridane.org\/city\/2023\/06\/16\/la-fiesta-de-arte-de-los-llanos-de-aridane-rendira-homenaje-a-maria-callas-en-su-centenario\/#primaryimage\"},\"thumbnailUrl\":\"https:\/\/www.aridane.org\/city\/wp-content\/uploads\/2023\/06\/Fiesta-de-Arte-maria-callas.jpg\",\"datePublished\":\"2023-06-16T08:38:03+00:00\",\"dateModified\":\"2023-07-21T07:46:57+00:00\",\"author\":{\"@id\":\"https:\/\/www.aridane.org\/city\/#\/schema\/person\/7d352ec7f29881716f298394432e7209\"},\"description\":\"El Ayuntamiento de Los Llanos de Aridane presenta el cartel y el programa de La Patrona 2021 con el lema \u201cRemedios, m\u00e1s que un nombre.\u201d\",\"breadcrumb\":{\"@id\":\"https:\/\/www.aridane.org\/city\/2023\/06\/16\/la-fiesta-de-arte-de-los-llanos-de-aridane-rendira-homenaje-a-maria-callas-en-su-centenario\/#breadcrumb\"},\"inLanguage\":\"es\",\"potentialAction\":[{\"@type\":\"ReadAction\",\"target\":[\"https:\/\/www.aridane.org\/city\/2023\/06\/16\/la-fiesta-de-arte-de-los-llanos-de-aridane-rendira-homenaje-a-maria-callas-en-su-centenario\/\"]}]},{\"@type\":\"ImageObject\",\"inLanguage\":\"es\",\"@id\":\"https:\/\/www.aridane.org\/city\/2023\/06\/16\/la-fiesta-de-arte-de-los-llanos-de-aridane-rendira-homenaje-a-maria-callas-en-su-centenario\/#primaryimage\",\"url\":\"https:\/\/www.aridane.org\/city\/wp-content\/uploads\/2023\/06\/Fiesta-de-Arte-maria-callas.jpg\",\"contentUrl\":\"https:\/\/www.aridane.org\/city\/wp-content\/uploads\/2023\/06\/Fiesta-de-Arte-maria-callas.jpg\",\"width\":1920,\"height\":1280},{\"@type\":\"BreadcrumbList\",\"@id\":\"https:\/\/www.aridane.org\/city\/2023\/06\/16\/la-fiesta-de-arte-de-los-llanos-de-aridane-rendira-homenaje-a-maria-callas-en-su-centenario\/#breadcrumb\",\"itemListElement\":[{\"@type\":\"ListItem\",\"position\":1,\"name\":\"Portada\",\"item\":\"https:\/\/www.aridane.org\/city\/\"},{\"@type\":\"ListItem\",\"position\":2,\"name\":\"La Fiesta de Arte de Los Llanos de Aridane rendir\u00e1 homenaje a Mar\u00eda Callas en su centenario\"}]},{\"@type\":\"WebSite\",\"@id\":\"https:\/\/www.aridane.org\/city\/#website\",\"url\":\"https:\/\/www.aridane.org\/city\/\",\"name\":\"Ayuntamiento de Los Llanos de Aridane\",\"description\":\"\",\"potentialAction\":[{\"@type\":\"SearchAction\",\"target\":{\"@type\":\"EntryPoint\",\"urlTemplate\":\"https:\/\/www.aridane.org\/city\/?s={search_term_string}\"},\"query-input\":\"required name=search_term_string\"}],\"inLanguage\":\"es\"},{\"@type\":\"Person\",\"@id\":\"https:\/\/www.aridane.org\/city\/#\/schema\/person\/7d352ec7f29881716f298394432e7209\",\"name\":\"Richard Diaz\",\"image\":{\"@type\":\"ImageObject\",\"inLanguage\":\"es\",\"@id\":\"https:\/\/www.aridane.org\/city\/#\/schema\/person\/image\/\",\"url\":\"https:\/\/secure.gravatar.com\/avatar\/bacd6aefc26a4a204943090a4c596cd10f0857081ef3cfd12084a70ecb3161d5?s=96&d=mm&r=g\",\"contentUrl\":\"https:\/\/secure.gravatar.com\/avatar\/bacd6aefc26a4a204943090a4c596cd10f0857081ef3cfd12084a70ecb3161d5?s=96&d=mm&r=g\",\"caption\":\"Richard Diaz\"},\"sameAs\":[\"https:\/\/www.aridane.org\/city\"],\"url\":\"https:\/\/www.aridane.org\/city\/author\/richard-diaz\/\"}]}<\/script>\n<!-- \/ Yoast SEO plugin. -->","yoast_head_json":{"title":"La Fiesta de Arte de Los Llanos de Aridane rendir\u00e1 homenaje a Mar\u00eda Callas en su centenario - Ayuntamiento de Los Llanos de Aridane","description":"El Ayuntamiento de Los Llanos de Aridane presenta el cartel y el programa de La Patrona 2021 con el lema \u201cRemedios, m\u00e1s que un nombre.\u201d","robots":{"index":"index","follow":"follow","max-snippet":"max-snippet:-1","max-image-preview":"max-image-preview:large","max-video-preview":"max-video-preview:-1"},"canonical":"https:\/\/www.aridane.org\/city\/2023\/06\/16\/la-fiesta-de-arte-de-los-llanos-de-aridane-rendira-homenaje-a-maria-callas-en-su-centenario\/","og_locale":"es_ES","og_type":"article","og_title":"La Fiesta de Arte de Los Llanos de Aridane rendir\u00e1 homenaje a Mar\u00eda Callas en su centenario - Ayuntamiento de Los Llanos de Aridane","og_description":"El Ayuntamiento de Los Llanos de Aridane presenta el cartel y el programa de La Patrona 2021 con el lema \u201cRemedios, m\u00e1s que un nombre.\u201d","og_url":"https:\/\/www.aridane.org\/city\/2023\/06\/16\/la-fiesta-de-arte-de-los-llanos-de-aridane-rendira-homenaje-a-maria-callas-en-su-centenario\/","og_site_name":"Ayuntamiento de Los Llanos de Aridane","article_published_time":"2023-06-16T08:38:03+00:00","article_modified_time":"2023-07-21T07:46:57+00:00","og_image":[{"width":1920,"height":1280,"url":"https:\/\/www.aridane.org\/city\/wp-content\/uploads\/2023\/06\/Fiesta-de-Arte-maria-callas.jpg","type":"image\/jpeg"}],"author":"Richard Diaz","twitter_card":"summary_large_image","twitter_misc":{"Escrito por":"Richard Diaz","Tiempo de lectura":"8 minutos"},"schema":{"@context":"https:\/\/schema.org","@graph":[{"@type":"WebPage","@id":"https:\/\/www.aridane.org\/city\/2023\/06\/16\/la-fiesta-de-arte-de-los-llanos-de-aridane-rendira-homenaje-a-maria-callas-en-su-centenario\/","url":"https:\/\/www.aridane.org\/city\/2023\/06\/16\/la-fiesta-de-arte-de-los-llanos-de-aridane-rendira-homenaje-a-maria-callas-en-su-centenario\/","name":"La Fiesta de Arte de Los Llanos de Aridane rendir\u00e1 homenaje a Mar\u00eda Callas en su centenario - Ayuntamiento de Los Llanos de Aridane","isPartOf":{"@id":"https:\/\/www.aridane.org\/city\/#website"},"primaryImageOfPage":{"@id":"https:\/\/www.aridane.org\/city\/2023\/06\/16\/la-fiesta-de-arte-de-los-llanos-de-aridane-rendira-homenaje-a-maria-callas-en-su-centenario\/#primaryimage"},"image":{"@id":"https:\/\/www.aridane.org\/city\/2023\/06\/16\/la-fiesta-de-arte-de-los-llanos-de-aridane-rendira-homenaje-a-maria-callas-en-su-centenario\/#primaryimage"},"thumbnailUrl":"https:\/\/www.aridane.org\/city\/wp-content\/uploads\/2023\/06\/Fiesta-de-Arte-maria-callas.jpg","datePublished":"2023-06-16T08:38:03+00:00","dateModified":"2023-07-21T07:46:57+00:00","author":{"@id":"https:\/\/www.aridane.org\/city\/#\/schema\/person\/7d352ec7f29881716f298394432e7209"},"description":"El Ayuntamiento de Los Llanos de Aridane presenta el cartel y el programa de La Patrona 2021 con el lema \u201cRemedios, m\u00e1s que un nombre.\u201d","breadcrumb":{"@id":"https:\/\/www.aridane.org\/city\/2023\/06\/16\/la-fiesta-de-arte-de-los-llanos-de-aridane-rendira-homenaje-a-maria-callas-en-su-centenario\/#breadcrumb"},"inLanguage":"es","potentialAction":[{"@type":"ReadAction","target":["https:\/\/www.aridane.org\/city\/2023\/06\/16\/la-fiesta-de-arte-de-los-llanos-de-aridane-rendira-homenaje-a-maria-callas-en-su-centenario\/"]}]},{"@type":"ImageObject","inLanguage":"es","@id":"https:\/\/www.aridane.org\/city\/2023\/06\/16\/la-fiesta-de-arte-de-los-llanos-de-aridane-rendira-homenaje-a-maria-callas-en-su-centenario\/#primaryimage","url":"https:\/\/www.aridane.org\/city\/wp-content\/uploads\/2023\/06\/Fiesta-de-Arte-maria-callas.jpg","contentUrl":"https:\/\/www.aridane.org\/city\/wp-content\/uploads\/2023\/06\/Fiesta-de-Arte-maria-callas.jpg","width":1920,"height":1280},{"@type":"BreadcrumbList","@id":"https:\/\/www.aridane.org\/city\/2023\/06\/16\/la-fiesta-de-arte-de-los-llanos-de-aridane-rendira-homenaje-a-maria-callas-en-su-centenario\/#breadcrumb","itemListElement":[{"@type":"ListItem","position":1,"name":"Portada","item":"https:\/\/www.aridane.org\/city\/"},{"@type":"ListItem","position":2,"name":"La Fiesta de Arte de Los Llanos de Aridane rendir\u00e1 homenaje a Mar\u00eda Callas en su centenario"}]},{"@type":"WebSite","@id":"https:\/\/www.aridane.org\/city\/#website","url":"https:\/\/www.aridane.org\/city\/","name":"Ayuntamiento de Los Llanos de Aridane","description":"","potentialAction":[{"@type":"SearchAction","target":{"@type":"EntryPoint","urlTemplate":"https:\/\/www.aridane.org\/city\/?s={search_term_string}"},"query-input":"required name=search_term_string"}],"inLanguage":"es"},{"@type":"Person","@id":"https:\/\/www.aridane.org\/city\/#\/schema\/person\/7d352ec7f29881716f298394432e7209","name":"Richard Diaz","image":{"@type":"ImageObject","inLanguage":"es","@id":"https:\/\/www.aridane.org\/city\/#\/schema\/person\/image\/","url":"https:\/\/secure.gravatar.com\/avatar\/bacd6aefc26a4a204943090a4c596cd10f0857081ef3cfd12084a70ecb3161d5?s=96&d=mm&r=g","contentUrl":"https:\/\/secure.gravatar.com\/avatar\/bacd6aefc26a4a204943090a4c596cd10f0857081ef3cfd12084a70ecb3161d5?s=96&d=mm&r=g","caption":"Richard Diaz"},"sameAs":["https:\/\/www.aridane.org\/city"],"url":"https:\/\/www.aridane.org\/city\/author\/richard-diaz\/"}]}},"_links":{"self":[{"href":"https:\/\/www.aridane.org\/city\/wp-json\/wp\/v2\/posts\/1969","targetHints":{"allow":["GET"]}}],"collection":[{"href":"https:\/\/www.aridane.org\/city\/wp-json\/wp\/v2\/posts"}],"about":[{"href":"https:\/\/www.aridane.org\/city\/wp-json\/wp\/v2\/types\/post"}],"author":[{"embeddable":true,"href":"https:\/\/www.aridane.org\/city\/wp-json\/wp\/v2\/users\/1"}],"replies":[{"embeddable":true,"href":"https:\/\/www.aridane.org\/city\/wp-json\/wp\/v2\/comments?post=1969"}],"version-history":[{"count":2,"href":"https:\/\/www.aridane.org\/city\/wp-json\/wp\/v2\/posts\/1969\/revisions"}],"predecessor-version":[{"id":2394,"href":"https:\/\/www.aridane.org\/city\/wp-json\/wp\/v2\/posts\/1969\/revisions\/2394"}],"wp:featuredmedia":[{"embeddable":true,"href":"https:\/\/www.aridane.org\/city\/wp-json\/wp\/v2\/media\/2389"}],"wp:attachment":[{"href":"https:\/\/www.aridane.org\/city\/wp-json\/wp\/v2\/media?parent=1969"}],"wp:term":[{"taxonomy":"category","embeddable":true,"href":"https:\/\/www.aridane.org\/city\/wp-json\/wp\/v2\/categories?post=1969"},{"taxonomy":"post_tag","embeddable":true,"href":"https:\/\/www.aridane.org\/city\/wp-json\/wp\/v2\/tags?post=1969"}],"curies":[{"name":"wp","href":"https:\/\/api.w.org\/{rel}","templated":true}]}}