{"id":1970,"date":"2023-06-16T09:41:37","date_gmt":"2023-06-16T08:41:37","guid":{"rendered":"https:\/\/aridane.org\/ciudad\/?p=1870"},"modified":"2023-07-21T07:42:34","modified_gmt":"2023-07-21T07:42:34","slug":"el-nuevo-centro-ciudadano-de-los-barros-en-los-llanos-de-aridane-sera-una-realidad-a-finales-de-julio","status":"publish","type":"post","link":"https:\/\/www.aridane.org\/city\/2023\/06\/16\/el-nuevo-centro-ciudadano-de-los-barros-en-los-llanos-de-aridane-sera-una-realidad-a-finales-de-julio\/","title":{"rendered":"El nuevo Centro Ciudadano de Los Barros en Los Llanos de Aridane ser\u00e1 una realidad a finales de julio"},"content":{"rendered":"<section class=\"wpb-content-wrapper\"><p>[vc_row css_animation=\u00bb\u00bb row_type=\u00bbrow\u00bb use_row_as_full_screen_section=\u00bbno\u00bb type=\u00bbfull_width\u00bb angled_section=\u00bbno\u00bb text_align=\u00bbleft\u00bb background_image_as_pattern=\u00bbwithout_pattern\u00bb][vc_column][vc_row_inner row_type=\u00bbrow\u00bb type=\u00bbgrid\u00bb text_align=\u00bbleft\u00bb css_animation=\u00bb\u00bb][vc_column_inner][vc_empty_space height=\u00bb20px\u00bb][vc_empty_space height=\u00bb20px\u00bb][\/vc_column_inner][\/vc_row_inner][vc_column_text]<\/p>\n<ul>\n<li style=\"text-align: justify;\"><em>Garc\u00eda Leal pone en valor el papel clave que juegan estas infraestructuras no solo para dinamizar los barrios, y el d\u00eda a d\u00eda de sus vecinos, sino tambi\u00e9n para la actividad y vida municipal\u201d.<\/em><\/li>\n<\/ul>\n<p>&nbsp;<\/p>\n<p style=\"text-align: justify;\"><strong>Los Llanos de Aridane, 15 de junio de 2023.- <\/strong>El Ayuntamiento de Los Llanos de Aridane a trav\u00e9s de su alcaldesa en funciones, Noelia Garc\u00eda Leal, y el concejal de Urbanismo en funciones, Manuel Perera, han informado que \u201ca finales del mes de julio finalizar\u00e1 la obra del nuevo Centro Ciudadano de Los Barros\u201d.<\/p>\n<p style=\"text-align: justify;\">Garc\u00eda Leal recuerda que la creaci\u00f3n de este nuevo Centro Ciudadano era una demanda de los propios vecinos, \u201cy tal y como nos comprometimos con ellos, ser\u00e1 una realidad pr\u00f3ximamente\u201d. Adem\u00e1s, destaca que \u201cel papel clave que juegan estas infraestructuras no solo para dinamizar los barrios, y el d\u00eda a d\u00eda de sus vecinos, sino tambi\u00e9n para la actividad y vida municipal\u201d.<\/p>\n<p style=\"text-align: justify;\">Por su parte, Manuel ha informado que esta obra se ha llevado a cabo en una superficie de 385 m2 y ha contado con un presupuesto de ejecuci\u00f3n de 450.000 euros. Este nuevo espacio contar\u00e1 con una nueva plaza y un local, en la planta baja, que los vecinos podr\u00e1n utilizar como Centro C\u00edvico, \u201cun espacio di\u00e1fano, vers\u00e1til y funcional en que tambi\u00e9n tendr\u00e1, entre otros: aseos, un almac\u00e9n, y un office\u201d.<\/p>\n<p style=\"text-align: justify;\">Adem\u00e1s, confirma que \u201ces un espacio totalmente accesible, y en las zonas en la que se ha contemplado un n\u00facleo de escaleras, tambi\u00e9n se cuenta con un ascensor\u201d.<\/p>\n<p style=\"text-align: justify;\">Por \u00faltimo, desde la alcaldesa en funciones agradece a la asociaci\u00f3n de vecinos, que tiene una intensa actividad, \u201csu paciencia y disponibilidad, siempre, para buscar conjuntamente espacios alternativos para poder llevar a cabo sus actividades\u201d.<\/p>\n<p>[\/vc_column_text][\/vc_column][\/vc_row]<\/p>\n<\/section>","protected":false},"excerpt":{"rendered":"<p>[vc_row css_animation=\u00bb\u00bb row_type=\u00bbrow\u00bb use_row_as_full_screen_section=\u00bbno\u00bb type=\u00bbfull_width\u00bb angled_section=\u00bbno\u00bb text_align=\u00bbleft\u00bb background_image_as_pattern=\u00bbwithout_pattern\u00bb][vc_column][vc_row_inner row_type=\u00bbrow\u00bb type=\u00bbgrid\u00bb text_align=\u00bbleft\u00bb css_animation=\u00bb\u00bb][vc_column_inner][vc_empty_space height=\u00bb20px\u00bb][vc_empty_space height=\u00bb20px\u00bb][\/vc_column_inner][\/vc_row_inner][vc_column_text] Garc\u00eda Leal pone en valor el papel clave que juegan estas infraestructuras no solo para dinamizar los barrios, y el d\u00eda a d\u00eda de sus vecinos, sino tambi\u00e9n para la actividad&#8230;<\/p>\n","protected":false},"author":1,"featured_media":2387,"comment_status":"closed","ping_status":"open","sticky":false,"template":"","format":"standard","meta":{"footnotes":""},"categories":[6],"tags":[],"class_list":["post-1970","post","type-post","status-publish","format-standard","has-post-thumbnail","hentry","category-prensa"],"yoast_head":"<!-- This site is optimized with the Yoast SEO plugin v22.7 - https:\/\/yoast.com\/wordpress\/plugins\/seo\/ -->\n<title>El nuevo Centro Ciudadano de Los Barros en Los Llanos de Aridane ser\u00e1 una realidad a finales de julio - Ayuntamiento de Los Llanos de Aridane<\/title>\n<meta name=\"description\" content=\"El Ayuntamiento de Los Llanos de Aridane presenta el cartel y el programa de La Patrona 2021 con el lema \u201cRemedios, m\u00e1s que un nombre.\u201d\" \/>\n<meta name=\"robots\" content=\"index, follow, max-snippet:-1, max-image-preview:large, max-video-preview:-1\" \/>\n<link rel=\"canonical\" href=\"https:\/\/www.aridane.org\/city\/2023\/06\/16\/el-nuevo-centro-ciudadano-de-los-barros-en-los-llanos-de-aridane-sera-una-realidad-a-finales-de-julio\/\" \/>\n<meta property=\"og:locale\" content=\"es_ES\" \/>\n<meta property=\"og:type\" content=\"article\" \/>\n<meta property=\"og:title\" content=\"El nuevo Centro Ciudadano de Los Barros en Los Llanos de Aridane ser\u00e1 una realidad a finales de julio - Ayuntamiento de Los Llanos de Aridane\" \/>\n<meta property=\"og:description\" content=\"El Ayuntamiento de Los Llanos de Aridane presenta el cartel y el programa de La Patrona 2021 con el lema \u201cRemedios, m\u00e1s que un nombre.\u201d\" \/>\n<meta property=\"og:url\" content=\"https:\/\/www.aridane.org\/city\/2023\/06\/16\/el-nuevo-centro-ciudadano-de-los-barros-en-los-llanos-de-aridane-sera-una-realidad-a-finales-de-julio\/\" \/>\n<meta property=\"og:site_name\" content=\"Ayuntamiento de Los Llanos de Aridane\" \/>\n<meta property=\"article:published_time\" content=\"2023-06-16T08:41:37+00:00\" \/>\n<meta property=\"article:modified_time\" content=\"2023-07-21T07:42:34+00:00\" \/>\n<meta property=\"og:image\" content=\"https:\/\/www.aridane.org\/city\/wp-content\/uploads\/2023\/06\/Centro-Ciudadano-de-Los-Barros-1.jpg\" \/>\n\t<meta property=\"og:image:width\" content=\"900\" \/>\n\t<meta property=\"og:image:height\" content=\"675\" \/>\n\t<meta property=\"og:image:type\" content=\"image\/jpeg\" \/>\n<meta name=\"author\" content=\"Richard Diaz\" \/>\n<meta name=\"twitter:card\" content=\"summary_large_image\" \/>\n<meta name=\"twitter:label1\" content=\"Escrito por\" \/>\n\t<meta name=\"twitter:data1\" content=\"Richard Diaz\" \/>\n\t<meta name=\"twitter:label2\" content=\"Tiempo de lectura\" \/>\n\t<meta name=\"twitter:data2\" content=\"2 minutos\" \/>\n<script type=\"application\/ld+json\" class=\"yoast-schema-graph\">{\"@context\":\"https:\/\/schema.org\",\"@graph\":[{\"@type\":\"WebPage\",\"@id\":\"https:\/\/www.aridane.org\/city\/2023\/06\/16\/el-nuevo-centro-ciudadano-de-los-barros-en-los-llanos-de-aridane-sera-una-realidad-a-finales-de-julio\/\",\"url\":\"https:\/\/www.aridane.org\/city\/2023\/06\/16\/el-nuevo-centro-ciudadano-de-los-barros-en-los-llanos-de-aridane-sera-una-realidad-a-finales-de-julio\/\",\"name\":\"El nuevo Centro Ciudadano de Los Barros en Los Llanos de Aridane ser\u00e1 una realidad a finales de julio - Ayuntamiento de Los Llanos de Aridane\",\"isPartOf\":{\"@id\":\"https:\/\/www.aridane.org\/city\/#website\"},\"primaryImageOfPage\":{\"@id\":\"https:\/\/www.aridane.org\/city\/2023\/06\/16\/el-nuevo-centro-ciudadano-de-los-barros-en-los-llanos-de-aridane-sera-una-realidad-a-finales-de-julio\/#primaryimage\"},\"image\":{\"@id\":\"https:\/\/www.aridane.org\/city\/2023\/06\/16\/el-nuevo-centro-ciudadano-de-los-barros-en-los-llanos-de-aridane-sera-una-realidad-a-finales-de-julio\/#primaryimage\"},\"thumbnailUrl\":\"https:\/\/www.aridane.org\/city\/wp-content\/uploads\/2023\/06\/Centro-Ciudadano-de-Los-Barros-1.jpg\",\"datePublished\":\"2023-06-16T08:41:37+00:00\",\"dateModified\":\"2023-07-21T07:42:34+00:00\",\"author\":{\"@id\":\"https:\/\/www.aridane.org\/city\/#\/schema\/person\/7d352ec7f29881716f298394432e7209\"},\"description\":\"El Ayuntamiento de Los Llanos de Aridane presenta el cartel y el programa de La Patrona 2021 con el lema \u201cRemedios, m\u00e1s que un nombre.\u201d\",\"breadcrumb\":{\"@id\":\"https:\/\/www.aridane.org\/city\/2023\/06\/16\/el-nuevo-centro-ciudadano-de-los-barros-en-los-llanos-de-aridane-sera-una-realidad-a-finales-de-julio\/#breadcrumb\"},\"inLanguage\":\"es\",\"potentialAction\":[{\"@type\":\"ReadAction\",\"target\":[\"https:\/\/www.aridane.org\/city\/2023\/06\/16\/el-nuevo-centro-ciudadano-de-los-barros-en-los-llanos-de-aridane-sera-una-realidad-a-finales-de-julio\/\"]}]},{\"@type\":\"ImageObject\",\"inLanguage\":\"es\",\"@id\":\"https:\/\/www.aridane.org\/city\/2023\/06\/16\/el-nuevo-centro-ciudadano-de-los-barros-en-los-llanos-de-aridane-sera-una-realidad-a-finales-de-julio\/#primaryimage\",\"url\":\"https:\/\/www.aridane.org\/city\/wp-content\/uploads\/2023\/06\/Centro-Ciudadano-de-Los-Barros-1.jpg\",\"contentUrl\":\"https:\/\/www.aridane.org\/city\/wp-content\/uploads\/2023\/06\/Centro-Ciudadano-de-Los-Barros-1.jpg\",\"width\":900,\"height\":675},{\"@type\":\"BreadcrumbList\",\"@id\":\"https:\/\/www.aridane.org\/city\/2023\/06\/16\/el-nuevo-centro-ciudadano-de-los-barros-en-los-llanos-de-aridane-sera-una-realidad-a-finales-de-julio\/#breadcrumb\",\"itemListElement\":[{\"@type\":\"ListItem\",\"position\":1,\"name\":\"Portada\",\"item\":\"https:\/\/www.aridane.org\/city\/\"},{\"@type\":\"ListItem\",\"position\":2,\"name\":\"El nuevo Centro Ciudadano de Los Barros en Los Llanos de Aridane ser\u00e1 una realidad a finales de julio\"}]},{\"@type\":\"WebSite\",\"@id\":\"https:\/\/www.aridane.org\/city\/#website\",\"url\":\"https:\/\/www.aridane.org\/city\/\",\"name\":\"Ayuntamiento de Los Llanos de Aridane\",\"description\":\"\",\"potentialAction\":[{\"@type\":\"SearchAction\",\"target\":{\"@type\":\"EntryPoint\",\"urlTemplate\":\"https:\/\/www.aridane.org\/city\/?s={search_term_string}\"},\"query-input\":\"required name=search_term_string\"}],\"inLanguage\":\"es\"},{\"@type\":\"Person\",\"@id\":\"https:\/\/www.aridane.org\/city\/#\/schema\/person\/7d352ec7f29881716f298394432e7209\",\"name\":\"Richard Diaz\",\"image\":{\"@type\":\"ImageObject\",\"inLanguage\":\"es\",\"@id\":\"https:\/\/www.aridane.org\/city\/#\/schema\/person\/image\/\",\"url\":\"https:\/\/secure.gravatar.com\/avatar\/bacd6aefc26a4a204943090a4c596cd10f0857081ef3cfd12084a70ecb3161d5?s=96&d=mm&r=g\",\"contentUrl\":\"https:\/\/secure.gravatar.com\/avatar\/bacd6aefc26a4a204943090a4c596cd10f0857081ef3cfd12084a70ecb3161d5?s=96&d=mm&r=g\",\"caption\":\"Richard Diaz\"},\"sameAs\":[\"https:\/\/www.aridane.org\/city\"],\"url\":\"https:\/\/www.aridane.org\/city\/author\/richard-diaz\/\"}]}<\/script>\n<!-- \/ Yoast SEO plugin. -->","yoast_head_json":{"title":"El nuevo Centro Ciudadano de Los Barros en Los Llanos de Aridane ser\u00e1 una realidad a finales de julio - Ayuntamiento de Los Llanos de Aridane","description":"El Ayuntamiento de Los Llanos de Aridane presenta el cartel y el programa de La Patrona 2021 con el lema \u201cRemedios, m\u00e1s que un nombre.\u201d","robots":{"index":"index","follow":"follow","max-snippet":"max-snippet:-1","max-image-preview":"max-image-preview:large","max-video-preview":"max-video-preview:-1"},"canonical":"https:\/\/www.aridane.org\/city\/2023\/06\/16\/el-nuevo-centro-ciudadano-de-los-barros-en-los-llanos-de-aridane-sera-una-realidad-a-finales-de-julio\/","og_locale":"es_ES","og_type":"article","og_title":"El nuevo Centro Ciudadano de Los Barros en Los Llanos de Aridane ser\u00e1 una realidad a finales de julio - Ayuntamiento de Los Llanos de Aridane","og_description":"El Ayuntamiento de Los Llanos de Aridane presenta el cartel y el programa de La Patrona 2021 con el lema \u201cRemedios, m\u00e1s que un nombre.\u201d","og_url":"https:\/\/www.aridane.org\/city\/2023\/06\/16\/el-nuevo-centro-ciudadano-de-los-barros-en-los-llanos-de-aridane-sera-una-realidad-a-finales-de-julio\/","og_site_name":"Ayuntamiento de Los Llanos de Aridane","article_published_time":"2023-06-16T08:41:37+00:00","article_modified_time":"2023-07-21T07:42:34+00:00","og_image":[{"width":900,"height":675,"url":"https:\/\/www.aridane.org\/city\/wp-content\/uploads\/2023\/06\/Centro-Ciudadano-de-Los-Barros-1.jpg","type":"image\/jpeg"}],"author":"Richard Diaz","twitter_card":"summary_large_image","twitter_misc":{"Escrito por":"Richard Diaz","Tiempo de lectura":"2 minutos"},"schema":{"@context":"https:\/\/schema.org","@graph":[{"@type":"WebPage","@id":"https:\/\/www.aridane.org\/city\/2023\/06\/16\/el-nuevo-centro-ciudadano-de-los-barros-en-los-llanos-de-aridane-sera-una-realidad-a-finales-de-julio\/","url":"https:\/\/www.aridane.org\/city\/2023\/06\/16\/el-nuevo-centro-ciudadano-de-los-barros-en-los-llanos-de-aridane-sera-una-realidad-a-finales-de-julio\/","name":"El nuevo Centro Ciudadano de Los Barros en Los Llanos de Aridane ser\u00e1 una realidad a finales de julio - Ayuntamiento de Los Llanos de Aridane","isPartOf":{"@id":"https:\/\/www.aridane.org\/city\/#website"},"primaryImageOfPage":{"@id":"https:\/\/www.aridane.org\/city\/2023\/06\/16\/el-nuevo-centro-ciudadano-de-los-barros-en-los-llanos-de-aridane-sera-una-realidad-a-finales-de-julio\/#primaryimage"},"image":{"@id":"https:\/\/www.aridane.org\/city\/2023\/06\/16\/el-nuevo-centro-ciudadano-de-los-barros-en-los-llanos-de-aridane-sera-una-realidad-a-finales-de-julio\/#primaryimage"},"thumbnailUrl":"https:\/\/www.aridane.org\/city\/wp-content\/uploads\/2023\/06\/Centro-Ciudadano-de-Los-Barros-1.jpg","datePublished":"2023-06-16T08:41:37+00:00","dateModified":"2023-07-21T07:42:34+00:00","author":{"@id":"https:\/\/www.aridane.org\/city\/#\/schema\/person\/7d352ec7f29881716f298394432e7209"},"description":"El Ayuntamiento de Los Llanos de Aridane presenta el cartel y el programa de La Patrona 2021 con el lema \u201cRemedios, m\u00e1s que un nombre.\u201d","breadcrumb":{"@id":"https:\/\/www.aridane.org\/city\/2023\/06\/16\/el-nuevo-centro-ciudadano-de-los-barros-en-los-llanos-de-aridane-sera-una-realidad-a-finales-de-julio\/#breadcrumb"},"inLanguage":"es","potentialAction":[{"@type":"ReadAction","target":["https:\/\/www.aridane.org\/city\/2023\/06\/16\/el-nuevo-centro-ciudadano-de-los-barros-en-los-llanos-de-aridane-sera-una-realidad-a-finales-de-julio\/"]}]},{"@type":"ImageObject","inLanguage":"es","@id":"https:\/\/www.aridane.org\/city\/2023\/06\/16\/el-nuevo-centro-ciudadano-de-los-barros-en-los-llanos-de-aridane-sera-una-realidad-a-finales-de-julio\/#primaryimage","url":"https:\/\/www.aridane.org\/city\/wp-content\/uploads\/2023\/06\/Centro-Ciudadano-de-Los-Barros-1.jpg","contentUrl":"https:\/\/www.aridane.org\/city\/wp-content\/uploads\/2023\/06\/Centro-Ciudadano-de-Los-Barros-1.jpg","width":900,"height":675},{"@type":"BreadcrumbList","@id":"https:\/\/www.aridane.org\/city\/2023\/06\/16\/el-nuevo-centro-ciudadano-de-los-barros-en-los-llanos-de-aridane-sera-una-realidad-a-finales-de-julio\/#breadcrumb","itemListElement":[{"@type":"ListItem","position":1,"name":"Portada","item":"https:\/\/www.aridane.org\/city\/"},{"@type":"ListItem","position":2,"name":"El nuevo Centro Ciudadano de Los Barros en Los Llanos de Aridane ser\u00e1 una realidad a finales de julio"}]},{"@type":"WebSite","@id":"https:\/\/www.aridane.org\/city\/#website","url":"https:\/\/www.aridane.org\/city\/","name":"Ayuntamiento de Los Llanos de Aridane","description":"","potentialAction":[{"@type":"SearchAction","target":{"@type":"EntryPoint","urlTemplate":"https:\/\/www.aridane.org\/city\/?s={search_term_string}"},"query-input":"required name=search_term_string"}],"inLanguage":"es"},{"@type":"Person","@id":"https:\/\/www.aridane.org\/city\/#\/schema\/person\/7d352ec7f29881716f298394432e7209","name":"Richard Diaz","image":{"@type":"ImageObject","inLanguage":"es","@id":"https:\/\/www.aridane.org\/city\/#\/schema\/person\/image\/","url":"https:\/\/secure.gravatar.com\/avatar\/bacd6aefc26a4a204943090a4c596cd10f0857081ef3cfd12084a70ecb3161d5?s=96&d=mm&r=g","contentUrl":"https:\/\/secure.gravatar.com\/avatar\/bacd6aefc26a4a204943090a4c596cd10f0857081ef3cfd12084a70ecb3161d5?s=96&d=mm&r=g","caption":"Richard Diaz"},"sameAs":["https:\/\/www.aridane.org\/city"],"url":"https:\/\/www.aridane.org\/city\/author\/richard-diaz\/"}]}},"_links":{"self":[{"href":"https:\/\/www.aridane.org\/city\/wp-json\/wp\/v2\/posts\/1970","targetHints":{"allow":["GET"]}}],"collection":[{"href":"https:\/\/www.aridane.org\/city\/wp-json\/wp\/v2\/posts"}],"about":[{"href":"https:\/\/www.aridane.org\/city\/wp-json\/wp\/v2\/types\/post"}],"author":[{"embeddable":true,"href":"https:\/\/www.aridane.org\/city\/wp-json\/wp\/v2\/users\/1"}],"replies":[{"embeddable":true,"href":"https:\/\/www.aridane.org\/city\/wp-json\/wp\/v2\/comments?post=1970"}],"version-history":[{"count":1,"href":"https:\/\/www.aridane.org\/city\/wp-json\/wp\/v2\/posts\/1970\/revisions"}],"predecessor-version":[{"id":2388,"href":"https:\/\/www.aridane.org\/city\/wp-json\/wp\/v2\/posts\/1970\/revisions\/2388"}],"wp:featuredmedia":[{"embeddable":true,"href":"https:\/\/www.aridane.org\/city\/wp-json\/wp\/v2\/media\/2387"}],"wp:attachment":[{"href":"https:\/\/www.aridane.org\/city\/wp-json\/wp\/v2\/media?parent=1970"}],"wp:term":[{"taxonomy":"category","embeddable":true,"href":"https:\/\/www.aridane.org\/city\/wp-json\/wp\/v2\/categories?post=1970"},{"taxonomy":"post_tag","embeddable":true,"href":"https:\/\/www.aridane.org\/city\/wp-json\/wp\/v2\/tags?post=1970"}],"curies":[{"name":"wp","href":"https:\/\/api.w.org\/{rel}","templated":true}]}}