{"id":1971,"date":"2023-06-16T09:45:48","date_gmt":"2023-06-16T08:45:48","guid":{"rendered":"https:\/\/aridane.org\/ciudad\/?p=1873"},"modified":"2023-07-21T07:39:29","modified_gmt":"2023-07-21T07:39:29","slug":"mas-moderna-intuitiva-y-cercana-al-ciudadano-asi-sera-la-nueva-pagina-web-del-ayuntamiento-de-los-llanos-de-aridane","status":"publish","type":"post","link":"https:\/\/www.aridane.org\/city\/2023\/06\/16\/mas-moderna-intuitiva-y-cercana-al-ciudadano-asi-sera-la-nueva-pagina-web-del-ayuntamiento-de-los-llanos-de-aridane\/","title":{"rendered":"M\u00e1s moderna, intuitiva y cercana al ciudadano as\u00ed ser\u00e1 la nueva p\u00e1gina web del Ayuntamiento de Los Llanos de Aridane"},"content":{"rendered":"<section class=\"wpb-content-wrapper\"><p>[vc_row css_animation=\u00bb\u00bb row_type=\u00bbrow\u00bb use_row_as_full_screen_section=\u00bbno\u00bb type=\u00bbfull_width\u00bb angled_section=\u00bbno\u00bb text_align=\u00bbleft\u00bb background_image_as_pattern=\u00bbwithout_pattern\u00bb][vc_column][vc_row_inner row_type=\u00bbrow\u00bb type=\u00bbgrid\u00bb text_align=\u00bbleft\u00bb css_animation=\u00bb\u00bb][vc_column_inner][vc_empty_space height=\u00bb20px\u00bb][vc_empty_space height=\u00bb20px\u00bb][\/vc_column_inner][\/vc_row_inner][vc_column_text]<\/p>\n<ul>\n<li style=\"text-align: justify;\"><em>Garc\u00eda Leal destaca que con la renovaci\u00f3n de esta herramienta municipal, que seguir\u00e1 contando con el mismo dominio <\/em><a href=\"https:\/\/www.aridane.org\/\">https:\/\/www.aridane.org\/<\/a><em> , se busca mejorar la comunicaci\u00f3n y los servicios que se ofrece al ciudadano, as\u00ed como dar a conocer el municipio.<\/em><\/li>\n<\/ul>\n<p>&nbsp;<\/p>\n<p style=\"text-align: justify;\"><strong>Los Llanos de Aridane, 15 de junio 2023.-<\/strong>\u00a0 El Ayuntamiento de Los Llanos de Aridane a trav\u00e9s de su alcaldesa en funciones, Noelia Garc\u00eda Leal; y el concejal de Servicios Municipales en funciones, Jos\u00e9 Mar\u00eda Rivera, han presentado la que ser\u00e1 la nueva web municipal \u201cque contar\u00e1 con el mismo dominio <a href=\"https:\/\/www.aridane.org\/\">https:\/\/www.aridane.org\/<\/a> , y con un dise\u00f1o m\u00e1s moderno, innovador, y que permitir\u00e1 al usuario acceder a la informaci\u00f3n de una manera m\u00e1s intuitiva\u201d, se\u00f1ala.<\/p>\n<p style=\"text-align: justify;\">Garc\u00eda Leal afirma que \u201cla pagina web del Ayuntamiento necesitaba adaptarse a los nuevos tiempos que corren, tanto para dar respuesta a las demandas de los propios vecinos as\u00ed como para los turistas que deseen encontrar informaci\u00f3n de nuestro municipio\u201d.\u00a0 Adem\u00e1s, informa que en estos momentos se est\u00e1 procediendo a perfilar los \u00faltimos detalles de la misma, para que est\u00e9 completamente terminada cuanto antes, y defiende que \u201cesta renovaci\u00f3n ayudar\u00e1 a continuar mejorando la comunicaci\u00f3n y los servicios que se ofrecen al ciudadano\u201d.<\/p>\n<p style=\"text-align: justify;\">Por su parte, Jos\u00e9 Mar\u00eda Rivera destaca que \u201ceste nuevo formato permitir\u00e1 que el ciudadano pueda\u00a0 localizar de una manera m\u00e1s intuitiva los tr\u00e1mites a realizar. Adem\u00e1s, esta web se ir\u00e1 nutriendo de contenido e informaci\u00f3n de utilidad e interesante para el los vecinos, los usuarios tambi\u00e9n podr\u00e1n encontrar en ella la gu\u00eda de empresas, y facilitar\u00e1 la participaci\u00f3n ciudadana en procesos colaborativos\u201d.<\/p>\n<p style=\"text-align: justify;\">Por \u00faltimo, desde el Ayuntamiento de Los Llanos de Aridane se recuerda que tambi\u00e9n se ha fortalecido durante los \u00faltimos a\u00f1os la presencia en redes sociales, \u201ccon el fin de seguir acercando el trabajo que se hace en el Consistorio a todos los p\u00fablicos\u201d.<\/p>\n<p>[\/vc_column_text][\/vc_column][\/vc_row]<\/p>\n<\/section>","protected":false},"excerpt":{"rendered":"<p>[vc_row css_animation=\u00bb\u00bb row_type=\u00bbrow\u00bb use_row_as_full_screen_section=\u00bbno\u00bb type=\u00bbfull_width\u00bb angled_section=\u00bbno\u00bb text_align=\u00bbleft\u00bb background_image_as_pattern=\u00bbwithout_pattern\u00bb][vc_column][vc_row_inner row_type=\u00bbrow\u00bb type=\u00bbgrid\u00bb text_align=\u00bbleft\u00bb css_animation=\u00bb\u00bb][vc_column_inner][vc_empty_space height=\u00bb20px\u00bb][vc_empty_space height=\u00bb20px\u00bb][\/vc_column_inner][\/vc_row_inner][vc_column_text] Garc\u00eda Leal destaca que con la renovaci\u00f3n de esta herramienta municipal, que seguir\u00e1 contando con el mismo dominio https:\/\/www.aridane.org\/ , se busca mejorar la comunicaci\u00f3n y los servicios que se ofrece&#8230;<\/p>\n","protected":false},"author":1,"featured_media":2383,"comment_status":"closed","ping_status":"open","sticky":false,"template":"","format":"standard","meta":{"footnotes":""},"categories":[6],"tags":[],"class_list":["post-1971","post","type-post","status-publish","format-standard","has-post-thumbnail","hentry","category-prensa"],"yoast_head":"<!-- This site is optimized with the Yoast SEO plugin v22.7 - https:\/\/yoast.com\/wordpress\/plugins\/seo\/ -->\n<title>M\u00e1s moderna, intuitiva y cercana al ciudadano as\u00ed ser\u00e1 la nueva p\u00e1gina web del Ayuntamiento de Los Llanos de Aridane - Ayuntamiento de Los Llanos de Aridane<\/title>\n<meta name=\"description\" content=\"El Ayuntamiento de Los Llanos de Aridane presenta el cartel y el programa de La Patrona 2021 con el lema \u201cRemedios, m\u00e1s que un nombre.\u201d\" \/>\n<meta name=\"robots\" content=\"index, follow, max-snippet:-1, max-image-preview:large, max-video-preview:-1\" \/>\n<link rel=\"canonical\" href=\"https:\/\/www.aridane.org\/city\/2023\/06\/16\/mas-moderna-intuitiva-y-cercana-al-ciudadano-asi-sera-la-nueva-pagina-web-del-ayuntamiento-de-los-llanos-de-aridane\/\" \/>\n<meta property=\"og:locale\" content=\"es_ES\" \/>\n<meta property=\"og:type\" content=\"article\" \/>\n<meta property=\"og:title\" content=\"M\u00e1s moderna, intuitiva y cercana al ciudadano as\u00ed ser\u00e1 la nueva p\u00e1gina web del Ayuntamiento de Los Llanos de Aridane - Ayuntamiento de Los Llanos de Aridane\" \/>\n<meta property=\"og:description\" content=\"El Ayuntamiento de Los Llanos de Aridane presenta el cartel y el programa de La Patrona 2021 con el lema \u201cRemedios, m\u00e1s que un nombre.\u201d\" \/>\n<meta property=\"og:url\" content=\"https:\/\/www.aridane.org\/city\/2023\/06\/16\/mas-moderna-intuitiva-y-cercana-al-ciudadano-asi-sera-la-nueva-pagina-web-del-ayuntamiento-de-los-llanos-de-aridane\/\" \/>\n<meta property=\"og:site_name\" content=\"Ayuntamiento de Los Llanos de Aridane\" \/>\n<meta property=\"article:published_time\" content=\"2023-06-16T08:45:48+00:00\" \/>\n<meta property=\"article:modified_time\" content=\"2023-07-21T07:39:29+00:00\" \/>\n<meta property=\"og:image\" content=\"https:\/\/www.aridane.org\/city\/wp-content\/uploads\/2023\/06\/Presentacion_web.jpg\" \/>\n\t<meta property=\"og:image:width\" content=\"2048\" \/>\n\t<meta property=\"og:image:height\" content=\"1536\" \/>\n\t<meta property=\"og:image:type\" content=\"image\/jpeg\" \/>\n<meta name=\"author\" content=\"Richard Diaz\" \/>\n<meta name=\"twitter:card\" content=\"summary_large_image\" \/>\n<meta name=\"twitter:label1\" content=\"Escrito por\" \/>\n\t<meta name=\"twitter:data1\" content=\"Richard Diaz\" \/>\n\t<meta name=\"twitter:label2\" content=\"Tiempo de lectura\" \/>\n\t<meta name=\"twitter:data2\" content=\"2 minutos\" \/>\n<script type=\"application\/ld+json\" class=\"yoast-schema-graph\">{\"@context\":\"https:\/\/schema.org\",\"@graph\":[{\"@type\":\"WebPage\",\"@id\":\"https:\/\/www.aridane.org\/city\/2023\/06\/16\/mas-moderna-intuitiva-y-cercana-al-ciudadano-asi-sera-la-nueva-pagina-web-del-ayuntamiento-de-los-llanos-de-aridane\/\",\"url\":\"https:\/\/www.aridane.org\/city\/2023\/06\/16\/mas-moderna-intuitiva-y-cercana-al-ciudadano-asi-sera-la-nueva-pagina-web-del-ayuntamiento-de-los-llanos-de-aridane\/\",\"name\":\"M\u00e1s moderna, intuitiva y cercana al ciudadano as\u00ed ser\u00e1 la nueva p\u00e1gina web del Ayuntamiento de Los Llanos de Aridane - Ayuntamiento de Los Llanos de Aridane\",\"isPartOf\":{\"@id\":\"https:\/\/www.aridane.org\/city\/#website\"},\"primaryImageOfPage\":{\"@id\":\"https:\/\/www.aridane.org\/city\/2023\/06\/16\/mas-moderna-intuitiva-y-cercana-al-ciudadano-asi-sera-la-nueva-pagina-web-del-ayuntamiento-de-los-llanos-de-aridane\/#primaryimage\"},\"image\":{\"@id\":\"https:\/\/www.aridane.org\/city\/2023\/06\/16\/mas-moderna-intuitiva-y-cercana-al-ciudadano-asi-sera-la-nueva-pagina-web-del-ayuntamiento-de-los-llanos-de-aridane\/#primaryimage\"},\"thumbnailUrl\":\"https:\/\/www.aridane.org\/city\/wp-content\/uploads\/2023\/06\/Presentacion_web.jpg\",\"datePublished\":\"2023-06-16T08:45:48+00:00\",\"dateModified\":\"2023-07-21T07:39:29+00:00\",\"author\":{\"@id\":\"https:\/\/www.aridane.org\/city\/#\/schema\/person\/7d352ec7f29881716f298394432e7209\"},\"description\":\"El Ayuntamiento de Los Llanos de Aridane presenta el cartel y el programa de La Patrona 2021 con el lema \u201cRemedios, m\u00e1s que un nombre.\u201d\",\"breadcrumb\":{\"@id\":\"https:\/\/www.aridane.org\/city\/2023\/06\/16\/mas-moderna-intuitiva-y-cercana-al-ciudadano-asi-sera-la-nueva-pagina-web-del-ayuntamiento-de-los-llanos-de-aridane\/#breadcrumb\"},\"inLanguage\":\"es\",\"potentialAction\":[{\"@type\":\"ReadAction\",\"target\":[\"https:\/\/www.aridane.org\/city\/2023\/06\/16\/mas-moderna-intuitiva-y-cercana-al-ciudadano-asi-sera-la-nueva-pagina-web-del-ayuntamiento-de-los-llanos-de-aridane\/\"]}]},{\"@type\":\"ImageObject\",\"inLanguage\":\"es\",\"@id\":\"https:\/\/www.aridane.org\/city\/2023\/06\/16\/mas-moderna-intuitiva-y-cercana-al-ciudadano-asi-sera-la-nueva-pagina-web-del-ayuntamiento-de-los-llanos-de-aridane\/#primaryimage\",\"url\":\"https:\/\/www.aridane.org\/city\/wp-content\/uploads\/2023\/06\/Presentacion_web.jpg\",\"contentUrl\":\"https:\/\/www.aridane.org\/city\/wp-content\/uploads\/2023\/06\/Presentacion_web.jpg\",\"width\":2048,\"height\":1536},{\"@type\":\"BreadcrumbList\",\"@id\":\"https:\/\/www.aridane.org\/city\/2023\/06\/16\/mas-moderna-intuitiva-y-cercana-al-ciudadano-asi-sera-la-nueva-pagina-web-del-ayuntamiento-de-los-llanos-de-aridane\/#breadcrumb\",\"itemListElement\":[{\"@type\":\"ListItem\",\"position\":1,\"name\":\"Portada\",\"item\":\"https:\/\/www.aridane.org\/city\/\"},{\"@type\":\"ListItem\",\"position\":2,\"name\":\"M\u00e1s moderna, intuitiva y cercana al ciudadano as\u00ed ser\u00e1 la nueva p\u00e1gina web del Ayuntamiento de Los Llanos de Aridane\"}]},{\"@type\":\"WebSite\",\"@id\":\"https:\/\/www.aridane.org\/city\/#website\",\"url\":\"https:\/\/www.aridane.org\/city\/\",\"name\":\"Ayuntamiento de Los Llanos de Aridane\",\"description\":\"\",\"potentialAction\":[{\"@type\":\"SearchAction\",\"target\":{\"@type\":\"EntryPoint\",\"urlTemplate\":\"https:\/\/www.aridane.org\/city\/?s={search_term_string}\"},\"query-input\":\"required name=search_term_string\"}],\"inLanguage\":\"es\"},{\"@type\":\"Person\",\"@id\":\"https:\/\/www.aridane.org\/city\/#\/schema\/person\/7d352ec7f29881716f298394432e7209\",\"name\":\"Richard Diaz\",\"image\":{\"@type\":\"ImageObject\",\"inLanguage\":\"es\",\"@id\":\"https:\/\/www.aridane.org\/city\/#\/schema\/person\/image\/\",\"url\":\"https:\/\/secure.gravatar.com\/avatar\/bacd6aefc26a4a204943090a4c596cd10f0857081ef3cfd12084a70ecb3161d5?s=96&d=mm&r=g\",\"contentUrl\":\"https:\/\/secure.gravatar.com\/avatar\/bacd6aefc26a4a204943090a4c596cd10f0857081ef3cfd12084a70ecb3161d5?s=96&d=mm&r=g\",\"caption\":\"Richard Diaz\"},\"sameAs\":[\"https:\/\/www.aridane.org\/city\"],\"url\":\"https:\/\/www.aridane.org\/city\/author\/richard-diaz\/\"}]}<\/script>\n<!-- \/ Yoast SEO plugin. -->","yoast_head_json":{"title":"M\u00e1s moderna, intuitiva y cercana al ciudadano as\u00ed ser\u00e1 la nueva p\u00e1gina web del Ayuntamiento de Los Llanos de Aridane - Ayuntamiento de Los Llanos de Aridane","description":"El Ayuntamiento de Los Llanos de Aridane presenta el cartel y el programa de La Patrona 2021 con el lema \u201cRemedios, m\u00e1s que un nombre.\u201d","robots":{"index":"index","follow":"follow","max-snippet":"max-snippet:-1","max-image-preview":"max-image-preview:large","max-video-preview":"max-video-preview:-1"},"canonical":"https:\/\/www.aridane.org\/city\/2023\/06\/16\/mas-moderna-intuitiva-y-cercana-al-ciudadano-asi-sera-la-nueva-pagina-web-del-ayuntamiento-de-los-llanos-de-aridane\/","og_locale":"es_ES","og_type":"article","og_title":"M\u00e1s moderna, intuitiva y cercana al ciudadano as\u00ed ser\u00e1 la nueva p\u00e1gina web del Ayuntamiento de Los Llanos de Aridane - Ayuntamiento de Los Llanos de Aridane","og_description":"El Ayuntamiento de Los Llanos de Aridane presenta el cartel y el programa de La Patrona 2021 con el lema \u201cRemedios, m\u00e1s que un nombre.\u201d","og_url":"https:\/\/www.aridane.org\/city\/2023\/06\/16\/mas-moderna-intuitiva-y-cercana-al-ciudadano-asi-sera-la-nueva-pagina-web-del-ayuntamiento-de-los-llanos-de-aridane\/","og_site_name":"Ayuntamiento de Los Llanos de Aridane","article_published_time":"2023-06-16T08:45:48+00:00","article_modified_time":"2023-07-21T07:39:29+00:00","og_image":[{"width":2048,"height":1536,"url":"https:\/\/www.aridane.org\/city\/wp-content\/uploads\/2023\/06\/Presentacion_web.jpg","type":"image\/jpeg"}],"author":"Richard Diaz","twitter_card":"summary_large_image","twitter_misc":{"Escrito por":"Richard Diaz","Tiempo de lectura":"2 minutos"},"schema":{"@context":"https:\/\/schema.org","@graph":[{"@type":"WebPage","@id":"https:\/\/www.aridane.org\/city\/2023\/06\/16\/mas-moderna-intuitiva-y-cercana-al-ciudadano-asi-sera-la-nueva-pagina-web-del-ayuntamiento-de-los-llanos-de-aridane\/","url":"https:\/\/www.aridane.org\/city\/2023\/06\/16\/mas-moderna-intuitiva-y-cercana-al-ciudadano-asi-sera-la-nueva-pagina-web-del-ayuntamiento-de-los-llanos-de-aridane\/","name":"M\u00e1s moderna, intuitiva y cercana al ciudadano as\u00ed ser\u00e1 la nueva p\u00e1gina web del Ayuntamiento de Los Llanos de Aridane - Ayuntamiento de Los Llanos de Aridane","isPartOf":{"@id":"https:\/\/www.aridane.org\/city\/#website"},"primaryImageOfPage":{"@id":"https:\/\/www.aridane.org\/city\/2023\/06\/16\/mas-moderna-intuitiva-y-cercana-al-ciudadano-asi-sera-la-nueva-pagina-web-del-ayuntamiento-de-los-llanos-de-aridane\/#primaryimage"},"image":{"@id":"https:\/\/www.aridane.org\/city\/2023\/06\/16\/mas-moderna-intuitiva-y-cercana-al-ciudadano-asi-sera-la-nueva-pagina-web-del-ayuntamiento-de-los-llanos-de-aridane\/#primaryimage"},"thumbnailUrl":"https:\/\/www.aridane.org\/city\/wp-content\/uploads\/2023\/06\/Presentacion_web.jpg","datePublished":"2023-06-16T08:45:48+00:00","dateModified":"2023-07-21T07:39:29+00:00","author":{"@id":"https:\/\/www.aridane.org\/city\/#\/schema\/person\/7d352ec7f29881716f298394432e7209"},"description":"El Ayuntamiento de Los Llanos de Aridane presenta el cartel y el programa de La Patrona 2021 con el lema \u201cRemedios, m\u00e1s que un nombre.\u201d","breadcrumb":{"@id":"https:\/\/www.aridane.org\/city\/2023\/06\/16\/mas-moderna-intuitiva-y-cercana-al-ciudadano-asi-sera-la-nueva-pagina-web-del-ayuntamiento-de-los-llanos-de-aridane\/#breadcrumb"},"inLanguage":"es","potentialAction":[{"@type":"ReadAction","target":["https:\/\/www.aridane.org\/city\/2023\/06\/16\/mas-moderna-intuitiva-y-cercana-al-ciudadano-asi-sera-la-nueva-pagina-web-del-ayuntamiento-de-los-llanos-de-aridane\/"]}]},{"@type":"ImageObject","inLanguage":"es","@id":"https:\/\/www.aridane.org\/city\/2023\/06\/16\/mas-moderna-intuitiva-y-cercana-al-ciudadano-asi-sera-la-nueva-pagina-web-del-ayuntamiento-de-los-llanos-de-aridane\/#primaryimage","url":"https:\/\/www.aridane.org\/city\/wp-content\/uploads\/2023\/06\/Presentacion_web.jpg","contentUrl":"https:\/\/www.aridane.org\/city\/wp-content\/uploads\/2023\/06\/Presentacion_web.jpg","width":2048,"height":1536},{"@type":"BreadcrumbList","@id":"https:\/\/www.aridane.org\/city\/2023\/06\/16\/mas-moderna-intuitiva-y-cercana-al-ciudadano-asi-sera-la-nueva-pagina-web-del-ayuntamiento-de-los-llanos-de-aridane\/#breadcrumb","itemListElement":[{"@type":"ListItem","position":1,"name":"Portada","item":"https:\/\/www.aridane.org\/city\/"},{"@type":"ListItem","position":2,"name":"M\u00e1s moderna, intuitiva y cercana al ciudadano as\u00ed ser\u00e1 la nueva p\u00e1gina web del Ayuntamiento de Los Llanos de Aridane"}]},{"@type":"WebSite","@id":"https:\/\/www.aridane.org\/city\/#website","url":"https:\/\/www.aridane.org\/city\/","name":"Ayuntamiento de Los Llanos de Aridane","description":"","potentialAction":[{"@type":"SearchAction","target":{"@type":"EntryPoint","urlTemplate":"https:\/\/www.aridane.org\/city\/?s={search_term_string}"},"query-input":"required name=search_term_string"}],"inLanguage":"es"},{"@type":"Person","@id":"https:\/\/www.aridane.org\/city\/#\/schema\/person\/7d352ec7f29881716f298394432e7209","name":"Richard Diaz","image":{"@type":"ImageObject","inLanguage":"es","@id":"https:\/\/www.aridane.org\/city\/#\/schema\/person\/image\/","url":"https:\/\/secure.gravatar.com\/avatar\/bacd6aefc26a4a204943090a4c596cd10f0857081ef3cfd12084a70ecb3161d5?s=96&d=mm&r=g","contentUrl":"https:\/\/secure.gravatar.com\/avatar\/bacd6aefc26a4a204943090a4c596cd10f0857081ef3cfd12084a70ecb3161d5?s=96&d=mm&r=g","caption":"Richard Diaz"},"sameAs":["https:\/\/www.aridane.org\/city"],"url":"https:\/\/www.aridane.org\/city\/author\/richard-diaz\/"}]}},"_links":{"self":[{"href":"https:\/\/www.aridane.org\/city\/wp-json\/wp\/v2\/posts\/1971","targetHints":{"allow":["GET"]}}],"collection":[{"href":"https:\/\/www.aridane.org\/city\/wp-json\/wp\/v2\/posts"}],"about":[{"href":"https:\/\/www.aridane.org\/city\/wp-json\/wp\/v2\/types\/post"}],"author":[{"embeddable":true,"href":"https:\/\/www.aridane.org\/city\/wp-json\/wp\/v2\/users\/1"}],"replies":[{"embeddable":true,"href":"https:\/\/www.aridane.org\/city\/wp-json\/wp\/v2\/comments?post=1971"}],"version-history":[{"count":3,"href":"https:\/\/www.aridane.org\/city\/wp-json\/wp\/v2\/posts\/1971\/revisions"}],"predecessor-version":[{"id":2384,"href":"https:\/\/www.aridane.org\/city\/wp-json\/wp\/v2\/posts\/1971\/revisions\/2384"}],"wp:featuredmedia":[{"embeddable":true,"href":"https:\/\/www.aridane.org\/city\/wp-json\/wp\/v2\/media\/2383"}],"wp:attachment":[{"href":"https:\/\/www.aridane.org\/city\/wp-json\/wp\/v2\/media?parent=1971"}],"wp:term":[{"taxonomy":"category","embeddable":true,"href":"https:\/\/www.aridane.org\/city\/wp-json\/wp\/v2\/categories?post=1971"},{"taxonomy":"post_tag","embeddable":true,"href":"https:\/\/www.aridane.org\/city\/wp-json\/wp\/v2\/tags?post=1971"}],"curies":[{"name":"wp","href":"https:\/\/api.w.org\/{rel}","templated":true}]}}