{"id":1972,"date":"2023-06-16T10:43:09","date_gmt":"2023-06-16T09:43:09","guid":{"rendered":"https:\/\/aridane.org\/ciudad\/?p=1876"},"modified":"2023-07-21T07:35:40","modified_gmt":"2023-07-21T07:35:40","slug":"los-llanos-celebra-su-muestra-de-artesania-a-partir-de-este-lunes","status":"publish","type":"post","link":"https:\/\/www.aridane.org\/city\/2023\/06\/16\/los-llanos-celebra-su-muestra-de-artesania-a-partir-de-este-lunes\/","title":{"rendered":"Los Llanos celebra su Muestra de Artesan\u00eda a partir de este lunes"},"content":{"rendered":"<section class=\"wpb-content-wrapper\"><p>[vc_row css_animation=\u00bb\u00bb row_type=\u00bbrow\u00bb use_row_as_full_screen_section=\u00bbno\u00bb type=\u00bbfull_width\u00bb angled_section=\u00bbno\u00bb text_align=\u00bbleft\u00bb background_image_as_pattern=\u00bbwithout_pattern\u00bb][vc_column][vc_row_inner row_type=\u00bbrow\u00bb type=\u00bbgrid\u00bb text_align=\u00bbleft\u00bb css_animation=\u00bb\u00bb][vc_column_inner][vc_empty_space height=\u00bb20px\u00bb][vc_empty_space height=\u00bb20px\u00bb][\/vc_column_inner][\/vc_row_inner][vc_column_text]<\/p>\n<ul>\n<li style=\"text-align: justify;\"><em>Esta actividad se desarrollar\u00e1 hasta el jueves 22 de junio en la calle D\u00edaz Pimienta, en horario de 10:00 a 21:00horas.<\/em><\/li>\n<\/ul>\n<p>&nbsp;<\/p>\n<p style=\"text-align: justify;\"><strong>Los Llanos de Aridane, 16 de junio del 2023.- <\/strong>El Ayuntamiento de Los Llanos de Aridane a trav\u00e9s de la concejal de Artesan\u00eda en funciones, Elena Pais, ha confirmado que la Muestra de Artesan\u00eda que se desarrollar\u00e1 desde el pr\u00f3ximo lunes, 19, y hasta el jueves 22, en la calle D\u00edaz Pimienta.<\/p>\n<p style=\"text-align: justify;\">Pais explica que est\u00e1 muestra estar\u00e1 abierta en horario de 10:00 a 21:00 horas, y destaca que \u201clas personas que se acerquen hasta este espacio podr\u00e1n conocer el \u00a0proceso de elaboraci\u00f3n que utilizan los artesanos para elaboraci\u00f3n de estas piezas \u00fanicas, y encontrar\u00e1n \u00a0artesan\u00eda en distintas modalidades\u201d.<\/p>\n<p style=\"text-align: justify;\">Por \u00faltimo, desde el Ayuntamiento de Los Llanos de Aridane se invita a todas las personas que lo deseen a visitar esta Muestra de Artesan\u00eda, \u201cpara seguir apoyando as\u00ed nuestra historia y cultura\u201d.<\/p>\n<p>[\/vc_column_text][\/vc_column][\/vc_row]<\/p>\n<\/section>","protected":false},"excerpt":{"rendered":"<p>[vc_row css_animation=\u00bb\u00bb row_type=\u00bbrow\u00bb use_row_as_full_screen_section=\u00bbno\u00bb type=\u00bbfull_width\u00bb angled_section=\u00bbno\u00bb text_align=\u00bbleft\u00bb background_image_as_pattern=\u00bbwithout_pattern\u00bb][vc_column][vc_row_inner row_type=\u00bbrow\u00bb type=\u00bbgrid\u00bb text_align=\u00bbleft\u00bb css_animation=\u00bb\u00bb][vc_column_inner][vc_empty_space height=\u00bb20px\u00bb][vc_empty_space height=\u00bb20px\u00bb][\/vc_column_inner][\/vc_row_inner][vc_column_text] Esta actividad se desarrollar\u00e1 hasta el jueves 22 de junio en la calle D\u00edaz Pimienta, en horario de 10:00 a 21:00horas. &nbsp; Los Llanos de Aridane, 16 de junio del 2023.-&#8230;<\/p>\n","protected":false},"author":1,"featured_media":2380,"comment_status":"closed","ping_status":"open","sticky":false,"template":"","format":"standard","meta":{"footnotes":""},"categories":[6],"tags":[],"class_list":["post-1972","post","type-post","status-publish","format-standard","has-post-thumbnail","hentry","category-prensa"],"yoast_head":"<!-- This site is optimized with the Yoast SEO plugin v22.7 - https:\/\/yoast.com\/wordpress\/plugins\/seo\/ -->\n<title>Los Llanos celebra su Muestra de Artesan\u00eda a partir de este lunes - Ayuntamiento de Los Llanos de Aridane<\/title>\n<meta name=\"description\" content=\"El Ayuntamiento de Los Llanos de Aridane presenta el cartel y el programa de La Patrona 2021 con el lema \u201cRemedios, m\u00e1s que un nombre.\u201d\" \/>\n<meta name=\"robots\" content=\"index, follow, max-snippet:-1, max-image-preview:large, max-video-preview:-1\" \/>\n<link rel=\"canonical\" href=\"https:\/\/www.aridane.org\/city\/2023\/06\/16\/los-llanos-celebra-su-muestra-de-artesania-a-partir-de-este-lunes\/\" \/>\n<meta property=\"og:locale\" content=\"es_ES\" \/>\n<meta property=\"og:type\" content=\"article\" \/>\n<meta property=\"og:title\" content=\"Los Llanos celebra su Muestra de Artesan\u00eda a partir de este lunes - Ayuntamiento de Los Llanos de Aridane\" \/>\n<meta property=\"og:description\" content=\"El Ayuntamiento de Los Llanos de Aridane presenta el cartel y el programa de La Patrona 2021 con el lema \u201cRemedios, m\u00e1s que un nombre.\u201d\" \/>\n<meta property=\"og:url\" content=\"https:\/\/www.aridane.org\/city\/2023\/06\/16\/los-llanos-celebra-su-muestra-de-artesania-a-partir-de-este-lunes\/\" \/>\n<meta property=\"og:site_name\" content=\"Ayuntamiento de Los Llanos de Aridane\" \/>\n<meta property=\"article:published_time\" content=\"2023-06-16T09:43:09+00:00\" \/>\n<meta property=\"article:modified_time\" content=\"2023-07-21T07:35:40+00:00\" \/>\n<meta property=\"og:image\" content=\"https:\/\/www.aridane.org\/city\/wp-content\/uploads\/2023\/06\/Elena_Pais_feria_patrona.jpg\" \/>\n\t<meta property=\"og:image:width\" content=\"600\" \/>\n\t<meta property=\"og:image:height\" content=\"450\" \/>\n\t<meta property=\"og:image:type\" content=\"image\/jpeg\" \/>\n<meta name=\"author\" content=\"Richard Diaz\" \/>\n<meta name=\"twitter:card\" content=\"summary_large_image\" \/>\n<meta name=\"twitter:label1\" content=\"Escrito por\" \/>\n\t<meta name=\"twitter:data1\" content=\"Richard Diaz\" \/>\n\t<meta name=\"twitter:label2\" content=\"Tiempo de lectura\" \/>\n\t<meta name=\"twitter:data2\" content=\"1 minuto\" \/>\n<script type=\"application\/ld+json\" class=\"yoast-schema-graph\">{\"@context\":\"https:\/\/schema.org\",\"@graph\":[{\"@type\":\"WebPage\",\"@id\":\"https:\/\/www.aridane.org\/city\/2023\/06\/16\/los-llanos-celebra-su-muestra-de-artesania-a-partir-de-este-lunes\/\",\"url\":\"https:\/\/www.aridane.org\/city\/2023\/06\/16\/los-llanos-celebra-su-muestra-de-artesania-a-partir-de-este-lunes\/\",\"name\":\"Los Llanos celebra su Muestra de Artesan\u00eda a partir de este lunes - Ayuntamiento de Los Llanos de Aridane\",\"isPartOf\":{\"@id\":\"https:\/\/www.aridane.org\/city\/#website\"},\"primaryImageOfPage\":{\"@id\":\"https:\/\/www.aridane.org\/city\/2023\/06\/16\/los-llanos-celebra-su-muestra-de-artesania-a-partir-de-este-lunes\/#primaryimage\"},\"image\":{\"@id\":\"https:\/\/www.aridane.org\/city\/2023\/06\/16\/los-llanos-celebra-su-muestra-de-artesania-a-partir-de-este-lunes\/#primaryimage\"},\"thumbnailUrl\":\"https:\/\/www.aridane.org\/city\/wp-content\/uploads\/2023\/06\/Elena_Pais_feria_patrona.jpg\",\"datePublished\":\"2023-06-16T09:43:09+00:00\",\"dateModified\":\"2023-07-21T07:35:40+00:00\",\"author\":{\"@id\":\"https:\/\/www.aridane.org\/city\/#\/schema\/person\/7d352ec7f29881716f298394432e7209\"},\"description\":\"El Ayuntamiento de Los Llanos de Aridane presenta el cartel y el programa de La Patrona 2021 con el lema \u201cRemedios, m\u00e1s que un nombre.\u201d\",\"breadcrumb\":{\"@id\":\"https:\/\/www.aridane.org\/city\/2023\/06\/16\/los-llanos-celebra-su-muestra-de-artesania-a-partir-de-este-lunes\/#breadcrumb\"},\"inLanguage\":\"es\",\"potentialAction\":[{\"@type\":\"ReadAction\",\"target\":[\"https:\/\/www.aridane.org\/city\/2023\/06\/16\/los-llanos-celebra-su-muestra-de-artesania-a-partir-de-este-lunes\/\"]}]},{\"@type\":\"ImageObject\",\"inLanguage\":\"es\",\"@id\":\"https:\/\/www.aridane.org\/city\/2023\/06\/16\/los-llanos-celebra-su-muestra-de-artesania-a-partir-de-este-lunes\/#primaryimage\",\"url\":\"https:\/\/www.aridane.org\/city\/wp-content\/uploads\/2023\/06\/Elena_Pais_feria_patrona.jpg\",\"contentUrl\":\"https:\/\/www.aridane.org\/city\/wp-content\/uploads\/2023\/06\/Elena_Pais_feria_patrona.jpg\",\"width\":600,\"height\":450},{\"@type\":\"BreadcrumbList\",\"@id\":\"https:\/\/www.aridane.org\/city\/2023\/06\/16\/los-llanos-celebra-su-muestra-de-artesania-a-partir-de-este-lunes\/#breadcrumb\",\"itemListElement\":[{\"@type\":\"ListItem\",\"position\":1,\"name\":\"Portada\",\"item\":\"https:\/\/www.aridane.org\/city\/\"},{\"@type\":\"ListItem\",\"position\":2,\"name\":\"Los Llanos celebra su Muestra de Artesan\u00eda a partir de este lunes\"}]},{\"@type\":\"WebSite\",\"@id\":\"https:\/\/www.aridane.org\/city\/#website\",\"url\":\"https:\/\/www.aridane.org\/city\/\",\"name\":\"Ayuntamiento de Los Llanos de Aridane\",\"description\":\"\",\"potentialAction\":[{\"@type\":\"SearchAction\",\"target\":{\"@type\":\"EntryPoint\",\"urlTemplate\":\"https:\/\/www.aridane.org\/city\/?s={search_term_string}\"},\"query-input\":\"required name=search_term_string\"}],\"inLanguage\":\"es\"},{\"@type\":\"Person\",\"@id\":\"https:\/\/www.aridane.org\/city\/#\/schema\/person\/7d352ec7f29881716f298394432e7209\",\"name\":\"Richard Diaz\",\"image\":{\"@type\":\"ImageObject\",\"inLanguage\":\"es\",\"@id\":\"https:\/\/www.aridane.org\/city\/#\/schema\/person\/image\/\",\"url\":\"https:\/\/secure.gravatar.com\/avatar\/bacd6aefc26a4a204943090a4c596cd10f0857081ef3cfd12084a70ecb3161d5?s=96&d=mm&r=g\",\"contentUrl\":\"https:\/\/secure.gravatar.com\/avatar\/bacd6aefc26a4a204943090a4c596cd10f0857081ef3cfd12084a70ecb3161d5?s=96&d=mm&r=g\",\"caption\":\"Richard Diaz\"},\"sameAs\":[\"https:\/\/www.aridane.org\/city\"],\"url\":\"https:\/\/www.aridane.org\/city\/author\/richard-diaz\/\"}]}<\/script>\n<!-- \/ Yoast SEO plugin. -->","yoast_head_json":{"title":"Los Llanos celebra su Muestra de Artesan\u00eda a partir de este lunes - Ayuntamiento de Los Llanos de Aridane","description":"El Ayuntamiento de Los Llanos de Aridane presenta el cartel y el programa de La Patrona 2021 con el lema \u201cRemedios, m\u00e1s que un nombre.\u201d","robots":{"index":"index","follow":"follow","max-snippet":"max-snippet:-1","max-image-preview":"max-image-preview:large","max-video-preview":"max-video-preview:-1"},"canonical":"https:\/\/www.aridane.org\/city\/2023\/06\/16\/los-llanos-celebra-su-muestra-de-artesania-a-partir-de-este-lunes\/","og_locale":"es_ES","og_type":"article","og_title":"Los Llanos celebra su Muestra de Artesan\u00eda a partir de este lunes - Ayuntamiento de Los Llanos de Aridane","og_description":"El Ayuntamiento de Los Llanos de Aridane presenta el cartel y el programa de La Patrona 2021 con el lema \u201cRemedios, m\u00e1s que un nombre.\u201d","og_url":"https:\/\/www.aridane.org\/city\/2023\/06\/16\/los-llanos-celebra-su-muestra-de-artesania-a-partir-de-este-lunes\/","og_site_name":"Ayuntamiento de Los Llanos de Aridane","article_published_time":"2023-06-16T09:43:09+00:00","article_modified_time":"2023-07-21T07:35:40+00:00","og_image":[{"width":600,"height":450,"url":"https:\/\/www.aridane.org\/city\/wp-content\/uploads\/2023\/06\/Elena_Pais_feria_patrona.jpg","type":"image\/jpeg"}],"author":"Richard Diaz","twitter_card":"summary_large_image","twitter_misc":{"Escrito por":"Richard Diaz","Tiempo de lectura":"1 minuto"},"schema":{"@context":"https:\/\/schema.org","@graph":[{"@type":"WebPage","@id":"https:\/\/www.aridane.org\/city\/2023\/06\/16\/los-llanos-celebra-su-muestra-de-artesania-a-partir-de-este-lunes\/","url":"https:\/\/www.aridane.org\/city\/2023\/06\/16\/los-llanos-celebra-su-muestra-de-artesania-a-partir-de-este-lunes\/","name":"Los Llanos celebra su Muestra de Artesan\u00eda a partir de este lunes - Ayuntamiento de Los Llanos de Aridane","isPartOf":{"@id":"https:\/\/www.aridane.org\/city\/#website"},"primaryImageOfPage":{"@id":"https:\/\/www.aridane.org\/city\/2023\/06\/16\/los-llanos-celebra-su-muestra-de-artesania-a-partir-de-este-lunes\/#primaryimage"},"image":{"@id":"https:\/\/www.aridane.org\/city\/2023\/06\/16\/los-llanos-celebra-su-muestra-de-artesania-a-partir-de-este-lunes\/#primaryimage"},"thumbnailUrl":"https:\/\/www.aridane.org\/city\/wp-content\/uploads\/2023\/06\/Elena_Pais_feria_patrona.jpg","datePublished":"2023-06-16T09:43:09+00:00","dateModified":"2023-07-21T07:35:40+00:00","author":{"@id":"https:\/\/www.aridane.org\/city\/#\/schema\/person\/7d352ec7f29881716f298394432e7209"},"description":"El Ayuntamiento de Los Llanos de Aridane presenta el cartel y el programa de La Patrona 2021 con el lema \u201cRemedios, m\u00e1s que un nombre.\u201d","breadcrumb":{"@id":"https:\/\/www.aridane.org\/city\/2023\/06\/16\/los-llanos-celebra-su-muestra-de-artesania-a-partir-de-este-lunes\/#breadcrumb"},"inLanguage":"es","potentialAction":[{"@type":"ReadAction","target":["https:\/\/www.aridane.org\/city\/2023\/06\/16\/los-llanos-celebra-su-muestra-de-artesania-a-partir-de-este-lunes\/"]}]},{"@type":"ImageObject","inLanguage":"es","@id":"https:\/\/www.aridane.org\/city\/2023\/06\/16\/los-llanos-celebra-su-muestra-de-artesania-a-partir-de-este-lunes\/#primaryimage","url":"https:\/\/www.aridane.org\/city\/wp-content\/uploads\/2023\/06\/Elena_Pais_feria_patrona.jpg","contentUrl":"https:\/\/www.aridane.org\/city\/wp-content\/uploads\/2023\/06\/Elena_Pais_feria_patrona.jpg","width":600,"height":450},{"@type":"BreadcrumbList","@id":"https:\/\/www.aridane.org\/city\/2023\/06\/16\/los-llanos-celebra-su-muestra-de-artesania-a-partir-de-este-lunes\/#breadcrumb","itemListElement":[{"@type":"ListItem","position":1,"name":"Portada","item":"https:\/\/www.aridane.org\/city\/"},{"@type":"ListItem","position":2,"name":"Los Llanos celebra su Muestra de Artesan\u00eda a partir de este lunes"}]},{"@type":"WebSite","@id":"https:\/\/www.aridane.org\/city\/#website","url":"https:\/\/www.aridane.org\/city\/","name":"Ayuntamiento de Los Llanos de Aridane","description":"","potentialAction":[{"@type":"SearchAction","target":{"@type":"EntryPoint","urlTemplate":"https:\/\/www.aridane.org\/city\/?s={search_term_string}"},"query-input":"required name=search_term_string"}],"inLanguage":"es"},{"@type":"Person","@id":"https:\/\/www.aridane.org\/city\/#\/schema\/person\/7d352ec7f29881716f298394432e7209","name":"Richard Diaz","image":{"@type":"ImageObject","inLanguage":"es","@id":"https:\/\/www.aridane.org\/city\/#\/schema\/person\/image\/","url":"https:\/\/secure.gravatar.com\/avatar\/bacd6aefc26a4a204943090a4c596cd10f0857081ef3cfd12084a70ecb3161d5?s=96&d=mm&r=g","contentUrl":"https:\/\/secure.gravatar.com\/avatar\/bacd6aefc26a4a204943090a4c596cd10f0857081ef3cfd12084a70ecb3161d5?s=96&d=mm&r=g","caption":"Richard Diaz"},"sameAs":["https:\/\/www.aridane.org\/city"],"url":"https:\/\/www.aridane.org\/city\/author\/richard-diaz\/"}]}},"_links":{"self":[{"href":"https:\/\/www.aridane.org\/city\/wp-json\/wp\/v2\/posts\/1972","targetHints":{"allow":["GET"]}}],"collection":[{"href":"https:\/\/www.aridane.org\/city\/wp-json\/wp\/v2\/posts"}],"about":[{"href":"https:\/\/www.aridane.org\/city\/wp-json\/wp\/v2\/types\/post"}],"author":[{"embeddable":true,"href":"https:\/\/www.aridane.org\/city\/wp-json\/wp\/v2\/users\/1"}],"replies":[{"embeddable":true,"href":"https:\/\/www.aridane.org\/city\/wp-json\/wp\/v2\/comments?post=1972"}],"version-history":[{"count":2,"href":"https:\/\/www.aridane.org\/city\/wp-json\/wp\/v2\/posts\/1972\/revisions"}],"predecessor-version":[{"id":2382,"href":"https:\/\/www.aridane.org\/city\/wp-json\/wp\/v2\/posts\/1972\/revisions\/2382"}],"wp:featuredmedia":[{"embeddable":true,"href":"https:\/\/www.aridane.org\/city\/wp-json\/wp\/v2\/media\/2380"}],"wp:attachment":[{"href":"https:\/\/www.aridane.org\/city\/wp-json\/wp\/v2\/media?parent=1972"}],"wp:term":[{"taxonomy":"category","embeddable":true,"href":"https:\/\/www.aridane.org\/city\/wp-json\/wp\/v2\/categories?post=1972"},{"taxonomy":"post_tag","embeddable":true,"href":"https:\/\/www.aridane.org\/city\/wp-json\/wp\/v2\/tags?post=1972"}],"curies":[{"name":"wp","href":"https:\/\/api.w.org\/{rel}","templated":true}]}}