{"id":2246,"date":"2023-07-07T08:52:08","date_gmt":"2023-07-07T08:52:08","guid":{"rendered":"https:\/\/www.aridane.org\/city\/?p=2246"},"modified":"2023-07-12T12:08:53","modified_gmt":"2023-07-12T12:08:53","slug":"la-loa-a-nuestra-senora-de-los-remedios-da-por-finalizado-el-programa-festivo-de-la-patrona-2023","status":"publish","type":"post","link":"https:\/\/www.aridane.org\/city\/2023\/07\/07\/la-loa-a-nuestra-senora-de-los-remedios-da-por-finalizado-el-programa-festivo-de-la-patrona-2023\/","title":{"rendered":"La Loa a Nuestra Se\u00f1ora de Los Remedios da por finalizado el programa festivo de La Patrona 2023"},"content":{"rendered":"\n\t\t<style type=\"text\/css\">\n\t\t\t#gallery-1 {\n\t\t\t\tmargin: auto;\n\t\t\t}\n\t\t\t#gallery-1 .gallery-item {\n\t\t\t\tfloat: left;\n\t\t\t\tmargin-top: 10px;\n\t\t\t\ttext-align: center;\n\t\t\t\twidth: 33%;\n\t\t\t}\n\t\t\t#gallery-1 img {\n\t\t\t\tborder: 2px solid #cfcfcf;\n\t\t\t}\n\t\t\t#gallery-1 .gallery-caption {\n\t\t\t\tmargin-left: 0;\n\t\t\t}\n\t\t\t\/* see gallery_shortcode() in wp-includes\/media.php *\/\n\t\t<\/style>\n\t\t<div id='gallery-1' class='gallery galleryid-2246 gallery-columns-3 gallery-size-thumbnail'><dl class='gallery-item'>\n\t\t\t<dt class='gallery-icon landscape'>\n\t\t\t\t<a href='https:\/\/www.aridane.org\/city\/wp-content\/uploads\/2023\/07\/IMG-20230712-WA0006.jpg'><img loading=\"lazy\" decoding=\"async\" width=\"150\" height=\"150\" src=\"https:\/\/www.aridane.org\/city\/wp-content\/uploads\/2023\/07\/IMG-20230712-WA0006-150x150.jpg\" class=\"attachment-thumbnail size-thumbnail\" alt=\"\" srcset=\"https:\/\/www.aridane.org\/city\/wp-content\/uploads\/2023\/07\/IMG-20230712-WA0006-150x150.jpg 150w, https:\/\/www.aridane.org\/city\/wp-content\/uploads\/2023\/07\/IMG-20230712-WA0006-570x570.jpg 570w, https:\/\/www.aridane.org\/city\/wp-content\/uploads\/2023\/07\/IMG-20230712-WA0006-500x500.jpg 500w, https:\/\/www.aridane.org\/city\/wp-content\/uploads\/2023\/07\/IMG-20230712-WA0006-1000x1000.jpg 1000w\" sizes=\"auto, (max-width: 150px) 100vw, 150px\" \/><\/a>\n\t\t\t<\/dt><\/dl><dl class='gallery-item'>\n\t\t\t<dt class='gallery-icon landscape'>\n\t\t\t\t<a href='https:\/\/www.aridane.org\/city\/wp-content\/uploads\/2023\/07\/IMG-20230712-WA0005.jpg'><img loading=\"lazy\" decoding=\"async\" width=\"150\" height=\"150\" src=\"https:\/\/www.aridane.org\/city\/wp-content\/uploads\/2023\/07\/IMG-20230712-WA0005-150x150.jpg\" class=\"attachment-thumbnail size-thumbnail\" alt=\"\" srcset=\"https:\/\/www.aridane.org\/city\/wp-content\/uploads\/2023\/07\/IMG-20230712-WA0005-150x150.jpg 150w, https:\/\/www.aridane.org\/city\/wp-content\/uploads\/2023\/07\/IMG-20230712-WA0005-570x570.jpg 570w, https:\/\/www.aridane.org\/city\/wp-content\/uploads\/2023\/07\/IMG-20230712-WA0005-500x500.jpg 500w\" sizes=\"auto, (max-width: 150px) 100vw, 150px\" \/><\/a>\n\t\t\t<\/dt><\/dl><dl class='gallery-item'>\n\t\t\t<dt class='gallery-icon landscape'>\n\t\t\t\t<a href='https:\/\/www.aridane.org\/city\/wp-content\/uploads\/2023\/07\/IMG-20230712-WA0004.jpg'><img loading=\"lazy\" decoding=\"async\" width=\"150\" height=\"150\" src=\"https:\/\/www.aridane.org\/city\/wp-content\/uploads\/2023\/07\/IMG-20230712-WA0004-150x150.jpg\" class=\"attachment-thumbnail size-thumbnail\" alt=\"\" srcset=\"https:\/\/www.aridane.org\/city\/wp-content\/uploads\/2023\/07\/IMG-20230712-WA0004-150x150.jpg 150w, https:\/\/www.aridane.org\/city\/wp-content\/uploads\/2023\/07\/IMG-20230712-WA0004-570x570.jpg 570w, https:\/\/www.aridane.org\/city\/wp-content\/uploads\/2023\/07\/IMG-20230712-WA0004-500x500.jpg 500w, https:\/\/www.aridane.org\/city\/wp-content\/uploads\/2023\/07\/IMG-20230712-WA0004-1000x1000.jpg 1000w\" sizes=\"auto, (max-width: 150px) 100vw, 150px\" \/><\/a>\n\t\t\t<\/dt><\/dl><br style=\"clear: both\" \/>\n\t\t<\/div>\n\n<p><i><span style=\"font-weight: 400;\">Javier Llamas pone de relieve el esfuerzo y trabajo de colectivos vecinales y sociales para sacar adelante la celebraci\u00f3n de la fiesta, que este a\u00f1o regresa al escenario de la Plaza de Espa\u00f1a<\/span><\/i><\/p>\n<p><span style=\"font-weight: 400;\">La interpretaci\u00f3n de la Loa a Nuestra Se\u00f1ora de Los Remedios, con letra del aridanense y Cronista Oficial Pedro Hern\u00e1ndez y Hern\u00e1ndez y m\u00fasica del tinerfe\u00f1o Domingo Gonz\u00e1lez Ferrera, da por concluida la celebraci\u00f3n de las fiestas de La Patrona 2023.<\/span><\/p>\n<p><span style=\"font-weight: 400;\">El alcalde Javier Llamas destaca que, tras un mes de actos festivos, l\u00fadicos y religiosos, en el d\u00eda de la celebraci\u00f3n de la onom\u00e1stica de la patrona del municipio, volver\u00e1n a resonar los ritmos de la obra estrenada el 2 de julio de 1943, y que es reconocible por todos los vecinos y las vecinas del municipio. Ese es el punto que marca la finalizaci\u00f3n de las fiestas patronales hasta una nueva edici\u00f3n, recalca el alcalde.\u00a0<\/span><\/p>\n<p><span style=\"font-weight: 400;\">Pero antes, en la ma\u00f1ana del domingo, a las 12:00 horas, dar\u00e1 comienzo la Funci\u00f3n Religiosa en honor a Nuestra Se\u00f1ora de Los Remedios en la parroquia Matriz, para posteriormente, a las 19:30 horas, comenzar el rezo del Santo Rosario, mientras que a las 20:00 horas ser\u00e1 momento de la solemne eucarist\u00eda en Honor a La Patrona.\u00a0<\/span><\/p>\n<p><span style=\"font-weight: 400;\">Una vez concluida, se producir\u00e1 la salida procesional de la venerada imagen de la Virgen de Los Remedios hasta la Plaza de Espa\u00f1a, acompa\u00f1ada por la Banda Municipal de Los Llanos de Aridane, teniendo previsto su regreso a las 22:00 horas para desarrollar uno de los momentos m\u00e1s emocionantes para el aridanense que, adem\u00e1s, este a\u00f1o regresa a su habitual escenario ubicado en la Plaza de Espa\u00f1a.\u00a0<\/span><\/p>\n<p><span style=\"font-weight: 400;\">En esta ocasi\u00f3n ser\u00e1 interpretada por la Coral Awara, dirigida por Marcos Lorenzo, con las solistas Yanira Rodr\u00edguez y Amanda Acosta, y acompa\u00f1ada por la Banda de M\u00fasica Municipal, bajo la direcci\u00f3n de Gonzalo Jaubert. Seguidamente y para finalizar la noche, los fuegos artificiales iluminar\u00e1n desde el Castillo de la Virgen el cielo de Aridane.<\/span><\/p>\n<p><span style=\"font-weight: 400;\">Javier Llamas pone de relieve el esfuerzo que desde colectivos sociales y vecinales se realiza para lograr el correcto desarrollo de este programa festivo, junto a la colaboraci\u00f3n del Consistorio.<\/span><\/p>\n","protected":false},"excerpt":{"rendered":"<p>Javier Llamas pone de relieve el esfuerzo y trabajo de colectivos vecinales y sociales para sacar adelante la celebraci\u00f3n de la fiesta, que este a\u00f1o regresa al escenario de la Plaza de Espa\u00f1a La interpretaci\u00f3n de la Loa a Nuestra Se\u00f1ora de Los Remedios, con&#8230;<\/p>\n","protected":false},"author":4,"featured_media":2340,"comment_status":"open","ping_status":"open","sticky":false,"template":"","format":"standard","meta":{"footnotes":""},"categories":[6],"tags":[],"class_list":["post-2246","post","type-post","status-publish","format-standard","has-post-thumbnail","hentry","category-prensa"],"yoast_head":"<!-- This site is optimized with the Yoast SEO plugin v22.7 - https:\/\/yoast.com\/wordpress\/plugins\/seo\/ -->\n<title>La Loa a Nuestra Se\u00f1ora de Los Remedios da por finalizado el programa festivo de La Patrona 2023 - Ayuntamiento de Los Llanos de Aridane<\/title>\n<meta name=\"robots\" content=\"index, follow, max-snippet:-1, max-image-preview:large, max-video-preview:-1\" \/>\n<link rel=\"canonical\" href=\"https:\/\/www.aridane.org\/city\/2023\/07\/07\/la-loa-a-nuestra-senora-de-los-remedios-da-por-finalizado-el-programa-festivo-de-la-patrona-2023\/\" \/>\n<meta property=\"og:locale\" content=\"es_ES\" \/>\n<meta property=\"og:type\" content=\"article\" \/>\n<meta property=\"og:title\" content=\"La Loa a Nuestra Se\u00f1ora de Los Remedios da por finalizado el programa festivo de La Patrona 2023 - Ayuntamiento de Los Llanos de Aridane\" \/>\n<meta property=\"og:description\" content=\"Javier Llamas pone de relieve el esfuerzo y trabajo de colectivos vecinales y sociales para sacar adelante la celebraci\u00f3n de la fiesta, que este a\u00f1o regresa al escenario de la Plaza de Espa\u00f1a La interpretaci\u00f3n de la Loa a Nuestra Se\u00f1ora de Los Remedios, con...\" \/>\n<meta property=\"og:url\" content=\"https:\/\/www.aridane.org\/city\/2023\/07\/07\/la-loa-a-nuestra-senora-de-los-remedios-da-por-finalizado-el-programa-festivo-de-la-patrona-2023\/\" \/>\n<meta property=\"og:site_name\" content=\"Ayuntamiento de Los Llanos de Aridane\" \/>\n<meta property=\"article:published_time\" content=\"2023-07-07T08:52:08+00:00\" \/>\n<meta property=\"article:modified_time\" content=\"2023-07-12T12:08:53+00:00\" \/>\n<meta property=\"og:image\" content=\"https:\/\/www.aridane.org\/city\/wp-content\/uploads\/2023\/07\/IMG-20230712-WA0007.jpg\" \/>\n\t<meta property=\"og:image:width\" content=\"1024\" \/>\n\t<meta property=\"og:image:height\" content=\"683\" \/>\n\t<meta property=\"og:image:type\" content=\"image\/jpeg\" \/>\n<meta name=\"author\" content=\"Corresponsal\" \/>\n<meta name=\"twitter:card\" content=\"summary_large_image\" \/>\n<meta name=\"twitter:label1\" content=\"Escrito por\" \/>\n\t<meta name=\"twitter:data1\" content=\"Corresponsal\" \/>\n\t<meta name=\"twitter:label2\" content=\"Tiempo de lectura\" \/>\n\t<meta name=\"twitter:data2\" content=\"2 minutos\" \/>\n<script type=\"application\/ld+json\" class=\"yoast-schema-graph\">{\"@context\":\"https:\/\/schema.org\",\"@graph\":[{\"@type\":\"WebPage\",\"@id\":\"https:\/\/www.aridane.org\/city\/2023\/07\/07\/la-loa-a-nuestra-senora-de-los-remedios-da-por-finalizado-el-programa-festivo-de-la-patrona-2023\/\",\"url\":\"https:\/\/www.aridane.org\/city\/2023\/07\/07\/la-loa-a-nuestra-senora-de-los-remedios-da-por-finalizado-el-programa-festivo-de-la-patrona-2023\/\",\"name\":\"La Loa a Nuestra Se\u00f1ora de Los Remedios da por finalizado el programa festivo de La Patrona 2023 - Ayuntamiento de Los Llanos de Aridane\",\"isPartOf\":{\"@id\":\"https:\/\/www.aridane.org\/city\/#website\"},\"primaryImageOfPage\":{\"@id\":\"https:\/\/www.aridane.org\/city\/2023\/07\/07\/la-loa-a-nuestra-senora-de-los-remedios-da-por-finalizado-el-programa-festivo-de-la-patrona-2023\/#primaryimage\"},\"image\":{\"@id\":\"https:\/\/www.aridane.org\/city\/2023\/07\/07\/la-loa-a-nuestra-senora-de-los-remedios-da-por-finalizado-el-programa-festivo-de-la-patrona-2023\/#primaryimage\"},\"thumbnailUrl\":\"https:\/\/www.aridane.org\/city\/wp-content\/uploads\/2023\/07\/IMG-20230712-WA0007.jpg\",\"datePublished\":\"2023-07-07T08:52:08+00:00\",\"dateModified\":\"2023-07-12T12:08:53+00:00\",\"author\":{\"@id\":\"https:\/\/www.aridane.org\/city\/#\/schema\/person\/89ebd376b223dc94cc1dbcf200c8e6da\"},\"breadcrumb\":{\"@id\":\"https:\/\/www.aridane.org\/city\/2023\/07\/07\/la-loa-a-nuestra-senora-de-los-remedios-da-por-finalizado-el-programa-festivo-de-la-patrona-2023\/#breadcrumb\"},\"inLanguage\":\"es\",\"potentialAction\":[{\"@type\":\"ReadAction\",\"target\":[\"https:\/\/www.aridane.org\/city\/2023\/07\/07\/la-loa-a-nuestra-senora-de-los-remedios-da-por-finalizado-el-programa-festivo-de-la-patrona-2023\/\"]}]},{\"@type\":\"ImageObject\",\"inLanguage\":\"es\",\"@id\":\"https:\/\/www.aridane.org\/city\/2023\/07\/07\/la-loa-a-nuestra-senora-de-los-remedios-da-por-finalizado-el-programa-festivo-de-la-patrona-2023\/#primaryimage\",\"url\":\"https:\/\/www.aridane.org\/city\/wp-content\/uploads\/2023\/07\/IMG-20230712-WA0007.jpg\",\"contentUrl\":\"https:\/\/www.aridane.org\/city\/wp-content\/uploads\/2023\/07\/IMG-20230712-WA0007.jpg\",\"width\":1024,\"height\":683},{\"@type\":\"BreadcrumbList\",\"@id\":\"https:\/\/www.aridane.org\/city\/2023\/07\/07\/la-loa-a-nuestra-senora-de-los-remedios-da-por-finalizado-el-programa-festivo-de-la-patrona-2023\/#breadcrumb\",\"itemListElement\":[{\"@type\":\"ListItem\",\"position\":1,\"name\":\"Portada\",\"item\":\"https:\/\/www.aridane.org\/city\/\"},{\"@type\":\"ListItem\",\"position\":2,\"name\":\"La Loa a Nuestra Se\u00f1ora de Los Remedios da por finalizado el programa festivo de La Patrona 2023\"}]},{\"@type\":\"WebSite\",\"@id\":\"https:\/\/www.aridane.org\/city\/#website\",\"url\":\"https:\/\/www.aridane.org\/city\/\",\"name\":\"Ayuntamiento de Los Llanos de Aridane\",\"description\":\"\",\"potentialAction\":[{\"@type\":\"SearchAction\",\"target\":{\"@type\":\"EntryPoint\",\"urlTemplate\":\"https:\/\/www.aridane.org\/city\/?s={search_term_string}\"},\"query-input\":\"required name=search_term_string\"}],\"inLanguage\":\"es\"},{\"@type\":\"Person\",\"@id\":\"https:\/\/www.aridane.org\/city\/#\/schema\/person\/89ebd376b223dc94cc1dbcf200c8e6da\",\"name\":\"Corresponsal\",\"image\":{\"@type\":\"ImageObject\",\"inLanguage\":\"es\",\"@id\":\"https:\/\/www.aridane.org\/city\/#\/schema\/person\/image\/\",\"url\":\"https:\/\/secure.gravatar.com\/avatar\/1c476992411e4ccf153da63b2b2f5ea0bb4cb1c85f3ceab8512f04325ad5579c?s=96&d=mm&r=g\",\"contentUrl\":\"https:\/\/secure.gravatar.com\/avatar\/1c476992411e4ccf153da63b2b2f5ea0bb4cb1c85f3ceab8512f04325ad5579c?s=96&d=mm&r=g\",\"caption\":\"Corresponsal\"},\"url\":\"https:\/\/www.aridane.org\/city\/author\/corresponsal\/\"}]}<\/script>\n<!-- \/ Yoast SEO plugin. -->","yoast_head_json":{"title":"La Loa a Nuestra Se\u00f1ora de Los Remedios da por finalizado el programa festivo de La Patrona 2023 - Ayuntamiento de Los Llanos de Aridane","robots":{"index":"index","follow":"follow","max-snippet":"max-snippet:-1","max-image-preview":"max-image-preview:large","max-video-preview":"max-video-preview:-1"},"canonical":"https:\/\/www.aridane.org\/city\/2023\/07\/07\/la-loa-a-nuestra-senora-de-los-remedios-da-por-finalizado-el-programa-festivo-de-la-patrona-2023\/","og_locale":"es_ES","og_type":"article","og_title":"La Loa a Nuestra Se\u00f1ora de Los Remedios da por finalizado el programa festivo de La Patrona 2023 - Ayuntamiento de Los Llanos de Aridane","og_description":"Javier Llamas pone de relieve el esfuerzo y trabajo de colectivos vecinales y sociales para sacar adelante la celebraci\u00f3n de la fiesta, que este a\u00f1o regresa al escenario de la Plaza de Espa\u00f1a La interpretaci\u00f3n de la Loa a Nuestra Se\u00f1ora de Los Remedios, con...","og_url":"https:\/\/www.aridane.org\/city\/2023\/07\/07\/la-loa-a-nuestra-senora-de-los-remedios-da-por-finalizado-el-programa-festivo-de-la-patrona-2023\/","og_site_name":"Ayuntamiento de Los Llanos de Aridane","article_published_time":"2023-07-07T08:52:08+00:00","article_modified_time":"2023-07-12T12:08:53+00:00","og_image":[{"width":1024,"height":683,"url":"https:\/\/www.aridane.org\/city\/wp-content\/uploads\/2023\/07\/IMG-20230712-WA0007.jpg","type":"image\/jpeg"}],"author":"Corresponsal","twitter_card":"summary_large_image","twitter_misc":{"Escrito por":"Corresponsal","Tiempo de lectura":"2 minutos"},"schema":{"@context":"https:\/\/schema.org","@graph":[{"@type":"WebPage","@id":"https:\/\/www.aridane.org\/city\/2023\/07\/07\/la-loa-a-nuestra-senora-de-los-remedios-da-por-finalizado-el-programa-festivo-de-la-patrona-2023\/","url":"https:\/\/www.aridane.org\/city\/2023\/07\/07\/la-loa-a-nuestra-senora-de-los-remedios-da-por-finalizado-el-programa-festivo-de-la-patrona-2023\/","name":"La Loa a Nuestra Se\u00f1ora de Los Remedios da por finalizado el programa festivo de La Patrona 2023 - Ayuntamiento de Los Llanos de Aridane","isPartOf":{"@id":"https:\/\/www.aridane.org\/city\/#website"},"primaryImageOfPage":{"@id":"https:\/\/www.aridane.org\/city\/2023\/07\/07\/la-loa-a-nuestra-senora-de-los-remedios-da-por-finalizado-el-programa-festivo-de-la-patrona-2023\/#primaryimage"},"image":{"@id":"https:\/\/www.aridane.org\/city\/2023\/07\/07\/la-loa-a-nuestra-senora-de-los-remedios-da-por-finalizado-el-programa-festivo-de-la-patrona-2023\/#primaryimage"},"thumbnailUrl":"https:\/\/www.aridane.org\/city\/wp-content\/uploads\/2023\/07\/IMG-20230712-WA0007.jpg","datePublished":"2023-07-07T08:52:08+00:00","dateModified":"2023-07-12T12:08:53+00:00","author":{"@id":"https:\/\/www.aridane.org\/city\/#\/schema\/person\/89ebd376b223dc94cc1dbcf200c8e6da"},"breadcrumb":{"@id":"https:\/\/www.aridane.org\/city\/2023\/07\/07\/la-loa-a-nuestra-senora-de-los-remedios-da-por-finalizado-el-programa-festivo-de-la-patrona-2023\/#breadcrumb"},"inLanguage":"es","potentialAction":[{"@type":"ReadAction","target":["https:\/\/www.aridane.org\/city\/2023\/07\/07\/la-loa-a-nuestra-senora-de-los-remedios-da-por-finalizado-el-programa-festivo-de-la-patrona-2023\/"]}]},{"@type":"ImageObject","inLanguage":"es","@id":"https:\/\/www.aridane.org\/city\/2023\/07\/07\/la-loa-a-nuestra-senora-de-los-remedios-da-por-finalizado-el-programa-festivo-de-la-patrona-2023\/#primaryimage","url":"https:\/\/www.aridane.org\/city\/wp-content\/uploads\/2023\/07\/IMG-20230712-WA0007.jpg","contentUrl":"https:\/\/www.aridane.org\/city\/wp-content\/uploads\/2023\/07\/IMG-20230712-WA0007.jpg","width":1024,"height":683},{"@type":"BreadcrumbList","@id":"https:\/\/www.aridane.org\/city\/2023\/07\/07\/la-loa-a-nuestra-senora-de-los-remedios-da-por-finalizado-el-programa-festivo-de-la-patrona-2023\/#breadcrumb","itemListElement":[{"@type":"ListItem","position":1,"name":"Portada","item":"https:\/\/www.aridane.org\/city\/"},{"@type":"ListItem","position":2,"name":"La Loa a Nuestra Se\u00f1ora de Los Remedios da por finalizado el programa festivo de La Patrona 2023"}]},{"@type":"WebSite","@id":"https:\/\/www.aridane.org\/city\/#website","url":"https:\/\/www.aridane.org\/city\/","name":"Ayuntamiento de Los Llanos de Aridane","description":"","potentialAction":[{"@type":"SearchAction","target":{"@type":"EntryPoint","urlTemplate":"https:\/\/www.aridane.org\/city\/?s={search_term_string}"},"query-input":"required name=search_term_string"}],"inLanguage":"es"},{"@type":"Person","@id":"https:\/\/www.aridane.org\/city\/#\/schema\/person\/89ebd376b223dc94cc1dbcf200c8e6da","name":"Corresponsal","image":{"@type":"ImageObject","inLanguage":"es","@id":"https:\/\/www.aridane.org\/city\/#\/schema\/person\/image\/","url":"https:\/\/secure.gravatar.com\/avatar\/1c476992411e4ccf153da63b2b2f5ea0bb4cb1c85f3ceab8512f04325ad5579c?s=96&d=mm&r=g","contentUrl":"https:\/\/secure.gravatar.com\/avatar\/1c476992411e4ccf153da63b2b2f5ea0bb4cb1c85f3ceab8512f04325ad5579c?s=96&d=mm&r=g","caption":"Corresponsal"},"url":"https:\/\/www.aridane.org\/city\/author\/corresponsal\/"}]}},"_links":{"self":[{"href":"https:\/\/www.aridane.org\/city\/wp-json\/wp\/v2\/posts\/2246","targetHints":{"allow":["GET"]}}],"collection":[{"href":"https:\/\/www.aridane.org\/city\/wp-json\/wp\/v2\/posts"}],"about":[{"href":"https:\/\/www.aridane.org\/city\/wp-json\/wp\/v2\/types\/post"}],"author":[{"embeddable":true,"href":"https:\/\/www.aridane.org\/city\/wp-json\/wp\/v2\/users\/4"}],"replies":[{"embeddable":true,"href":"https:\/\/www.aridane.org\/city\/wp-json\/wp\/v2\/comments?post=2246"}],"version-history":[{"count":3,"href":"https:\/\/www.aridane.org\/city\/wp-json\/wp\/v2\/posts\/2246\/revisions"}],"predecessor-version":[{"id":2345,"href":"https:\/\/www.aridane.org\/city\/wp-json\/wp\/v2\/posts\/2246\/revisions\/2345"}],"wp:featuredmedia":[{"embeddable":true,"href":"https:\/\/www.aridane.org\/city\/wp-json\/wp\/v2\/media\/2340"}],"wp:attachment":[{"href":"https:\/\/www.aridane.org\/city\/wp-json\/wp\/v2\/media?parent=2246"}],"wp:term":[{"taxonomy":"category","embeddable":true,"href":"https:\/\/www.aridane.org\/city\/wp-json\/wp\/v2\/categories?post=2246"},{"taxonomy":"post_tag","embeddable":true,"href":"https:\/\/www.aridane.org\/city\/wp-json\/wp\/v2\/tags?post=2246"}],"curies":[{"name":"wp","href":"https:\/\/api.w.org\/{rel}","templated":true}]}}