{"id":2248,"date":"2023-07-07T08:53:11","date_gmt":"2023-07-07T08:53:11","guid":{"rendered":"https:\/\/www.aridane.org\/city\/?p=2248"},"modified":"2023-07-12T09:37:35","modified_gmt":"2023-07-12T09:37:35","slug":"el-alcalde-de-los-llanos-de-aridane-tiende-la-mano-a-la-oposicion-para-generar-un-gobierno-estable","status":"publish","type":"post","link":"https:\/\/www.aridane.org\/city\/2023\/07\/07\/el-alcalde-de-los-llanos-de-aridane-tiende-la-mano-a-la-oposicion-para-generar-un-gobierno-estable\/","title":{"rendered":"El alcalde de Los Llanos de Aridane tiende la mano a la oposici\u00f3n para generar un gobierno estable"},"content":{"rendered":"<p><i><span style=\"font-weight: 400;\">Javier Llamas considera que fundamental que las decisiones que marcar\u00e1n el futuro de Los Llanos de Aridane cuenten con consenso\u00a0<\/span><\/i><\/p>\n<p><!--more--><\/p>\n<p style=\"text-align: justify;\"><span style=\"font-weight: 400;\">El alcalde de Los Llanos de Aridane, Javier Llamas, tiende la mano a las fuerzas pol\u00edticas con representaci\u00f3n municipal para lograr un gobierno estable en el consistorio y que permita sacar adelante los importantes asuntos pendientes para la recuperaci\u00f3n econ\u00f3mica y social de la localidad.\u00a0<\/span><\/p>\n<p style=\"text-align: justify;\"><span style=\"font-weight: 400;\">En ese sentido, Javier Llamas insiste en que \u201c<\/span><span style=\"font-weight: 400;\">Los Llanos de Aridane tiene muchos asuntos por resolver\u201d, adem\u00e1s de considerar que es razonable que estas fuerzas pol\u00edticas puedan sumarse al gobierno local, ya que el municipio \u201cno se merece que decisiones importantes no se puedan adoptar por razones de inter\u00e9s partidista\u201d.\u00a0<\/span><\/p>\n<p style=\"text-align: justify;\"><span style=\"font-weight: 400;\">El alcalde tambi\u00e9n hace hincapi\u00e9 en que la suma de apoyos de las dos fuerzas m\u00e1s votadas, Coalici\u00f3n Canaria y Partido Popular, representa casi al 90% del electorado del municipio, aunque tambi\u00e9n destaca que cualquier acuerdo no es excluyente con el Partido Socialista, con quien tambi\u00e9n se han mantenido conversaciones y se ha invitado a sumarse al gobierno.<\/span><\/p>\n<p style=\"text-align: justify;\"><span style=\"font-weight: 400;\">Para lograr esos objetivos, Javier Llamas considera importante \u201cque se entierren hachas de guerra\u201d y que existan acuerdos entre las tres formaciones pol\u00edticas con representaci\u00f3n municipal para dar respuestas a las demandas de la ciudadan\u00eda del municipio.\u00a0<\/span><\/p>\n<p style=\"text-align: justify;\"><span style=\"font-weight: 400;\">Eje fundamental de esos posibles acuerdos, recalca el alcalde, ser\u00e1 que las personas sean el centro de las pol\u00edticas a desarrollar, poniendo por delante los asuntos importantes para Los Llanos de Aridane y dejando de lado los intereses partidistas.\u00a0<\/span><\/p>\n<p style=\"text-align: justify;\"><span style=\"font-weight: 400;\">Por todo ello, el alcalde espera que a lo largo de los pr\u00f3ximos d\u00edas se pueda comunicar un acuerdo esperado por la ciudadan\u00eda y que permita generar el gobierno que necesita Los Llanos de Aridane que aporte estabilidad durante los pr\u00f3ximos cuatro a\u00f1os.\u00a0<\/span><\/p>\n<p style=\"text-align: justify;\"><span style=\"font-weight: 400;\">Por \u00faltimo, Javier Llamas anuncia que se sigue trabajando en el reparto de \u00e1reas municipales que permitan esclarecer el trabajo y las responsabilidades que desarrollar\u00e1n los concejales y concejalas, y que bajo la coordinaci\u00f3n y direcci\u00f3n del alcalde \u201cpermitir\u00e1 que el municipio siga mirando hacia el futuro con esperanza\u201d.\u00a0<\/span><\/p>\n","protected":false},"excerpt":{"rendered":"<p>Javier Llamas considera que fundamental que las decisiones que marcar\u00e1n el futuro de Los Llanos de Aridane cuenten con consenso\u00a0<\/p>\n","protected":false},"author":4,"featured_media":2249,"comment_status":"open","ping_status":"open","sticky":false,"template":"","format":"standard","meta":{"footnotes":""},"categories":[6],"tags":[],"class_list":["post-2248","post","type-post","status-publish","format-standard","has-post-thumbnail","hentry","category-prensa"],"yoast_head":"<!-- This site is optimized with the Yoast SEO plugin v22.7 - https:\/\/yoast.com\/wordpress\/plugins\/seo\/ -->\n<title>El alcalde de Los Llanos de Aridane tiende la mano a la oposici\u00f3n para generar un gobierno estable - Ayuntamiento de Los Llanos de Aridane<\/title>\n<meta name=\"robots\" content=\"index, follow, max-snippet:-1, max-image-preview:large, max-video-preview:-1\" \/>\n<link rel=\"canonical\" href=\"https:\/\/www.aridane.org\/city\/2023\/07\/07\/el-alcalde-de-los-llanos-de-aridane-tiende-la-mano-a-la-oposicion-para-generar-un-gobierno-estable\/\" \/>\n<meta property=\"og:locale\" content=\"es_ES\" \/>\n<meta property=\"og:type\" content=\"article\" \/>\n<meta property=\"og:title\" content=\"El alcalde de Los Llanos de Aridane tiende la mano a la oposici\u00f3n para generar un gobierno estable - Ayuntamiento de Los Llanos de Aridane\" \/>\n<meta property=\"og:description\" content=\"Javier Llamas considera que fundamental que las decisiones que marcar\u00e1n el futuro de Los Llanos de Aridane cuenten con consenso\u00a0\" \/>\n<meta property=\"og:url\" content=\"https:\/\/www.aridane.org\/city\/2023\/07\/07\/el-alcalde-de-los-llanos-de-aridane-tiende-la-mano-a-la-oposicion-para-generar-un-gobierno-estable\/\" \/>\n<meta property=\"og:site_name\" content=\"Ayuntamiento de Los Llanos de Aridane\" \/>\n<meta property=\"article:published_time\" content=\"2023-07-07T08:53:11+00:00\" \/>\n<meta property=\"article:modified_time\" content=\"2023-07-12T09:37:35+00:00\" \/>\n<meta property=\"og:image\" content=\"https:\/\/www.aridane.org\/city\/wp-content\/uploads\/2023\/07\/javier-llamas.jpg\" \/>\n\t<meta property=\"og:image:width\" content=\"1200\" \/>\n\t<meta property=\"og:image:height\" content=\"675\" \/>\n\t<meta property=\"og:image:type\" content=\"image\/jpeg\" \/>\n<meta name=\"author\" content=\"Corresponsal\" \/>\n<meta name=\"twitter:card\" content=\"summary_large_image\" \/>\n<meta name=\"twitter:label1\" content=\"Escrito por\" \/>\n\t<meta name=\"twitter:data1\" content=\"Corresponsal\" \/>\n\t<meta name=\"twitter:label2\" content=\"Tiempo de lectura\" \/>\n\t<meta name=\"twitter:data2\" content=\"2 minutos\" \/>\n<script type=\"application\/ld+json\" class=\"yoast-schema-graph\">{\"@context\":\"https:\/\/schema.org\",\"@graph\":[{\"@type\":\"WebPage\",\"@id\":\"https:\/\/www.aridane.org\/city\/2023\/07\/07\/el-alcalde-de-los-llanos-de-aridane-tiende-la-mano-a-la-oposicion-para-generar-un-gobierno-estable\/\",\"url\":\"https:\/\/www.aridane.org\/city\/2023\/07\/07\/el-alcalde-de-los-llanos-de-aridane-tiende-la-mano-a-la-oposicion-para-generar-un-gobierno-estable\/\",\"name\":\"El alcalde de Los Llanos de Aridane tiende la mano a la oposici\u00f3n para generar un gobierno estable - Ayuntamiento de Los Llanos de Aridane\",\"isPartOf\":{\"@id\":\"https:\/\/www.aridane.org\/city\/#website\"},\"primaryImageOfPage\":{\"@id\":\"https:\/\/www.aridane.org\/city\/2023\/07\/07\/el-alcalde-de-los-llanos-de-aridane-tiende-la-mano-a-la-oposicion-para-generar-un-gobierno-estable\/#primaryimage\"},\"image\":{\"@id\":\"https:\/\/www.aridane.org\/city\/2023\/07\/07\/el-alcalde-de-los-llanos-de-aridane-tiende-la-mano-a-la-oposicion-para-generar-un-gobierno-estable\/#primaryimage\"},\"thumbnailUrl\":\"https:\/\/www.aridane.org\/city\/wp-content\/uploads\/2023\/07\/javier-llamas.jpg\",\"datePublished\":\"2023-07-07T08:53:11+00:00\",\"dateModified\":\"2023-07-12T09:37:35+00:00\",\"author\":{\"@id\":\"https:\/\/www.aridane.org\/city\/#\/schema\/person\/89ebd376b223dc94cc1dbcf200c8e6da\"},\"breadcrumb\":{\"@id\":\"https:\/\/www.aridane.org\/city\/2023\/07\/07\/el-alcalde-de-los-llanos-de-aridane-tiende-la-mano-a-la-oposicion-para-generar-un-gobierno-estable\/#breadcrumb\"},\"inLanguage\":\"es\",\"potentialAction\":[{\"@type\":\"ReadAction\",\"target\":[\"https:\/\/www.aridane.org\/city\/2023\/07\/07\/el-alcalde-de-los-llanos-de-aridane-tiende-la-mano-a-la-oposicion-para-generar-un-gobierno-estable\/\"]}]},{\"@type\":\"ImageObject\",\"inLanguage\":\"es\",\"@id\":\"https:\/\/www.aridane.org\/city\/2023\/07\/07\/el-alcalde-de-los-llanos-de-aridane-tiende-la-mano-a-la-oposicion-para-generar-un-gobierno-estable\/#primaryimage\",\"url\":\"https:\/\/www.aridane.org\/city\/wp-content\/uploads\/2023\/07\/javier-llamas.jpg\",\"contentUrl\":\"https:\/\/www.aridane.org\/city\/wp-content\/uploads\/2023\/07\/javier-llamas.jpg\",\"width\":1200,\"height\":675},{\"@type\":\"BreadcrumbList\",\"@id\":\"https:\/\/www.aridane.org\/city\/2023\/07\/07\/el-alcalde-de-los-llanos-de-aridane-tiende-la-mano-a-la-oposicion-para-generar-un-gobierno-estable\/#breadcrumb\",\"itemListElement\":[{\"@type\":\"ListItem\",\"position\":1,\"name\":\"Portada\",\"item\":\"https:\/\/www.aridane.org\/city\/\"},{\"@type\":\"ListItem\",\"position\":2,\"name\":\"El alcalde de Los Llanos de Aridane tiende la mano a la oposici\u00f3n para generar un gobierno estable\"}]},{\"@type\":\"WebSite\",\"@id\":\"https:\/\/www.aridane.org\/city\/#website\",\"url\":\"https:\/\/www.aridane.org\/city\/\",\"name\":\"Ayuntamiento de Los Llanos de Aridane\",\"description\":\"\",\"potentialAction\":[{\"@type\":\"SearchAction\",\"target\":{\"@type\":\"EntryPoint\",\"urlTemplate\":\"https:\/\/www.aridane.org\/city\/?s={search_term_string}\"},\"query-input\":\"required name=search_term_string\"}],\"inLanguage\":\"es\"},{\"@type\":\"Person\",\"@id\":\"https:\/\/www.aridane.org\/city\/#\/schema\/person\/89ebd376b223dc94cc1dbcf200c8e6da\",\"name\":\"Corresponsal\",\"image\":{\"@type\":\"ImageObject\",\"inLanguage\":\"es\",\"@id\":\"https:\/\/www.aridane.org\/city\/#\/schema\/person\/image\/\",\"url\":\"https:\/\/secure.gravatar.com\/avatar\/1c476992411e4ccf153da63b2b2f5ea0bb4cb1c85f3ceab8512f04325ad5579c?s=96&d=mm&r=g\",\"contentUrl\":\"https:\/\/secure.gravatar.com\/avatar\/1c476992411e4ccf153da63b2b2f5ea0bb4cb1c85f3ceab8512f04325ad5579c?s=96&d=mm&r=g\",\"caption\":\"Corresponsal\"},\"url\":\"https:\/\/www.aridane.org\/city\/author\/corresponsal\/\"}]}<\/script>\n<!-- \/ Yoast SEO plugin. -->","yoast_head_json":{"title":"El alcalde de Los Llanos de Aridane tiende la mano a la oposici\u00f3n para generar un gobierno estable - Ayuntamiento de Los Llanos de Aridane","robots":{"index":"index","follow":"follow","max-snippet":"max-snippet:-1","max-image-preview":"max-image-preview:large","max-video-preview":"max-video-preview:-1"},"canonical":"https:\/\/www.aridane.org\/city\/2023\/07\/07\/el-alcalde-de-los-llanos-de-aridane-tiende-la-mano-a-la-oposicion-para-generar-un-gobierno-estable\/","og_locale":"es_ES","og_type":"article","og_title":"El alcalde de Los Llanos de Aridane tiende la mano a la oposici\u00f3n para generar un gobierno estable - Ayuntamiento de Los Llanos de Aridane","og_description":"Javier Llamas considera que fundamental que las decisiones que marcar\u00e1n el futuro de Los Llanos de Aridane cuenten con consenso\u00a0","og_url":"https:\/\/www.aridane.org\/city\/2023\/07\/07\/el-alcalde-de-los-llanos-de-aridane-tiende-la-mano-a-la-oposicion-para-generar-un-gobierno-estable\/","og_site_name":"Ayuntamiento de Los Llanos de Aridane","article_published_time":"2023-07-07T08:53:11+00:00","article_modified_time":"2023-07-12T09:37:35+00:00","og_image":[{"width":1200,"height":675,"url":"https:\/\/www.aridane.org\/city\/wp-content\/uploads\/2023\/07\/javier-llamas.jpg","type":"image\/jpeg"}],"author":"Corresponsal","twitter_card":"summary_large_image","twitter_misc":{"Escrito por":"Corresponsal","Tiempo de lectura":"2 minutos"},"schema":{"@context":"https:\/\/schema.org","@graph":[{"@type":"WebPage","@id":"https:\/\/www.aridane.org\/city\/2023\/07\/07\/el-alcalde-de-los-llanos-de-aridane-tiende-la-mano-a-la-oposicion-para-generar-un-gobierno-estable\/","url":"https:\/\/www.aridane.org\/city\/2023\/07\/07\/el-alcalde-de-los-llanos-de-aridane-tiende-la-mano-a-la-oposicion-para-generar-un-gobierno-estable\/","name":"El alcalde de Los Llanos de Aridane tiende la mano a la oposici\u00f3n para generar un gobierno estable - Ayuntamiento de Los Llanos de Aridane","isPartOf":{"@id":"https:\/\/www.aridane.org\/city\/#website"},"primaryImageOfPage":{"@id":"https:\/\/www.aridane.org\/city\/2023\/07\/07\/el-alcalde-de-los-llanos-de-aridane-tiende-la-mano-a-la-oposicion-para-generar-un-gobierno-estable\/#primaryimage"},"image":{"@id":"https:\/\/www.aridane.org\/city\/2023\/07\/07\/el-alcalde-de-los-llanos-de-aridane-tiende-la-mano-a-la-oposicion-para-generar-un-gobierno-estable\/#primaryimage"},"thumbnailUrl":"https:\/\/www.aridane.org\/city\/wp-content\/uploads\/2023\/07\/javier-llamas.jpg","datePublished":"2023-07-07T08:53:11+00:00","dateModified":"2023-07-12T09:37:35+00:00","author":{"@id":"https:\/\/www.aridane.org\/city\/#\/schema\/person\/89ebd376b223dc94cc1dbcf200c8e6da"},"breadcrumb":{"@id":"https:\/\/www.aridane.org\/city\/2023\/07\/07\/el-alcalde-de-los-llanos-de-aridane-tiende-la-mano-a-la-oposicion-para-generar-un-gobierno-estable\/#breadcrumb"},"inLanguage":"es","potentialAction":[{"@type":"ReadAction","target":["https:\/\/www.aridane.org\/city\/2023\/07\/07\/el-alcalde-de-los-llanos-de-aridane-tiende-la-mano-a-la-oposicion-para-generar-un-gobierno-estable\/"]}]},{"@type":"ImageObject","inLanguage":"es","@id":"https:\/\/www.aridane.org\/city\/2023\/07\/07\/el-alcalde-de-los-llanos-de-aridane-tiende-la-mano-a-la-oposicion-para-generar-un-gobierno-estable\/#primaryimage","url":"https:\/\/www.aridane.org\/city\/wp-content\/uploads\/2023\/07\/javier-llamas.jpg","contentUrl":"https:\/\/www.aridane.org\/city\/wp-content\/uploads\/2023\/07\/javier-llamas.jpg","width":1200,"height":675},{"@type":"BreadcrumbList","@id":"https:\/\/www.aridane.org\/city\/2023\/07\/07\/el-alcalde-de-los-llanos-de-aridane-tiende-la-mano-a-la-oposicion-para-generar-un-gobierno-estable\/#breadcrumb","itemListElement":[{"@type":"ListItem","position":1,"name":"Portada","item":"https:\/\/www.aridane.org\/city\/"},{"@type":"ListItem","position":2,"name":"El alcalde de Los Llanos de Aridane tiende la mano a la oposici\u00f3n para generar un gobierno estable"}]},{"@type":"WebSite","@id":"https:\/\/www.aridane.org\/city\/#website","url":"https:\/\/www.aridane.org\/city\/","name":"Ayuntamiento de Los Llanos de Aridane","description":"","potentialAction":[{"@type":"SearchAction","target":{"@type":"EntryPoint","urlTemplate":"https:\/\/www.aridane.org\/city\/?s={search_term_string}"},"query-input":"required name=search_term_string"}],"inLanguage":"es"},{"@type":"Person","@id":"https:\/\/www.aridane.org\/city\/#\/schema\/person\/89ebd376b223dc94cc1dbcf200c8e6da","name":"Corresponsal","image":{"@type":"ImageObject","inLanguage":"es","@id":"https:\/\/www.aridane.org\/city\/#\/schema\/person\/image\/","url":"https:\/\/secure.gravatar.com\/avatar\/1c476992411e4ccf153da63b2b2f5ea0bb4cb1c85f3ceab8512f04325ad5579c?s=96&d=mm&r=g","contentUrl":"https:\/\/secure.gravatar.com\/avatar\/1c476992411e4ccf153da63b2b2f5ea0bb4cb1c85f3ceab8512f04325ad5579c?s=96&d=mm&r=g","caption":"Corresponsal"},"url":"https:\/\/www.aridane.org\/city\/author\/corresponsal\/"}]}},"_links":{"self":[{"href":"https:\/\/www.aridane.org\/city\/wp-json\/wp\/v2\/posts\/2248","targetHints":{"allow":["GET"]}}],"collection":[{"href":"https:\/\/www.aridane.org\/city\/wp-json\/wp\/v2\/posts"}],"about":[{"href":"https:\/\/www.aridane.org\/city\/wp-json\/wp\/v2\/types\/post"}],"author":[{"embeddable":true,"href":"https:\/\/www.aridane.org\/city\/wp-json\/wp\/v2\/users\/4"}],"replies":[{"embeddable":true,"href":"https:\/\/www.aridane.org\/city\/wp-json\/wp\/v2\/comments?post=2248"}],"version-history":[{"count":4,"href":"https:\/\/www.aridane.org\/city\/wp-json\/wp\/v2\/posts\/2248\/revisions"}],"predecessor-version":[{"id":2336,"href":"https:\/\/www.aridane.org\/city\/wp-json\/wp\/v2\/posts\/2248\/revisions\/2336"}],"wp:featuredmedia":[{"embeddable":true,"href":"https:\/\/www.aridane.org\/city\/wp-json\/wp\/v2\/media\/2249"}],"wp:attachment":[{"href":"https:\/\/www.aridane.org\/city\/wp-json\/wp\/v2\/media?parent=2248"}],"wp:term":[{"taxonomy":"category","embeddable":true,"href":"https:\/\/www.aridane.org\/city\/wp-json\/wp\/v2\/categories?post=2248"},{"taxonomy":"post_tag","embeddable":true,"href":"https:\/\/www.aridane.org\/city\/wp-json\/wp\/v2\/tags?post=2248"}],"curies":[{"name":"wp","href":"https:\/\/api.w.org\/{rel}","templated":true}]}}