{"id":2251,"date":"2023-07-07T08:54:07","date_gmt":"2023-07-07T08:54:07","guid":{"rendered":"https:\/\/www.aridane.org\/city\/?p=2251"},"modified":"2023-07-12T09:32:37","modified_gmt":"2023-07-12T09:32:37","slug":"el-ayuntamiento-de-los-llanos-de-aridane-impulsa-la-tecnologia-social-entre-los-jovenes","status":"publish","type":"post","link":"https:\/\/www.aridane.org\/city\/2023\/07\/07\/el-ayuntamiento-de-los-llanos-de-aridane-impulsa-la-tecnologia-social-entre-los-jovenes\/","title":{"rendered":"El Ayuntamiento de Los Llanos de Aridane impulsa la Tecnolog\u00eda Social entre los j\u00f3venes"},"content":{"rendered":"<p>&nbsp;<\/p>\n<p><i><span style=\"font-weight: 400\">Javier Llamas destaca que el objetivo es promover el uso creativo, equilibrado y productivo de las nuevas tecnolog\u00edas<\/span><\/i><\/p>\n<p><!--more--><\/p>\n<p style=\"text-align: justify\"><span style=\"font-weight: 400\">El Ayuntamiento de Los Llanos de Aridane organiza la celebraci\u00f3n de unas jornadas de Tecnolog\u00eda Social, dirigidas prioritariamente a la poblaci\u00f3n juvenil, que permitir\u00e1 dotarlos de conocimientos acerca del uso de las nuevas tecnolog\u00edas y herramientas digitales.\u00a0\u00a0<\/span><\/p>\n<p style=\"text-align: justify\"><span style=\"font-weight: 400\">El alcalde de Los Llanos de Aridane, Javier Llamas, destaca que el objetivo de este programa es el de contribuir a la adquisici\u00f3n de unas competencias digitales adecuadas para los j\u00f3venes participantes, promoviendo de esa manera un uso creativo, equilibrado y productivo de las nuevas tecnolog\u00edas.<\/span><\/p>\n<p style=\"text-align: justify\"><span style=\"font-weight: 400\">Las actividades se desarrollar\u00e1n entre la Casa de la Cultura y la Plaza de Espa\u00f1a entre el 10 y el 14 de julio, en horario de 9:00 a 14:00 horas, siendo totalmente gratuitas y con el n\u00famero de plazas limitado. Aunque est\u00e1 dirigido a la poblaci\u00f3n juvenil, tambi\u00e9n est\u00e1 abierta a personas de otro rango de edades.\u00a0<\/span><\/p>\n<p style=\"text-align: justify\"><span style=\"font-weight: 400\">El programa previsto para estas jornadas, organizadas en colaboraci\u00f3n con la Fundaci\u00f3n Disa, la Fundaci\u00f3n Yrichen y El S\u00f3tano Marker Space, contiene talleres de producci\u00f3n musical y podcast; de Escape Room,\u00a0 simulaci\u00f3n de efectos de sustancias y de realidad virtual; fabricaci\u00f3n digital y edici\u00f3n de v\u00eddeo y streaming.<\/span><\/p>\n<p style=\"text-align: justify\"><span style=\"font-weight: 400\">Las personas interesadas en formalizar su inscripci\u00f3n pueden hacerlo a trav\u00e9s del formulario <\/span><a href=\"https:\/\/forms.gle\/neDa6Sj7NxNJNW4t6\"><span style=\"font-weight: 400\">https:\/\/forms.gle\/neDa6Sj7NxNJNW4t6<\/span><\/a><span style=\"font-weight: 400\">. Tambi\u00e9n se puede obtener m\u00e1s informaci\u00f3n en el correo electr\u00f3nico <\/span><a href=\"mailto:carlos.garcia@ytichen.org\"><span style=\"font-weight: 400\">carlos.garcia@ytichen.org<\/span><\/a><span style=\"font-weight: 400\"> o a trav\u00e9s del tel\u00e9fono 621 150 039.<\/span><\/p>\n<p><img loading=\"lazy\" decoding=\"async\" class=\"size-medium wp-image-2333 aligncenter\" src=\"https:\/\/www.aridane.org\/city\/wp-content\/uploads\/2023\/07\/Jornadas-Tecnologia-Social-212x300.jpeg\" alt=\"\" width=\"212\" height=\"300\" srcset=\"https:\/\/www.aridane.org\/city\/wp-content\/uploads\/2023\/07\/Jornadas-Tecnologia-Social-212x300.jpeg 212w, https:\/\/www.aridane.org\/city\/wp-content\/uploads\/2023\/07\/Jornadas-Tecnologia-Social-438x620.jpeg 438w, https:\/\/www.aridane.org\/city\/wp-content\/uploads\/2023\/07\/Jornadas-Tecnologia-Social-768x1086.jpeg 768w, https:\/\/www.aridane.org\/city\/wp-content\/uploads\/2023\/07\/Jornadas-Tecnologia-Social-700x990.jpeg 700w, https:\/\/www.aridane.org\/city\/wp-content\/uploads\/2023\/07\/Jornadas-Tecnologia-Social.jpeg 842w\" sizes=\"auto, (max-width: 212px) 100vw, 212px\" \/><\/p>\n","protected":false},"excerpt":{"rendered":"<p>&nbsp; Javier Llamas destaca que el objetivo es promover el uso creativo, equilibrado y productivo de las nuevas tecnolog\u00edas<\/p>\n","protected":false},"author":4,"featured_media":2330,"comment_status":"open","ping_status":"open","sticky":false,"template":"","format":"standard","meta":{"footnotes":""},"categories":[6],"tags":[],"class_list":["post-2251","post","type-post","status-publish","format-standard","has-post-thumbnail","hentry","category-prensa"],"yoast_head":"<!-- This site is optimized with the Yoast SEO plugin v22.7 - https:\/\/yoast.com\/wordpress\/plugins\/seo\/ -->\n<title>El Ayuntamiento de Los Llanos de Aridane impulsa la Tecnolog\u00eda Social entre los j\u00f3venes - Ayuntamiento de Los Llanos de Aridane<\/title>\n<meta name=\"robots\" content=\"index, follow, max-snippet:-1, max-image-preview:large, max-video-preview:-1\" \/>\n<link rel=\"canonical\" href=\"https:\/\/www.aridane.org\/city\/2023\/07\/07\/el-ayuntamiento-de-los-llanos-de-aridane-impulsa-la-tecnologia-social-entre-los-jovenes\/\" \/>\n<meta property=\"og:locale\" content=\"es_ES\" \/>\n<meta property=\"og:type\" content=\"article\" \/>\n<meta property=\"og:title\" content=\"El Ayuntamiento de Los Llanos de Aridane impulsa la Tecnolog\u00eda Social entre los j\u00f3venes - Ayuntamiento de Los Llanos de Aridane\" \/>\n<meta property=\"og:description\" content=\"&nbsp; Javier Llamas destaca que el objetivo es promover el uso creativo, equilibrado y productivo de las nuevas tecnolog\u00edas\" \/>\n<meta property=\"og:url\" content=\"https:\/\/www.aridane.org\/city\/2023\/07\/07\/el-ayuntamiento-de-los-llanos-de-aridane-impulsa-la-tecnologia-social-entre-los-jovenes\/\" \/>\n<meta property=\"og:site_name\" content=\"Ayuntamiento de Los Llanos de Aridane\" \/>\n<meta property=\"article:published_time\" content=\"2023-07-07T08:54:07+00:00\" \/>\n<meta property=\"article:modified_time\" content=\"2023-07-12T09:32:37+00:00\" \/>\n<meta property=\"og:image\" content=\"https:\/\/www.aridane.org\/city\/wp-content\/uploads\/2023\/07\/Jornadas-Tecnologia.png\" \/>\n\t<meta property=\"og:image:width\" content=\"1100\" \/>\n\t<meta property=\"og:image:height\" content=\"620\" \/>\n\t<meta property=\"og:image:type\" content=\"image\/png\" \/>\n<meta name=\"author\" content=\"Corresponsal\" \/>\n<meta name=\"twitter:card\" content=\"summary_large_image\" \/>\n<meta name=\"twitter:label1\" content=\"Escrito por\" \/>\n\t<meta name=\"twitter:data1\" content=\"Corresponsal\" \/>\n\t<meta name=\"twitter:label2\" content=\"Tiempo de lectura\" \/>\n\t<meta name=\"twitter:data2\" content=\"2 minutos\" \/>\n<script type=\"application\/ld+json\" class=\"yoast-schema-graph\">{\"@context\":\"https:\/\/schema.org\",\"@graph\":[{\"@type\":\"WebPage\",\"@id\":\"https:\/\/www.aridane.org\/city\/2023\/07\/07\/el-ayuntamiento-de-los-llanos-de-aridane-impulsa-la-tecnologia-social-entre-los-jovenes\/\",\"url\":\"https:\/\/www.aridane.org\/city\/2023\/07\/07\/el-ayuntamiento-de-los-llanos-de-aridane-impulsa-la-tecnologia-social-entre-los-jovenes\/\",\"name\":\"El Ayuntamiento de Los Llanos de Aridane impulsa la Tecnolog\u00eda Social entre los j\u00f3venes - Ayuntamiento de Los Llanos de Aridane\",\"isPartOf\":{\"@id\":\"https:\/\/www.aridane.org\/city\/#website\"},\"primaryImageOfPage\":{\"@id\":\"https:\/\/www.aridane.org\/city\/2023\/07\/07\/el-ayuntamiento-de-los-llanos-de-aridane-impulsa-la-tecnologia-social-entre-los-jovenes\/#primaryimage\"},\"image\":{\"@id\":\"https:\/\/www.aridane.org\/city\/2023\/07\/07\/el-ayuntamiento-de-los-llanos-de-aridane-impulsa-la-tecnologia-social-entre-los-jovenes\/#primaryimage\"},\"thumbnailUrl\":\"https:\/\/www.aridane.org\/city\/wp-content\/uploads\/2023\/07\/Jornadas-Tecnologia.png\",\"datePublished\":\"2023-07-07T08:54:07+00:00\",\"dateModified\":\"2023-07-12T09:32:37+00:00\",\"author\":{\"@id\":\"https:\/\/www.aridane.org\/city\/#\/schema\/person\/89ebd376b223dc94cc1dbcf200c8e6da\"},\"breadcrumb\":{\"@id\":\"https:\/\/www.aridane.org\/city\/2023\/07\/07\/el-ayuntamiento-de-los-llanos-de-aridane-impulsa-la-tecnologia-social-entre-los-jovenes\/#breadcrumb\"},\"inLanguage\":\"es\",\"potentialAction\":[{\"@type\":\"ReadAction\",\"target\":[\"https:\/\/www.aridane.org\/city\/2023\/07\/07\/el-ayuntamiento-de-los-llanos-de-aridane-impulsa-la-tecnologia-social-entre-los-jovenes\/\"]}]},{\"@type\":\"ImageObject\",\"inLanguage\":\"es\",\"@id\":\"https:\/\/www.aridane.org\/city\/2023\/07\/07\/el-ayuntamiento-de-los-llanos-de-aridane-impulsa-la-tecnologia-social-entre-los-jovenes\/#primaryimage\",\"url\":\"https:\/\/www.aridane.org\/city\/wp-content\/uploads\/2023\/07\/Jornadas-Tecnologia.png\",\"contentUrl\":\"https:\/\/www.aridane.org\/city\/wp-content\/uploads\/2023\/07\/Jornadas-Tecnologia.png\",\"width\":1100,\"height\":620},{\"@type\":\"BreadcrumbList\",\"@id\":\"https:\/\/www.aridane.org\/city\/2023\/07\/07\/el-ayuntamiento-de-los-llanos-de-aridane-impulsa-la-tecnologia-social-entre-los-jovenes\/#breadcrumb\",\"itemListElement\":[{\"@type\":\"ListItem\",\"position\":1,\"name\":\"Portada\",\"item\":\"https:\/\/www.aridane.org\/city\/\"},{\"@type\":\"ListItem\",\"position\":2,\"name\":\"El Ayuntamiento de Los Llanos de Aridane impulsa la Tecnolog\u00eda Social entre los j\u00f3venes\"}]},{\"@type\":\"WebSite\",\"@id\":\"https:\/\/www.aridane.org\/city\/#website\",\"url\":\"https:\/\/www.aridane.org\/city\/\",\"name\":\"Ayuntamiento de Los Llanos de Aridane\",\"description\":\"\",\"potentialAction\":[{\"@type\":\"SearchAction\",\"target\":{\"@type\":\"EntryPoint\",\"urlTemplate\":\"https:\/\/www.aridane.org\/city\/?s={search_term_string}\"},\"query-input\":\"required name=search_term_string\"}],\"inLanguage\":\"es\"},{\"@type\":\"Person\",\"@id\":\"https:\/\/www.aridane.org\/city\/#\/schema\/person\/89ebd376b223dc94cc1dbcf200c8e6da\",\"name\":\"Corresponsal\",\"image\":{\"@type\":\"ImageObject\",\"inLanguage\":\"es\",\"@id\":\"https:\/\/www.aridane.org\/city\/#\/schema\/person\/image\/\",\"url\":\"https:\/\/secure.gravatar.com\/avatar\/1c476992411e4ccf153da63b2b2f5ea0bb4cb1c85f3ceab8512f04325ad5579c?s=96&d=mm&r=g\",\"contentUrl\":\"https:\/\/secure.gravatar.com\/avatar\/1c476992411e4ccf153da63b2b2f5ea0bb4cb1c85f3ceab8512f04325ad5579c?s=96&d=mm&r=g\",\"caption\":\"Corresponsal\"},\"url\":\"https:\/\/www.aridane.org\/city\/author\/corresponsal\/\"}]}<\/script>\n<!-- \/ Yoast SEO plugin. -->","yoast_head_json":{"title":"El Ayuntamiento de Los Llanos de Aridane impulsa la Tecnolog\u00eda Social entre los j\u00f3venes - Ayuntamiento de Los Llanos de Aridane","robots":{"index":"index","follow":"follow","max-snippet":"max-snippet:-1","max-image-preview":"max-image-preview:large","max-video-preview":"max-video-preview:-1"},"canonical":"https:\/\/www.aridane.org\/city\/2023\/07\/07\/el-ayuntamiento-de-los-llanos-de-aridane-impulsa-la-tecnologia-social-entre-los-jovenes\/","og_locale":"es_ES","og_type":"article","og_title":"El Ayuntamiento de Los Llanos de Aridane impulsa la Tecnolog\u00eda Social entre los j\u00f3venes - Ayuntamiento de Los Llanos de Aridane","og_description":"&nbsp; Javier Llamas destaca que el objetivo es promover el uso creativo, equilibrado y productivo de las nuevas tecnolog\u00edas","og_url":"https:\/\/www.aridane.org\/city\/2023\/07\/07\/el-ayuntamiento-de-los-llanos-de-aridane-impulsa-la-tecnologia-social-entre-los-jovenes\/","og_site_name":"Ayuntamiento de Los Llanos de Aridane","article_published_time":"2023-07-07T08:54:07+00:00","article_modified_time":"2023-07-12T09:32:37+00:00","og_image":[{"width":1100,"height":620,"url":"https:\/\/www.aridane.org\/city\/wp-content\/uploads\/2023\/07\/Jornadas-Tecnologia.png","type":"image\/png"}],"author":"Corresponsal","twitter_card":"summary_large_image","twitter_misc":{"Escrito por":"Corresponsal","Tiempo de lectura":"2 minutos"},"schema":{"@context":"https:\/\/schema.org","@graph":[{"@type":"WebPage","@id":"https:\/\/www.aridane.org\/city\/2023\/07\/07\/el-ayuntamiento-de-los-llanos-de-aridane-impulsa-la-tecnologia-social-entre-los-jovenes\/","url":"https:\/\/www.aridane.org\/city\/2023\/07\/07\/el-ayuntamiento-de-los-llanos-de-aridane-impulsa-la-tecnologia-social-entre-los-jovenes\/","name":"El Ayuntamiento de Los Llanos de Aridane impulsa la Tecnolog\u00eda Social entre los j\u00f3venes - Ayuntamiento de Los Llanos de Aridane","isPartOf":{"@id":"https:\/\/www.aridane.org\/city\/#website"},"primaryImageOfPage":{"@id":"https:\/\/www.aridane.org\/city\/2023\/07\/07\/el-ayuntamiento-de-los-llanos-de-aridane-impulsa-la-tecnologia-social-entre-los-jovenes\/#primaryimage"},"image":{"@id":"https:\/\/www.aridane.org\/city\/2023\/07\/07\/el-ayuntamiento-de-los-llanos-de-aridane-impulsa-la-tecnologia-social-entre-los-jovenes\/#primaryimage"},"thumbnailUrl":"https:\/\/www.aridane.org\/city\/wp-content\/uploads\/2023\/07\/Jornadas-Tecnologia.png","datePublished":"2023-07-07T08:54:07+00:00","dateModified":"2023-07-12T09:32:37+00:00","author":{"@id":"https:\/\/www.aridane.org\/city\/#\/schema\/person\/89ebd376b223dc94cc1dbcf200c8e6da"},"breadcrumb":{"@id":"https:\/\/www.aridane.org\/city\/2023\/07\/07\/el-ayuntamiento-de-los-llanos-de-aridane-impulsa-la-tecnologia-social-entre-los-jovenes\/#breadcrumb"},"inLanguage":"es","potentialAction":[{"@type":"ReadAction","target":["https:\/\/www.aridane.org\/city\/2023\/07\/07\/el-ayuntamiento-de-los-llanos-de-aridane-impulsa-la-tecnologia-social-entre-los-jovenes\/"]}]},{"@type":"ImageObject","inLanguage":"es","@id":"https:\/\/www.aridane.org\/city\/2023\/07\/07\/el-ayuntamiento-de-los-llanos-de-aridane-impulsa-la-tecnologia-social-entre-los-jovenes\/#primaryimage","url":"https:\/\/www.aridane.org\/city\/wp-content\/uploads\/2023\/07\/Jornadas-Tecnologia.png","contentUrl":"https:\/\/www.aridane.org\/city\/wp-content\/uploads\/2023\/07\/Jornadas-Tecnologia.png","width":1100,"height":620},{"@type":"BreadcrumbList","@id":"https:\/\/www.aridane.org\/city\/2023\/07\/07\/el-ayuntamiento-de-los-llanos-de-aridane-impulsa-la-tecnologia-social-entre-los-jovenes\/#breadcrumb","itemListElement":[{"@type":"ListItem","position":1,"name":"Portada","item":"https:\/\/www.aridane.org\/city\/"},{"@type":"ListItem","position":2,"name":"El Ayuntamiento de Los Llanos de Aridane impulsa la Tecnolog\u00eda Social entre los j\u00f3venes"}]},{"@type":"WebSite","@id":"https:\/\/www.aridane.org\/city\/#website","url":"https:\/\/www.aridane.org\/city\/","name":"Ayuntamiento de Los Llanos de Aridane","description":"","potentialAction":[{"@type":"SearchAction","target":{"@type":"EntryPoint","urlTemplate":"https:\/\/www.aridane.org\/city\/?s={search_term_string}"},"query-input":"required name=search_term_string"}],"inLanguage":"es"},{"@type":"Person","@id":"https:\/\/www.aridane.org\/city\/#\/schema\/person\/89ebd376b223dc94cc1dbcf200c8e6da","name":"Corresponsal","image":{"@type":"ImageObject","inLanguage":"es","@id":"https:\/\/www.aridane.org\/city\/#\/schema\/person\/image\/","url":"https:\/\/secure.gravatar.com\/avatar\/1c476992411e4ccf153da63b2b2f5ea0bb4cb1c85f3ceab8512f04325ad5579c?s=96&d=mm&r=g","contentUrl":"https:\/\/secure.gravatar.com\/avatar\/1c476992411e4ccf153da63b2b2f5ea0bb4cb1c85f3ceab8512f04325ad5579c?s=96&d=mm&r=g","caption":"Corresponsal"},"url":"https:\/\/www.aridane.org\/city\/author\/corresponsal\/"}]}},"_links":{"self":[{"href":"https:\/\/www.aridane.org\/city\/wp-json\/wp\/v2\/posts\/2251","targetHints":{"allow":["GET"]}}],"collection":[{"href":"https:\/\/www.aridane.org\/city\/wp-json\/wp\/v2\/posts"}],"about":[{"href":"https:\/\/www.aridane.org\/city\/wp-json\/wp\/v2\/types\/post"}],"author":[{"embeddable":true,"href":"https:\/\/www.aridane.org\/city\/wp-json\/wp\/v2\/users\/4"}],"replies":[{"embeddable":true,"href":"https:\/\/www.aridane.org\/city\/wp-json\/wp\/v2\/comments?post=2251"}],"version-history":[{"count":7,"href":"https:\/\/www.aridane.org\/city\/wp-json\/wp\/v2\/posts\/2251\/revisions"}],"predecessor-version":[{"id":2335,"href":"https:\/\/www.aridane.org\/city\/wp-json\/wp\/v2\/posts\/2251\/revisions\/2335"}],"wp:featuredmedia":[{"embeddable":true,"href":"https:\/\/www.aridane.org\/city\/wp-json\/wp\/v2\/media\/2330"}],"wp:attachment":[{"href":"https:\/\/www.aridane.org\/city\/wp-json\/wp\/v2\/media?parent=2251"}],"wp:term":[{"taxonomy":"category","embeddable":true,"href":"https:\/\/www.aridane.org\/city\/wp-json\/wp\/v2\/categories?post=2251"},{"taxonomy":"post_tag","embeddable":true,"href":"https:\/\/www.aridane.org\/city\/wp-json\/wp\/v2\/tags?post=2251"}],"curies":[{"name":"wp","href":"https:\/\/api.w.org\/{rel}","templated":true}]}}