{"id":2254,"date":"2023-07-07T08:56:07","date_gmt":"2023-07-07T08:56:07","guid":{"rendered":"https:\/\/www.aridane.org\/city\/?p=2254"},"modified":"2023-07-12T09:50:24","modified_gmt":"2023-07-12T09:50:24","slug":"el-ayuntamiento-de-los-llanos-concluye-los-trabajos-de-recuperacion-de-la-charca-de-el-remo","status":"publish","type":"post","link":"https:\/\/www.aridane.org\/city\/2023\/07\/07\/el-ayuntamiento-de-los-llanos-concluye-los-trabajos-de-recuperacion-de-la-charca-de-el-remo\/","title":{"rendered":"El Ayuntamiento de Los Llanos concluye los trabajos de recuperaci\u00f3n de la charca de El Remo"},"content":{"rendered":"<p>&nbsp;<\/p>\n<p><i><span style=\"font-weight: 400;\">Javier Llamas destaca que permite disponer de mayor seguridad para los ba\u00f1istas de la zona<\/span><\/i><\/p>\n<p><!--more--><\/p>\n<p><span style=\"font-weight: 400;\">El Ayuntamiento de Los Llanos de Aridane ha concluido los trabajos de recuperaci\u00f3n y rehabilitaci\u00f3n de los diques de la charca de El Remo, permitiendo de esa manera disponer de un espacio seguro para el ba\u00f1o y de protecci\u00f3n de parte del litoral del barrio costero.<\/span><\/p>\n<p><span style=\"font-weight: 400;\">El alcalde de Los Llanos de Aridane, Javier Llamas, destaca que la <\/span><span style=\"font-weight: 400;\">actuaci\u00f3n ha permitido el refuerzo de los peque\u00f1os diques en la zona con materiales propios del entorno, permitiendo disponer de una piscina natural que sirva para el disfrute del ba\u00f1o de los vecinos y turistas en este periodo veraniego. Adem\u00e1s, se ha trabajado en la estabilizaci\u00f3n de la superficie de la rampa de acceso de embarcaciones al mar.\u00a0<\/span><\/p>\n<p><span style=\"font-weight: 400;\">Lo que se pretende con esta actuaci\u00f3n, que se lleva acometiendo a\u00f1o tras a\u00f1o a lo largo de la \u00faltima d\u00e9cada, es proteger la zona del embarcadero, al tiempo que se d\u00e9 seguridad a las personas usuarias.<\/span><\/p>\n<p><span style=\"font-weight: 400;\">Recuerda Javier Llamas que esta actuaci\u00f3n permite disponer de un espacio para el ba\u00f1o protegido del oleaje y las corrientes marinas, as\u00ed como proteger parte del litoral del barrio y un sector importante de la zona habitada.\u00a0<\/span><\/p>\n<p><span style=\"font-weight: 400;\">Adem\u00e1s, el alcalde recalca el compromiso del Grupo de Gobierno municipal de seguir trabajando para adecuar las instalaciones municipales y espacios p\u00fablicos a un correcto y seguro disfrute por parte de los vecinos y vecinas.<\/span><\/p>\n<p><span style=\"font-weight: 400;\">Javier Llamas hace hincapi\u00e9 en que es prioridad para este mandato el acercar el trabajo de la Instituci\u00f3n local a los barrios, recuperando infraestructuras, adecuando instalaciones y permitiendo a los vecinos y vecinas disponer de servicios de primer nivel.<\/span><\/p>\n","protected":false},"excerpt":{"rendered":"<p>&nbsp; Javier Llamas destaca que permite disponer de mayor seguridad para los ba\u00f1istas de la zona<\/p>\n","protected":false},"author":4,"featured_media":2328,"comment_status":"open","ping_status":"open","sticky":false,"template":"","format":"standard","meta":{"footnotes":""},"categories":[6],"tags":[],"class_list":["post-2254","post","type-post","status-publish","format-standard","has-post-thumbnail","hentry","category-prensa"],"yoast_head":"<!-- This site is optimized with the Yoast SEO plugin v22.7 - https:\/\/yoast.com\/wordpress\/plugins\/seo\/ -->\n<title>El Ayuntamiento de Los Llanos concluye los trabajos de recuperaci\u00f3n de la charca de El Remo - Ayuntamiento de Los Llanos de Aridane<\/title>\n<meta name=\"robots\" content=\"index, follow, max-snippet:-1, max-image-preview:large, max-video-preview:-1\" \/>\n<link rel=\"canonical\" href=\"https:\/\/www.aridane.org\/city\/2023\/07\/07\/el-ayuntamiento-de-los-llanos-concluye-los-trabajos-de-recuperacion-de-la-charca-de-el-remo\/\" \/>\n<meta property=\"og:locale\" content=\"es_ES\" \/>\n<meta property=\"og:type\" content=\"article\" \/>\n<meta property=\"og:title\" content=\"El Ayuntamiento de Los Llanos concluye los trabajos de recuperaci\u00f3n de la charca de El Remo - Ayuntamiento de Los Llanos de Aridane\" \/>\n<meta property=\"og:description\" content=\"&nbsp; Javier Llamas destaca que permite disponer de mayor seguridad para los ba\u00f1istas de la zona\" \/>\n<meta property=\"og:url\" content=\"https:\/\/www.aridane.org\/city\/2023\/07\/07\/el-ayuntamiento-de-los-llanos-concluye-los-trabajos-de-recuperacion-de-la-charca-de-el-remo\/\" \/>\n<meta property=\"og:site_name\" content=\"Ayuntamiento de Los Llanos de Aridane\" \/>\n<meta property=\"article:published_time\" content=\"2023-07-07T08:56:07+00:00\" \/>\n<meta property=\"article:modified_time\" content=\"2023-07-12T09:50:24+00:00\" \/>\n<meta property=\"og:image\" content=\"https:\/\/www.aridane.org\/city\/wp-content\/uploads\/2023\/07\/Restauracion-charca-de-El-Remo.png\" \/>\n\t<meta property=\"og:image:width\" content=\"1100\" \/>\n\t<meta property=\"og:image:height\" content=\"620\" \/>\n\t<meta property=\"og:image:type\" content=\"image\/png\" \/>\n<meta name=\"author\" content=\"Corresponsal\" \/>\n<meta name=\"twitter:card\" content=\"summary_large_image\" \/>\n<meta name=\"twitter:label1\" content=\"Escrito por\" \/>\n\t<meta name=\"twitter:data1\" content=\"Corresponsal\" \/>\n\t<meta name=\"twitter:label2\" content=\"Tiempo de lectura\" \/>\n\t<meta name=\"twitter:data2\" content=\"2 minutos\" \/>\n<script type=\"application\/ld+json\" class=\"yoast-schema-graph\">{\"@context\":\"https:\/\/schema.org\",\"@graph\":[{\"@type\":\"WebPage\",\"@id\":\"https:\/\/www.aridane.org\/city\/2023\/07\/07\/el-ayuntamiento-de-los-llanos-concluye-los-trabajos-de-recuperacion-de-la-charca-de-el-remo\/\",\"url\":\"https:\/\/www.aridane.org\/city\/2023\/07\/07\/el-ayuntamiento-de-los-llanos-concluye-los-trabajos-de-recuperacion-de-la-charca-de-el-remo\/\",\"name\":\"El Ayuntamiento de Los Llanos concluye los trabajos de recuperaci\u00f3n de la charca de El Remo - Ayuntamiento de Los Llanos de Aridane\",\"isPartOf\":{\"@id\":\"https:\/\/www.aridane.org\/city\/#website\"},\"primaryImageOfPage\":{\"@id\":\"https:\/\/www.aridane.org\/city\/2023\/07\/07\/el-ayuntamiento-de-los-llanos-concluye-los-trabajos-de-recuperacion-de-la-charca-de-el-remo\/#primaryimage\"},\"image\":{\"@id\":\"https:\/\/www.aridane.org\/city\/2023\/07\/07\/el-ayuntamiento-de-los-llanos-concluye-los-trabajos-de-recuperacion-de-la-charca-de-el-remo\/#primaryimage\"},\"thumbnailUrl\":\"https:\/\/www.aridane.org\/city\/wp-content\/uploads\/2023\/07\/Restauracion-charca-de-El-Remo.png\",\"datePublished\":\"2023-07-07T08:56:07+00:00\",\"dateModified\":\"2023-07-12T09:50:24+00:00\",\"author\":{\"@id\":\"https:\/\/www.aridane.org\/city\/#\/schema\/person\/89ebd376b223dc94cc1dbcf200c8e6da\"},\"breadcrumb\":{\"@id\":\"https:\/\/www.aridane.org\/city\/2023\/07\/07\/el-ayuntamiento-de-los-llanos-concluye-los-trabajos-de-recuperacion-de-la-charca-de-el-remo\/#breadcrumb\"},\"inLanguage\":\"es\",\"potentialAction\":[{\"@type\":\"ReadAction\",\"target\":[\"https:\/\/www.aridane.org\/city\/2023\/07\/07\/el-ayuntamiento-de-los-llanos-concluye-los-trabajos-de-recuperacion-de-la-charca-de-el-remo\/\"]}]},{\"@type\":\"ImageObject\",\"inLanguage\":\"es\",\"@id\":\"https:\/\/www.aridane.org\/city\/2023\/07\/07\/el-ayuntamiento-de-los-llanos-concluye-los-trabajos-de-recuperacion-de-la-charca-de-el-remo\/#primaryimage\",\"url\":\"https:\/\/www.aridane.org\/city\/wp-content\/uploads\/2023\/07\/Restauracion-charca-de-El-Remo.png\",\"contentUrl\":\"https:\/\/www.aridane.org\/city\/wp-content\/uploads\/2023\/07\/Restauracion-charca-de-El-Remo.png\",\"width\":1100,\"height\":620},{\"@type\":\"BreadcrumbList\",\"@id\":\"https:\/\/www.aridane.org\/city\/2023\/07\/07\/el-ayuntamiento-de-los-llanos-concluye-los-trabajos-de-recuperacion-de-la-charca-de-el-remo\/#breadcrumb\",\"itemListElement\":[{\"@type\":\"ListItem\",\"position\":1,\"name\":\"Portada\",\"item\":\"https:\/\/www.aridane.org\/city\/\"},{\"@type\":\"ListItem\",\"position\":2,\"name\":\"El Ayuntamiento de Los Llanos concluye los trabajos de recuperaci\u00f3n de la charca de El Remo\"}]},{\"@type\":\"WebSite\",\"@id\":\"https:\/\/www.aridane.org\/city\/#website\",\"url\":\"https:\/\/www.aridane.org\/city\/\",\"name\":\"Ayuntamiento de Los Llanos de Aridane\",\"description\":\"\",\"potentialAction\":[{\"@type\":\"SearchAction\",\"target\":{\"@type\":\"EntryPoint\",\"urlTemplate\":\"https:\/\/www.aridane.org\/city\/?s={search_term_string}\"},\"query-input\":\"required name=search_term_string\"}],\"inLanguage\":\"es\"},{\"@type\":\"Person\",\"@id\":\"https:\/\/www.aridane.org\/city\/#\/schema\/person\/89ebd376b223dc94cc1dbcf200c8e6da\",\"name\":\"Corresponsal\",\"image\":{\"@type\":\"ImageObject\",\"inLanguage\":\"es\",\"@id\":\"https:\/\/www.aridane.org\/city\/#\/schema\/person\/image\/\",\"url\":\"https:\/\/secure.gravatar.com\/avatar\/1c476992411e4ccf153da63b2b2f5ea0bb4cb1c85f3ceab8512f04325ad5579c?s=96&d=mm&r=g\",\"contentUrl\":\"https:\/\/secure.gravatar.com\/avatar\/1c476992411e4ccf153da63b2b2f5ea0bb4cb1c85f3ceab8512f04325ad5579c?s=96&d=mm&r=g\",\"caption\":\"Corresponsal\"},\"url\":\"https:\/\/www.aridane.org\/city\/author\/corresponsal\/\"}]}<\/script>\n<!-- \/ Yoast SEO plugin. -->","yoast_head_json":{"title":"El Ayuntamiento de Los Llanos concluye los trabajos de recuperaci\u00f3n de la charca de El Remo - Ayuntamiento de Los Llanos de Aridane","robots":{"index":"index","follow":"follow","max-snippet":"max-snippet:-1","max-image-preview":"max-image-preview:large","max-video-preview":"max-video-preview:-1"},"canonical":"https:\/\/www.aridane.org\/city\/2023\/07\/07\/el-ayuntamiento-de-los-llanos-concluye-los-trabajos-de-recuperacion-de-la-charca-de-el-remo\/","og_locale":"es_ES","og_type":"article","og_title":"El Ayuntamiento de Los Llanos concluye los trabajos de recuperaci\u00f3n de la charca de El Remo - Ayuntamiento de Los Llanos de Aridane","og_description":"&nbsp; Javier Llamas destaca que permite disponer de mayor seguridad para los ba\u00f1istas de la zona","og_url":"https:\/\/www.aridane.org\/city\/2023\/07\/07\/el-ayuntamiento-de-los-llanos-concluye-los-trabajos-de-recuperacion-de-la-charca-de-el-remo\/","og_site_name":"Ayuntamiento de Los Llanos de Aridane","article_published_time":"2023-07-07T08:56:07+00:00","article_modified_time":"2023-07-12T09:50:24+00:00","og_image":[{"width":1100,"height":620,"url":"https:\/\/www.aridane.org\/city\/wp-content\/uploads\/2023\/07\/Restauracion-charca-de-El-Remo.png","type":"image\/png"}],"author":"Corresponsal","twitter_card":"summary_large_image","twitter_misc":{"Escrito por":"Corresponsal","Tiempo de lectura":"2 minutos"},"schema":{"@context":"https:\/\/schema.org","@graph":[{"@type":"WebPage","@id":"https:\/\/www.aridane.org\/city\/2023\/07\/07\/el-ayuntamiento-de-los-llanos-concluye-los-trabajos-de-recuperacion-de-la-charca-de-el-remo\/","url":"https:\/\/www.aridane.org\/city\/2023\/07\/07\/el-ayuntamiento-de-los-llanos-concluye-los-trabajos-de-recuperacion-de-la-charca-de-el-remo\/","name":"El Ayuntamiento de Los Llanos concluye los trabajos de recuperaci\u00f3n de la charca de El Remo - Ayuntamiento de Los Llanos de Aridane","isPartOf":{"@id":"https:\/\/www.aridane.org\/city\/#website"},"primaryImageOfPage":{"@id":"https:\/\/www.aridane.org\/city\/2023\/07\/07\/el-ayuntamiento-de-los-llanos-concluye-los-trabajos-de-recuperacion-de-la-charca-de-el-remo\/#primaryimage"},"image":{"@id":"https:\/\/www.aridane.org\/city\/2023\/07\/07\/el-ayuntamiento-de-los-llanos-concluye-los-trabajos-de-recuperacion-de-la-charca-de-el-remo\/#primaryimage"},"thumbnailUrl":"https:\/\/www.aridane.org\/city\/wp-content\/uploads\/2023\/07\/Restauracion-charca-de-El-Remo.png","datePublished":"2023-07-07T08:56:07+00:00","dateModified":"2023-07-12T09:50:24+00:00","author":{"@id":"https:\/\/www.aridane.org\/city\/#\/schema\/person\/89ebd376b223dc94cc1dbcf200c8e6da"},"breadcrumb":{"@id":"https:\/\/www.aridane.org\/city\/2023\/07\/07\/el-ayuntamiento-de-los-llanos-concluye-los-trabajos-de-recuperacion-de-la-charca-de-el-remo\/#breadcrumb"},"inLanguage":"es","potentialAction":[{"@type":"ReadAction","target":["https:\/\/www.aridane.org\/city\/2023\/07\/07\/el-ayuntamiento-de-los-llanos-concluye-los-trabajos-de-recuperacion-de-la-charca-de-el-remo\/"]}]},{"@type":"ImageObject","inLanguage":"es","@id":"https:\/\/www.aridane.org\/city\/2023\/07\/07\/el-ayuntamiento-de-los-llanos-concluye-los-trabajos-de-recuperacion-de-la-charca-de-el-remo\/#primaryimage","url":"https:\/\/www.aridane.org\/city\/wp-content\/uploads\/2023\/07\/Restauracion-charca-de-El-Remo.png","contentUrl":"https:\/\/www.aridane.org\/city\/wp-content\/uploads\/2023\/07\/Restauracion-charca-de-El-Remo.png","width":1100,"height":620},{"@type":"BreadcrumbList","@id":"https:\/\/www.aridane.org\/city\/2023\/07\/07\/el-ayuntamiento-de-los-llanos-concluye-los-trabajos-de-recuperacion-de-la-charca-de-el-remo\/#breadcrumb","itemListElement":[{"@type":"ListItem","position":1,"name":"Portada","item":"https:\/\/www.aridane.org\/city\/"},{"@type":"ListItem","position":2,"name":"El Ayuntamiento de Los Llanos concluye los trabajos de recuperaci\u00f3n de la charca de El Remo"}]},{"@type":"WebSite","@id":"https:\/\/www.aridane.org\/city\/#website","url":"https:\/\/www.aridane.org\/city\/","name":"Ayuntamiento de Los Llanos de Aridane","description":"","potentialAction":[{"@type":"SearchAction","target":{"@type":"EntryPoint","urlTemplate":"https:\/\/www.aridane.org\/city\/?s={search_term_string}"},"query-input":"required name=search_term_string"}],"inLanguage":"es"},{"@type":"Person","@id":"https:\/\/www.aridane.org\/city\/#\/schema\/person\/89ebd376b223dc94cc1dbcf200c8e6da","name":"Corresponsal","image":{"@type":"ImageObject","inLanguage":"es","@id":"https:\/\/www.aridane.org\/city\/#\/schema\/person\/image\/","url":"https:\/\/secure.gravatar.com\/avatar\/1c476992411e4ccf153da63b2b2f5ea0bb4cb1c85f3ceab8512f04325ad5579c?s=96&d=mm&r=g","contentUrl":"https:\/\/secure.gravatar.com\/avatar\/1c476992411e4ccf153da63b2b2f5ea0bb4cb1c85f3ceab8512f04325ad5579c?s=96&d=mm&r=g","caption":"Corresponsal"},"url":"https:\/\/www.aridane.org\/city\/author\/corresponsal\/"}]}},"_links":{"self":[{"href":"https:\/\/www.aridane.org\/city\/wp-json\/wp\/v2\/posts\/2254","targetHints":{"allow":["GET"]}}],"collection":[{"href":"https:\/\/www.aridane.org\/city\/wp-json\/wp\/v2\/posts"}],"about":[{"href":"https:\/\/www.aridane.org\/city\/wp-json\/wp\/v2\/types\/post"}],"author":[{"embeddable":true,"href":"https:\/\/www.aridane.org\/city\/wp-json\/wp\/v2\/users\/4"}],"replies":[{"embeddable":true,"href":"https:\/\/www.aridane.org\/city\/wp-json\/wp\/v2\/comments?post=2254"}],"version-history":[{"count":4,"href":"https:\/\/www.aridane.org\/city\/wp-json\/wp\/v2\/posts\/2254\/revisions"}],"predecessor-version":[{"id":2337,"href":"https:\/\/www.aridane.org\/city\/wp-json\/wp\/v2\/posts\/2254\/revisions\/2337"}],"wp:featuredmedia":[{"embeddable":true,"href":"https:\/\/www.aridane.org\/city\/wp-json\/wp\/v2\/media\/2328"}],"wp:attachment":[{"href":"https:\/\/www.aridane.org\/city\/wp-json\/wp\/v2\/media?parent=2254"}],"wp:term":[{"taxonomy":"category","embeddable":true,"href":"https:\/\/www.aridane.org\/city\/wp-json\/wp\/v2\/categories?post=2254"},{"taxonomy":"post_tag","embeddable":true,"href":"https:\/\/www.aridane.org\/city\/wp-json\/wp\/v2\/tags?post=2254"}],"curies":[{"name":"wp","href":"https:\/\/api.w.org\/{rel}","templated":true}]}}