{"id":229,"date":"2020-11-04T19:23:21","date_gmt":"2020-11-04T19:23:21","guid":{"rendered":"https:\/\/aridane.org\/ciudad\/?p=229"},"modified":"2020-11-04T19:23:21","modified_gmt":"2020-11-04T19:23:21","slug":"la-policia-local-de-los-llanos-de-aridane-instruye-diligencias-al-conductor-de-una-patineta-por-el-atropello-a-una-persona","status":"publish","type":"post","link":"https:\/\/www.aridane.org\/city\/2020\/11\/04\/la-policia-local-de-los-llanos-de-aridane-instruye-diligencias-al-conductor-de-una-patineta-por-el-atropello-a-una-persona\/","title":{"rendered":"La Polic\u00eda Local de Los Llanos de Aridane instruye diligencias al conductor de una patineta por el atropello a una persona"},"content":{"rendered":"<p style=\"text-align: justify;\">La Polic\u00eda Local ha instruido diligencias al conductor de una patineta que han sido remitidas al Juzgado de Instrucci\u00f3n N\u00ba2 de Los Llanos de Aridane por el atropello a una mujer cuando esta se dispon\u00eda a cruzar por Calle Real, a la altura de la Placeta, en la intersecci\u00f3n con la calle Ram\u00f3n y Cajal.<\/p>\n<p style=\"text-align: justify;\">Los hechos ocurrieron d\u00edas pasados, cuando el conductor de una patineta que circulaba por la calle Calvario se distrajo y \u201cno vio\u201d, seg\u00fan su declaraci\u00f3n,\u00a0 a la persona que cruzaba por la calle Real, en la intersecci\u00f3n de la calle Ram\u00f3n y Cajal, resultando herida en un brazo y hombro por lo que tuvo que ser trasladarla al Servicio de Urgencias.<\/p>\n<p style=\"text-align: justify;\">La Polic\u00eda Local recuerda que los conductores de este tipo de veh\u00edculos no est\u00e1n exentos del cumplimiento de las normas de circulaci\u00f3n y que se les aplica la normativa de seguridad vial, especialmente la referida a alcohol y drogas, prohibici\u00f3n del uso de tel\u00e9fonos m\u00f3viles, uso por una \u00fanica persona de los Veh\u00edculos de Movilidad Personal (VMP), obligaci\u00f3n de llevar prendas reflectantes o sistema de alumbrado, entre otros.<\/p>\n<p style=\"text-align: justify;\">Concretamente sus usuarios han de tener en cuenta que est\u00e1 prohibida la circulaci\u00f3n de este tipo de veh\u00edculos sobre las aceras y zonas peatonales, ya que \u00fanicamente se puede circular por estas zonas con monopatines, patines o aparatos similares que lo hagan exclusivamente al paso de una persona.<\/p>\n<p style=\"text-align: justify;\">El incumplimiento de esta prohibici\u00f3n est\u00e1 sancionado con multas de 200 euros, siendo responsables de las mismas, en caso de menores de edad, los padres o tutores de los menores. Tambi\u00e9n han de tener en cuenta los conductores de este tipo de veh\u00edculos ligeros propulsados por motores el\u00e9ctricos, que en el caso de que, como consecuencia de su uso, se produzcan lesiones u otras infracciones tipificadas en el C\u00f3digo Penal, \u00e9stos podr\u00e1n ser penalmente responsables de las mismas, en la forma y condiciones que se establecen la norma penal.<\/p>\n<p style=\"text-align: justify;\">En tal sentido, la Polic\u00eda Local de Los Llanos de Aridane, en el caso ocurrido el pasado d\u00eda 15 de octubre, investiga si los hechos que motivan su intervenci\u00f3n pudieran ser constitutivos de un presunto delito de lesiones por imprudencia, para, en su caso, dar traslado de los mismos a la Autoridad Judicial competente. Todo ello sin perjuicio de las denuncias que por incumplimiento de las normas de circulaci\u00f3n proceda formular.<\/p>\n","protected":false},"excerpt":{"rendered":"<p>La Polic\u00eda Local ha instruido diligencias al conductor de una patineta que han sido remitidas al Juzgado de Instrucci\u00f3n N\u00ba2 de Los Llanos de Aridane por el atropello a una mujer cuando esta se dispon\u00eda a cruzar por Calle Real, a la altura de la&#8230;<\/p>\n","protected":false},"author":1,"featured_media":0,"comment_status":"closed","ping_status":"closed","sticky":false,"template":"","format":"standard","meta":{"footnotes":""},"categories":[6],"tags":[],"class_list":["post-229","post","type-post","status-publish","format-standard","hentry","category-prensa"],"yoast_head":"<!-- This site is optimized with the Yoast SEO plugin v22.7 - https:\/\/yoast.com\/wordpress\/plugins\/seo\/ -->\n<title>La Polic\u00eda Local de Los Llanos de Aridane instruye diligencias al conductor de una patineta por el atropello a una persona - Ayuntamiento de Los Llanos de Aridane<\/title>\n<meta name=\"robots\" content=\"index, follow, max-snippet:-1, max-image-preview:large, max-video-preview:-1\" \/>\n<link rel=\"canonical\" href=\"https:\/\/www.aridane.org\/city\/2020\/11\/04\/la-policia-local-de-los-llanos-de-aridane-instruye-diligencias-al-conductor-de-una-patineta-por-el-atropello-a-una-persona\/\" \/>\n<meta property=\"og:locale\" content=\"es_ES\" \/>\n<meta property=\"og:type\" content=\"article\" \/>\n<meta property=\"og:title\" content=\"La Polic\u00eda Local de Los Llanos de Aridane instruye diligencias al conductor de una patineta por el atropello a una persona - Ayuntamiento de Los Llanos de Aridane\" \/>\n<meta property=\"og:description\" content=\"La Polic\u00eda Local ha instruido diligencias al conductor de una patineta que han sido remitidas al Juzgado de Instrucci\u00f3n N\u00ba2 de Los Llanos de Aridane por el atropello a una mujer cuando esta se dispon\u00eda a cruzar por Calle Real, a la altura de la...\" \/>\n<meta property=\"og:url\" content=\"https:\/\/www.aridane.org\/city\/2020\/11\/04\/la-policia-local-de-los-llanos-de-aridane-instruye-diligencias-al-conductor-de-una-patineta-por-el-atropello-a-una-persona\/\" \/>\n<meta property=\"og:site_name\" content=\"Ayuntamiento de Los Llanos de Aridane\" \/>\n<meta property=\"article:published_time\" content=\"2020-11-04T19:23:21+00:00\" \/>\n<meta name=\"author\" content=\"Richard Diaz\" \/>\n<meta name=\"twitter:card\" content=\"summary_large_image\" \/>\n<meta name=\"twitter:label1\" content=\"Escrito por\" \/>\n\t<meta name=\"twitter:data1\" content=\"Richard Diaz\" \/>\n\t<meta name=\"twitter:label2\" content=\"Tiempo de lectura\" \/>\n\t<meta name=\"twitter:data2\" content=\"2 minutos\" \/>\n<script type=\"application\/ld+json\" class=\"yoast-schema-graph\">{\"@context\":\"https:\/\/schema.org\",\"@graph\":[{\"@type\":\"WebPage\",\"@id\":\"https:\/\/www.aridane.org\/city\/2020\/11\/04\/la-policia-local-de-los-llanos-de-aridane-instruye-diligencias-al-conductor-de-una-patineta-por-el-atropello-a-una-persona\/\",\"url\":\"https:\/\/www.aridane.org\/city\/2020\/11\/04\/la-policia-local-de-los-llanos-de-aridane-instruye-diligencias-al-conductor-de-una-patineta-por-el-atropello-a-una-persona\/\",\"name\":\"La Polic\u00eda Local de Los Llanos de Aridane instruye diligencias al conductor de una patineta por el atropello a una persona - Ayuntamiento de Los Llanos de Aridane\",\"isPartOf\":{\"@id\":\"https:\/\/www.aridane.org\/city\/#website\"},\"datePublished\":\"2020-11-04T19:23:21+00:00\",\"dateModified\":\"2020-11-04T19:23:21+00:00\",\"author\":{\"@id\":\"https:\/\/www.aridane.org\/city\/#\/schema\/person\/7d352ec7f29881716f298394432e7209\"},\"breadcrumb\":{\"@id\":\"https:\/\/www.aridane.org\/city\/2020\/11\/04\/la-policia-local-de-los-llanos-de-aridane-instruye-diligencias-al-conductor-de-una-patineta-por-el-atropello-a-una-persona\/#breadcrumb\"},\"inLanguage\":\"es\",\"potentialAction\":[{\"@type\":\"ReadAction\",\"target\":[\"https:\/\/www.aridane.org\/city\/2020\/11\/04\/la-policia-local-de-los-llanos-de-aridane-instruye-diligencias-al-conductor-de-una-patineta-por-el-atropello-a-una-persona\/\"]}]},{\"@type\":\"BreadcrumbList\",\"@id\":\"https:\/\/www.aridane.org\/city\/2020\/11\/04\/la-policia-local-de-los-llanos-de-aridane-instruye-diligencias-al-conductor-de-una-patineta-por-el-atropello-a-una-persona\/#breadcrumb\",\"itemListElement\":[{\"@type\":\"ListItem\",\"position\":1,\"name\":\"Portada\",\"item\":\"https:\/\/www.aridane.org\/city\/\"},{\"@type\":\"ListItem\",\"position\":2,\"name\":\"La Polic\u00eda Local de Los Llanos de Aridane instruye diligencias al conductor de una patineta por el atropello a una persona\"}]},{\"@type\":\"WebSite\",\"@id\":\"https:\/\/www.aridane.org\/city\/#website\",\"url\":\"https:\/\/www.aridane.org\/city\/\",\"name\":\"Ayuntamiento de Los Llanos de Aridane\",\"description\":\"\",\"potentialAction\":[{\"@type\":\"SearchAction\",\"target\":{\"@type\":\"EntryPoint\",\"urlTemplate\":\"https:\/\/www.aridane.org\/city\/?s={search_term_string}\"},\"query-input\":\"required name=search_term_string\"}],\"inLanguage\":\"es\"},{\"@type\":\"Person\",\"@id\":\"https:\/\/www.aridane.org\/city\/#\/schema\/person\/7d352ec7f29881716f298394432e7209\",\"name\":\"Richard Diaz\",\"image\":{\"@type\":\"ImageObject\",\"inLanguage\":\"es\",\"@id\":\"https:\/\/www.aridane.org\/city\/#\/schema\/person\/image\/\",\"url\":\"https:\/\/secure.gravatar.com\/avatar\/bacd6aefc26a4a204943090a4c596cd10f0857081ef3cfd12084a70ecb3161d5?s=96&d=mm&r=g\",\"contentUrl\":\"https:\/\/secure.gravatar.com\/avatar\/bacd6aefc26a4a204943090a4c596cd10f0857081ef3cfd12084a70ecb3161d5?s=96&d=mm&r=g\",\"caption\":\"Richard Diaz\"},\"sameAs\":[\"https:\/\/www.aridane.org\/city\"],\"url\":\"https:\/\/www.aridane.org\/city\/author\/richard-diaz\/\"}]}<\/script>\n<!-- \/ Yoast SEO plugin. -->","yoast_head_json":{"title":"La Polic\u00eda Local de Los Llanos de Aridane instruye diligencias al conductor de una patineta por el atropello a una persona - Ayuntamiento de Los Llanos de Aridane","robots":{"index":"index","follow":"follow","max-snippet":"max-snippet:-1","max-image-preview":"max-image-preview:large","max-video-preview":"max-video-preview:-1"},"canonical":"https:\/\/www.aridane.org\/city\/2020\/11\/04\/la-policia-local-de-los-llanos-de-aridane-instruye-diligencias-al-conductor-de-una-patineta-por-el-atropello-a-una-persona\/","og_locale":"es_ES","og_type":"article","og_title":"La Polic\u00eda Local de Los Llanos de Aridane instruye diligencias al conductor de una patineta por el atropello a una persona - Ayuntamiento de Los Llanos de Aridane","og_description":"La Polic\u00eda Local ha instruido diligencias al conductor de una patineta que han sido remitidas al Juzgado de Instrucci\u00f3n N\u00ba2 de Los Llanos de Aridane por el atropello a una mujer cuando esta se dispon\u00eda a cruzar por Calle Real, a la altura de la...","og_url":"https:\/\/www.aridane.org\/city\/2020\/11\/04\/la-policia-local-de-los-llanos-de-aridane-instruye-diligencias-al-conductor-de-una-patineta-por-el-atropello-a-una-persona\/","og_site_name":"Ayuntamiento de Los Llanos de Aridane","article_published_time":"2020-11-04T19:23:21+00:00","author":"Richard Diaz","twitter_card":"summary_large_image","twitter_misc":{"Escrito por":"Richard Diaz","Tiempo de lectura":"2 minutos"},"schema":{"@context":"https:\/\/schema.org","@graph":[{"@type":"WebPage","@id":"https:\/\/www.aridane.org\/city\/2020\/11\/04\/la-policia-local-de-los-llanos-de-aridane-instruye-diligencias-al-conductor-de-una-patineta-por-el-atropello-a-una-persona\/","url":"https:\/\/www.aridane.org\/city\/2020\/11\/04\/la-policia-local-de-los-llanos-de-aridane-instruye-diligencias-al-conductor-de-una-patineta-por-el-atropello-a-una-persona\/","name":"La Polic\u00eda Local de Los Llanos de Aridane instruye diligencias al conductor de una patineta por el atropello a una persona - Ayuntamiento de Los Llanos de Aridane","isPartOf":{"@id":"https:\/\/www.aridane.org\/city\/#website"},"datePublished":"2020-11-04T19:23:21+00:00","dateModified":"2020-11-04T19:23:21+00:00","author":{"@id":"https:\/\/www.aridane.org\/city\/#\/schema\/person\/7d352ec7f29881716f298394432e7209"},"breadcrumb":{"@id":"https:\/\/www.aridane.org\/city\/2020\/11\/04\/la-policia-local-de-los-llanos-de-aridane-instruye-diligencias-al-conductor-de-una-patineta-por-el-atropello-a-una-persona\/#breadcrumb"},"inLanguage":"es","potentialAction":[{"@type":"ReadAction","target":["https:\/\/www.aridane.org\/city\/2020\/11\/04\/la-policia-local-de-los-llanos-de-aridane-instruye-diligencias-al-conductor-de-una-patineta-por-el-atropello-a-una-persona\/"]}]},{"@type":"BreadcrumbList","@id":"https:\/\/www.aridane.org\/city\/2020\/11\/04\/la-policia-local-de-los-llanos-de-aridane-instruye-diligencias-al-conductor-de-una-patineta-por-el-atropello-a-una-persona\/#breadcrumb","itemListElement":[{"@type":"ListItem","position":1,"name":"Portada","item":"https:\/\/www.aridane.org\/city\/"},{"@type":"ListItem","position":2,"name":"La Polic\u00eda Local de Los Llanos de Aridane instruye diligencias al conductor de una patineta por el atropello a una persona"}]},{"@type":"WebSite","@id":"https:\/\/www.aridane.org\/city\/#website","url":"https:\/\/www.aridane.org\/city\/","name":"Ayuntamiento de Los Llanos de Aridane","description":"","potentialAction":[{"@type":"SearchAction","target":{"@type":"EntryPoint","urlTemplate":"https:\/\/www.aridane.org\/city\/?s={search_term_string}"},"query-input":"required name=search_term_string"}],"inLanguage":"es"},{"@type":"Person","@id":"https:\/\/www.aridane.org\/city\/#\/schema\/person\/7d352ec7f29881716f298394432e7209","name":"Richard Diaz","image":{"@type":"ImageObject","inLanguage":"es","@id":"https:\/\/www.aridane.org\/city\/#\/schema\/person\/image\/","url":"https:\/\/secure.gravatar.com\/avatar\/bacd6aefc26a4a204943090a4c596cd10f0857081ef3cfd12084a70ecb3161d5?s=96&d=mm&r=g","contentUrl":"https:\/\/secure.gravatar.com\/avatar\/bacd6aefc26a4a204943090a4c596cd10f0857081ef3cfd12084a70ecb3161d5?s=96&d=mm&r=g","caption":"Richard Diaz"},"sameAs":["https:\/\/www.aridane.org\/city"],"url":"https:\/\/www.aridane.org\/city\/author\/richard-diaz\/"}]}},"_links":{"self":[{"href":"https:\/\/www.aridane.org\/city\/wp-json\/wp\/v2\/posts\/229","targetHints":{"allow":["GET"]}}],"collection":[{"href":"https:\/\/www.aridane.org\/city\/wp-json\/wp\/v2\/posts"}],"about":[{"href":"https:\/\/www.aridane.org\/city\/wp-json\/wp\/v2\/types\/post"}],"author":[{"embeddable":true,"href":"https:\/\/www.aridane.org\/city\/wp-json\/wp\/v2\/users\/1"}],"replies":[{"embeddable":true,"href":"https:\/\/www.aridane.org\/city\/wp-json\/wp\/v2\/comments?post=229"}],"version-history":[{"count":0,"href":"https:\/\/www.aridane.org\/city\/wp-json\/wp\/v2\/posts\/229\/revisions"}],"wp:attachment":[{"href":"https:\/\/www.aridane.org\/city\/wp-json\/wp\/v2\/media?parent=229"}],"wp:term":[{"taxonomy":"category","embeddable":true,"href":"https:\/\/www.aridane.org\/city\/wp-json\/wp\/v2\/categories?post=229"},{"taxonomy":"post_tag","embeddable":true,"href":"https:\/\/www.aridane.org\/city\/wp-json\/wp\/v2\/tags?post=229"}],"curies":[{"name":"wp","href":"https:\/\/api.w.org\/{rel}","templated":true}]}}