{"id":2301,"date":"2023-07-08T08:37:28","date_gmt":"2023-07-08T08:37:28","guid":{"rendered":"https:\/\/www.aridane.org\/city\/?p=2301"},"modified":"2023-07-12T09:51:28","modified_gmt":"2023-07-12T09:51:28","slug":"el-ayuntamiento-de-los-llanos-inicia-los-trabajos-de-mejoras-urbanas-en-distintos-puntos-del-municipio","status":"publish","type":"post","link":"https:\/\/www.aridane.org\/city\/2023\/07\/08\/el-ayuntamiento-de-los-llanos-inicia-los-trabajos-de-mejoras-urbanas-en-distintos-puntos-del-municipio\/","title":{"rendered":"El Ayuntamiento de Los Llanos inicia los trabajos de mejoras urbanas en distintos puntos del municipio"},"content":{"rendered":"<p>&nbsp;<\/p>\n<p><em>Javier Llamas pone de relieve que es prioritario realizar un trabajo continuo en todos los barrios<\/em><\/p>\n<p><!--more--><\/p>\n<p>El Ayuntamiento de Los Llanos de Aridane ha iniciado con personal propio los trabajos y obras de mejoras urbanas en distintos puntos del municipio, con el objetivo de reparar y garantizar la seguridad de tr\u00e1nsito en esos espacios p\u00fablicos.<\/p>\n<p>El alcalde de Los Llanos de Aridane, Javier Llamas, pone de relieve que el Consistorio est\u00e1 trabajando para mejorar la calidad de los espacios p\u00fablicos con peque\u00f1as actuaciones que representan importantes mejoras para los vecinos de un entorno determinado, en la medida de las posibilidades, actuando en los diferentes barrios del municipio.<\/p>\n<p>Son adem\u00e1s los t\u00e9cnicos y personal municipal los encargados de la planificaci\u00f3n y ejecuci\u00f3n de estos trabajos, a los que se ir\u00e1n sumando las empresas del municipio cuando el volumen del trabajo as\u00ed lo requiera.<\/p>\n<p>Javier Llamas hace hincapi\u00e9 tambi\u00e9n en el compromiso de estos profesionales para lograr hacer efectivos los trabajos de mejora de aceras, reparaciones de socavones y baches, o la retirada de ra\u00edces de \u00e1rboles que han provocado da\u00f1o en pavimentos.<\/p>\n<p>El alcalde reafirma el compromiso del Ayuntamiento de Los Llanos de Aridane en el trabajo que permita a los vecinos y vecinas disponer de espacios dignos y seguros, adem\u00e1s de recordar que es prioritario realizar un trabajo continuo en todos los barrios para que los vecinos y vecinas dispongan de servicios de primer nivel.<\/p>\n","protected":false},"excerpt":{"rendered":"<p>&nbsp; Javier Llamas pone de relieve que es prioritario realizar un trabajo continuo en todos los barrios<\/p>\n","protected":false},"author":4,"featured_media":2302,"comment_status":"open","ping_status":"open","sticky":false,"template":"","format":"standard","meta":{"footnotes":""},"categories":[6],"tags":[],"class_list":["post-2301","post","type-post","status-publish","format-standard","has-post-thumbnail","hentry","category-prensa"],"yoast_head":"<!-- This site is optimized with the Yoast SEO plugin v22.7 - https:\/\/yoast.com\/wordpress\/plugins\/seo\/ -->\n<title>El Ayuntamiento de Los Llanos inicia los trabajos de mejoras urbanas en distintos puntos del municipio - Ayuntamiento de Los Llanos de Aridane<\/title>\n<meta name=\"robots\" content=\"index, follow, max-snippet:-1, max-image-preview:large, max-video-preview:-1\" \/>\n<link rel=\"canonical\" href=\"https:\/\/www.aridane.org\/city\/2023\/07\/08\/el-ayuntamiento-de-los-llanos-inicia-los-trabajos-de-mejoras-urbanas-en-distintos-puntos-del-municipio\/\" \/>\n<meta property=\"og:locale\" content=\"es_ES\" \/>\n<meta property=\"og:type\" content=\"article\" \/>\n<meta property=\"og:title\" content=\"El Ayuntamiento de Los Llanos inicia los trabajos de mejoras urbanas en distintos puntos del municipio - Ayuntamiento de Los Llanos de Aridane\" \/>\n<meta property=\"og:description\" content=\"&nbsp; Javier Llamas pone de relieve que es prioritario realizar un trabajo continuo en todos los barrios\" \/>\n<meta property=\"og:url\" content=\"https:\/\/www.aridane.org\/city\/2023\/07\/08\/el-ayuntamiento-de-los-llanos-inicia-los-trabajos-de-mejoras-urbanas-en-distintos-puntos-del-municipio\/\" \/>\n<meta property=\"og:site_name\" content=\"Ayuntamiento de Los Llanos de Aridane\" \/>\n<meta property=\"article:published_time\" content=\"2023-07-08T08:37:28+00:00\" \/>\n<meta property=\"article:modified_time\" content=\"2023-07-12T09:51:28+00:00\" \/>\n<meta property=\"og:image\" content=\"https:\/\/www.aridane.org\/city\/wp-content\/uploads\/2023\/07\/Mejoras-casco-urbano.jpg\" \/>\n\t<meta property=\"og:image:width\" content=\"1500\" \/>\n\t<meta property=\"og:image:height\" content=\"1422\" \/>\n\t<meta property=\"og:image:type\" content=\"image\/jpeg\" \/>\n<meta name=\"author\" content=\"Corresponsal\" \/>\n<meta name=\"twitter:card\" content=\"summary_large_image\" \/>\n<meta name=\"twitter:label1\" content=\"Escrito por\" \/>\n\t<meta name=\"twitter:data1\" content=\"Corresponsal\" \/>\n\t<meta name=\"twitter:label2\" content=\"Tiempo de lectura\" \/>\n\t<meta name=\"twitter:data2\" content=\"2 minutos\" \/>\n<script type=\"application\/ld+json\" class=\"yoast-schema-graph\">{\"@context\":\"https:\/\/schema.org\",\"@graph\":[{\"@type\":\"WebPage\",\"@id\":\"https:\/\/www.aridane.org\/city\/2023\/07\/08\/el-ayuntamiento-de-los-llanos-inicia-los-trabajos-de-mejoras-urbanas-en-distintos-puntos-del-municipio\/\",\"url\":\"https:\/\/www.aridane.org\/city\/2023\/07\/08\/el-ayuntamiento-de-los-llanos-inicia-los-trabajos-de-mejoras-urbanas-en-distintos-puntos-del-municipio\/\",\"name\":\"El Ayuntamiento de Los Llanos inicia los trabajos de mejoras urbanas en distintos puntos del municipio - Ayuntamiento de Los Llanos de Aridane\",\"isPartOf\":{\"@id\":\"https:\/\/www.aridane.org\/city\/#website\"},\"primaryImageOfPage\":{\"@id\":\"https:\/\/www.aridane.org\/city\/2023\/07\/08\/el-ayuntamiento-de-los-llanos-inicia-los-trabajos-de-mejoras-urbanas-en-distintos-puntos-del-municipio\/#primaryimage\"},\"image\":{\"@id\":\"https:\/\/www.aridane.org\/city\/2023\/07\/08\/el-ayuntamiento-de-los-llanos-inicia-los-trabajos-de-mejoras-urbanas-en-distintos-puntos-del-municipio\/#primaryimage\"},\"thumbnailUrl\":\"https:\/\/www.aridane.org\/city\/wp-content\/uploads\/2023\/07\/Mejoras-casco-urbano.jpg\",\"datePublished\":\"2023-07-08T08:37:28+00:00\",\"dateModified\":\"2023-07-12T09:51:28+00:00\",\"author\":{\"@id\":\"https:\/\/www.aridane.org\/city\/#\/schema\/person\/89ebd376b223dc94cc1dbcf200c8e6da\"},\"breadcrumb\":{\"@id\":\"https:\/\/www.aridane.org\/city\/2023\/07\/08\/el-ayuntamiento-de-los-llanos-inicia-los-trabajos-de-mejoras-urbanas-en-distintos-puntos-del-municipio\/#breadcrumb\"},\"inLanguage\":\"es\",\"potentialAction\":[{\"@type\":\"ReadAction\",\"target\":[\"https:\/\/www.aridane.org\/city\/2023\/07\/08\/el-ayuntamiento-de-los-llanos-inicia-los-trabajos-de-mejoras-urbanas-en-distintos-puntos-del-municipio\/\"]}]},{\"@type\":\"ImageObject\",\"inLanguage\":\"es\",\"@id\":\"https:\/\/www.aridane.org\/city\/2023\/07\/08\/el-ayuntamiento-de-los-llanos-inicia-los-trabajos-de-mejoras-urbanas-en-distintos-puntos-del-municipio\/#primaryimage\",\"url\":\"https:\/\/www.aridane.org\/city\/wp-content\/uploads\/2023\/07\/Mejoras-casco-urbano.jpg\",\"contentUrl\":\"https:\/\/www.aridane.org\/city\/wp-content\/uploads\/2023\/07\/Mejoras-casco-urbano.jpg\",\"width\":1500,\"height\":1422},{\"@type\":\"BreadcrumbList\",\"@id\":\"https:\/\/www.aridane.org\/city\/2023\/07\/08\/el-ayuntamiento-de-los-llanos-inicia-los-trabajos-de-mejoras-urbanas-en-distintos-puntos-del-municipio\/#breadcrumb\",\"itemListElement\":[{\"@type\":\"ListItem\",\"position\":1,\"name\":\"Portada\",\"item\":\"https:\/\/www.aridane.org\/city\/\"},{\"@type\":\"ListItem\",\"position\":2,\"name\":\"El Ayuntamiento de Los Llanos inicia los trabajos de mejoras urbanas en distintos puntos del municipio\"}]},{\"@type\":\"WebSite\",\"@id\":\"https:\/\/www.aridane.org\/city\/#website\",\"url\":\"https:\/\/www.aridane.org\/city\/\",\"name\":\"Ayuntamiento de Los Llanos de Aridane\",\"description\":\"\",\"potentialAction\":[{\"@type\":\"SearchAction\",\"target\":{\"@type\":\"EntryPoint\",\"urlTemplate\":\"https:\/\/www.aridane.org\/city\/?s={search_term_string}\"},\"query-input\":\"required name=search_term_string\"}],\"inLanguage\":\"es\"},{\"@type\":\"Person\",\"@id\":\"https:\/\/www.aridane.org\/city\/#\/schema\/person\/89ebd376b223dc94cc1dbcf200c8e6da\",\"name\":\"Corresponsal\",\"image\":{\"@type\":\"ImageObject\",\"inLanguage\":\"es\",\"@id\":\"https:\/\/www.aridane.org\/city\/#\/schema\/person\/image\/\",\"url\":\"https:\/\/secure.gravatar.com\/avatar\/1c476992411e4ccf153da63b2b2f5ea0bb4cb1c85f3ceab8512f04325ad5579c?s=96&d=mm&r=g\",\"contentUrl\":\"https:\/\/secure.gravatar.com\/avatar\/1c476992411e4ccf153da63b2b2f5ea0bb4cb1c85f3ceab8512f04325ad5579c?s=96&d=mm&r=g\",\"caption\":\"Corresponsal\"},\"url\":\"https:\/\/www.aridane.org\/city\/author\/corresponsal\/\"}]}<\/script>\n<!-- \/ Yoast SEO plugin. -->","yoast_head_json":{"title":"El Ayuntamiento de Los Llanos inicia los trabajos de mejoras urbanas en distintos puntos del municipio - Ayuntamiento de Los Llanos de Aridane","robots":{"index":"index","follow":"follow","max-snippet":"max-snippet:-1","max-image-preview":"max-image-preview:large","max-video-preview":"max-video-preview:-1"},"canonical":"https:\/\/www.aridane.org\/city\/2023\/07\/08\/el-ayuntamiento-de-los-llanos-inicia-los-trabajos-de-mejoras-urbanas-en-distintos-puntos-del-municipio\/","og_locale":"es_ES","og_type":"article","og_title":"El Ayuntamiento de Los Llanos inicia los trabajos de mejoras urbanas en distintos puntos del municipio - Ayuntamiento de Los Llanos de Aridane","og_description":"&nbsp; Javier Llamas pone de relieve que es prioritario realizar un trabajo continuo en todos los barrios","og_url":"https:\/\/www.aridane.org\/city\/2023\/07\/08\/el-ayuntamiento-de-los-llanos-inicia-los-trabajos-de-mejoras-urbanas-en-distintos-puntos-del-municipio\/","og_site_name":"Ayuntamiento de Los Llanos de Aridane","article_published_time":"2023-07-08T08:37:28+00:00","article_modified_time":"2023-07-12T09:51:28+00:00","og_image":[{"width":1500,"height":1422,"url":"https:\/\/www.aridane.org\/city\/wp-content\/uploads\/2023\/07\/Mejoras-casco-urbano.jpg","type":"image\/jpeg"}],"author":"Corresponsal","twitter_card":"summary_large_image","twitter_misc":{"Escrito por":"Corresponsal","Tiempo de lectura":"2 minutos"},"schema":{"@context":"https:\/\/schema.org","@graph":[{"@type":"WebPage","@id":"https:\/\/www.aridane.org\/city\/2023\/07\/08\/el-ayuntamiento-de-los-llanos-inicia-los-trabajos-de-mejoras-urbanas-en-distintos-puntos-del-municipio\/","url":"https:\/\/www.aridane.org\/city\/2023\/07\/08\/el-ayuntamiento-de-los-llanos-inicia-los-trabajos-de-mejoras-urbanas-en-distintos-puntos-del-municipio\/","name":"El Ayuntamiento de Los Llanos inicia los trabajos de mejoras urbanas en distintos puntos del municipio - Ayuntamiento de Los Llanos de Aridane","isPartOf":{"@id":"https:\/\/www.aridane.org\/city\/#website"},"primaryImageOfPage":{"@id":"https:\/\/www.aridane.org\/city\/2023\/07\/08\/el-ayuntamiento-de-los-llanos-inicia-los-trabajos-de-mejoras-urbanas-en-distintos-puntos-del-municipio\/#primaryimage"},"image":{"@id":"https:\/\/www.aridane.org\/city\/2023\/07\/08\/el-ayuntamiento-de-los-llanos-inicia-los-trabajos-de-mejoras-urbanas-en-distintos-puntos-del-municipio\/#primaryimage"},"thumbnailUrl":"https:\/\/www.aridane.org\/city\/wp-content\/uploads\/2023\/07\/Mejoras-casco-urbano.jpg","datePublished":"2023-07-08T08:37:28+00:00","dateModified":"2023-07-12T09:51:28+00:00","author":{"@id":"https:\/\/www.aridane.org\/city\/#\/schema\/person\/89ebd376b223dc94cc1dbcf200c8e6da"},"breadcrumb":{"@id":"https:\/\/www.aridane.org\/city\/2023\/07\/08\/el-ayuntamiento-de-los-llanos-inicia-los-trabajos-de-mejoras-urbanas-en-distintos-puntos-del-municipio\/#breadcrumb"},"inLanguage":"es","potentialAction":[{"@type":"ReadAction","target":["https:\/\/www.aridane.org\/city\/2023\/07\/08\/el-ayuntamiento-de-los-llanos-inicia-los-trabajos-de-mejoras-urbanas-en-distintos-puntos-del-municipio\/"]}]},{"@type":"ImageObject","inLanguage":"es","@id":"https:\/\/www.aridane.org\/city\/2023\/07\/08\/el-ayuntamiento-de-los-llanos-inicia-los-trabajos-de-mejoras-urbanas-en-distintos-puntos-del-municipio\/#primaryimage","url":"https:\/\/www.aridane.org\/city\/wp-content\/uploads\/2023\/07\/Mejoras-casco-urbano.jpg","contentUrl":"https:\/\/www.aridane.org\/city\/wp-content\/uploads\/2023\/07\/Mejoras-casco-urbano.jpg","width":1500,"height":1422},{"@type":"BreadcrumbList","@id":"https:\/\/www.aridane.org\/city\/2023\/07\/08\/el-ayuntamiento-de-los-llanos-inicia-los-trabajos-de-mejoras-urbanas-en-distintos-puntos-del-municipio\/#breadcrumb","itemListElement":[{"@type":"ListItem","position":1,"name":"Portada","item":"https:\/\/www.aridane.org\/city\/"},{"@type":"ListItem","position":2,"name":"El Ayuntamiento de Los Llanos inicia los trabajos de mejoras urbanas en distintos puntos del municipio"}]},{"@type":"WebSite","@id":"https:\/\/www.aridane.org\/city\/#website","url":"https:\/\/www.aridane.org\/city\/","name":"Ayuntamiento de Los Llanos de Aridane","description":"","potentialAction":[{"@type":"SearchAction","target":{"@type":"EntryPoint","urlTemplate":"https:\/\/www.aridane.org\/city\/?s={search_term_string}"},"query-input":"required name=search_term_string"}],"inLanguage":"es"},{"@type":"Person","@id":"https:\/\/www.aridane.org\/city\/#\/schema\/person\/89ebd376b223dc94cc1dbcf200c8e6da","name":"Corresponsal","image":{"@type":"ImageObject","inLanguage":"es","@id":"https:\/\/www.aridane.org\/city\/#\/schema\/person\/image\/","url":"https:\/\/secure.gravatar.com\/avatar\/1c476992411e4ccf153da63b2b2f5ea0bb4cb1c85f3ceab8512f04325ad5579c?s=96&d=mm&r=g","contentUrl":"https:\/\/secure.gravatar.com\/avatar\/1c476992411e4ccf153da63b2b2f5ea0bb4cb1c85f3ceab8512f04325ad5579c?s=96&d=mm&r=g","caption":"Corresponsal"},"url":"https:\/\/www.aridane.org\/city\/author\/corresponsal\/"}]}},"_links":{"self":[{"href":"https:\/\/www.aridane.org\/city\/wp-json\/wp\/v2\/posts\/2301","targetHints":{"allow":["GET"]}}],"collection":[{"href":"https:\/\/www.aridane.org\/city\/wp-json\/wp\/v2\/posts"}],"about":[{"href":"https:\/\/www.aridane.org\/city\/wp-json\/wp\/v2\/types\/post"}],"author":[{"embeddable":true,"href":"https:\/\/www.aridane.org\/city\/wp-json\/wp\/v2\/users\/4"}],"replies":[{"embeddable":true,"href":"https:\/\/www.aridane.org\/city\/wp-json\/wp\/v2\/comments?post=2301"}],"version-history":[{"count":2,"href":"https:\/\/www.aridane.org\/city\/wp-json\/wp\/v2\/posts\/2301\/revisions"}],"predecessor-version":[{"id":2339,"href":"https:\/\/www.aridane.org\/city\/wp-json\/wp\/v2\/posts\/2301\/revisions\/2339"}],"wp:featuredmedia":[{"embeddable":true,"href":"https:\/\/www.aridane.org\/city\/wp-json\/wp\/v2\/media\/2302"}],"wp:attachment":[{"href":"https:\/\/www.aridane.org\/city\/wp-json\/wp\/v2\/media?parent=2301"}],"wp:term":[{"taxonomy":"category","embeddable":true,"href":"https:\/\/www.aridane.org\/city\/wp-json\/wp\/v2\/categories?post=2301"},{"taxonomy":"post_tag","embeddable":true,"href":"https:\/\/www.aridane.org\/city\/wp-json\/wp\/v2\/tags?post=2301"}],"curies":[{"name":"wp","href":"https:\/\/api.w.org\/{rel}","templated":true}]}}