{"id":2304,"date":"2023-07-10T15:14:17","date_gmt":"2023-07-10T15:14:17","guid":{"rendered":"https:\/\/www.aridane.org\/city\/?p=2304"},"modified":"2023-07-12T12:14:47","modified_gmt":"2023-07-12T12:14:47","slug":"el-ayuntamiento-de-los-llanos-de-aridane-mejora-las-instalaciones-deportivas-del-municipio","status":"publish","type":"post","link":"https:\/\/www.aridane.org\/city\/2023\/07\/10\/el-ayuntamiento-de-los-llanos-de-aridane-mejora-las-instalaciones-deportivas-del-municipio\/","title":{"rendered":"El Ayuntamiento de Los Llanos de Aridane mejora las instalaciones deportivas del municipio"},"content":{"rendered":"<section class=\"wpb-content-wrapper\"><p>[vc_row css_animation=\u00bb\u00bb row_type=\u00bbrow\u00bb use_row_as_full_screen_section=\u00bbno\u00bb type=\u00bbfull_width\u00bb angled_section=\u00bbno\u00bb text_align=\u00bbleft\u00bb background_image_as_pattern=\u00bbwithout_pattern\u00bb][vc_column][vc_column_text]<em>Javier Llamas anuncia que las obras de mejora del sistema de riego del Acer\u00f3 avanzan con fluidez y sin contratiempos.<\/em><\/p>\n<p>El Ayuntamiento de Los Llanos de Aridane contin\u00faa realizando trabajos que permitan contar con unas instalaciones deportivas municipales con mayores garant\u00edas de seguridad y que ofrezcan los mejores servicios posibles a las personas usuarias.<\/p>\n<p>De ese modo, el alcalde Javier Llamas anuncia que los trabajos de sustituci\u00f3n de las canalizaciones de riego del campo de f\u00fatbol municipal Acer\u00f3 contin\u00faan a buen ritmo y sin ninguna dificultad.<\/p>\n<p>Llamas pone de manifiesto la importancia de mantener y mejorar el hist\u00f3rico campo de juego, pilar deportivo del municipio, cumpliendo con el compromiso de modernizar las instalaciones y prometiendo que de esta forma se procurar\u00e1 un mayor ahorro y eficiencia del agua.<\/p>\n<p>\u201cA d\u00eda de hoy, las obras avanzan r\u00e1pidamente y sin contratiempos. Con la mejora del sistema de riego garantizamos desde el Consistorio que usuarios y usuarias de todas las edades, profesionales y aficionados, podr\u00e1n sacar el mayor rendimiento a esta inolvidable instalaci\u00f3n deportiva, levantada sobre el antiguo campo del Acer\u00f3 y con capacidad para 3.000 espectadores\u201d, asegura Javier Llamas.<\/p>\n<p>A su vez, el alcalde se\u00f1ala la importancia que tiene el deporte como refuerzo de los valores que caracteriza a una comunidad que apuesta por los h\u00e1bitos de vida saludables.<\/p>\n<p>A d\u00eda de hoy, el Estadio de F\u00fatbol Municipal Acer\u00f3 contin\u00faa albergando los partidos locales de la Uni\u00f3n Deportiva Los Llanos de Aridane, hist\u00f3rico heredero de Uni\u00f3n Deportiva Aridane, as\u00ed como de todas sus categor\u00edas inferiores.[\/vc_column_text][\/vc_column][\/vc_row]<\/p>\n<\/section>","protected":false},"excerpt":{"rendered":"<p>[vc_row css_animation=\u00bb\u00bb row_type=\u00bbrow\u00bb use_row_as_full_screen_section=\u00bbno\u00bb type=\u00bbfull_width\u00bb angled_section=\u00bbno\u00bb text_align=\u00bbleft\u00bb background_image_as_pattern=\u00bbwithout_pattern\u00bb][vc_column][vc_column_text]Javier Llamas anuncia que las obras de mejora del sistema de riego del Acer\u00f3 avanzan con fluidez y sin contratiempos. El Ayuntamiento de Los Llanos de Aridane contin\u00faa realizando trabajos que permitan contar con unas instalaciones deportivas municipales&#8230;<\/p>\n","protected":false},"author":4,"featured_media":2326,"comment_status":"open","ping_status":"open","sticky":false,"template":"","format":"standard","meta":{"footnotes":""},"categories":[6],"tags":[],"class_list":["post-2304","post","type-post","status-publish","format-standard","has-post-thumbnail","hentry","category-prensa"],"yoast_head":"<!-- This site is optimized with the Yoast SEO plugin v22.7 - https:\/\/yoast.com\/wordpress\/plugins\/seo\/ -->\n<title>El Ayuntamiento de Los Llanos de Aridane mejora las instalaciones deportivas del municipio - Ayuntamiento de Los Llanos de Aridane<\/title>\n<meta name=\"robots\" content=\"index, follow, max-snippet:-1, max-image-preview:large, max-video-preview:-1\" \/>\n<link rel=\"canonical\" href=\"https:\/\/www.aridane.org\/city\/2023\/07\/10\/el-ayuntamiento-de-los-llanos-de-aridane-mejora-las-instalaciones-deportivas-del-municipio\/\" \/>\n<meta property=\"og:locale\" content=\"es_ES\" \/>\n<meta property=\"og:type\" content=\"article\" \/>\n<meta property=\"og:title\" content=\"El Ayuntamiento de Los Llanos de Aridane mejora las instalaciones deportivas del municipio - Ayuntamiento de Los Llanos de Aridane\" \/>\n<meta property=\"og:description\" content=\"[vc_row css_animation=\u00bb\u00bb row_type=\u00bbrow\u00bb use_row_as_full_screen_section=\u00bbno\u00bb type=\u00bbfull_width\u00bb angled_section=\u00bbno\u00bb text_align=\u00bbleft\u00bb background_image_as_pattern=\u00bbwithout_pattern\u00bb][vc_column][vc_column_text]Javier Llamas anuncia que las obras de mejora del sistema de riego del Acer\u00f3 avanzan con fluidez y sin contratiempos. El Ayuntamiento de Los Llanos de Aridane contin\u00faa realizando trabajos que permitan contar con unas instalaciones deportivas municipales...\" \/>\n<meta property=\"og:url\" content=\"https:\/\/www.aridane.org\/city\/2023\/07\/10\/el-ayuntamiento-de-los-llanos-de-aridane-mejora-las-instalaciones-deportivas-del-municipio\/\" \/>\n<meta property=\"og:site_name\" content=\"Ayuntamiento de Los Llanos de Aridane\" \/>\n<meta property=\"article:published_time\" content=\"2023-07-10T15:14:17+00:00\" \/>\n<meta property=\"article:modified_time\" content=\"2023-07-12T12:14:47+00:00\" \/>\n<meta property=\"og:image\" content=\"https:\/\/www.aridane.org\/city\/wp-content\/uploads\/2023\/07\/Mejora-Campo-Acero.png\" \/>\n\t<meta property=\"og:image:width\" content=\"1100\" \/>\n\t<meta property=\"og:image:height\" content=\"620\" \/>\n\t<meta property=\"og:image:type\" content=\"image\/png\" \/>\n<meta name=\"author\" content=\"Corresponsal\" \/>\n<meta name=\"twitter:card\" content=\"summary_large_image\" \/>\n<meta name=\"twitter:label1\" content=\"Escrito por\" \/>\n\t<meta name=\"twitter:data1\" content=\"Corresponsal\" \/>\n\t<meta name=\"twitter:label2\" content=\"Tiempo de lectura\" \/>\n\t<meta name=\"twitter:data2\" content=\"2 minutos\" \/>\n<script type=\"application\/ld+json\" class=\"yoast-schema-graph\">{\"@context\":\"https:\/\/schema.org\",\"@graph\":[{\"@type\":\"WebPage\",\"@id\":\"https:\/\/www.aridane.org\/city\/2023\/07\/10\/el-ayuntamiento-de-los-llanos-de-aridane-mejora-las-instalaciones-deportivas-del-municipio\/\",\"url\":\"https:\/\/www.aridane.org\/city\/2023\/07\/10\/el-ayuntamiento-de-los-llanos-de-aridane-mejora-las-instalaciones-deportivas-del-municipio\/\",\"name\":\"El Ayuntamiento de Los Llanos de Aridane mejora las instalaciones deportivas del municipio - Ayuntamiento de Los Llanos de Aridane\",\"isPartOf\":{\"@id\":\"https:\/\/www.aridane.org\/city\/#website\"},\"primaryImageOfPage\":{\"@id\":\"https:\/\/www.aridane.org\/city\/2023\/07\/10\/el-ayuntamiento-de-los-llanos-de-aridane-mejora-las-instalaciones-deportivas-del-municipio\/#primaryimage\"},\"image\":{\"@id\":\"https:\/\/www.aridane.org\/city\/2023\/07\/10\/el-ayuntamiento-de-los-llanos-de-aridane-mejora-las-instalaciones-deportivas-del-municipio\/#primaryimage\"},\"thumbnailUrl\":\"https:\/\/www.aridane.org\/city\/wp-content\/uploads\/2023\/07\/Mejora-Campo-Acero.png\",\"datePublished\":\"2023-07-10T15:14:17+00:00\",\"dateModified\":\"2023-07-12T12:14:47+00:00\",\"author\":{\"@id\":\"https:\/\/www.aridane.org\/city\/#\/schema\/person\/89ebd376b223dc94cc1dbcf200c8e6da\"},\"breadcrumb\":{\"@id\":\"https:\/\/www.aridane.org\/city\/2023\/07\/10\/el-ayuntamiento-de-los-llanos-de-aridane-mejora-las-instalaciones-deportivas-del-municipio\/#breadcrumb\"},\"inLanguage\":\"es\",\"potentialAction\":[{\"@type\":\"ReadAction\",\"target\":[\"https:\/\/www.aridane.org\/city\/2023\/07\/10\/el-ayuntamiento-de-los-llanos-de-aridane-mejora-las-instalaciones-deportivas-del-municipio\/\"]}]},{\"@type\":\"ImageObject\",\"inLanguage\":\"es\",\"@id\":\"https:\/\/www.aridane.org\/city\/2023\/07\/10\/el-ayuntamiento-de-los-llanos-de-aridane-mejora-las-instalaciones-deportivas-del-municipio\/#primaryimage\",\"url\":\"https:\/\/www.aridane.org\/city\/wp-content\/uploads\/2023\/07\/Mejora-Campo-Acero.png\",\"contentUrl\":\"https:\/\/www.aridane.org\/city\/wp-content\/uploads\/2023\/07\/Mejora-Campo-Acero.png\",\"width\":1100,\"height\":620},{\"@type\":\"BreadcrumbList\",\"@id\":\"https:\/\/www.aridane.org\/city\/2023\/07\/10\/el-ayuntamiento-de-los-llanos-de-aridane-mejora-las-instalaciones-deportivas-del-municipio\/#breadcrumb\",\"itemListElement\":[{\"@type\":\"ListItem\",\"position\":1,\"name\":\"Portada\",\"item\":\"https:\/\/www.aridane.org\/city\/\"},{\"@type\":\"ListItem\",\"position\":2,\"name\":\"El Ayuntamiento de Los Llanos de Aridane mejora las instalaciones deportivas del municipio\"}]},{\"@type\":\"WebSite\",\"@id\":\"https:\/\/www.aridane.org\/city\/#website\",\"url\":\"https:\/\/www.aridane.org\/city\/\",\"name\":\"Ayuntamiento de Los Llanos de Aridane\",\"description\":\"\",\"potentialAction\":[{\"@type\":\"SearchAction\",\"target\":{\"@type\":\"EntryPoint\",\"urlTemplate\":\"https:\/\/www.aridane.org\/city\/?s={search_term_string}\"},\"query-input\":\"required name=search_term_string\"}],\"inLanguage\":\"es\"},{\"@type\":\"Person\",\"@id\":\"https:\/\/www.aridane.org\/city\/#\/schema\/person\/89ebd376b223dc94cc1dbcf200c8e6da\",\"name\":\"Corresponsal\",\"image\":{\"@type\":\"ImageObject\",\"inLanguage\":\"es\",\"@id\":\"https:\/\/www.aridane.org\/city\/#\/schema\/person\/image\/\",\"url\":\"https:\/\/secure.gravatar.com\/avatar\/1c476992411e4ccf153da63b2b2f5ea0bb4cb1c85f3ceab8512f04325ad5579c?s=96&d=mm&r=g\",\"contentUrl\":\"https:\/\/secure.gravatar.com\/avatar\/1c476992411e4ccf153da63b2b2f5ea0bb4cb1c85f3ceab8512f04325ad5579c?s=96&d=mm&r=g\",\"caption\":\"Corresponsal\"},\"url\":\"https:\/\/www.aridane.org\/city\/author\/corresponsal\/\"}]}<\/script>\n<!-- \/ Yoast SEO plugin. -->","yoast_head_json":{"title":"El Ayuntamiento de Los Llanos de Aridane mejora las instalaciones deportivas del municipio - Ayuntamiento de Los Llanos de Aridane","robots":{"index":"index","follow":"follow","max-snippet":"max-snippet:-1","max-image-preview":"max-image-preview:large","max-video-preview":"max-video-preview:-1"},"canonical":"https:\/\/www.aridane.org\/city\/2023\/07\/10\/el-ayuntamiento-de-los-llanos-de-aridane-mejora-las-instalaciones-deportivas-del-municipio\/","og_locale":"es_ES","og_type":"article","og_title":"El Ayuntamiento de Los Llanos de Aridane mejora las instalaciones deportivas del municipio - Ayuntamiento de Los Llanos de Aridane","og_description":"[vc_row css_animation=\u00bb\u00bb row_type=\u00bbrow\u00bb use_row_as_full_screen_section=\u00bbno\u00bb type=\u00bbfull_width\u00bb angled_section=\u00bbno\u00bb text_align=\u00bbleft\u00bb background_image_as_pattern=\u00bbwithout_pattern\u00bb][vc_column][vc_column_text]Javier Llamas anuncia que las obras de mejora del sistema de riego del Acer\u00f3 avanzan con fluidez y sin contratiempos. El Ayuntamiento de Los Llanos de Aridane contin\u00faa realizando trabajos que permitan contar con unas instalaciones deportivas municipales...","og_url":"https:\/\/www.aridane.org\/city\/2023\/07\/10\/el-ayuntamiento-de-los-llanos-de-aridane-mejora-las-instalaciones-deportivas-del-municipio\/","og_site_name":"Ayuntamiento de Los Llanos de Aridane","article_published_time":"2023-07-10T15:14:17+00:00","article_modified_time":"2023-07-12T12:14:47+00:00","og_image":[{"width":1100,"height":620,"url":"https:\/\/www.aridane.org\/city\/wp-content\/uploads\/2023\/07\/Mejora-Campo-Acero.png","type":"image\/png"}],"author":"Corresponsal","twitter_card":"summary_large_image","twitter_misc":{"Escrito por":"Corresponsal","Tiempo de lectura":"2 minutos"},"schema":{"@context":"https:\/\/schema.org","@graph":[{"@type":"WebPage","@id":"https:\/\/www.aridane.org\/city\/2023\/07\/10\/el-ayuntamiento-de-los-llanos-de-aridane-mejora-las-instalaciones-deportivas-del-municipio\/","url":"https:\/\/www.aridane.org\/city\/2023\/07\/10\/el-ayuntamiento-de-los-llanos-de-aridane-mejora-las-instalaciones-deportivas-del-municipio\/","name":"El Ayuntamiento de Los Llanos de Aridane mejora las instalaciones deportivas del municipio - Ayuntamiento de Los Llanos de Aridane","isPartOf":{"@id":"https:\/\/www.aridane.org\/city\/#website"},"primaryImageOfPage":{"@id":"https:\/\/www.aridane.org\/city\/2023\/07\/10\/el-ayuntamiento-de-los-llanos-de-aridane-mejora-las-instalaciones-deportivas-del-municipio\/#primaryimage"},"image":{"@id":"https:\/\/www.aridane.org\/city\/2023\/07\/10\/el-ayuntamiento-de-los-llanos-de-aridane-mejora-las-instalaciones-deportivas-del-municipio\/#primaryimage"},"thumbnailUrl":"https:\/\/www.aridane.org\/city\/wp-content\/uploads\/2023\/07\/Mejora-Campo-Acero.png","datePublished":"2023-07-10T15:14:17+00:00","dateModified":"2023-07-12T12:14:47+00:00","author":{"@id":"https:\/\/www.aridane.org\/city\/#\/schema\/person\/89ebd376b223dc94cc1dbcf200c8e6da"},"breadcrumb":{"@id":"https:\/\/www.aridane.org\/city\/2023\/07\/10\/el-ayuntamiento-de-los-llanos-de-aridane-mejora-las-instalaciones-deportivas-del-municipio\/#breadcrumb"},"inLanguage":"es","potentialAction":[{"@type":"ReadAction","target":["https:\/\/www.aridane.org\/city\/2023\/07\/10\/el-ayuntamiento-de-los-llanos-de-aridane-mejora-las-instalaciones-deportivas-del-municipio\/"]}]},{"@type":"ImageObject","inLanguage":"es","@id":"https:\/\/www.aridane.org\/city\/2023\/07\/10\/el-ayuntamiento-de-los-llanos-de-aridane-mejora-las-instalaciones-deportivas-del-municipio\/#primaryimage","url":"https:\/\/www.aridane.org\/city\/wp-content\/uploads\/2023\/07\/Mejora-Campo-Acero.png","contentUrl":"https:\/\/www.aridane.org\/city\/wp-content\/uploads\/2023\/07\/Mejora-Campo-Acero.png","width":1100,"height":620},{"@type":"BreadcrumbList","@id":"https:\/\/www.aridane.org\/city\/2023\/07\/10\/el-ayuntamiento-de-los-llanos-de-aridane-mejora-las-instalaciones-deportivas-del-municipio\/#breadcrumb","itemListElement":[{"@type":"ListItem","position":1,"name":"Portada","item":"https:\/\/www.aridane.org\/city\/"},{"@type":"ListItem","position":2,"name":"El Ayuntamiento de Los Llanos de Aridane mejora las instalaciones deportivas del municipio"}]},{"@type":"WebSite","@id":"https:\/\/www.aridane.org\/city\/#website","url":"https:\/\/www.aridane.org\/city\/","name":"Ayuntamiento de Los Llanos de Aridane","description":"","potentialAction":[{"@type":"SearchAction","target":{"@type":"EntryPoint","urlTemplate":"https:\/\/www.aridane.org\/city\/?s={search_term_string}"},"query-input":"required name=search_term_string"}],"inLanguage":"es"},{"@type":"Person","@id":"https:\/\/www.aridane.org\/city\/#\/schema\/person\/89ebd376b223dc94cc1dbcf200c8e6da","name":"Corresponsal","image":{"@type":"ImageObject","inLanguage":"es","@id":"https:\/\/www.aridane.org\/city\/#\/schema\/person\/image\/","url":"https:\/\/secure.gravatar.com\/avatar\/1c476992411e4ccf153da63b2b2f5ea0bb4cb1c85f3ceab8512f04325ad5579c?s=96&d=mm&r=g","contentUrl":"https:\/\/secure.gravatar.com\/avatar\/1c476992411e4ccf153da63b2b2f5ea0bb4cb1c85f3ceab8512f04325ad5579c?s=96&d=mm&r=g","caption":"Corresponsal"},"url":"https:\/\/www.aridane.org\/city\/author\/corresponsal\/"}]}},"_links":{"self":[{"href":"https:\/\/www.aridane.org\/city\/wp-json\/wp\/v2\/posts\/2304","targetHints":{"allow":["GET"]}}],"collection":[{"href":"https:\/\/www.aridane.org\/city\/wp-json\/wp\/v2\/posts"}],"about":[{"href":"https:\/\/www.aridane.org\/city\/wp-json\/wp\/v2\/types\/post"}],"author":[{"embeddable":true,"href":"https:\/\/www.aridane.org\/city\/wp-json\/wp\/v2\/users\/4"}],"replies":[{"embeddable":true,"href":"https:\/\/www.aridane.org\/city\/wp-json\/wp\/v2\/comments?post=2304"}],"version-history":[{"count":7,"href":"https:\/\/www.aridane.org\/city\/wp-json\/wp\/v2\/posts\/2304\/revisions"}],"predecessor-version":[{"id":2350,"href":"https:\/\/www.aridane.org\/city\/wp-json\/wp\/v2\/posts\/2304\/revisions\/2350"}],"wp:featuredmedia":[{"embeddable":true,"href":"https:\/\/www.aridane.org\/city\/wp-json\/wp\/v2\/media\/2326"}],"wp:attachment":[{"href":"https:\/\/www.aridane.org\/city\/wp-json\/wp\/v2\/media?parent=2304"}],"wp:term":[{"taxonomy":"category","embeddable":true,"href":"https:\/\/www.aridane.org\/city\/wp-json\/wp\/v2\/categories?post=2304"},{"taxonomy":"post_tag","embeddable":true,"href":"https:\/\/www.aridane.org\/city\/wp-json\/wp\/v2\/tags?post=2304"}],"curies":[{"name":"wp","href":"https:\/\/api.w.org\/{rel}","templated":true}]}}