{"id":232,"date":"2020-11-03T19:25:32","date_gmt":"2020-11-03T19:25:32","guid":{"rendered":"https:\/\/aridane.org\/ciudad\/?p=232"},"modified":"2020-11-03T19:25:32","modified_gmt":"2020-11-03T19:25:32","slug":"los-llanos-de-aridane-celebrara-el-fin-de-semana-blanco-compras-navidenas","status":"publish","type":"post","link":"https:\/\/www.aridane.org\/city\/2020\/11\/03\/los-llanos-de-aridane-celebrara-el-fin-de-semana-blanco-compras-navidenas\/","title":{"rendered":"Los Llanos de Aridane celebrar\u00e1 el Fin de Semana Blanco los d\u00edas 13 y 14 de noviembre para promocionar las compras navide\u00f1as"},"content":{"rendered":"<p style=\"text-align: justify;\">El\u00a0Ayuntamiento de Los Llanos de Aridane\u00a0y las asociaciones comerciales\u00a0del municipio han organizado para el viernes 13 y s\u00e1bado 14 de noviembre la celebraci\u00f3n del Fin de Semana Blanco, adapt\u00e1ndolo a las circunstancias actuales para evitar aglomeraciones de personas, y en la que se aplicar\u00e1n todas las medidas de seguridad y distanciamiento necesarias.<\/p>\n<p style=\"text-align: justify;\">Lainiciativa de ocio que forma parte de la campa\u00f1a de dinamizaci\u00f3n comercial, que en anteriores ediciones se celebraba a finales de noviembre coincidiendo con el encendido del alumbrado navide\u00f1o, se ha adelantado al segundo fin de semana del este mes por solicitud de los comercios a trav\u00e9s de la Asociaci\u00f3n Comerciantes Zona Abierta (ACZA) y Zona Comercial Abierta (ZCA).<\/p>\n<p style=\"text-align: justify;\">Para esta campa\u00f1a, el \u00e1rea de Promoci\u00f3n Econ\u00f3mica del Ayuntamiento aridanense\u00a0 ha organizado un sorteo en el que invertir\u00e1 10.000\u20ac en premios en el que podr\u00e1n participar todos los tickets por compras iguales o superiores a 10\u20ac o en consumiciones de 5\u20ac en cualquier bar o cafeter\u00eda adherida a dicha campa\u00f1a durante los d\u00edas 13 y 14 de noviembre.<\/p>\n<p style=\"text-align: justify;\">Los premios se repartir\u00e1n de la siguiente manera, 6 bonos de 500\u20ac; 20 bonos de 200\u20ac y 10 bonos de 300\u20ac. El sorteo se llevar\u00e1 a cabo el 23 de noviembre en el Sal\u00f3n de Plenos del Ayuntamiento.<\/p>\n<p style=\"text-align: justify;\">La concejala de Promoci\u00f3n Econ\u00f3mica, Inmaculada Fern\u00e1ndez,\u00a0 explic\u00f3 que \u201chemos organizado este campa\u00f1a con el objetivo de incentivar el consumo y las compras en el municipio, donde este a\u00f1o m\u00e1s que nunca el comercio local necesita que se invierta aqu\u00ed\u201d.<\/p>\n<p style=\"text-align: justify;\">Para ello, y con el firme compromiso de implicar a todas y cada una de las empresas locales en la celebraci\u00f3n de este nuevo formato, el Ayuntamiento aridanense invita a todos los comercios locales interesados en participar en esta campa\u00f1a y que no est\u00e1n adheridos a las asociaciones comerciales del municipio puedan inscribirse en el correo electr\u00f3nico:\u00a0<span id=\"cloakad514d9964bcac6ab349c0027f849006\"><a href=\"mailto:pormuchomas@aridane.org\">pormuchomas@aridane.org<\/a><\/span>. La fecha l\u00edmite de inscripci\u00f3n ser\u00e1 el s\u00e1bado 7 de noviembre inclusive.<\/p>\n<p style=\"text-align: justify;\">Esta Navidad ser\u00e1 diferente a lo que est\u00e1bamos acostumbrados debido a la situaci\u00f3n de pandemia provocada por el coronavirus, por eso en esta edici\u00f3n ser\u00e1n dos jornadas donde todo estar\u00e1 organizado para que se eviten las aglomeraciones de personas como las que se ocasionaban en las ediciones pasadas que concentraban una importante cantidad de transe\u00fantes en la misma jornada. \u201cEste a\u00f1o debemos apelar una vez m\u00e1s a la responsabilidad individual de las personas a la hora de salir a comprar, pero debemos seguir apostando por el comercio local\u201d, aclar\u00f3 la Alcaldesa, Noelia Garc\u00eda Leal que adem\u00e1s destac\u00f3 \u201cno debemos olvidar que el sector comercial de nuestro municipio es el m\u00e1s importante del Valle de Aridane que concentra a una gran cantidad de peque\u00f1os y medianos comercios y las compras de Navidad son las que garantizar\u00e1n la pervivencia de estos establecimientos\u201d.<\/p>\n","protected":false},"excerpt":{"rendered":"<p>El\u00a0Ayuntamiento de Los Llanos de Aridane\u00a0y las asociaciones comerciales\u00a0del municipio han organizado para el viernes 13 y s\u00e1bado 14 de noviembre la celebraci\u00f3n del Fin de Semana Blanco, adapt\u00e1ndolo a las circunstancias actuales para evitar aglomeraciones de personas, y en la que se aplicar\u00e1n todas&#8230;<\/p>\n","protected":false},"author":1,"featured_media":0,"comment_status":"closed","ping_status":"closed","sticky":false,"template":"","format":"standard","meta":{"footnotes":""},"categories":[6],"tags":[],"class_list":["post-232","post","type-post","status-publish","format-standard","hentry","category-prensa"],"yoast_head":"<!-- This site is optimized with the Yoast SEO plugin v22.7 - https:\/\/yoast.com\/wordpress\/plugins\/seo\/ -->\n<title>Los Llanos de Aridane celebrar\u00e1 el Fin de Semana Blanco los d\u00edas 13 y 14 de noviembre para promocionar las compras navide\u00f1as - Ayuntamiento de Los Llanos de Aridane<\/title>\n<meta name=\"robots\" content=\"index, follow, max-snippet:-1, max-image-preview:large, max-video-preview:-1\" \/>\n<link rel=\"canonical\" href=\"https:\/\/www.aridane.org\/city\/2020\/11\/03\/los-llanos-de-aridane-celebrara-el-fin-de-semana-blanco-compras-navidenas\/\" \/>\n<meta property=\"og:locale\" content=\"es_ES\" \/>\n<meta property=\"og:type\" content=\"article\" \/>\n<meta property=\"og:title\" content=\"Los Llanos de Aridane celebrar\u00e1 el Fin de Semana Blanco los d\u00edas 13 y 14 de noviembre para promocionar las compras navide\u00f1as - Ayuntamiento de Los Llanos de Aridane\" \/>\n<meta property=\"og:description\" content=\"El\u00a0Ayuntamiento de Los Llanos de Aridane\u00a0y las asociaciones comerciales\u00a0del municipio han organizado para el viernes 13 y s\u00e1bado 14 de noviembre la celebraci\u00f3n del Fin de Semana Blanco, adapt\u00e1ndolo a las circunstancias actuales para evitar aglomeraciones de personas, y en la que se aplicar\u00e1n todas...\" \/>\n<meta property=\"og:url\" content=\"https:\/\/www.aridane.org\/city\/2020\/11\/03\/los-llanos-de-aridane-celebrara-el-fin-de-semana-blanco-compras-navidenas\/\" \/>\n<meta property=\"og:site_name\" content=\"Ayuntamiento de Los Llanos de Aridane\" \/>\n<meta property=\"article:published_time\" content=\"2020-11-03T19:25:32+00:00\" \/>\n<meta name=\"author\" content=\"Richard Diaz\" \/>\n<meta name=\"twitter:card\" content=\"summary_large_image\" \/>\n<meta name=\"twitter:label1\" content=\"Escrito por\" \/>\n\t<meta name=\"twitter:data1\" content=\"Richard Diaz\" \/>\n\t<meta name=\"twitter:label2\" content=\"Tiempo de lectura\" \/>\n\t<meta name=\"twitter:data2\" content=\"2 minutos\" \/>\n<script type=\"application\/ld+json\" class=\"yoast-schema-graph\">{\"@context\":\"https:\/\/schema.org\",\"@graph\":[{\"@type\":\"WebPage\",\"@id\":\"https:\/\/www.aridane.org\/city\/2020\/11\/03\/los-llanos-de-aridane-celebrara-el-fin-de-semana-blanco-compras-navidenas\/\",\"url\":\"https:\/\/www.aridane.org\/city\/2020\/11\/03\/los-llanos-de-aridane-celebrara-el-fin-de-semana-blanco-compras-navidenas\/\",\"name\":\"Los Llanos de Aridane celebrar\u00e1 el Fin de Semana Blanco los d\u00edas 13 y 14 de noviembre para promocionar las compras navide\u00f1as - Ayuntamiento de Los Llanos de Aridane\",\"isPartOf\":{\"@id\":\"https:\/\/www.aridane.org\/city\/#website\"},\"datePublished\":\"2020-11-03T19:25:32+00:00\",\"dateModified\":\"2020-11-03T19:25:32+00:00\",\"author\":{\"@id\":\"https:\/\/www.aridane.org\/city\/#\/schema\/person\/7d352ec7f29881716f298394432e7209\"},\"breadcrumb\":{\"@id\":\"https:\/\/www.aridane.org\/city\/2020\/11\/03\/los-llanos-de-aridane-celebrara-el-fin-de-semana-blanco-compras-navidenas\/#breadcrumb\"},\"inLanguage\":\"es\",\"potentialAction\":[{\"@type\":\"ReadAction\",\"target\":[\"https:\/\/www.aridane.org\/city\/2020\/11\/03\/los-llanos-de-aridane-celebrara-el-fin-de-semana-blanco-compras-navidenas\/\"]}]},{\"@type\":\"BreadcrumbList\",\"@id\":\"https:\/\/www.aridane.org\/city\/2020\/11\/03\/los-llanos-de-aridane-celebrara-el-fin-de-semana-blanco-compras-navidenas\/#breadcrumb\",\"itemListElement\":[{\"@type\":\"ListItem\",\"position\":1,\"name\":\"Portada\",\"item\":\"https:\/\/www.aridane.org\/city\/\"},{\"@type\":\"ListItem\",\"position\":2,\"name\":\"Los Llanos de Aridane celebrar\u00e1 el Fin de Semana Blanco los d\u00edas 13 y 14 de noviembre para promocionar las compras navide\u00f1as\"}]},{\"@type\":\"WebSite\",\"@id\":\"https:\/\/www.aridane.org\/city\/#website\",\"url\":\"https:\/\/www.aridane.org\/city\/\",\"name\":\"Ayuntamiento de Los Llanos de Aridane\",\"description\":\"\",\"potentialAction\":[{\"@type\":\"SearchAction\",\"target\":{\"@type\":\"EntryPoint\",\"urlTemplate\":\"https:\/\/www.aridane.org\/city\/?s={search_term_string}\"},\"query-input\":\"required name=search_term_string\"}],\"inLanguage\":\"es\"},{\"@type\":\"Person\",\"@id\":\"https:\/\/www.aridane.org\/city\/#\/schema\/person\/7d352ec7f29881716f298394432e7209\",\"name\":\"Richard Diaz\",\"image\":{\"@type\":\"ImageObject\",\"inLanguage\":\"es\",\"@id\":\"https:\/\/www.aridane.org\/city\/#\/schema\/person\/image\/\",\"url\":\"https:\/\/secure.gravatar.com\/avatar\/bacd6aefc26a4a204943090a4c596cd10f0857081ef3cfd12084a70ecb3161d5?s=96&d=mm&r=g\",\"contentUrl\":\"https:\/\/secure.gravatar.com\/avatar\/bacd6aefc26a4a204943090a4c596cd10f0857081ef3cfd12084a70ecb3161d5?s=96&d=mm&r=g\",\"caption\":\"Richard Diaz\"},\"sameAs\":[\"https:\/\/www.aridane.org\/city\"],\"url\":\"https:\/\/www.aridane.org\/city\/author\/richard-diaz\/\"}]}<\/script>\n<!-- \/ Yoast SEO plugin. -->","yoast_head_json":{"title":"Los Llanos de Aridane celebrar\u00e1 el Fin de Semana Blanco los d\u00edas 13 y 14 de noviembre para promocionar las compras navide\u00f1as - Ayuntamiento de Los Llanos de Aridane","robots":{"index":"index","follow":"follow","max-snippet":"max-snippet:-1","max-image-preview":"max-image-preview:large","max-video-preview":"max-video-preview:-1"},"canonical":"https:\/\/www.aridane.org\/city\/2020\/11\/03\/los-llanos-de-aridane-celebrara-el-fin-de-semana-blanco-compras-navidenas\/","og_locale":"es_ES","og_type":"article","og_title":"Los Llanos de Aridane celebrar\u00e1 el Fin de Semana Blanco los d\u00edas 13 y 14 de noviembre para promocionar las compras navide\u00f1as - Ayuntamiento de Los Llanos de Aridane","og_description":"El\u00a0Ayuntamiento de Los Llanos de Aridane\u00a0y las asociaciones comerciales\u00a0del municipio han organizado para el viernes 13 y s\u00e1bado 14 de noviembre la celebraci\u00f3n del Fin de Semana Blanco, adapt\u00e1ndolo a las circunstancias actuales para evitar aglomeraciones de personas, y en la que se aplicar\u00e1n todas...","og_url":"https:\/\/www.aridane.org\/city\/2020\/11\/03\/los-llanos-de-aridane-celebrara-el-fin-de-semana-blanco-compras-navidenas\/","og_site_name":"Ayuntamiento de Los Llanos de Aridane","article_published_time":"2020-11-03T19:25:32+00:00","author":"Richard Diaz","twitter_card":"summary_large_image","twitter_misc":{"Escrito por":"Richard Diaz","Tiempo de lectura":"2 minutos"},"schema":{"@context":"https:\/\/schema.org","@graph":[{"@type":"WebPage","@id":"https:\/\/www.aridane.org\/city\/2020\/11\/03\/los-llanos-de-aridane-celebrara-el-fin-de-semana-blanco-compras-navidenas\/","url":"https:\/\/www.aridane.org\/city\/2020\/11\/03\/los-llanos-de-aridane-celebrara-el-fin-de-semana-blanco-compras-navidenas\/","name":"Los Llanos de Aridane celebrar\u00e1 el Fin de Semana Blanco los d\u00edas 13 y 14 de noviembre para promocionar las compras navide\u00f1as - Ayuntamiento de Los Llanos de Aridane","isPartOf":{"@id":"https:\/\/www.aridane.org\/city\/#website"},"datePublished":"2020-11-03T19:25:32+00:00","dateModified":"2020-11-03T19:25:32+00:00","author":{"@id":"https:\/\/www.aridane.org\/city\/#\/schema\/person\/7d352ec7f29881716f298394432e7209"},"breadcrumb":{"@id":"https:\/\/www.aridane.org\/city\/2020\/11\/03\/los-llanos-de-aridane-celebrara-el-fin-de-semana-blanco-compras-navidenas\/#breadcrumb"},"inLanguage":"es","potentialAction":[{"@type":"ReadAction","target":["https:\/\/www.aridane.org\/city\/2020\/11\/03\/los-llanos-de-aridane-celebrara-el-fin-de-semana-blanco-compras-navidenas\/"]}]},{"@type":"BreadcrumbList","@id":"https:\/\/www.aridane.org\/city\/2020\/11\/03\/los-llanos-de-aridane-celebrara-el-fin-de-semana-blanco-compras-navidenas\/#breadcrumb","itemListElement":[{"@type":"ListItem","position":1,"name":"Portada","item":"https:\/\/www.aridane.org\/city\/"},{"@type":"ListItem","position":2,"name":"Los Llanos de Aridane celebrar\u00e1 el Fin de Semana Blanco los d\u00edas 13 y 14 de noviembre para promocionar las compras navide\u00f1as"}]},{"@type":"WebSite","@id":"https:\/\/www.aridane.org\/city\/#website","url":"https:\/\/www.aridane.org\/city\/","name":"Ayuntamiento de Los Llanos de Aridane","description":"","potentialAction":[{"@type":"SearchAction","target":{"@type":"EntryPoint","urlTemplate":"https:\/\/www.aridane.org\/city\/?s={search_term_string}"},"query-input":"required name=search_term_string"}],"inLanguage":"es"},{"@type":"Person","@id":"https:\/\/www.aridane.org\/city\/#\/schema\/person\/7d352ec7f29881716f298394432e7209","name":"Richard Diaz","image":{"@type":"ImageObject","inLanguage":"es","@id":"https:\/\/www.aridane.org\/city\/#\/schema\/person\/image\/","url":"https:\/\/secure.gravatar.com\/avatar\/bacd6aefc26a4a204943090a4c596cd10f0857081ef3cfd12084a70ecb3161d5?s=96&d=mm&r=g","contentUrl":"https:\/\/secure.gravatar.com\/avatar\/bacd6aefc26a4a204943090a4c596cd10f0857081ef3cfd12084a70ecb3161d5?s=96&d=mm&r=g","caption":"Richard Diaz"},"sameAs":["https:\/\/www.aridane.org\/city"],"url":"https:\/\/www.aridane.org\/city\/author\/richard-diaz\/"}]}},"_links":{"self":[{"href":"https:\/\/www.aridane.org\/city\/wp-json\/wp\/v2\/posts\/232","targetHints":{"allow":["GET"]}}],"collection":[{"href":"https:\/\/www.aridane.org\/city\/wp-json\/wp\/v2\/posts"}],"about":[{"href":"https:\/\/www.aridane.org\/city\/wp-json\/wp\/v2\/types\/post"}],"author":[{"embeddable":true,"href":"https:\/\/www.aridane.org\/city\/wp-json\/wp\/v2\/users\/1"}],"replies":[{"embeddable":true,"href":"https:\/\/www.aridane.org\/city\/wp-json\/wp\/v2\/comments?post=232"}],"version-history":[{"count":0,"href":"https:\/\/www.aridane.org\/city\/wp-json\/wp\/v2\/posts\/232\/revisions"}],"wp:attachment":[{"href":"https:\/\/www.aridane.org\/city\/wp-json\/wp\/v2\/media?parent=232"}],"wp:term":[{"taxonomy":"category","embeddable":true,"href":"https:\/\/www.aridane.org\/city\/wp-json\/wp\/v2\/categories?post=232"},{"taxonomy":"post_tag","embeddable":true,"href":"https:\/\/www.aridane.org\/city\/wp-json\/wp\/v2\/tags?post=232"}],"curies":[{"name":"wp","href":"https:\/\/api.w.org\/{rel}","templated":true}]}}