{"id":235,"date":"2020-10-22T19:27:56","date_gmt":"2020-10-22T18:27:56","guid":{"rendered":"https:\/\/aridane.org\/ciudad\/?p=235"},"modified":"2020-10-22T19:27:56","modified_gmt":"2020-10-22T18:27:56","slug":"los-llanos-de-aridane-anima-a-la-ciudadania-a-sumarse-a-la-campana-de-vacunacion-contra-la-gripe-que-promueve-la-consejeria-de-sanidad","status":"publish","type":"post","link":"https:\/\/www.aridane.org\/city\/2020\/10\/22\/los-llanos-de-aridane-anima-a-la-ciudadania-a-sumarse-a-la-campana-de-vacunacion-contra-la-gripe-que-promueve-la-consejeria-de-sanidad\/","title":{"rendered":"Los Llanos de Aridane anima a la ciudadan\u00eda a sumarse a la campa\u00f1a de vacunaci\u00f3n contra la gripe que promueve la Consejer\u00eda de Sanidad"},"content":{"rendered":"<p style=\"text-align: justify;\">El pr\u00f3ximo s\u00e1bado 24 de octubre, el \u00c1rea de Salud de La Palma adscrita a la Consejer\u00eda de Sanidad del Gobierno de Canarias, en colaboraci\u00f3n con el Ayuntamiento de Los Llanos de Aridane instalar\u00e1 en la Plaza de Espa\u00f1a de 9:00 a 15:00 horas una carpa para que los ciudadanos interesados se puedan vacunar contra la gripe.<\/p>\n<p style=\"text-align: justify;\">Asimismo se ofrecer\u00e1 informaci\u00f3n sobre la vacuna y se animar\u00e1 a los grupos de riesgo (profesionales sanitarios y de los Cuerpos y Fuerzas de Seguridad del Estado, embarazadas, mayores de 60 y personas con enfermedades cr\u00f3nicas) a vacunarse contra esta enfermedad.<\/p>\n<p style=\"text-align: justify;\">Cabe recordar que quienes pertenezcan a los grupos de riesgo (profesionales sanitarios y de los Cuerpos y Fuerzas de Seguridad del Estado, mujeres embarazadas, mayores de 60 a\u00f1os y personas con enfermedades cr\u00f3nicas) para vacunarse en su centro de salud deben pedir cita llamando al 012 o a sus n\u00fameros 922470012.<\/p>\n<p style=\"text-align: justify;\">Desde el Ayuntamiento de Los Llanos de Aridane se agradece a la Consejer\u00eda de Sanidad que se acerque a nuestras calles este punto de vacunaci\u00f3n e informaci\u00f3n.<\/p>\n","protected":false},"excerpt":{"rendered":"<p>El pr\u00f3ximo s\u00e1bado 24 de octubre, el \u00c1rea de Salud de La Palma adscrita a la Consejer\u00eda de Sanidad del Gobierno de Canarias, en colaboraci\u00f3n con el Ayuntamiento de Los Llanos de Aridane instalar\u00e1 en la Plaza de Espa\u00f1a de 9:00 a 15:00 horas una&#8230;<\/p>\n","protected":false},"author":1,"featured_media":0,"comment_status":"closed","ping_status":"closed","sticky":false,"template":"","format":"standard","meta":{"footnotes":""},"categories":[6],"tags":[],"class_list":["post-235","post","type-post","status-publish","format-standard","hentry","category-prensa"],"yoast_head":"<!-- This site is optimized with the Yoast SEO plugin v22.7 - https:\/\/yoast.com\/wordpress\/plugins\/seo\/ -->\n<title>Los Llanos de Aridane anima a la ciudadan\u00eda a sumarse a la campa\u00f1a de vacunaci\u00f3n contra la gripe que promueve la Consejer\u00eda de Sanidad - Ayuntamiento de Los Llanos de Aridane<\/title>\n<meta name=\"robots\" content=\"index, follow, max-snippet:-1, max-image-preview:large, max-video-preview:-1\" \/>\n<link rel=\"canonical\" href=\"https:\/\/www.aridane.org\/city\/2020\/10\/22\/los-llanos-de-aridane-anima-a-la-ciudadania-a-sumarse-a-la-campana-de-vacunacion-contra-la-gripe-que-promueve-la-consejeria-de-sanidad\/\" \/>\n<meta property=\"og:locale\" content=\"es_ES\" \/>\n<meta property=\"og:type\" content=\"article\" \/>\n<meta property=\"og:title\" content=\"Los Llanos de Aridane anima a la ciudadan\u00eda a sumarse a la campa\u00f1a de vacunaci\u00f3n contra la gripe que promueve la Consejer\u00eda de Sanidad - Ayuntamiento de Los Llanos de Aridane\" \/>\n<meta property=\"og:description\" content=\"El pr\u00f3ximo s\u00e1bado 24 de octubre, el \u00c1rea de Salud de La Palma adscrita a la Consejer\u00eda de Sanidad del Gobierno de Canarias, en colaboraci\u00f3n con el Ayuntamiento de Los Llanos de Aridane instalar\u00e1 en la Plaza de Espa\u00f1a de 9:00 a 15:00 horas una...\" \/>\n<meta property=\"og:url\" content=\"https:\/\/www.aridane.org\/city\/2020\/10\/22\/los-llanos-de-aridane-anima-a-la-ciudadania-a-sumarse-a-la-campana-de-vacunacion-contra-la-gripe-que-promueve-la-consejeria-de-sanidad\/\" \/>\n<meta property=\"og:site_name\" content=\"Ayuntamiento de Los Llanos de Aridane\" \/>\n<meta property=\"article:published_time\" content=\"2020-10-22T18:27:56+00:00\" \/>\n<meta name=\"author\" content=\"Richard Diaz\" \/>\n<meta name=\"twitter:card\" content=\"summary_large_image\" \/>\n<meta name=\"twitter:label1\" content=\"Escrito por\" \/>\n\t<meta name=\"twitter:data1\" content=\"Richard Diaz\" \/>\n\t<meta name=\"twitter:label2\" content=\"Tiempo de lectura\" \/>\n\t<meta name=\"twitter:data2\" content=\"1 minuto\" \/>\n<script type=\"application\/ld+json\" class=\"yoast-schema-graph\">{\"@context\":\"https:\/\/schema.org\",\"@graph\":[{\"@type\":\"WebPage\",\"@id\":\"https:\/\/www.aridane.org\/city\/2020\/10\/22\/los-llanos-de-aridane-anima-a-la-ciudadania-a-sumarse-a-la-campana-de-vacunacion-contra-la-gripe-que-promueve-la-consejeria-de-sanidad\/\",\"url\":\"https:\/\/www.aridane.org\/city\/2020\/10\/22\/los-llanos-de-aridane-anima-a-la-ciudadania-a-sumarse-a-la-campana-de-vacunacion-contra-la-gripe-que-promueve-la-consejeria-de-sanidad\/\",\"name\":\"Los Llanos de Aridane anima a la ciudadan\u00eda a sumarse a la campa\u00f1a de vacunaci\u00f3n contra la gripe que promueve la Consejer\u00eda de Sanidad - Ayuntamiento de Los Llanos de Aridane\",\"isPartOf\":{\"@id\":\"https:\/\/www.aridane.org\/city\/#website\"},\"datePublished\":\"2020-10-22T18:27:56+00:00\",\"dateModified\":\"2020-10-22T18:27:56+00:00\",\"author\":{\"@id\":\"https:\/\/www.aridane.org\/city\/#\/schema\/person\/7d352ec7f29881716f298394432e7209\"},\"breadcrumb\":{\"@id\":\"https:\/\/www.aridane.org\/city\/2020\/10\/22\/los-llanos-de-aridane-anima-a-la-ciudadania-a-sumarse-a-la-campana-de-vacunacion-contra-la-gripe-que-promueve-la-consejeria-de-sanidad\/#breadcrumb\"},\"inLanguage\":\"es\",\"potentialAction\":[{\"@type\":\"ReadAction\",\"target\":[\"https:\/\/www.aridane.org\/city\/2020\/10\/22\/los-llanos-de-aridane-anima-a-la-ciudadania-a-sumarse-a-la-campana-de-vacunacion-contra-la-gripe-que-promueve-la-consejeria-de-sanidad\/\"]}]},{\"@type\":\"BreadcrumbList\",\"@id\":\"https:\/\/www.aridane.org\/city\/2020\/10\/22\/los-llanos-de-aridane-anima-a-la-ciudadania-a-sumarse-a-la-campana-de-vacunacion-contra-la-gripe-que-promueve-la-consejeria-de-sanidad\/#breadcrumb\",\"itemListElement\":[{\"@type\":\"ListItem\",\"position\":1,\"name\":\"Portada\",\"item\":\"https:\/\/www.aridane.org\/city\/\"},{\"@type\":\"ListItem\",\"position\":2,\"name\":\"Los Llanos de Aridane anima a la ciudadan\u00eda a sumarse a la campa\u00f1a de vacunaci\u00f3n contra la gripe que promueve la Consejer\u00eda de Sanidad\"}]},{\"@type\":\"WebSite\",\"@id\":\"https:\/\/www.aridane.org\/city\/#website\",\"url\":\"https:\/\/www.aridane.org\/city\/\",\"name\":\"Ayuntamiento de Los Llanos de Aridane\",\"description\":\"\",\"potentialAction\":[{\"@type\":\"SearchAction\",\"target\":{\"@type\":\"EntryPoint\",\"urlTemplate\":\"https:\/\/www.aridane.org\/city\/?s={search_term_string}\"},\"query-input\":\"required name=search_term_string\"}],\"inLanguage\":\"es\"},{\"@type\":\"Person\",\"@id\":\"https:\/\/www.aridane.org\/city\/#\/schema\/person\/7d352ec7f29881716f298394432e7209\",\"name\":\"Richard Diaz\",\"image\":{\"@type\":\"ImageObject\",\"inLanguage\":\"es\",\"@id\":\"https:\/\/www.aridane.org\/city\/#\/schema\/person\/image\/\",\"url\":\"https:\/\/secure.gravatar.com\/avatar\/bacd6aefc26a4a204943090a4c596cd10f0857081ef3cfd12084a70ecb3161d5?s=96&d=mm&r=g\",\"contentUrl\":\"https:\/\/secure.gravatar.com\/avatar\/bacd6aefc26a4a204943090a4c596cd10f0857081ef3cfd12084a70ecb3161d5?s=96&d=mm&r=g\",\"caption\":\"Richard Diaz\"},\"sameAs\":[\"https:\/\/www.aridane.org\/city\"],\"url\":\"https:\/\/www.aridane.org\/city\/author\/richard-diaz\/\"}]}<\/script>\n<!-- \/ Yoast SEO plugin. -->","yoast_head_json":{"title":"Los Llanos de Aridane anima a la ciudadan\u00eda a sumarse a la campa\u00f1a de vacunaci\u00f3n contra la gripe que promueve la Consejer\u00eda de Sanidad - Ayuntamiento de Los Llanos de Aridane","robots":{"index":"index","follow":"follow","max-snippet":"max-snippet:-1","max-image-preview":"max-image-preview:large","max-video-preview":"max-video-preview:-1"},"canonical":"https:\/\/www.aridane.org\/city\/2020\/10\/22\/los-llanos-de-aridane-anima-a-la-ciudadania-a-sumarse-a-la-campana-de-vacunacion-contra-la-gripe-que-promueve-la-consejeria-de-sanidad\/","og_locale":"es_ES","og_type":"article","og_title":"Los Llanos de Aridane anima a la ciudadan\u00eda a sumarse a la campa\u00f1a de vacunaci\u00f3n contra la gripe que promueve la Consejer\u00eda de Sanidad - Ayuntamiento de Los Llanos de Aridane","og_description":"El pr\u00f3ximo s\u00e1bado 24 de octubre, el \u00c1rea de Salud de La Palma adscrita a la Consejer\u00eda de Sanidad del Gobierno de Canarias, en colaboraci\u00f3n con el Ayuntamiento de Los Llanos de Aridane instalar\u00e1 en la Plaza de Espa\u00f1a de 9:00 a 15:00 horas una...","og_url":"https:\/\/www.aridane.org\/city\/2020\/10\/22\/los-llanos-de-aridane-anima-a-la-ciudadania-a-sumarse-a-la-campana-de-vacunacion-contra-la-gripe-que-promueve-la-consejeria-de-sanidad\/","og_site_name":"Ayuntamiento de Los Llanos de Aridane","article_published_time":"2020-10-22T18:27:56+00:00","author":"Richard Diaz","twitter_card":"summary_large_image","twitter_misc":{"Escrito por":"Richard Diaz","Tiempo de lectura":"1 minuto"},"schema":{"@context":"https:\/\/schema.org","@graph":[{"@type":"WebPage","@id":"https:\/\/www.aridane.org\/city\/2020\/10\/22\/los-llanos-de-aridane-anima-a-la-ciudadania-a-sumarse-a-la-campana-de-vacunacion-contra-la-gripe-que-promueve-la-consejeria-de-sanidad\/","url":"https:\/\/www.aridane.org\/city\/2020\/10\/22\/los-llanos-de-aridane-anima-a-la-ciudadania-a-sumarse-a-la-campana-de-vacunacion-contra-la-gripe-que-promueve-la-consejeria-de-sanidad\/","name":"Los Llanos de Aridane anima a la ciudadan\u00eda a sumarse a la campa\u00f1a de vacunaci\u00f3n contra la gripe que promueve la Consejer\u00eda de Sanidad - Ayuntamiento de Los Llanos de Aridane","isPartOf":{"@id":"https:\/\/www.aridane.org\/city\/#website"},"datePublished":"2020-10-22T18:27:56+00:00","dateModified":"2020-10-22T18:27:56+00:00","author":{"@id":"https:\/\/www.aridane.org\/city\/#\/schema\/person\/7d352ec7f29881716f298394432e7209"},"breadcrumb":{"@id":"https:\/\/www.aridane.org\/city\/2020\/10\/22\/los-llanos-de-aridane-anima-a-la-ciudadania-a-sumarse-a-la-campana-de-vacunacion-contra-la-gripe-que-promueve-la-consejeria-de-sanidad\/#breadcrumb"},"inLanguage":"es","potentialAction":[{"@type":"ReadAction","target":["https:\/\/www.aridane.org\/city\/2020\/10\/22\/los-llanos-de-aridane-anima-a-la-ciudadania-a-sumarse-a-la-campana-de-vacunacion-contra-la-gripe-que-promueve-la-consejeria-de-sanidad\/"]}]},{"@type":"BreadcrumbList","@id":"https:\/\/www.aridane.org\/city\/2020\/10\/22\/los-llanos-de-aridane-anima-a-la-ciudadania-a-sumarse-a-la-campana-de-vacunacion-contra-la-gripe-que-promueve-la-consejeria-de-sanidad\/#breadcrumb","itemListElement":[{"@type":"ListItem","position":1,"name":"Portada","item":"https:\/\/www.aridane.org\/city\/"},{"@type":"ListItem","position":2,"name":"Los Llanos de Aridane anima a la ciudadan\u00eda a sumarse a la campa\u00f1a de vacunaci\u00f3n contra la gripe que promueve la Consejer\u00eda de Sanidad"}]},{"@type":"WebSite","@id":"https:\/\/www.aridane.org\/city\/#website","url":"https:\/\/www.aridane.org\/city\/","name":"Ayuntamiento de Los Llanos de Aridane","description":"","potentialAction":[{"@type":"SearchAction","target":{"@type":"EntryPoint","urlTemplate":"https:\/\/www.aridane.org\/city\/?s={search_term_string}"},"query-input":"required name=search_term_string"}],"inLanguage":"es"},{"@type":"Person","@id":"https:\/\/www.aridane.org\/city\/#\/schema\/person\/7d352ec7f29881716f298394432e7209","name":"Richard Diaz","image":{"@type":"ImageObject","inLanguage":"es","@id":"https:\/\/www.aridane.org\/city\/#\/schema\/person\/image\/","url":"https:\/\/secure.gravatar.com\/avatar\/bacd6aefc26a4a204943090a4c596cd10f0857081ef3cfd12084a70ecb3161d5?s=96&d=mm&r=g","contentUrl":"https:\/\/secure.gravatar.com\/avatar\/bacd6aefc26a4a204943090a4c596cd10f0857081ef3cfd12084a70ecb3161d5?s=96&d=mm&r=g","caption":"Richard Diaz"},"sameAs":["https:\/\/www.aridane.org\/city"],"url":"https:\/\/www.aridane.org\/city\/author\/richard-diaz\/"}]}},"_links":{"self":[{"href":"https:\/\/www.aridane.org\/city\/wp-json\/wp\/v2\/posts\/235","targetHints":{"allow":["GET"]}}],"collection":[{"href":"https:\/\/www.aridane.org\/city\/wp-json\/wp\/v2\/posts"}],"about":[{"href":"https:\/\/www.aridane.org\/city\/wp-json\/wp\/v2\/types\/post"}],"author":[{"embeddable":true,"href":"https:\/\/www.aridane.org\/city\/wp-json\/wp\/v2\/users\/1"}],"replies":[{"embeddable":true,"href":"https:\/\/www.aridane.org\/city\/wp-json\/wp\/v2\/comments?post=235"}],"version-history":[{"count":0,"href":"https:\/\/www.aridane.org\/city\/wp-json\/wp\/v2\/posts\/235\/revisions"}],"wp:attachment":[{"href":"https:\/\/www.aridane.org\/city\/wp-json\/wp\/v2\/media?parent=235"}],"wp:term":[{"taxonomy":"category","embeddable":true,"href":"https:\/\/www.aridane.org\/city\/wp-json\/wp\/v2\/categories?post=235"},{"taxonomy":"post_tag","embeddable":true,"href":"https:\/\/www.aridane.org\/city\/wp-json\/wp\/v2\/tags?post=235"}],"curies":[{"name":"wp","href":"https:\/\/api.w.org\/{rel}","templated":true}]}}