{"id":238,"date":"2020-10-21T19:29:45","date_gmt":"2020-10-21T18:29:45","guid":{"rendered":"https:\/\/aridane.org\/ciudad\/?p=238"},"modified":"2020-10-21T19:29:45","modified_gmt":"2020-10-21T18:29:45","slug":"la-alcaldesa-apela-a-la-unidad-como-la-mejor-garantia-para-afrontar-la-crisis","status":"publish","type":"post","link":"https:\/\/www.aridane.org\/city\/2020\/10\/21\/la-alcaldesa-apela-a-la-unidad-como-la-mejor-garantia-para-afrontar-la-crisis\/","title":{"rendered":"La Alcaldesa apela a la unidad como la mejor garant\u00eda para afrontar la crisis"},"content":{"rendered":"<p style=\"text-align: justify;\">En el Debate sobre el Estado del Municipio, celebrado este mi\u00e9rcoles 21 de octubre, la alcaldesa de Los Llanos de Aridane, Noelia Garc\u00eda Leal ha rendido cuentas de las pol\u00edticas impulsadas por su Gobierno durante el \u00faltimo a\u00f1o marcado por la pandemia y ha anunciado los ejes principales sobre los que basar\u00e1 sus pol\u00edticas para los pr\u00f3ximos a\u00f1os.<br \/>\nAl inicio de su intervenci\u00f3n Noelia Garc\u00eda Leal ha tenido un recuerdo para todas las personas fallecidas durante la pandemia y ha agradecido al conjunto de la ciudadan\u00eda \u201cLos Llanos de Aridane como pueblo ha sabido superar las adversidades, el valor m\u00e1s preciado que tiene este municipio es su gente, solidaria, luchadora y comprometida\u201d.<\/p>\n<p style=\"text-align: justify;\">A continuaci\u00f3n explic\u00f3 las principales acciones de un a\u00f1o en el que \u201ccon la llegada de la crisis sanitaria las prioridades cambiaron. \u201cHab\u00edamos empezado el a\u00f1o con un ritmo fren\u00e9tico, sin embargo, en marzo tuvimos que modificar las l\u00edneas de actuaci\u00f3n que llevaron a un cambio en el \u00e1rea de Hacienda y se enfocaron en un primer momento, marcado por una incertidumbre total, a cubrir al m\u00e1ximo el \u00e1mbito social y sanitario\u201d.<\/p>\n<p style=\"text-align: justify;\">Para ello, en un primer momento, a trav\u00e9s de diferentes modificaciones presupuestarias se dio de baja a partidas que no se estimaron prioritarias para la situaci\u00f3n por las que atravesamos. \u201cDichas bajas obedecieron a un ejercicio de m\u00e1xima responsabilidad, para, en vez de utilizar el Remanente General de Tesorer\u00eda, se utilizaran bajas en el presupuesto previamente aprobado, dado que, si la situaci\u00f3n de estado de alarma se alargaba, no se iba a poder ejecutar gran cantidad de las actuaciones previstas\u201d, explic\u00f3 Garc\u00eda Leal.<\/p>\n<p style=\"text-align: justify;\">Las prioridades durante el estado de alarma fueron atender a las familias, a los mayores, a las personas que estaban atravesando momentos complicados, con dificultades econ\u00f3micas y sobre todo en brindar la m\u00e1xima garant\u00eda a los aridanenses, siendo las \u00e1reas de Acci\u00f3n Social, Servicios Municipales y Seguridad Ciudadana donde recay\u00f3 la principal atenci\u00f3n.<\/p>\n<p style=\"text-align: justify;\">\n<p style=\"text-align: justify;\"><strong>Apoyo al sector comercial<\/strong><\/p>\n<p style=\"text-align: justify;\">La regidora municipal destac\u00f3 que una vez que finaliz\u00f3 el estado de alarma se cre\u00f3 una partida presupuestaria de SEISCIENTOS MIL EUROS para ayudar a los empresarios, comerciantes con trabajadores en ERTE afectados por la COVID-19. Una acci\u00f3n que se suma el llamamiento que se anunciar\u00e1 a los comerciantes y empresarios de la hosteler\u00eda \u201cpara que todos los impuestos que est\u00e1n liquidados por la ocupaci\u00f3n de mesas y sillas y de escaparatismo y que durante el estado de alarma no han tenido rendimiento soliciten su devoluci\u00f3n por dicho per\u00edodo\u201d.<\/p>\n<p style=\"text-align: justify;\">Garc\u00eda Leal explic\u00f3 que \u201cahora mismo estamos centrados en \u201cponer dinero en la calle, y dentro de la prudencia y la precauci\u00f3n, con m\u00e1s tranquilidad despu\u00e9s de que por fin, el Gobierno de Espa\u00f1a haya aceptado que los Ayuntamientos puedan gastar el dinero que tanto esfuerzo nos ha costado ahorrar desde la pasada crisis.<\/p>\n<p style=\"text-align: justify;\">Adem\u00e1s, la regidora municipal avanz\u00f3 que para afrontar los pr\u00f3ximos meses se va a insistir en que los proveedores reciban el dinero por los servicios o suministros prestados lo antes posible, por ello, \u201choy Los Llanos tiene un per\u00edodo medio de pago de 20 d\u00edas, datos incluso mejores con la situaci\u00f3n en la que nos encontramos que en anualidades pasadas\u201d.<\/p>\n<p style=\"text-align: justify;\">\n<p style=\"text-align: justify;\"><strong>Bajada de impuestos<\/strong><\/p>\n<p style=\"text-align: justify;\">La Alcaldesa record\u00f3 que en Los Llanos de Aridane durante los \u00faltimos a\u00f1os se ha trabajado en la bajada de impuestos, y que este a\u00f1o siguen teniendo efecto como la del IBI. \u201cHoy en los Llanos de Aridane se paga por ejemplo menos IBI que hace 10 a\u00f1os con m\u00e1s servicios para los ciudadanos\u201d, resalt\u00f3.<\/p>\n<p style=\"text-align: justify;\">La reactivaci\u00f3n econ\u00f3mica lleva aparejada inexcusablemente la inversi\u00f3n p\u00fablica, de hecho est\u00e1 siendo una prioridad la adjudicaci\u00f3n de contratos.<\/p>\n<p style=\"text-align: justify;\">\n<p style=\"text-align: justify;\"><strong>Planificaci\u00f3n urban\u00edstica<\/strong><\/p>\n<p style=\"text-align: justify;\">Otra de las medidas anunciadas hoy ha sido el trabajo que se est\u00e1 realizando en colaboraci\u00f3n con otras administraciones para sacar adelante asuntos en materia de planificaci\u00f3n urban\u00edstica tan importantes como el IPTS y lo que significar\u00e1 para este municipio y la isla.<\/p>\n<p style=\"text-align: justify;\">En cuanto al Plan General de Urbanizaci\u00f3n aclar\u00f3 que \u201cse est\u00e1 trabajado en la redacci\u00f3n de los Pliegos del nuevo concurso del PGO de Los Llanos de Aridane, que una vez liquidado el contrato con la empresa adjudicataria, se espera poder anunciar en las pr\u00f3ximas semanas\u201d.<\/p>\n<p style=\"text-align: justify;\">Adelant\u00f3 que se seguir\u00e1 trabajando intensamente con el resto de administraciones para que el Edificio Judicial o el Centro integrado de formaci\u00f3n profesional sean una realidad; pero tambi\u00e9n que por fin se d\u00e9 una soluci\u00f3n definitiva a la estaci\u00f3n de guaguas de Los Llanos de Aridane; que se seguir\u00e1 buscando mejorar el servicio de contrataci\u00f3n; se seguir\u00e1 trabajando en la l\u00edneas de aprobar la Relaciones de Puestos de Trabajo (RPT) y aumentando la dotaci\u00f3n de personal al servicio de la instituci\u00f3n municipal; o seguir mejorando la digitalizaci\u00f3n de los procedimientos administrativos.<\/p>\n<p style=\"text-align: justify;\">La Alcaldesa ha terminado su intervenci\u00f3n asegurando que \u201cde ahora en adelante, a pesar de vivir con cierto grado de incertidumbre, vamos a seguir trabajando en crecer manteniendo la UNIDAD, y nuestra l\u00ednea de actuaci\u00f3n ser\u00e1 la de garantizar la seguridad de los ciudadanos, la previsi\u00f3n, la atenci\u00f3n social como eje fundamental de nuestro gobierno, pero tambi\u00e9n la de la atenci\u00f3n a los empresarios, la de la dinamizaci\u00f3n, la inversi\u00f3n en infraestructuras y, en definitiva, la de la circulaci\u00f3n econ\u00f3mica y responsable\u201d. Para ello ser\u00e1 indispensable la leal colaboraci\u00f3n institucional.<\/p>\n<p style=\"text-align: justify;\">\u201cEstoy convencida que los 21 concejales queremos lo mejor para nuestro municipio, tenemos que aprender de la ciudadan\u00eda que ha modificado sus modos de vida y en las relaciones tenemos que aprender a cambiarlas tambi\u00e9n, porque todos queremos que Aridane sea mucho m\u00e1s\u201d.<\/p>\n","protected":false},"excerpt":{"rendered":"<p>En el Debate sobre el Estado del Municipio, celebrado este mi\u00e9rcoles 21 de octubre, la alcaldesa de Los Llanos de Aridane, Noelia Garc\u00eda Leal ha rendido cuentas de las pol\u00edticas impulsadas por su Gobierno durante el \u00faltimo a\u00f1o marcado por la pandemia y ha anunciado&#8230;<\/p>\n","protected":false},"author":1,"featured_media":0,"comment_status":"closed","ping_status":"closed","sticky":false,"template":"","format":"standard","meta":{"footnotes":""},"categories":[6],"tags":[],"class_list":["post-238","post","type-post","status-publish","format-standard","hentry","category-prensa"],"yoast_head":"<!-- This site is optimized with the Yoast SEO plugin v22.7 - https:\/\/yoast.com\/wordpress\/plugins\/seo\/ -->\n<title>La Alcaldesa apela a la unidad como la mejor garant\u00eda para afrontar la crisis - Ayuntamiento de Los Llanos de Aridane<\/title>\n<meta name=\"robots\" content=\"index, follow, max-snippet:-1, max-image-preview:large, max-video-preview:-1\" \/>\n<link rel=\"canonical\" href=\"https:\/\/www.aridane.org\/city\/2020\/10\/21\/la-alcaldesa-apela-a-la-unidad-como-la-mejor-garantia-para-afrontar-la-crisis\/\" \/>\n<meta property=\"og:locale\" content=\"es_ES\" \/>\n<meta property=\"og:type\" content=\"article\" \/>\n<meta property=\"og:title\" content=\"La Alcaldesa apela a la unidad como la mejor garant\u00eda para afrontar la crisis - Ayuntamiento de Los Llanos de Aridane\" \/>\n<meta property=\"og:description\" content=\"En el Debate sobre el Estado del Municipio, celebrado este mi\u00e9rcoles 21 de octubre, la alcaldesa de Los Llanos de Aridane, Noelia Garc\u00eda Leal ha rendido cuentas de las pol\u00edticas impulsadas por su Gobierno durante el \u00faltimo a\u00f1o marcado por la pandemia y ha anunciado...\" \/>\n<meta property=\"og:url\" content=\"https:\/\/www.aridane.org\/city\/2020\/10\/21\/la-alcaldesa-apela-a-la-unidad-como-la-mejor-garantia-para-afrontar-la-crisis\/\" \/>\n<meta property=\"og:site_name\" content=\"Ayuntamiento de Los Llanos de Aridane\" \/>\n<meta property=\"article:published_time\" content=\"2020-10-21T18:29:45+00:00\" \/>\n<meta name=\"author\" content=\"Richard Diaz\" \/>\n<meta name=\"twitter:card\" content=\"summary_large_image\" \/>\n<meta name=\"twitter:label1\" content=\"Escrito por\" \/>\n\t<meta name=\"twitter:data1\" content=\"Richard Diaz\" \/>\n\t<meta name=\"twitter:label2\" content=\"Tiempo de lectura\" \/>\n\t<meta name=\"twitter:data2\" content=\"5 minutos\" \/>\n<script type=\"application\/ld+json\" class=\"yoast-schema-graph\">{\"@context\":\"https:\/\/schema.org\",\"@graph\":[{\"@type\":\"WebPage\",\"@id\":\"https:\/\/www.aridane.org\/city\/2020\/10\/21\/la-alcaldesa-apela-a-la-unidad-como-la-mejor-garantia-para-afrontar-la-crisis\/\",\"url\":\"https:\/\/www.aridane.org\/city\/2020\/10\/21\/la-alcaldesa-apela-a-la-unidad-como-la-mejor-garantia-para-afrontar-la-crisis\/\",\"name\":\"La Alcaldesa apela a la unidad como la mejor garant\u00eda para afrontar la crisis - Ayuntamiento de Los Llanos de Aridane\",\"isPartOf\":{\"@id\":\"https:\/\/www.aridane.org\/city\/#website\"},\"datePublished\":\"2020-10-21T18:29:45+00:00\",\"dateModified\":\"2020-10-21T18:29:45+00:00\",\"author\":{\"@id\":\"https:\/\/www.aridane.org\/city\/#\/schema\/person\/7d352ec7f29881716f298394432e7209\"},\"breadcrumb\":{\"@id\":\"https:\/\/www.aridane.org\/city\/2020\/10\/21\/la-alcaldesa-apela-a-la-unidad-como-la-mejor-garantia-para-afrontar-la-crisis\/#breadcrumb\"},\"inLanguage\":\"es\",\"potentialAction\":[{\"@type\":\"ReadAction\",\"target\":[\"https:\/\/www.aridane.org\/city\/2020\/10\/21\/la-alcaldesa-apela-a-la-unidad-como-la-mejor-garantia-para-afrontar-la-crisis\/\"]}]},{\"@type\":\"BreadcrumbList\",\"@id\":\"https:\/\/www.aridane.org\/city\/2020\/10\/21\/la-alcaldesa-apela-a-la-unidad-como-la-mejor-garantia-para-afrontar-la-crisis\/#breadcrumb\",\"itemListElement\":[{\"@type\":\"ListItem\",\"position\":1,\"name\":\"Portada\",\"item\":\"https:\/\/www.aridane.org\/city\/\"},{\"@type\":\"ListItem\",\"position\":2,\"name\":\"La Alcaldesa apela a la unidad como la mejor garant\u00eda para afrontar la crisis\"}]},{\"@type\":\"WebSite\",\"@id\":\"https:\/\/www.aridane.org\/city\/#website\",\"url\":\"https:\/\/www.aridane.org\/city\/\",\"name\":\"Ayuntamiento de Los Llanos de Aridane\",\"description\":\"\",\"potentialAction\":[{\"@type\":\"SearchAction\",\"target\":{\"@type\":\"EntryPoint\",\"urlTemplate\":\"https:\/\/www.aridane.org\/city\/?s={search_term_string}\"},\"query-input\":\"required name=search_term_string\"}],\"inLanguage\":\"es\"},{\"@type\":\"Person\",\"@id\":\"https:\/\/www.aridane.org\/city\/#\/schema\/person\/7d352ec7f29881716f298394432e7209\",\"name\":\"Richard Diaz\",\"image\":{\"@type\":\"ImageObject\",\"inLanguage\":\"es\",\"@id\":\"https:\/\/www.aridane.org\/city\/#\/schema\/person\/image\/\",\"url\":\"https:\/\/secure.gravatar.com\/avatar\/bacd6aefc26a4a204943090a4c596cd10f0857081ef3cfd12084a70ecb3161d5?s=96&d=mm&r=g\",\"contentUrl\":\"https:\/\/secure.gravatar.com\/avatar\/bacd6aefc26a4a204943090a4c596cd10f0857081ef3cfd12084a70ecb3161d5?s=96&d=mm&r=g\",\"caption\":\"Richard Diaz\"},\"sameAs\":[\"https:\/\/www.aridane.org\/city\"],\"url\":\"https:\/\/www.aridane.org\/city\/author\/richard-diaz\/\"}]}<\/script>\n<!-- \/ Yoast SEO plugin. -->","yoast_head_json":{"title":"La Alcaldesa apela a la unidad como la mejor garant\u00eda para afrontar la crisis - Ayuntamiento de Los Llanos de Aridane","robots":{"index":"index","follow":"follow","max-snippet":"max-snippet:-1","max-image-preview":"max-image-preview:large","max-video-preview":"max-video-preview:-1"},"canonical":"https:\/\/www.aridane.org\/city\/2020\/10\/21\/la-alcaldesa-apela-a-la-unidad-como-la-mejor-garantia-para-afrontar-la-crisis\/","og_locale":"es_ES","og_type":"article","og_title":"La Alcaldesa apela a la unidad como la mejor garant\u00eda para afrontar la crisis - Ayuntamiento de Los Llanos de Aridane","og_description":"En el Debate sobre el Estado del Municipio, celebrado este mi\u00e9rcoles 21 de octubre, la alcaldesa de Los Llanos de Aridane, Noelia Garc\u00eda Leal ha rendido cuentas de las pol\u00edticas impulsadas por su Gobierno durante el \u00faltimo a\u00f1o marcado por la pandemia y ha anunciado...","og_url":"https:\/\/www.aridane.org\/city\/2020\/10\/21\/la-alcaldesa-apela-a-la-unidad-como-la-mejor-garantia-para-afrontar-la-crisis\/","og_site_name":"Ayuntamiento de Los Llanos de Aridane","article_published_time":"2020-10-21T18:29:45+00:00","author":"Richard Diaz","twitter_card":"summary_large_image","twitter_misc":{"Escrito por":"Richard Diaz","Tiempo de lectura":"5 minutos"},"schema":{"@context":"https:\/\/schema.org","@graph":[{"@type":"WebPage","@id":"https:\/\/www.aridane.org\/city\/2020\/10\/21\/la-alcaldesa-apela-a-la-unidad-como-la-mejor-garantia-para-afrontar-la-crisis\/","url":"https:\/\/www.aridane.org\/city\/2020\/10\/21\/la-alcaldesa-apela-a-la-unidad-como-la-mejor-garantia-para-afrontar-la-crisis\/","name":"La Alcaldesa apela a la unidad como la mejor garant\u00eda para afrontar la crisis - Ayuntamiento de Los Llanos de Aridane","isPartOf":{"@id":"https:\/\/www.aridane.org\/city\/#website"},"datePublished":"2020-10-21T18:29:45+00:00","dateModified":"2020-10-21T18:29:45+00:00","author":{"@id":"https:\/\/www.aridane.org\/city\/#\/schema\/person\/7d352ec7f29881716f298394432e7209"},"breadcrumb":{"@id":"https:\/\/www.aridane.org\/city\/2020\/10\/21\/la-alcaldesa-apela-a-la-unidad-como-la-mejor-garantia-para-afrontar-la-crisis\/#breadcrumb"},"inLanguage":"es","potentialAction":[{"@type":"ReadAction","target":["https:\/\/www.aridane.org\/city\/2020\/10\/21\/la-alcaldesa-apela-a-la-unidad-como-la-mejor-garantia-para-afrontar-la-crisis\/"]}]},{"@type":"BreadcrumbList","@id":"https:\/\/www.aridane.org\/city\/2020\/10\/21\/la-alcaldesa-apela-a-la-unidad-como-la-mejor-garantia-para-afrontar-la-crisis\/#breadcrumb","itemListElement":[{"@type":"ListItem","position":1,"name":"Portada","item":"https:\/\/www.aridane.org\/city\/"},{"@type":"ListItem","position":2,"name":"La Alcaldesa apela a la unidad como la mejor garant\u00eda para afrontar la crisis"}]},{"@type":"WebSite","@id":"https:\/\/www.aridane.org\/city\/#website","url":"https:\/\/www.aridane.org\/city\/","name":"Ayuntamiento de Los Llanos de Aridane","description":"","potentialAction":[{"@type":"SearchAction","target":{"@type":"EntryPoint","urlTemplate":"https:\/\/www.aridane.org\/city\/?s={search_term_string}"},"query-input":"required name=search_term_string"}],"inLanguage":"es"},{"@type":"Person","@id":"https:\/\/www.aridane.org\/city\/#\/schema\/person\/7d352ec7f29881716f298394432e7209","name":"Richard Diaz","image":{"@type":"ImageObject","inLanguage":"es","@id":"https:\/\/www.aridane.org\/city\/#\/schema\/person\/image\/","url":"https:\/\/secure.gravatar.com\/avatar\/bacd6aefc26a4a204943090a4c596cd10f0857081ef3cfd12084a70ecb3161d5?s=96&d=mm&r=g","contentUrl":"https:\/\/secure.gravatar.com\/avatar\/bacd6aefc26a4a204943090a4c596cd10f0857081ef3cfd12084a70ecb3161d5?s=96&d=mm&r=g","caption":"Richard Diaz"},"sameAs":["https:\/\/www.aridane.org\/city"],"url":"https:\/\/www.aridane.org\/city\/author\/richard-diaz\/"}]}},"_links":{"self":[{"href":"https:\/\/www.aridane.org\/city\/wp-json\/wp\/v2\/posts\/238","targetHints":{"allow":["GET"]}}],"collection":[{"href":"https:\/\/www.aridane.org\/city\/wp-json\/wp\/v2\/posts"}],"about":[{"href":"https:\/\/www.aridane.org\/city\/wp-json\/wp\/v2\/types\/post"}],"author":[{"embeddable":true,"href":"https:\/\/www.aridane.org\/city\/wp-json\/wp\/v2\/users\/1"}],"replies":[{"embeddable":true,"href":"https:\/\/www.aridane.org\/city\/wp-json\/wp\/v2\/comments?post=238"}],"version-history":[{"count":0,"href":"https:\/\/www.aridane.org\/city\/wp-json\/wp\/v2\/posts\/238\/revisions"}],"wp:attachment":[{"href":"https:\/\/www.aridane.org\/city\/wp-json\/wp\/v2\/media?parent=238"}],"wp:term":[{"taxonomy":"category","embeddable":true,"href":"https:\/\/www.aridane.org\/city\/wp-json\/wp\/v2\/categories?post=238"},{"taxonomy":"post_tag","embeddable":true,"href":"https:\/\/www.aridane.org\/city\/wp-json\/wp\/v2\/tags?post=238"}],"curies":[{"name":"wp","href":"https:\/\/api.w.org\/{rel}","templated":true}]}}