{"id":241,"date":"2020-10-19T19:32:04","date_gmt":"2020-10-19T18:32:04","guid":{"rendered":"https:\/\/aridane.org\/ciudad\/?p=241"},"modified":"2020-10-19T19:32:04","modified_gmt":"2020-10-19T18:32:04","slug":"los-llanos-de-aridane-celebra-el-dia-de-todos-los-santos-con-estrictas-medidas-de-seguridad-anticovid-19","status":"publish","type":"post","link":"https:\/\/www.aridane.org\/city\/2020\/10\/19\/los-llanos-de-aridane-celebra-el-dia-de-todos-los-santos-con-estrictas-medidas-de-seguridad-anticovid-19\/","title":{"rendered":"Los Llanos de Aridane celebra el d\u00eda de Todos los Santos con estrictas medidas de seguridad anticovid-19"},"content":{"rendered":"<p style=\"text-align: justify;\">El Ayuntamiento Los Llanos de Aridane, a trav\u00e9s del \u00e1rea de Cementerios que dirige M\u00f3nica Gonz\u00e1lez, en aras de facilitar el acceso a los camposantos ha preparado estrictas medidas de seguridad que se llevar\u00e1n a cabo durante los pr\u00f3ximos d\u00edas con motivo de la Festividad de Todos los Santos.<\/p>\n<p style=\"text-align: justify;\">Desde la corporaci\u00f3n municipal se recomienda no dejar los enrames para \u00faltima hora y realizar la limpieza de nichos la semana anterior al d\u00eda 1 de noviembre. En la medida de lo posible se recomienda llevar desde casa las tarrinas y ramos preparados, de esa forma se agilizar\u00e1n los enrames, y se evitar\u00e1 la permanencia en los pasillos para evitar las aglomeraciones.<\/p>\n<p style=\"text-align: justify;\">La Alcaldesa, Noelia Garc\u00eda Leal, se ha mostrado confiada \u201cen el buen hacer y en la responsabilidad de todos los vecinos para conseguir que la festividad de Todos los Santos se celebre como se ha hecho durante todos los a\u00f1os\u201d. La regidora municipal hizo un llamamiento a todos los vecinos para que adelanten sus visitas y que las hagan de manera escalonada. \u201cAl fin y al cabo, todos deseamos poder recordar a nuestros difuntos con la tranquilidad y la serenidad que se merecen, pero siempre cuidando de nuestra salud y de los que est\u00e1n a nuestro lado\u201d.<\/p>\n<p style=\"text-align: justify;\">Desde el Ayuntamiento tambi\u00e9n se garantizar\u00e1 la limpieza y desinfecci\u00f3n de manera regular para asegurar la seguridad sanitaria.<\/p>\n<p style=\"text-align: justify;\"><strong>Cementerio de Los \u00c1ngeles<\/strong><\/p>\n<p style=\"text-align: justify;\">Para evitar aglomeraciones se recomienda acudir al cementerio municipal de Los \u00c1ngeles los d\u00edas previos a realizar los enrames. Para una mejor organizaci\u00f3n a partir del d\u00eda jueves 29 al s\u00e1bado el s\u00e1bado 31 en horario de tarde, se contar\u00e1 con Polic\u00eda Municipal y Protecci\u00f3n Civil, que se encargar\u00e1n de la organizaci\u00f3n de las entradas y salidas, y recordar la obligatoriedad del uso de la mascarilla. \u00a0Se recomienda que la visita sea lo m\u00e1s breve posible y se evite la circulaci\u00f3n en las distintas zonas del cementerio; medidas que se indicar\u00e1n en el interior del cementerio<\/p>\n<p style=\"text-align: justify;\">Para el d\u00eda 1 de noviembre se realizar\u00e1n tres misas en el Cementerio Municipal de Los \u00c1ngeles cuyos horarios ser\u00e1n: a las 10:00 horas, a las 12:00 horas y a las 17:00 hora. Para poder acudir a la eucarist\u00eda que ser\u00e1n con control de aforo ser\u00e1 necesario<br \/>\nreservar las plazas, para ellos se har\u00e1 entrega de unos tickets que se podr\u00e1n recoger los d\u00edas previos en las parroquias de Puerto Naos, La Laguna, Todoque, Las Manchas y en la Concejal\u00eda de Servicios Municipales del Ayuntamiento de Los Llanos de Aridane (Planta 1), en horario de 8:00 a 14.00 horas de lunes a viernes.<\/p>\n<p style=\"text-align: justify;\"><strong>Cementerio Parroquial<\/strong><\/p>\n<p style=\"text-align: justify;\">\u00a0Desde la Parroquia Matriz de Los Llanos de Aridane se ha informado que para los d\u00edas previos al D\u00eda de Los Difuntos se podr\u00e1 acudir a enramar siempre respetando las medidas de seguridad sanitarias, donde adem\u00e1s debido a la limitaci\u00f3n de espacios que dispone el cementerio parroquial habr\u00e1 control de aforo.<\/p>\n<p style=\"text-align: justify;\">Para el d\u00eda 1 de noviembre en la plaza anterior al Cementerio Parroquial, tendr\u00e1 lugar la celebraci\u00f3n de la eucarist\u00eda que se realizar\u00e1 a las 11:00 horas hasta completar aforo; mientras que el lunes 2 la misa ser\u00e1 a las 9:00 horas.<\/p>\n<p style=\"text-align: justify;\">El Ayuntamiento se reserva el derecho a suspender o modificar los horarios de las misas as\u00ed como la asistencia al Camposanto si la realidad sanitaria lo requiere.<\/p>\n<p style=\"text-align: justify;\">\u201cSon d\u00edas especiales para el recuerdo de esos seres queridos que ya no est\u00e1n con nosotros por lo que recordamos a los vecinos que no se desplacen al camposanto sin su plaza reservada para una mayor seguridad para todos\u201d, destac\u00f3 la concejala, M\u00f3nica Gonz\u00e1lez.<\/p>\n","protected":false},"excerpt":{"rendered":"<p>El Ayuntamiento Los Llanos de Aridane, a trav\u00e9s del \u00e1rea de Cementerios que dirige M\u00f3nica Gonz\u00e1lez, en aras de facilitar el acceso a los camposantos ha preparado estrictas medidas de seguridad que se llevar\u00e1n a cabo durante los pr\u00f3ximos d\u00edas con motivo de la Festividad&#8230;<\/p>\n","protected":false},"author":1,"featured_media":0,"comment_status":"closed","ping_status":"closed","sticky":false,"template":"","format":"standard","meta":{"footnotes":""},"categories":[6],"tags":[],"class_list":["post-241","post","type-post","status-publish","format-standard","hentry","category-prensa"],"yoast_head":"<!-- This site is optimized with the Yoast SEO plugin v22.7 - https:\/\/yoast.com\/wordpress\/plugins\/seo\/ -->\n<title>Los Llanos de Aridane celebra el d\u00eda de Todos los Santos con estrictas medidas de seguridad anticovid-19 - Ayuntamiento de Los Llanos de Aridane<\/title>\n<meta name=\"robots\" content=\"index, follow, max-snippet:-1, max-image-preview:large, max-video-preview:-1\" \/>\n<link rel=\"canonical\" href=\"https:\/\/www.aridane.org\/city\/2020\/10\/19\/los-llanos-de-aridane-celebra-el-dia-de-todos-los-santos-con-estrictas-medidas-de-seguridad-anticovid-19\/\" \/>\n<meta property=\"og:locale\" content=\"es_ES\" \/>\n<meta property=\"og:type\" content=\"article\" \/>\n<meta property=\"og:title\" content=\"Los Llanos de Aridane celebra el d\u00eda de Todos los Santos con estrictas medidas de seguridad anticovid-19 - Ayuntamiento de Los Llanos de Aridane\" \/>\n<meta property=\"og:description\" content=\"El Ayuntamiento Los Llanos de Aridane, a trav\u00e9s del \u00e1rea de Cementerios que dirige M\u00f3nica Gonz\u00e1lez, en aras de facilitar el acceso a los camposantos ha preparado estrictas medidas de seguridad que se llevar\u00e1n a cabo durante los pr\u00f3ximos d\u00edas con motivo de la Festividad...\" \/>\n<meta property=\"og:url\" content=\"https:\/\/www.aridane.org\/city\/2020\/10\/19\/los-llanos-de-aridane-celebra-el-dia-de-todos-los-santos-con-estrictas-medidas-de-seguridad-anticovid-19\/\" \/>\n<meta property=\"og:site_name\" content=\"Ayuntamiento de Los Llanos de Aridane\" \/>\n<meta property=\"article:published_time\" content=\"2020-10-19T18:32:04+00:00\" \/>\n<meta name=\"author\" content=\"Richard Diaz\" \/>\n<meta name=\"twitter:card\" content=\"summary_large_image\" \/>\n<meta name=\"twitter:label1\" content=\"Escrito por\" \/>\n\t<meta name=\"twitter:data1\" content=\"Richard Diaz\" \/>\n\t<meta name=\"twitter:label2\" content=\"Tiempo de lectura\" \/>\n\t<meta name=\"twitter:data2\" content=\"3 minutos\" \/>\n<script type=\"application\/ld+json\" class=\"yoast-schema-graph\">{\"@context\":\"https:\/\/schema.org\",\"@graph\":[{\"@type\":\"WebPage\",\"@id\":\"https:\/\/www.aridane.org\/city\/2020\/10\/19\/los-llanos-de-aridane-celebra-el-dia-de-todos-los-santos-con-estrictas-medidas-de-seguridad-anticovid-19\/\",\"url\":\"https:\/\/www.aridane.org\/city\/2020\/10\/19\/los-llanos-de-aridane-celebra-el-dia-de-todos-los-santos-con-estrictas-medidas-de-seguridad-anticovid-19\/\",\"name\":\"Los Llanos de Aridane celebra el d\u00eda de Todos los Santos con estrictas medidas de seguridad anticovid-19 - Ayuntamiento de Los Llanos de Aridane\",\"isPartOf\":{\"@id\":\"https:\/\/www.aridane.org\/city\/#website\"},\"datePublished\":\"2020-10-19T18:32:04+00:00\",\"dateModified\":\"2020-10-19T18:32:04+00:00\",\"author\":{\"@id\":\"https:\/\/www.aridane.org\/city\/#\/schema\/person\/7d352ec7f29881716f298394432e7209\"},\"breadcrumb\":{\"@id\":\"https:\/\/www.aridane.org\/city\/2020\/10\/19\/los-llanos-de-aridane-celebra-el-dia-de-todos-los-santos-con-estrictas-medidas-de-seguridad-anticovid-19\/#breadcrumb\"},\"inLanguage\":\"es\",\"potentialAction\":[{\"@type\":\"ReadAction\",\"target\":[\"https:\/\/www.aridane.org\/city\/2020\/10\/19\/los-llanos-de-aridane-celebra-el-dia-de-todos-los-santos-con-estrictas-medidas-de-seguridad-anticovid-19\/\"]}]},{\"@type\":\"BreadcrumbList\",\"@id\":\"https:\/\/www.aridane.org\/city\/2020\/10\/19\/los-llanos-de-aridane-celebra-el-dia-de-todos-los-santos-con-estrictas-medidas-de-seguridad-anticovid-19\/#breadcrumb\",\"itemListElement\":[{\"@type\":\"ListItem\",\"position\":1,\"name\":\"Portada\",\"item\":\"https:\/\/www.aridane.org\/city\/\"},{\"@type\":\"ListItem\",\"position\":2,\"name\":\"Los Llanos de Aridane celebra el d\u00eda de Todos los Santos con estrictas medidas de seguridad anticovid-19\"}]},{\"@type\":\"WebSite\",\"@id\":\"https:\/\/www.aridane.org\/city\/#website\",\"url\":\"https:\/\/www.aridane.org\/city\/\",\"name\":\"Ayuntamiento de Los Llanos de Aridane\",\"description\":\"\",\"potentialAction\":[{\"@type\":\"SearchAction\",\"target\":{\"@type\":\"EntryPoint\",\"urlTemplate\":\"https:\/\/www.aridane.org\/city\/?s={search_term_string}\"},\"query-input\":\"required name=search_term_string\"}],\"inLanguage\":\"es\"},{\"@type\":\"Person\",\"@id\":\"https:\/\/www.aridane.org\/city\/#\/schema\/person\/7d352ec7f29881716f298394432e7209\",\"name\":\"Richard Diaz\",\"image\":{\"@type\":\"ImageObject\",\"inLanguage\":\"es\",\"@id\":\"https:\/\/www.aridane.org\/city\/#\/schema\/person\/image\/\",\"url\":\"https:\/\/secure.gravatar.com\/avatar\/bacd6aefc26a4a204943090a4c596cd10f0857081ef3cfd12084a70ecb3161d5?s=96&d=mm&r=g\",\"contentUrl\":\"https:\/\/secure.gravatar.com\/avatar\/bacd6aefc26a4a204943090a4c596cd10f0857081ef3cfd12084a70ecb3161d5?s=96&d=mm&r=g\",\"caption\":\"Richard Diaz\"},\"sameAs\":[\"https:\/\/www.aridane.org\/city\"],\"url\":\"https:\/\/www.aridane.org\/city\/author\/richard-diaz\/\"}]}<\/script>\n<!-- \/ Yoast SEO plugin. -->","yoast_head_json":{"title":"Los Llanos de Aridane celebra el d\u00eda de Todos los Santos con estrictas medidas de seguridad anticovid-19 - Ayuntamiento de Los Llanos de Aridane","robots":{"index":"index","follow":"follow","max-snippet":"max-snippet:-1","max-image-preview":"max-image-preview:large","max-video-preview":"max-video-preview:-1"},"canonical":"https:\/\/www.aridane.org\/city\/2020\/10\/19\/los-llanos-de-aridane-celebra-el-dia-de-todos-los-santos-con-estrictas-medidas-de-seguridad-anticovid-19\/","og_locale":"es_ES","og_type":"article","og_title":"Los Llanos de Aridane celebra el d\u00eda de Todos los Santos con estrictas medidas de seguridad anticovid-19 - Ayuntamiento de Los Llanos de Aridane","og_description":"El Ayuntamiento Los Llanos de Aridane, a trav\u00e9s del \u00e1rea de Cementerios que dirige M\u00f3nica Gonz\u00e1lez, en aras de facilitar el acceso a los camposantos ha preparado estrictas medidas de seguridad que se llevar\u00e1n a cabo durante los pr\u00f3ximos d\u00edas con motivo de la Festividad...","og_url":"https:\/\/www.aridane.org\/city\/2020\/10\/19\/los-llanos-de-aridane-celebra-el-dia-de-todos-los-santos-con-estrictas-medidas-de-seguridad-anticovid-19\/","og_site_name":"Ayuntamiento de Los Llanos de Aridane","article_published_time":"2020-10-19T18:32:04+00:00","author":"Richard Diaz","twitter_card":"summary_large_image","twitter_misc":{"Escrito por":"Richard Diaz","Tiempo de lectura":"3 minutos"},"schema":{"@context":"https:\/\/schema.org","@graph":[{"@type":"WebPage","@id":"https:\/\/www.aridane.org\/city\/2020\/10\/19\/los-llanos-de-aridane-celebra-el-dia-de-todos-los-santos-con-estrictas-medidas-de-seguridad-anticovid-19\/","url":"https:\/\/www.aridane.org\/city\/2020\/10\/19\/los-llanos-de-aridane-celebra-el-dia-de-todos-los-santos-con-estrictas-medidas-de-seguridad-anticovid-19\/","name":"Los Llanos de Aridane celebra el d\u00eda de Todos los Santos con estrictas medidas de seguridad anticovid-19 - Ayuntamiento de Los Llanos de Aridane","isPartOf":{"@id":"https:\/\/www.aridane.org\/city\/#website"},"datePublished":"2020-10-19T18:32:04+00:00","dateModified":"2020-10-19T18:32:04+00:00","author":{"@id":"https:\/\/www.aridane.org\/city\/#\/schema\/person\/7d352ec7f29881716f298394432e7209"},"breadcrumb":{"@id":"https:\/\/www.aridane.org\/city\/2020\/10\/19\/los-llanos-de-aridane-celebra-el-dia-de-todos-los-santos-con-estrictas-medidas-de-seguridad-anticovid-19\/#breadcrumb"},"inLanguage":"es","potentialAction":[{"@type":"ReadAction","target":["https:\/\/www.aridane.org\/city\/2020\/10\/19\/los-llanos-de-aridane-celebra-el-dia-de-todos-los-santos-con-estrictas-medidas-de-seguridad-anticovid-19\/"]}]},{"@type":"BreadcrumbList","@id":"https:\/\/www.aridane.org\/city\/2020\/10\/19\/los-llanos-de-aridane-celebra-el-dia-de-todos-los-santos-con-estrictas-medidas-de-seguridad-anticovid-19\/#breadcrumb","itemListElement":[{"@type":"ListItem","position":1,"name":"Portada","item":"https:\/\/www.aridane.org\/city\/"},{"@type":"ListItem","position":2,"name":"Los Llanos de Aridane celebra el d\u00eda de Todos los Santos con estrictas medidas de seguridad anticovid-19"}]},{"@type":"WebSite","@id":"https:\/\/www.aridane.org\/city\/#website","url":"https:\/\/www.aridane.org\/city\/","name":"Ayuntamiento de Los Llanos de Aridane","description":"","potentialAction":[{"@type":"SearchAction","target":{"@type":"EntryPoint","urlTemplate":"https:\/\/www.aridane.org\/city\/?s={search_term_string}"},"query-input":"required name=search_term_string"}],"inLanguage":"es"},{"@type":"Person","@id":"https:\/\/www.aridane.org\/city\/#\/schema\/person\/7d352ec7f29881716f298394432e7209","name":"Richard Diaz","image":{"@type":"ImageObject","inLanguage":"es","@id":"https:\/\/www.aridane.org\/city\/#\/schema\/person\/image\/","url":"https:\/\/secure.gravatar.com\/avatar\/bacd6aefc26a4a204943090a4c596cd10f0857081ef3cfd12084a70ecb3161d5?s=96&d=mm&r=g","contentUrl":"https:\/\/secure.gravatar.com\/avatar\/bacd6aefc26a4a204943090a4c596cd10f0857081ef3cfd12084a70ecb3161d5?s=96&d=mm&r=g","caption":"Richard Diaz"},"sameAs":["https:\/\/www.aridane.org\/city"],"url":"https:\/\/www.aridane.org\/city\/author\/richard-diaz\/"}]}},"_links":{"self":[{"href":"https:\/\/www.aridane.org\/city\/wp-json\/wp\/v2\/posts\/241","targetHints":{"allow":["GET"]}}],"collection":[{"href":"https:\/\/www.aridane.org\/city\/wp-json\/wp\/v2\/posts"}],"about":[{"href":"https:\/\/www.aridane.org\/city\/wp-json\/wp\/v2\/types\/post"}],"author":[{"embeddable":true,"href":"https:\/\/www.aridane.org\/city\/wp-json\/wp\/v2\/users\/1"}],"replies":[{"embeddable":true,"href":"https:\/\/www.aridane.org\/city\/wp-json\/wp\/v2\/comments?post=241"}],"version-history":[{"count":0,"href":"https:\/\/www.aridane.org\/city\/wp-json\/wp\/v2\/posts\/241\/revisions"}],"wp:attachment":[{"href":"https:\/\/www.aridane.org\/city\/wp-json\/wp\/v2\/media?parent=241"}],"wp:term":[{"taxonomy":"category","embeddable":true,"href":"https:\/\/www.aridane.org\/city\/wp-json\/wp\/v2\/categories?post=241"},{"taxonomy":"post_tag","embeddable":true,"href":"https:\/\/www.aridane.org\/city\/wp-json\/wp\/v2\/tags?post=241"}],"curies":[{"name":"wp","href":"https:\/\/api.w.org\/{rel}","templated":true}]}}