{"id":2623,"date":"2023-07-24T08:51:11","date_gmt":"2023-07-24T08:51:11","guid":{"rendered":"https:\/\/www.aridane.org\/city\/?p=2623"},"modified":"2023-08-07T08:56:07","modified_gmt":"2023-08-07T08:56:07","slug":"los-llanos-amplia-el-horario-de-la-oficina-de-atencion-ciudadana-para-gestionar-las-ayudas-del-volcan","status":"publish","type":"post","link":"https:\/\/www.aridane.org\/city\/2023\/07\/24\/los-llanos-amplia-el-horario-de-la-oficina-de-atencion-ciudadana-para-gestionar-las-ayudas-del-volcan\/","title":{"rendered":"Los Llanos ampl\u00eda el horario de la oficina de atenci\u00f3n ciudadana para gestionar las ayudas del volc\u00e1n"},"content":{"rendered":"<p><em>Este martes y jueves la oficina abrir\u00e1 de 16:00 a 19:00 horas<\/em><\/p>\n<p><!--more--><\/p>\n<p>El Ayuntamiento de Los Llanos de Aridane ampl\u00eda el horario de la Oficina de Atenci\u00f3n Ciudadana para gestionar las ayudas del volc\u00e1n relativas a las personas afectadas por la p\u00e9rdida de inmuebles, fincas y negocios en el municipio. La oficina abrir\u00e1 de 16:00 a 19:00 horas este martes, 25 de julio, y el jueves, d\u00eda 27.<\/p>\n<p>El alcalde, Javier Llamas, explica que, con este refuerzo, desde el grupo de gobierno municipal buscan \u201cfacilitar la tramitaci\u00f3n y ayudar a las personas que no puedan acudir en horario de ma\u00f1ana\u201d.<\/p>\n<p>La subvenci\u00f3n fue publicada el pasado viernes, 21 de julio, en el Bolet\u00edn Oficial de la Provincia de Santa Cruz de Tenerife. Existe un plazo de 10 d\u00edas h\u00e1biles para presentar la documentaci\u00f3n requerida.<\/p>\n<p>La persona solicitante deber\u00e1 entregar en los registros del Ayuntamiento, bien\u00a0 de forma presencial, bien por la sede electr\u00f3nica, la documentaci\u00f3n acreditativa. Esta es el DNI o NIE, el t\u00edtulo de propiedad o acta de notoriedad de la finca afectada -que acredite la titularidad del\u00a0 inmueble por parte del solicitante de la ayuda a la fecha de producci\u00f3n del da\u00f1o o afectaci\u00f3n-, as\u00ed como la resoluci\u00f3n de inscripci\u00f3n en el Registro \u00fanico como afectado.<\/p>\n<h2>Requisitos para las ayudas del volc\u00e1n<\/h2>\n<p>Para optar a la ayuda hay que ser mayor de 18 a\u00f1os o estar emancipado legalmente. Excepcionalmente podr\u00e1n solicitar estas\u00a0 ayudas econ\u00f3micas municipales aquellos menores que tengan a su cargo hijos, aquellos que\u00a0 procedan de instituci\u00f3n de protecci\u00f3n de menores, as\u00ed como menores hu\u00e9rfanos de padre y\u00a0 madre (en el tr\u00e1mite de asignaci\u00f3n de tutor\/a legal).<\/p>\n<p>Tambi\u00e9n es necesario ser propietario de al menos un inmueble o finca afectado por la erupci\u00f3n del volc\u00e1n. Cabe destacar que los inmuebles o fincas afectadas deben estar radicadas en el municipio de Los Llanos de\u00a0 Aridane<\/p>\n<p>Asimismo, dada la situaci\u00f3n extraordinaria de la concesi\u00f3n de estas subvenciones, los beneficiarios quedan exceptuados de encontrarse al corriente en el cumplimiento de las\u00a0 obligaciones tributarias o frente a la Seguridad Social impuestas por las disposiciones vigentes , y de hallarse al corriente de pago de obligaciones por reintegro de subvenciones.<\/p>\n","protected":false},"excerpt":{"rendered":"<p>Este martes y jueves la oficina abrir\u00e1 de 16:00 a 19:00 horas<\/p>\n","protected":false},"author":4,"featured_media":2624,"comment_status":"open","ping_status":"open","sticky":false,"template":"","format":"standard","meta":{"footnotes":""},"categories":[1],"tags":[],"class_list":["post-2623","post","type-post","status-publish","format-standard","has-post-thumbnail","hentry","category-sin-categoria"],"yoast_head":"<!-- This site is optimized with the Yoast SEO plugin v22.7 - https:\/\/yoast.com\/wordpress\/plugins\/seo\/ -->\n<title>Los Llanos ampl\u00eda el horario de la oficina de atenci\u00f3n ciudadana para gestionar las ayudas del volc\u00e1n - Ayuntamiento de Los Llanos de Aridane<\/title>\n<meta name=\"description\" content=\"El Ayuntamiento de Los Llanos de Aridane ampl\u00eda el horario de la Oficina de Atenci\u00f3n Ciudadana para gestionar las ayudas del volc\u00e1n...\" \/>\n<meta name=\"robots\" content=\"index, follow, max-snippet:-1, max-image-preview:large, max-video-preview:-1\" \/>\n<link rel=\"canonical\" href=\"https:\/\/www.aridane.org\/city\/2023\/07\/24\/los-llanos-amplia-el-horario-de-la-oficina-de-atencion-ciudadana-para-gestionar-las-ayudas-del-volcan\/\" \/>\n<meta property=\"og:locale\" content=\"es_ES\" \/>\n<meta property=\"og:type\" content=\"article\" \/>\n<meta property=\"og:title\" content=\"Los Llanos ampl\u00eda el horario de la oficina de atenci\u00f3n ciudadana para gestionar las ayudas del volc\u00e1n - Ayuntamiento de Los Llanos de Aridane\" \/>\n<meta property=\"og:description\" content=\"El Ayuntamiento de Los Llanos de Aridane ampl\u00eda el horario de la Oficina de Atenci\u00f3n Ciudadana para gestionar las ayudas del volc\u00e1n...\" \/>\n<meta property=\"og:url\" content=\"https:\/\/www.aridane.org\/city\/2023\/07\/24\/los-llanos-amplia-el-horario-de-la-oficina-de-atencion-ciudadana-para-gestionar-las-ayudas-del-volcan\/\" \/>\n<meta property=\"og:site_name\" content=\"Ayuntamiento de Los Llanos de Aridane\" \/>\n<meta property=\"article:published_time\" content=\"2023-07-24T08:51:11+00:00\" \/>\n<meta property=\"article:modified_time\" content=\"2023-08-07T08:56:07+00:00\" \/>\n<meta property=\"og:image\" content=\"https:\/\/www.aridane.org\/city\/wp-content\/uploads\/2023\/08\/Ayuntamiento-Los-Llanos-OK.jpg\" \/>\n\t<meta property=\"og:image:width\" content=\"1200\" \/>\n\t<meta property=\"og:image:height\" content=\"675\" \/>\n\t<meta property=\"og:image:type\" content=\"image\/jpeg\" \/>\n<meta name=\"author\" content=\"Corresponsal\" \/>\n<meta name=\"twitter:card\" content=\"summary_large_image\" \/>\n<meta name=\"twitter:label1\" content=\"Escrito por\" \/>\n\t<meta name=\"twitter:data1\" content=\"Corresponsal\" \/>\n\t<meta name=\"twitter:label2\" content=\"Tiempo de lectura\" \/>\n\t<meta name=\"twitter:data2\" content=\"2 minutos\" \/>\n<script type=\"application\/ld+json\" class=\"yoast-schema-graph\">{\"@context\":\"https:\/\/schema.org\",\"@graph\":[{\"@type\":\"WebPage\",\"@id\":\"https:\/\/www.aridane.org\/city\/2023\/07\/24\/los-llanos-amplia-el-horario-de-la-oficina-de-atencion-ciudadana-para-gestionar-las-ayudas-del-volcan\/\",\"url\":\"https:\/\/www.aridane.org\/city\/2023\/07\/24\/los-llanos-amplia-el-horario-de-la-oficina-de-atencion-ciudadana-para-gestionar-las-ayudas-del-volcan\/\",\"name\":\"Los Llanos ampl\u00eda el horario de la oficina de atenci\u00f3n ciudadana para gestionar las ayudas del volc\u00e1n - Ayuntamiento de Los Llanos de Aridane\",\"isPartOf\":{\"@id\":\"https:\/\/www.aridane.org\/city\/#website\"},\"primaryImageOfPage\":{\"@id\":\"https:\/\/www.aridane.org\/city\/2023\/07\/24\/los-llanos-amplia-el-horario-de-la-oficina-de-atencion-ciudadana-para-gestionar-las-ayudas-del-volcan\/#primaryimage\"},\"image\":{\"@id\":\"https:\/\/www.aridane.org\/city\/2023\/07\/24\/los-llanos-amplia-el-horario-de-la-oficina-de-atencion-ciudadana-para-gestionar-las-ayudas-del-volcan\/#primaryimage\"},\"thumbnailUrl\":\"https:\/\/www.aridane.org\/city\/wp-content\/uploads\/2023\/08\/Ayuntamiento-Los-Llanos-OK.jpg\",\"datePublished\":\"2023-07-24T08:51:11+00:00\",\"dateModified\":\"2023-08-07T08:56:07+00:00\",\"author\":{\"@id\":\"https:\/\/www.aridane.org\/city\/#\/schema\/person\/89ebd376b223dc94cc1dbcf200c8e6da\"},\"description\":\"El Ayuntamiento de Los Llanos de Aridane ampl\u00eda el horario de la Oficina de Atenci\u00f3n Ciudadana para gestionar las ayudas del volc\u00e1n...\",\"breadcrumb\":{\"@id\":\"https:\/\/www.aridane.org\/city\/2023\/07\/24\/los-llanos-amplia-el-horario-de-la-oficina-de-atencion-ciudadana-para-gestionar-las-ayudas-del-volcan\/#breadcrumb\"},\"inLanguage\":\"es\",\"potentialAction\":[{\"@type\":\"ReadAction\",\"target\":[\"https:\/\/www.aridane.org\/city\/2023\/07\/24\/los-llanos-amplia-el-horario-de-la-oficina-de-atencion-ciudadana-para-gestionar-las-ayudas-del-volcan\/\"]}]},{\"@type\":\"ImageObject\",\"inLanguage\":\"es\",\"@id\":\"https:\/\/www.aridane.org\/city\/2023\/07\/24\/los-llanos-amplia-el-horario-de-la-oficina-de-atencion-ciudadana-para-gestionar-las-ayudas-del-volcan\/#primaryimage\",\"url\":\"https:\/\/www.aridane.org\/city\/wp-content\/uploads\/2023\/08\/Ayuntamiento-Los-Llanos-OK.jpg\",\"contentUrl\":\"https:\/\/www.aridane.org\/city\/wp-content\/uploads\/2023\/08\/Ayuntamiento-Los-Llanos-OK.jpg\",\"width\":1200,\"height\":675},{\"@type\":\"BreadcrumbList\",\"@id\":\"https:\/\/www.aridane.org\/city\/2023\/07\/24\/los-llanos-amplia-el-horario-de-la-oficina-de-atencion-ciudadana-para-gestionar-las-ayudas-del-volcan\/#breadcrumb\",\"itemListElement\":[{\"@type\":\"ListItem\",\"position\":1,\"name\":\"Portada\",\"item\":\"https:\/\/www.aridane.org\/city\/\"},{\"@type\":\"ListItem\",\"position\":2,\"name\":\"Los Llanos ampl\u00eda el horario de la oficina de atenci\u00f3n ciudadana para gestionar las ayudas del volc\u00e1n\"}]},{\"@type\":\"WebSite\",\"@id\":\"https:\/\/www.aridane.org\/city\/#website\",\"url\":\"https:\/\/www.aridane.org\/city\/\",\"name\":\"Ayuntamiento de Los Llanos de Aridane\",\"description\":\"\",\"potentialAction\":[{\"@type\":\"SearchAction\",\"target\":{\"@type\":\"EntryPoint\",\"urlTemplate\":\"https:\/\/www.aridane.org\/city\/?s={search_term_string}\"},\"query-input\":\"required name=search_term_string\"}],\"inLanguage\":\"es\"},{\"@type\":\"Person\",\"@id\":\"https:\/\/www.aridane.org\/city\/#\/schema\/person\/89ebd376b223dc94cc1dbcf200c8e6da\",\"name\":\"Corresponsal\",\"image\":{\"@type\":\"ImageObject\",\"inLanguage\":\"es\",\"@id\":\"https:\/\/www.aridane.org\/city\/#\/schema\/person\/image\/\",\"url\":\"https:\/\/secure.gravatar.com\/avatar\/1c476992411e4ccf153da63b2b2f5ea0bb4cb1c85f3ceab8512f04325ad5579c?s=96&d=mm&r=g\",\"contentUrl\":\"https:\/\/secure.gravatar.com\/avatar\/1c476992411e4ccf153da63b2b2f5ea0bb4cb1c85f3ceab8512f04325ad5579c?s=96&d=mm&r=g\",\"caption\":\"Corresponsal\"},\"url\":\"https:\/\/www.aridane.org\/city\/author\/corresponsal\/\"}]}<\/script>\n<!-- \/ Yoast SEO plugin. -->","yoast_head_json":{"title":"Los Llanos ampl\u00eda el horario de la oficina de atenci\u00f3n ciudadana para gestionar las ayudas del volc\u00e1n - Ayuntamiento de Los Llanos de Aridane","description":"El Ayuntamiento de Los Llanos de Aridane ampl\u00eda el horario de la Oficina de Atenci\u00f3n Ciudadana para gestionar las ayudas del volc\u00e1n...","robots":{"index":"index","follow":"follow","max-snippet":"max-snippet:-1","max-image-preview":"max-image-preview:large","max-video-preview":"max-video-preview:-1"},"canonical":"https:\/\/www.aridane.org\/city\/2023\/07\/24\/los-llanos-amplia-el-horario-de-la-oficina-de-atencion-ciudadana-para-gestionar-las-ayudas-del-volcan\/","og_locale":"es_ES","og_type":"article","og_title":"Los Llanos ampl\u00eda el horario de la oficina de atenci\u00f3n ciudadana para gestionar las ayudas del volc\u00e1n - Ayuntamiento de Los Llanos de Aridane","og_description":"El Ayuntamiento de Los Llanos de Aridane ampl\u00eda el horario de la Oficina de Atenci\u00f3n Ciudadana para gestionar las ayudas del volc\u00e1n...","og_url":"https:\/\/www.aridane.org\/city\/2023\/07\/24\/los-llanos-amplia-el-horario-de-la-oficina-de-atencion-ciudadana-para-gestionar-las-ayudas-del-volcan\/","og_site_name":"Ayuntamiento de Los Llanos de Aridane","article_published_time":"2023-07-24T08:51:11+00:00","article_modified_time":"2023-08-07T08:56:07+00:00","og_image":[{"width":1200,"height":675,"url":"https:\/\/www.aridane.org\/city\/wp-content\/uploads\/2023\/08\/Ayuntamiento-Los-Llanos-OK.jpg","type":"image\/jpeg"}],"author":"Corresponsal","twitter_card":"summary_large_image","twitter_misc":{"Escrito por":"Corresponsal","Tiempo de lectura":"2 minutos"},"schema":{"@context":"https:\/\/schema.org","@graph":[{"@type":"WebPage","@id":"https:\/\/www.aridane.org\/city\/2023\/07\/24\/los-llanos-amplia-el-horario-de-la-oficina-de-atencion-ciudadana-para-gestionar-las-ayudas-del-volcan\/","url":"https:\/\/www.aridane.org\/city\/2023\/07\/24\/los-llanos-amplia-el-horario-de-la-oficina-de-atencion-ciudadana-para-gestionar-las-ayudas-del-volcan\/","name":"Los Llanos ampl\u00eda el horario de la oficina de atenci\u00f3n ciudadana para gestionar las ayudas del volc\u00e1n - Ayuntamiento de Los Llanos de Aridane","isPartOf":{"@id":"https:\/\/www.aridane.org\/city\/#website"},"primaryImageOfPage":{"@id":"https:\/\/www.aridane.org\/city\/2023\/07\/24\/los-llanos-amplia-el-horario-de-la-oficina-de-atencion-ciudadana-para-gestionar-las-ayudas-del-volcan\/#primaryimage"},"image":{"@id":"https:\/\/www.aridane.org\/city\/2023\/07\/24\/los-llanos-amplia-el-horario-de-la-oficina-de-atencion-ciudadana-para-gestionar-las-ayudas-del-volcan\/#primaryimage"},"thumbnailUrl":"https:\/\/www.aridane.org\/city\/wp-content\/uploads\/2023\/08\/Ayuntamiento-Los-Llanos-OK.jpg","datePublished":"2023-07-24T08:51:11+00:00","dateModified":"2023-08-07T08:56:07+00:00","author":{"@id":"https:\/\/www.aridane.org\/city\/#\/schema\/person\/89ebd376b223dc94cc1dbcf200c8e6da"},"description":"El Ayuntamiento de Los Llanos de Aridane ampl\u00eda el horario de la Oficina de Atenci\u00f3n Ciudadana para gestionar las ayudas del volc\u00e1n...","breadcrumb":{"@id":"https:\/\/www.aridane.org\/city\/2023\/07\/24\/los-llanos-amplia-el-horario-de-la-oficina-de-atencion-ciudadana-para-gestionar-las-ayudas-del-volcan\/#breadcrumb"},"inLanguage":"es","potentialAction":[{"@type":"ReadAction","target":["https:\/\/www.aridane.org\/city\/2023\/07\/24\/los-llanos-amplia-el-horario-de-la-oficina-de-atencion-ciudadana-para-gestionar-las-ayudas-del-volcan\/"]}]},{"@type":"ImageObject","inLanguage":"es","@id":"https:\/\/www.aridane.org\/city\/2023\/07\/24\/los-llanos-amplia-el-horario-de-la-oficina-de-atencion-ciudadana-para-gestionar-las-ayudas-del-volcan\/#primaryimage","url":"https:\/\/www.aridane.org\/city\/wp-content\/uploads\/2023\/08\/Ayuntamiento-Los-Llanos-OK.jpg","contentUrl":"https:\/\/www.aridane.org\/city\/wp-content\/uploads\/2023\/08\/Ayuntamiento-Los-Llanos-OK.jpg","width":1200,"height":675},{"@type":"BreadcrumbList","@id":"https:\/\/www.aridane.org\/city\/2023\/07\/24\/los-llanos-amplia-el-horario-de-la-oficina-de-atencion-ciudadana-para-gestionar-las-ayudas-del-volcan\/#breadcrumb","itemListElement":[{"@type":"ListItem","position":1,"name":"Portada","item":"https:\/\/www.aridane.org\/city\/"},{"@type":"ListItem","position":2,"name":"Los Llanos ampl\u00eda el horario de la oficina de atenci\u00f3n ciudadana para gestionar las ayudas del volc\u00e1n"}]},{"@type":"WebSite","@id":"https:\/\/www.aridane.org\/city\/#website","url":"https:\/\/www.aridane.org\/city\/","name":"Ayuntamiento de Los Llanos de Aridane","description":"","potentialAction":[{"@type":"SearchAction","target":{"@type":"EntryPoint","urlTemplate":"https:\/\/www.aridane.org\/city\/?s={search_term_string}"},"query-input":"required name=search_term_string"}],"inLanguage":"es"},{"@type":"Person","@id":"https:\/\/www.aridane.org\/city\/#\/schema\/person\/89ebd376b223dc94cc1dbcf200c8e6da","name":"Corresponsal","image":{"@type":"ImageObject","inLanguage":"es","@id":"https:\/\/www.aridane.org\/city\/#\/schema\/person\/image\/","url":"https:\/\/secure.gravatar.com\/avatar\/1c476992411e4ccf153da63b2b2f5ea0bb4cb1c85f3ceab8512f04325ad5579c?s=96&d=mm&r=g","contentUrl":"https:\/\/secure.gravatar.com\/avatar\/1c476992411e4ccf153da63b2b2f5ea0bb4cb1c85f3ceab8512f04325ad5579c?s=96&d=mm&r=g","caption":"Corresponsal"},"url":"https:\/\/www.aridane.org\/city\/author\/corresponsal\/"}]}},"_links":{"self":[{"href":"https:\/\/www.aridane.org\/city\/wp-json\/wp\/v2\/posts\/2623","targetHints":{"allow":["GET"]}}],"collection":[{"href":"https:\/\/www.aridane.org\/city\/wp-json\/wp\/v2\/posts"}],"about":[{"href":"https:\/\/www.aridane.org\/city\/wp-json\/wp\/v2\/types\/post"}],"author":[{"embeddable":true,"href":"https:\/\/www.aridane.org\/city\/wp-json\/wp\/v2\/users\/4"}],"replies":[{"embeddable":true,"href":"https:\/\/www.aridane.org\/city\/wp-json\/wp\/v2\/comments?post=2623"}],"version-history":[{"count":1,"href":"https:\/\/www.aridane.org\/city\/wp-json\/wp\/v2\/posts\/2623\/revisions"}],"predecessor-version":[{"id":2625,"href":"https:\/\/www.aridane.org\/city\/wp-json\/wp\/v2\/posts\/2623\/revisions\/2625"}],"wp:featuredmedia":[{"embeddable":true,"href":"https:\/\/www.aridane.org\/city\/wp-json\/wp\/v2\/media\/2624"}],"wp:attachment":[{"href":"https:\/\/www.aridane.org\/city\/wp-json\/wp\/v2\/media?parent=2623"}],"wp:term":[{"taxonomy":"category","embeddable":true,"href":"https:\/\/www.aridane.org\/city\/wp-json\/wp\/v2\/categories?post=2623"},{"taxonomy":"post_tag","embeddable":true,"href":"https:\/\/www.aridane.org\/city\/wp-json\/wp\/v2\/tags?post=2623"}],"curies":[{"name":"wp","href":"https:\/\/api.w.org\/{rel}","templated":true}]}}