{"id":2626,"date":"2023-07-27T09:16:30","date_gmt":"2023-07-27T09:16:30","guid":{"rendered":"https:\/\/www.aridane.org\/city\/?p=2626"},"modified":"2023-10-03T09:18:56","modified_gmt":"2023-10-03T09:18:56","slug":"la-ii-vertical-charco-verde-se-consolida-con-mas-de-120-participantes","status":"publish","type":"post","link":"https:\/\/www.aridane.org\/city\/2023\/07\/27\/la-ii-vertical-charco-verde-se-consolida-con-mas-de-120-participantes\/","title":{"rendered":"La II Vertical Charco Verde se consolida con m\u00e1s de 120 participantes"},"content":{"rendered":"<p><em>La carrera comenzar\u00e1 el pr\u00f3ximo s\u00e1bado a las 17:00 horas en la playa de Charco Verde<\/em><!--more--><\/p>\n<p>El Ayuntamiento de Los Llanos de Aridane, junto con el Club Deportivo Aridane Trail, celebra la II Vertical Charco Verde. La salida tendr\u00e1 lugar este s\u00e1bado, 29 de julio, a las 17:00 horas en la playa que da nombre a la prueba. Contar\u00e1 con m\u00e1s de 120 participantes, as\u00ed como premios en met\u00e1lico para los seis primeros atletas de la general.<\/p>\n<p>El alcalde de Los Llanos, Javier Llamas, ratifica la apuesta por el deporte en el municipio. \u201cLa celebraci\u00f3n de este tipo de actividad fomenta estilos de vida activos y saludables entre la ciudadan\u00eda, al tiempo que dinamiza la actividad comercial y de ocio en Los Llanos\u201d, se\u00f1ala.<\/p>\n<p>El primer teniente de alcalde y concejal de Deportes, V\u00edctor Gonz\u00e1lez, destaca la acogida de la segunda edici\u00f3n de la prueba. \u201cLa Vertical Charco Verde se consolida como una prueba referente en el verano. Esperamos ver un buen espect\u00e1culo y un buen ambiente\u201d, apunta.<\/p>\n<p>El concejal de Deportes tambi\u00e9n agradece al Club Deportivo Aridane Trail la organizaci\u00f3n del evento, as\u00ed como el apoyo de las empresas del sector privado que lo patrocinan. \u201cGracias a todos el municipio sigue siendo un referente y un activo deportivo en La Palma y en Canarias\u201d, a\u00f1ade.<\/p>\n<p>El recorrido de la II Vertical Charco Verde cuenta con una distancia de 3.900 metros y un desnivel positivo de unos 600 metros.<\/p>\n<p>La salida tendr\u00e1 lugar desde la misma arena negra de la Playa de Charco Verde, atravesar\u00e1 una pista a trav\u00e9s del cultivo de plataneras para comenzar el ascenso por el risco hasta llegar al canal.<\/p>\n<p>A continuaci\u00f3n, recorrer\u00e1 varios metros hasta alcanzar la pista de tierra por la que subir\u00e1 adentr\u00e1ndose por una pista de suelo volc\u00e1nico. Luego continuar\u00e1 el recorrido para alcanzar la meta atravesando el Camino Las Piteras, justo 100 metros antes de llegar a la carretera LP-2, donde se encuentra el Bar de Jedey.<\/p>\n<p>La II Vertical Charco Verde tambi\u00e9n cuenta con colaboraci\u00f3n del Cabildo Insular de La Palma, as\u00ed como el patrocinio de diferentes casas comerciales y apoyo de varios miembros del equipo, efectivos de AEA, Protecci\u00f3n Civil, Cruz Roja, personal de rescate y Polic\u00eda Local.<\/p>\n","protected":false},"excerpt":{"rendered":"<p>La carrera comenzar\u00e1 el pr\u00f3ximo s\u00e1bado a las 17:00 horas en la playa de Charco Verde<\/p>\n","protected":false},"author":4,"featured_media":2799,"comment_status":"open","ping_status":"open","sticky":false,"template":"","format":"standard","meta":{"footnotes":""},"categories":[1],"tags":[],"class_list":["post-2626","post","type-post","status-publish","format-standard","has-post-thumbnail","hentry","category-sin-categoria"],"yoast_head":"<!-- This site is optimized with the Yoast SEO plugin v22.7 - https:\/\/yoast.com\/wordpress\/plugins\/seo\/ -->\n<title>La II Vertical Charco Verde se consolida con m\u00e1s de 120 participantes - Ayuntamiento de Los Llanos de Aridane<\/title>\n<meta name=\"robots\" content=\"index, follow, max-snippet:-1, max-image-preview:large, max-video-preview:-1\" \/>\n<link rel=\"canonical\" href=\"https:\/\/www.aridane.org\/city\/2023\/07\/27\/la-ii-vertical-charco-verde-se-consolida-con-mas-de-120-participantes\/\" \/>\n<meta property=\"og:locale\" content=\"es_ES\" \/>\n<meta property=\"og:type\" content=\"article\" \/>\n<meta property=\"og:title\" content=\"La II Vertical Charco Verde se consolida con m\u00e1s de 120 participantes - Ayuntamiento de Los Llanos de Aridane\" \/>\n<meta property=\"og:description\" content=\"La carrera comenzar\u00e1 el pr\u00f3ximo s\u00e1bado a las 17:00 horas en la playa de Charco Verde\" \/>\n<meta property=\"og:url\" content=\"https:\/\/www.aridane.org\/city\/2023\/07\/27\/la-ii-vertical-charco-verde-se-consolida-con-mas-de-120-participantes\/\" \/>\n<meta property=\"og:site_name\" content=\"Ayuntamiento de Los Llanos de Aridane\" \/>\n<meta property=\"article:published_time\" content=\"2023-07-27T09:16:30+00:00\" \/>\n<meta property=\"article:modified_time\" content=\"2023-10-03T09:18:56+00:00\" \/>\n<meta property=\"og:image\" content=\"https:\/\/www.aridane.org\/city\/wp-content\/uploads\/2023\/10\/362ca8d4-4139-456a-b656-f49e60a7c0a1_16-9-discover-aspect-ratio_default_0.jpg\" \/>\n\t<meta property=\"og:image:width\" content=\"1200\" \/>\n\t<meta property=\"og:image:height\" content=\"675\" \/>\n\t<meta property=\"og:image:type\" content=\"image\/jpeg\" \/>\n<meta name=\"author\" content=\"Corresponsal\" \/>\n<meta name=\"twitter:card\" content=\"summary_large_image\" \/>\n<meta name=\"twitter:label1\" content=\"Escrito por\" \/>\n\t<meta name=\"twitter:data1\" content=\"Corresponsal\" \/>\n\t<meta name=\"twitter:label2\" content=\"Tiempo de lectura\" \/>\n\t<meta name=\"twitter:data2\" content=\"2 minutos\" \/>\n<script type=\"application\/ld+json\" class=\"yoast-schema-graph\">{\"@context\":\"https:\/\/schema.org\",\"@graph\":[{\"@type\":\"WebPage\",\"@id\":\"https:\/\/www.aridane.org\/city\/2023\/07\/27\/la-ii-vertical-charco-verde-se-consolida-con-mas-de-120-participantes\/\",\"url\":\"https:\/\/www.aridane.org\/city\/2023\/07\/27\/la-ii-vertical-charco-verde-se-consolida-con-mas-de-120-participantes\/\",\"name\":\"La II Vertical Charco Verde se consolida con m\u00e1s de 120 participantes - Ayuntamiento de Los Llanos de Aridane\",\"isPartOf\":{\"@id\":\"https:\/\/www.aridane.org\/city\/#website\"},\"primaryImageOfPage\":{\"@id\":\"https:\/\/www.aridane.org\/city\/2023\/07\/27\/la-ii-vertical-charco-verde-se-consolida-con-mas-de-120-participantes\/#primaryimage\"},\"image\":{\"@id\":\"https:\/\/www.aridane.org\/city\/2023\/07\/27\/la-ii-vertical-charco-verde-se-consolida-con-mas-de-120-participantes\/#primaryimage\"},\"thumbnailUrl\":\"https:\/\/www.aridane.org\/city\/wp-content\/uploads\/2023\/10\/362ca8d4-4139-456a-b656-f49e60a7c0a1_16-9-discover-aspect-ratio_default_0.jpg\",\"datePublished\":\"2023-07-27T09:16:30+00:00\",\"dateModified\":\"2023-10-03T09:18:56+00:00\",\"author\":{\"@id\":\"https:\/\/www.aridane.org\/city\/#\/schema\/person\/89ebd376b223dc94cc1dbcf200c8e6da\"},\"breadcrumb\":{\"@id\":\"https:\/\/www.aridane.org\/city\/2023\/07\/27\/la-ii-vertical-charco-verde-se-consolida-con-mas-de-120-participantes\/#breadcrumb\"},\"inLanguage\":\"es\",\"potentialAction\":[{\"@type\":\"ReadAction\",\"target\":[\"https:\/\/www.aridane.org\/city\/2023\/07\/27\/la-ii-vertical-charco-verde-se-consolida-con-mas-de-120-participantes\/\"]}]},{\"@type\":\"ImageObject\",\"inLanguage\":\"es\",\"@id\":\"https:\/\/www.aridane.org\/city\/2023\/07\/27\/la-ii-vertical-charco-verde-se-consolida-con-mas-de-120-participantes\/#primaryimage\",\"url\":\"https:\/\/www.aridane.org\/city\/wp-content\/uploads\/2023\/10\/362ca8d4-4139-456a-b656-f49e60a7c0a1_16-9-discover-aspect-ratio_default_0.jpg\",\"contentUrl\":\"https:\/\/www.aridane.org\/city\/wp-content\/uploads\/2023\/10\/362ca8d4-4139-456a-b656-f49e60a7c0a1_16-9-discover-aspect-ratio_default_0.jpg\",\"width\":1200,\"height\":675},{\"@type\":\"BreadcrumbList\",\"@id\":\"https:\/\/www.aridane.org\/city\/2023\/07\/27\/la-ii-vertical-charco-verde-se-consolida-con-mas-de-120-participantes\/#breadcrumb\",\"itemListElement\":[{\"@type\":\"ListItem\",\"position\":1,\"name\":\"Portada\",\"item\":\"https:\/\/www.aridane.org\/city\/\"},{\"@type\":\"ListItem\",\"position\":2,\"name\":\"La II Vertical Charco Verde se consolida con m\u00e1s de 120 participantes\"}]},{\"@type\":\"WebSite\",\"@id\":\"https:\/\/www.aridane.org\/city\/#website\",\"url\":\"https:\/\/www.aridane.org\/city\/\",\"name\":\"Ayuntamiento de Los Llanos de Aridane\",\"description\":\"\",\"potentialAction\":[{\"@type\":\"SearchAction\",\"target\":{\"@type\":\"EntryPoint\",\"urlTemplate\":\"https:\/\/www.aridane.org\/city\/?s={search_term_string}\"},\"query-input\":\"required name=search_term_string\"}],\"inLanguage\":\"es\"},{\"@type\":\"Person\",\"@id\":\"https:\/\/www.aridane.org\/city\/#\/schema\/person\/89ebd376b223dc94cc1dbcf200c8e6da\",\"name\":\"Corresponsal\",\"image\":{\"@type\":\"ImageObject\",\"inLanguage\":\"es\",\"@id\":\"https:\/\/www.aridane.org\/city\/#\/schema\/person\/image\/\",\"url\":\"https:\/\/secure.gravatar.com\/avatar\/1c476992411e4ccf153da63b2b2f5ea0bb4cb1c85f3ceab8512f04325ad5579c?s=96&d=mm&r=g\",\"contentUrl\":\"https:\/\/secure.gravatar.com\/avatar\/1c476992411e4ccf153da63b2b2f5ea0bb4cb1c85f3ceab8512f04325ad5579c?s=96&d=mm&r=g\",\"caption\":\"Corresponsal\"},\"url\":\"https:\/\/www.aridane.org\/city\/author\/corresponsal\/\"}]}<\/script>\n<!-- \/ Yoast SEO plugin. -->","yoast_head_json":{"title":"La II Vertical Charco Verde se consolida con m\u00e1s de 120 participantes - Ayuntamiento de Los Llanos de Aridane","robots":{"index":"index","follow":"follow","max-snippet":"max-snippet:-1","max-image-preview":"max-image-preview:large","max-video-preview":"max-video-preview:-1"},"canonical":"https:\/\/www.aridane.org\/city\/2023\/07\/27\/la-ii-vertical-charco-verde-se-consolida-con-mas-de-120-participantes\/","og_locale":"es_ES","og_type":"article","og_title":"La II Vertical Charco Verde se consolida con m\u00e1s de 120 participantes - Ayuntamiento de Los Llanos de Aridane","og_description":"La carrera comenzar\u00e1 el pr\u00f3ximo s\u00e1bado a las 17:00 horas en la playa de Charco Verde","og_url":"https:\/\/www.aridane.org\/city\/2023\/07\/27\/la-ii-vertical-charco-verde-se-consolida-con-mas-de-120-participantes\/","og_site_name":"Ayuntamiento de Los Llanos de Aridane","article_published_time":"2023-07-27T09:16:30+00:00","article_modified_time":"2023-10-03T09:18:56+00:00","og_image":[{"width":1200,"height":675,"url":"https:\/\/www.aridane.org\/city\/wp-content\/uploads\/2023\/10\/362ca8d4-4139-456a-b656-f49e60a7c0a1_16-9-discover-aspect-ratio_default_0.jpg","type":"image\/jpeg"}],"author":"Corresponsal","twitter_card":"summary_large_image","twitter_misc":{"Escrito por":"Corresponsal","Tiempo de lectura":"2 minutos"},"schema":{"@context":"https:\/\/schema.org","@graph":[{"@type":"WebPage","@id":"https:\/\/www.aridane.org\/city\/2023\/07\/27\/la-ii-vertical-charco-verde-se-consolida-con-mas-de-120-participantes\/","url":"https:\/\/www.aridane.org\/city\/2023\/07\/27\/la-ii-vertical-charco-verde-se-consolida-con-mas-de-120-participantes\/","name":"La II Vertical Charco Verde se consolida con m\u00e1s de 120 participantes - Ayuntamiento de Los Llanos de Aridane","isPartOf":{"@id":"https:\/\/www.aridane.org\/city\/#website"},"primaryImageOfPage":{"@id":"https:\/\/www.aridane.org\/city\/2023\/07\/27\/la-ii-vertical-charco-verde-se-consolida-con-mas-de-120-participantes\/#primaryimage"},"image":{"@id":"https:\/\/www.aridane.org\/city\/2023\/07\/27\/la-ii-vertical-charco-verde-se-consolida-con-mas-de-120-participantes\/#primaryimage"},"thumbnailUrl":"https:\/\/www.aridane.org\/city\/wp-content\/uploads\/2023\/10\/362ca8d4-4139-456a-b656-f49e60a7c0a1_16-9-discover-aspect-ratio_default_0.jpg","datePublished":"2023-07-27T09:16:30+00:00","dateModified":"2023-10-03T09:18:56+00:00","author":{"@id":"https:\/\/www.aridane.org\/city\/#\/schema\/person\/89ebd376b223dc94cc1dbcf200c8e6da"},"breadcrumb":{"@id":"https:\/\/www.aridane.org\/city\/2023\/07\/27\/la-ii-vertical-charco-verde-se-consolida-con-mas-de-120-participantes\/#breadcrumb"},"inLanguage":"es","potentialAction":[{"@type":"ReadAction","target":["https:\/\/www.aridane.org\/city\/2023\/07\/27\/la-ii-vertical-charco-verde-se-consolida-con-mas-de-120-participantes\/"]}]},{"@type":"ImageObject","inLanguage":"es","@id":"https:\/\/www.aridane.org\/city\/2023\/07\/27\/la-ii-vertical-charco-verde-se-consolida-con-mas-de-120-participantes\/#primaryimage","url":"https:\/\/www.aridane.org\/city\/wp-content\/uploads\/2023\/10\/362ca8d4-4139-456a-b656-f49e60a7c0a1_16-9-discover-aspect-ratio_default_0.jpg","contentUrl":"https:\/\/www.aridane.org\/city\/wp-content\/uploads\/2023\/10\/362ca8d4-4139-456a-b656-f49e60a7c0a1_16-9-discover-aspect-ratio_default_0.jpg","width":1200,"height":675},{"@type":"BreadcrumbList","@id":"https:\/\/www.aridane.org\/city\/2023\/07\/27\/la-ii-vertical-charco-verde-se-consolida-con-mas-de-120-participantes\/#breadcrumb","itemListElement":[{"@type":"ListItem","position":1,"name":"Portada","item":"https:\/\/www.aridane.org\/city\/"},{"@type":"ListItem","position":2,"name":"La II Vertical Charco Verde se consolida con m\u00e1s de 120 participantes"}]},{"@type":"WebSite","@id":"https:\/\/www.aridane.org\/city\/#website","url":"https:\/\/www.aridane.org\/city\/","name":"Ayuntamiento de Los Llanos de Aridane","description":"","potentialAction":[{"@type":"SearchAction","target":{"@type":"EntryPoint","urlTemplate":"https:\/\/www.aridane.org\/city\/?s={search_term_string}"},"query-input":"required name=search_term_string"}],"inLanguage":"es"},{"@type":"Person","@id":"https:\/\/www.aridane.org\/city\/#\/schema\/person\/89ebd376b223dc94cc1dbcf200c8e6da","name":"Corresponsal","image":{"@type":"ImageObject","inLanguage":"es","@id":"https:\/\/www.aridane.org\/city\/#\/schema\/person\/image\/","url":"https:\/\/secure.gravatar.com\/avatar\/1c476992411e4ccf153da63b2b2f5ea0bb4cb1c85f3ceab8512f04325ad5579c?s=96&d=mm&r=g","contentUrl":"https:\/\/secure.gravatar.com\/avatar\/1c476992411e4ccf153da63b2b2f5ea0bb4cb1c85f3ceab8512f04325ad5579c?s=96&d=mm&r=g","caption":"Corresponsal"},"url":"https:\/\/www.aridane.org\/city\/author\/corresponsal\/"}]}},"_links":{"self":[{"href":"https:\/\/www.aridane.org\/city\/wp-json\/wp\/v2\/posts\/2626","targetHints":{"allow":["GET"]}}],"collection":[{"href":"https:\/\/www.aridane.org\/city\/wp-json\/wp\/v2\/posts"}],"about":[{"href":"https:\/\/www.aridane.org\/city\/wp-json\/wp\/v2\/types\/post"}],"author":[{"embeddable":true,"href":"https:\/\/www.aridane.org\/city\/wp-json\/wp\/v2\/users\/4"}],"replies":[{"embeddable":true,"href":"https:\/\/www.aridane.org\/city\/wp-json\/wp\/v2\/comments?post=2626"}],"version-history":[{"count":1,"href":"https:\/\/www.aridane.org\/city\/wp-json\/wp\/v2\/posts\/2626\/revisions"}],"predecessor-version":[{"id":2800,"href":"https:\/\/www.aridane.org\/city\/wp-json\/wp\/v2\/posts\/2626\/revisions\/2800"}],"wp:featuredmedia":[{"embeddable":true,"href":"https:\/\/www.aridane.org\/city\/wp-json\/wp\/v2\/media\/2799"}],"wp:attachment":[{"href":"https:\/\/www.aridane.org\/city\/wp-json\/wp\/v2\/media?parent=2626"}],"wp:term":[{"taxonomy":"category","embeddable":true,"href":"https:\/\/www.aridane.org\/city\/wp-json\/wp\/v2\/categories?post=2626"},{"taxonomy":"post_tag","embeddable":true,"href":"https:\/\/www.aridane.org\/city\/wp-json\/wp\/v2\/tags?post=2626"}],"curies":[{"name":"wp","href":"https:\/\/api.w.org\/{rel}","templated":true}]}}