{"id":2680,"date":"2023-09-01T12:53:18","date_gmt":"2023-09-01T12:53:18","guid":{"rendered":"https:\/\/www.aridane.org\/city\/?p=2680"},"modified":"2023-09-01T12:53:18","modified_gmt":"2023-09-01T12:53:18","slug":"casi-500-ninos-participan-en-la-xil-edicion-del-campus-de-verano-los-llanos-se-mueve","status":"publish","type":"post","link":"https:\/\/www.aridane.org\/city\/2023\/09\/01\/casi-500-ninos-participan-en-la-xil-edicion-del-campus-de-verano-los-llanos-se-mueve\/","title":{"rendered":"Casi 500 ni\u00f1os participan en la XIl edici\u00f3n del Campus de verano \u2018Los Llanos se mueve\u2019"},"content":{"rendered":"<p><em>El Ayuntamiento resalta el importante papel que juega este campus para la conciliaci\u00f3n familiar y laboral de las familias participantes<\/em><\/p>\n<p><!--more--><\/p>\n<p>&nbsp;<\/p>\n<p>El Ayuntamiento de Los Llanos de Aridane, a trav\u00e9s de la Concejal\u00eda de Deportes que dirige V\u00edctor Gonz\u00e1lez, ha clausurado la XII edici\u00f3n del campus de verano \u2018Los Llanos se mueve\u2019. Hay que recordar, explica el concejal, que esta iniciativa se ha desarrollado durante los meses de julio y agosto y han participado un total de 472 menores.<\/p>\n<p>&nbsp;<\/p>\n<p>El alcalde, Javier Llamas, destaca la buena acogida que ha tenido esta actividad, que no solo permite promover una vida activa entre los m\u00e1s peque\u00f1os, sino que posibilita el respiro familiar durante el verano. \u201cSeguimos apostando por facilitar a la ciudadan\u00eda espacios para que los menores desarrollen diversas actividades que fomenten una vida m\u00e1s saludable, as\u00ed como adquirir valores importantes, como la convivencia, el respeto o el trabajo conjunto, entre otras\u201d, explica.<\/p>\n<p>&nbsp;<\/p>\n<p>Por su parte, V\u00edctor Gonz\u00e1lez defiende que este campus se ha ido consolidando a lo largo de estos a\u00f1os, \u201cy prueba de ello es que edici\u00f3n tras edici\u00f3n ha ido aumentado el n\u00famero de participantes\u201d. Adem\u00e1s, se\u00f1ala que tambi\u00e9n supone una alternativa para los padres, \u201cayud\u00e1ndoles a conciliar su vida laboral y familiar. Asimismo, en este espacio los participantes han podido disfrutar de actividades de ocio, educativas y de diversi\u00f3n\u201d, se\u00f1ala.<\/p>\n<p>&nbsp;<\/p>\n<p>Asimismo, el concejal explica que a lo largo de estos meses los m\u00e1s peque\u00f1os de la casa han desarrollado un gran abanico de actividades: de car\u00e1cter ambiental, en las que se ha trabajado la motricidad, deportes, manualidades, \u201cy se ha apostado por continuar fomentando los valores del trabajo en equipo y de forma individual. Valores clave en el mundo del deporte\u201d.<\/p>\n<p>&nbsp;<\/p>\n<p>Por \u00faltimo, desde el Ayuntamiento de Los Llanos de Aridane agradecen el importante trabajo que han desarrollado los monitores, as\u00ed como la confianza de las familias participantes.<\/p>\n","protected":false},"excerpt":{"rendered":"<p>El Ayuntamiento resalta el importante papel que juega este campus para la conciliaci\u00f3n familiar y laboral de las familias participantes<\/p>\n","protected":false},"author":4,"featured_media":2681,"comment_status":"open","ping_status":"open","sticky":false,"template":"","format":"standard","meta":{"footnotes":""},"categories":[1],"tags":[],"class_list":["post-2680","post","type-post","status-publish","format-standard","has-post-thumbnail","hentry","category-sin-categoria"],"yoast_head":"<!-- This site is optimized with the Yoast SEO plugin v22.7 - https:\/\/yoast.com\/wordpress\/plugins\/seo\/ -->\n<title>Casi 500 ni\u00f1os participan en la XIl edici\u00f3n del Campus de verano \u2018Los Llanos se mueve\u2019 - Ayuntamiento de Los Llanos de Aridane<\/title>\n<meta name=\"robots\" content=\"index, follow, max-snippet:-1, max-image-preview:large, max-video-preview:-1\" \/>\n<link rel=\"canonical\" href=\"https:\/\/www.aridane.org\/city\/2023\/09\/01\/casi-500-ninos-participan-en-la-xil-edicion-del-campus-de-verano-los-llanos-se-mueve\/\" \/>\n<meta property=\"og:locale\" content=\"es_ES\" \/>\n<meta property=\"og:type\" content=\"article\" \/>\n<meta property=\"og:title\" content=\"Casi 500 ni\u00f1os participan en la XIl edici\u00f3n del Campus de verano \u2018Los Llanos se mueve\u2019 - Ayuntamiento de Los Llanos de Aridane\" \/>\n<meta property=\"og:description\" content=\"El Ayuntamiento resalta el importante papel que juega este campus para la conciliaci\u00f3n familiar y laboral de las familias participantes\" \/>\n<meta property=\"og:url\" content=\"https:\/\/www.aridane.org\/city\/2023\/09\/01\/casi-500-ninos-participan-en-la-xil-edicion-del-campus-de-verano-los-llanos-se-mueve\/\" \/>\n<meta property=\"og:site_name\" content=\"Ayuntamiento de Los Llanos de Aridane\" \/>\n<meta property=\"article:published_time\" content=\"2023-09-01T12:53:18+00:00\" \/>\n<meta property=\"og:image\" content=\"https:\/\/www.aridane.org\/city\/wp-content\/uploads\/2023\/09\/Los-Llanos-se-mueve.jpeg\" \/>\n\t<meta property=\"og:image:width\" content=\"2048\" \/>\n\t<meta property=\"og:image:height\" content=\"1536\" \/>\n\t<meta property=\"og:image:type\" content=\"image\/jpeg\" \/>\n<meta name=\"author\" content=\"Corresponsal\" \/>\n<meta name=\"twitter:card\" content=\"summary_large_image\" \/>\n<meta name=\"twitter:label1\" content=\"Escrito por\" \/>\n\t<meta name=\"twitter:data1\" content=\"Corresponsal\" \/>\n\t<meta name=\"twitter:label2\" content=\"Tiempo de lectura\" \/>\n\t<meta name=\"twitter:data2\" content=\"2 minutos\" \/>\n<script type=\"application\/ld+json\" class=\"yoast-schema-graph\">{\"@context\":\"https:\/\/schema.org\",\"@graph\":[{\"@type\":\"WebPage\",\"@id\":\"https:\/\/www.aridane.org\/city\/2023\/09\/01\/casi-500-ninos-participan-en-la-xil-edicion-del-campus-de-verano-los-llanos-se-mueve\/\",\"url\":\"https:\/\/www.aridane.org\/city\/2023\/09\/01\/casi-500-ninos-participan-en-la-xil-edicion-del-campus-de-verano-los-llanos-se-mueve\/\",\"name\":\"Casi 500 ni\u00f1os participan en la XIl edici\u00f3n del Campus de verano \u2018Los Llanos se mueve\u2019 - Ayuntamiento de Los Llanos de Aridane\",\"isPartOf\":{\"@id\":\"https:\/\/www.aridane.org\/city\/#website\"},\"primaryImageOfPage\":{\"@id\":\"https:\/\/www.aridane.org\/city\/2023\/09\/01\/casi-500-ninos-participan-en-la-xil-edicion-del-campus-de-verano-los-llanos-se-mueve\/#primaryimage\"},\"image\":{\"@id\":\"https:\/\/www.aridane.org\/city\/2023\/09\/01\/casi-500-ninos-participan-en-la-xil-edicion-del-campus-de-verano-los-llanos-se-mueve\/#primaryimage\"},\"thumbnailUrl\":\"https:\/\/www.aridane.org\/city\/wp-content\/uploads\/2023\/09\/Los-Llanos-se-mueve.jpeg\",\"datePublished\":\"2023-09-01T12:53:18+00:00\",\"dateModified\":\"2023-09-01T12:53:18+00:00\",\"author\":{\"@id\":\"https:\/\/www.aridane.org\/city\/#\/schema\/person\/89ebd376b223dc94cc1dbcf200c8e6da\"},\"breadcrumb\":{\"@id\":\"https:\/\/www.aridane.org\/city\/2023\/09\/01\/casi-500-ninos-participan-en-la-xil-edicion-del-campus-de-verano-los-llanos-se-mueve\/#breadcrumb\"},\"inLanguage\":\"es\",\"potentialAction\":[{\"@type\":\"ReadAction\",\"target\":[\"https:\/\/www.aridane.org\/city\/2023\/09\/01\/casi-500-ninos-participan-en-la-xil-edicion-del-campus-de-verano-los-llanos-se-mueve\/\"]}]},{\"@type\":\"ImageObject\",\"inLanguage\":\"es\",\"@id\":\"https:\/\/www.aridane.org\/city\/2023\/09\/01\/casi-500-ninos-participan-en-la-xil-edicion-del-campus-de-verano-los-llanos-se-mueve\/#primaryimage\",\"url\":\"https:\/\/www.aridane.org\/city\/wp-content\/uploads\/2023\/09\/Los-Llanos-se-mueve.jpeg\",\"contentUrl\":\"https:\/\/www.aridane.org\/city\/wp-content\/uploads\/2023\/09\/Los-Llanos-se-mueve.jpeg\",\"width\":2048,\"height\":1536},{\"@type\":\"BreadcrumbList\",\"@id\":\"https:\/\/www.aridane.org\/city\/2023\/09\/01\/casi-500-ninos-participan-en-la-xil-edicion-del-campus-de-verano-los-llanos-se-mueve\/#breadcrumb\",\"itemListElement\":[{\"@type\":\"ListItem\",\"position\":1,\"name\":\"Portada\",\"item\":\"https:\/\/www.aridane.org\/city\/\"},{\"@type\":\"ListItem\",\"position\":2,\"name\":\"Casi 500 ni\u00f1os participan en la XIl edici\u00f3n del Campus de verano \u2018Los Llanos se mueve\u2019\"}]},{\"@type\":\"WebSite\",\"@id\":\"https:\/\/www.aridane.org\/city\/#website\",\"url\":\"https:\/\/www.aridane.org\/city\/\",\"name\":\"Ayuntamiento de Los Llanos de Aridane\",\"description\":\"\",\"potentialAction\":[{\"@type\":\"SearchAction\",\"target\":{\"@type\":\"EntryPoint\",\"urlTemplate\":\"https:\/\/www.aridane.org\/city\/?s={search_term_string}\"},\"query-input\":\"required name=search_term_string\"}],\"inLanguage\":\"es\"},{\"@type\":\"Person\",\"@id\":\"https:\/\/www.aridane.org\/city\/#\/schema\/person\/89ebd376b223dc94cc1dbcf200c8e6da\",\"name\":\"Corresponsal\",\"image\":{\"@type\":\"ImageObject\",\"inLanguage\":\"es\",\"@id\":\"https:\/\/www.aridane.org\/city\/#\/schema\/person\/image\/\",\"url\":\"https:\/\/secure.gravatar.com\/avatar\/1c476992411e4ccf153da63b2b2f5ea0bb4cb1c85f3ceab8512f04325ad5579c?s=96&d=mm&r=g\",\"contentUrl\":\"https:\/\/secure.gravatar.com\/avatar\/1c476992411e4ccf153da63b2b2f5ea0bb4cb1c85f3ceab8512f04325ad5579c?s=96&d=mm&r=g\",\"caption\":\"Corresponsal\"},\"url\":\"https:\/\/www.aridane.org\/city\/author\/corresponsal\/\"}]}<\/script>\n<!-- \/ Yoast SEO plugin. -->","yoast_head_json":{"title":"Casi 500 ni\u00f1os participan en la XIl edici\u00f3n del Campus de verano \u2018Los Llanos se mueve\u2019 - Ayuntamiento de Los Llanos de Aridane","robots":{"index":"index","follow":"follow","max-snippet":"max-snippet:-1","max-image-preview":"max-image-preview:large","max-video-preview":"max-video-preview:-1"},"canonical":"https:\/\/www.aridane.org\/city\/2023\/09\/01\/casi-500-ninos-participan-en-la-xil-edicion-del-campus-de-verano-los-llanos-se-mueve\/","og_locale":"es_ES","og_type":"article","og_title":"Casi 500 ni\u00f1os participan en la XIl edici\u00f3n del Campus de verano \u2018Los Llanos se mueve\u2019 - Ayuntamiento de Los Llanos de Aridane","og_description":"El Ayuntamiento resalta el importante papel que juega este campus para la conciliaci\u00f3n familiar y laboral de las familias participantes","og_url":"https:\/\/www.aridane.org\/city\/2023\/09\/01\/casi-500-ninos-participan-en-la-xil-edicion-del-campus-de-verano-los-llanos-se-mueve\/","og_site_name":"Ayuntamiento de Los Llanos de Aridane","article_published_time":"2023-09-01T12:53:18+00:00","og_image":[{"width":2048,"height":1536,"url":"https:\/\/www.aridane.org\/city\/wp-content\/uploads\/2023\/09\/Los-Llanos-se-mueve.jpeg","type":"image\/jpeg"}],"author":"Corresponsal","twitter_card":"summary_large_image","twitter_misc":{"Escrito por":"Corresponsal","Tiempo de lectura":"2 minutos"},"schema":{"@context":"https:\/\/schema.org","@graph":[{"@type":"WebPage","@id":"https:\/\/www.aridane.org\/city\/2023\/09\/01\/casi-500-ninos-participan-en-la-xil-edicion-del-campus-de-verano-los-llanos-se-mueve\/","url":"https:\/\/www.aridane.org\/city\/2023\/09\/01\/casi-500-ninos-participan-en-la-xil-edicion-del-campus-de-verano-los-llanos-se-mueve\/","name":"Casi 500 ni\u00f1os participan en la XIl edici\u00f3n del Campus de verano \u2018Los Llanos se mueve\u2019 - Ayuntamiento de Los Llanos de Aridane","isPartOf":{"@id":"https:\/\/www.aridane.org\/city\/#website"},"primaryImageOfPage":{"@id":"https:\/\/www.aridane.org\/city\/2023\/09\/01\/casi-500-ninos-participan-en-la-xil-edicion-del-campus-de-verano-los-llanos-se-mueve\/#primaryimage"},"image":{"@id":"https:\/\/www.aridane.org\/city\/2023\/09\/01\/casi-500-ninos-participan-en-la-xil-edicion-del-campus-de-verano-los-llanos-se-mueve\/#primaryimage"},"thumbnailUrl":"https:\/\/www.aridane.org\/city\/wp-content\/uploads\/2023\/09\/Los-Llanos-se-mueve.jpeg","datePublished":"2023-09-01T12:53:18+00:00","dateModified":"2023-09-01T12:53:18+00:00","author":{"@id":"https:\/\/www.aridane.org\/city\/#\/schema\/person\/89ebd376b223dc94cc1dbcf200c8e6da"},"breadcrumb":{"@id":"https:\/\/www.aridane.org\/city\/2023\/09\/01\/casi-500-ninos-participan-en-la-xil-edicion-del-campus-de-verano-los-llanos-se-mueve\/#breadcrumb"},"inLanguage":"es","potentialAction":[{"@type":"ReadAction","target":["https:\/\/www.aridane.org\/city\/2023\/09\/01\/casi-500-ninos-participan-en-la-xil-edicion-del-campus-de-verano-los-llanos-se-mueve\/"]}]},{"@type":"ImageObject","inLanguage":"es","@id":"https:\/\/www.aridane.org\/city\/2023\/09\/01\/casi-500-ninos-participan-en-la-xil-edicion-del-campus-de-verano-los-llanos-se-mueve\/#primaryimage","url":"https:\/\/www.aridane.org\/city\/wp-content\/uploads\/2023\/09\/Los-Llanos-se-mueve.jpeg","contentUrl":"https:\/\/www.aridane.org\/city\/wp-content\/uploads\/2023\/09\/Los-Llanos-se-mueve.jpeg","width":2048,"height":1536},{"@type":"BreadcrumbList","@id":"https:\/\/www.aridane.org\/city\/2023\/09\/01\/casi-500-ninos-participan-en-la-xil-edicion-del-campus-de-verano-los-llanos-se-mueve\/#breadcrumb","itemListElement":[{"@type":"ListItem","position":1,"name":"Portada","item":"https:\/\/www.aridane.org\/city\/"},{"@type":"ListItem","position":2,"name":"Casi 500 ni\u00f1os participan en la XIl edici\u00f3n del Campus de verano \u2018Los Llanos se mueve\u2019"}]},{"@type":"WebSite","@id":"https:\/\/www.aridane.org\/city\/#website","url":"https:\/\/www.aridane.org\/city\/","name":"Ayuntamiento de Los Llanos de Aridane","description":"","potentialAction":[{"@type":"SearchAction","target":{"@type":"EntryPoint","urlTemplate":"https:\/\/www.aridane.org\/city\/?s={search_term_string}"},"query-input":"required name=search_term_string"}],"inLanguage":"es"},{"@type":"Person","@id":"https:\/\/www.aridane.org\/city\/#\/schema\/person\/89ebd376b223dc94cc1dbcf200c8e6da","name":"Corresponsal","image":{"@type":"ImageObject","inLanguage":"es","@id":"https:\/\/www.aridane.org\/city\/#\/schema\/person\/image\/","url":"https:\/\/secure.gravatar.com\/avatar\/1c476992411e4ccf153da63b2b2f5ea0bb4cb1c85f3ceab8512f04325ad5579c?s=96&d=mm&r=g","contentUrl":"https:\/\/secure.gravatar.com\/avatar\/1c476992411e4ccf153da63b2b2f5ea0bb4cb1c85f3ceab8512f04325ad5579c?s=96&d=mm&r=g","caption":"Corresponsal"},"url":"https:\/\/www.aridane.org\/city\/author\/corresponsal\/"}]}},"_links":{"self":[{"href":"https:\/\/www.aridane.org\/city\/wp-json\/wp\/v2\/posts\/2680","targetHints":{"allow":["GET"]}}],"collection":[{"href":"https:\/\/www.aridane.org\/city\/wp-json\/wp\/v2\/posts"}],"about":[{"href":"https:\/\/www.aridane.org\/city\/wp-json\/wp\/v2\/types\/post"}],"author":[{"embeddable":true,"href":"https:\/\/www.aridane.org\/city\/wp-json\/wp\/v2\/users\/4"}],"replies":[{"embeddable":true,"href":"https:\/\/www.aridane.org\/city\/wp-json\/wp\/v2\/comments?post=2680"}],"version-history":[{"count":1,"href":"https:\/\/www.aridane.org\/city\/wp-json\/wp\/v2\/posts\/2680\/revisions"}],"predecessor-version":[{"id":2682,"href":"https:\/\/www.aridane.org\/city\/wp-json\/wp\/v2\/posts\/2680\/revisions\/2682"}],"wp:featuredmedia":[{"embeddable":true,"href":"https:\/\/www.aridane.org\/city\/wp-json\/wp\/v2\/media\/2681"}],"wp:attachment":[{"href":"https:\/\/www.aridane.org\/city\/wp-json\/wp\/v2\/media?parent=2680"}],"wp:term":[{"taxonomy":"category","embeddable":true,"href":"https:\/\/www.aridane.org\/city\/wp-json\/wp\/v2\/categories?post=2680"},{"taxonomy":"post_tag","embeddable":true,"href":"https:\/\/www.aridane.org\/city\/wp-json\/wp\/v2\/tags?post=2680"}],"curies":[{"name":"wp","href":"https:\/\/api.w.org\/{rel}","templated":true}]}}