{"id":2683,"date":"2023-09-04T13:25:53","date_gmt":"2023-09-04T13:25:53","guid":{"rendered":"https:\/\/www.aridane.org\/city\/?p=2683"},"modified":"2023-09-04T13:25:53","modified_gmt":"2023-09-04T13:25:53","slug":"los-llanos-acoge-la-batucada-fest-2023","status":"publish","type":"post","link":"https:\/\/www.aridane.org\/city\/2023\/09\/04\/los-llanos-acoge-la-batucada-fest-2023\/","title":{"rendered":"Los Llanos acoge la Batucada Fest 2023"},"content":{"rendered":"<p>Se desarrollar\u00e1 el 15 y 16 de septiembre, y se contar\u00e1 con m\u00e1s de 750 percusionistas de toda Canarias<\/p>\n<p><!--more--><\/p>\n<p>&nbsp;<\/p>\n<p>El Ayuntamiento de Los Llanos de Aridane con la colaboraci\u00f3n del Cabildo de La Palma, y el director del Festival presentan el Batucada Fest 2023, una celebraci\u00f3n cultural y musical que tendr\u00e1 lugar los d\u00edas 15 y 16 de septiembre.<\/p>\n<p>&nbsp;<\/p>\n<p>El alcalde de Los Llanos de Aridane, Javier Llamas, destaca la importancia de este evento, que reunir\u00e1 a un amplio n\u00famero de percusionistas del Archipi\u00e9lago y que situar\u00e1, nuevamente, al municipio como epicentro de la m\u00fasica y la cultura. \u201cDebemos seguir apostando por este tipo de acciones que promuevan las actuaciones en directo, algo que fomenta la dinamizaci\u00f3n social en Los Llanos de Aridane\u201d, explica el alcalde.<\/p>\n<p>&nbsp;<\/p>\n<p>El concejal de Fiestas, \u00c1lvaro Pages, explica que este Festival contar\u00e1 con la participaci\u00f3n de m\u00e1s de 750 percusionistas de toda Canarias, y los visitantes podr\u00e1n disfrutar de talleres, actuaciones y un concierto final a cargo de la banda Groovel\u00e2ndia, proveniente de Salvador de Bah\u00eda\u201d. Adem\u00e1s, el concejal destaca que \u201cBatucada Fest 2023 es un evento \u00fanico en su clase, que busca fomentar la interacci\u00f3n social y la integraci\u00f3n comunitaria, as\u00ed como dinamizar la actividad econ\u00f3mica y cultural del municipio\u201d.<\/p>\n<p>&nbsp;<\/p>\n<p>Por su parte, el director del evento, Marcos P\u00e9rez Fern\u00e1ndez, asegura que \u201cel Festival ofrecer\u00e1 una programaci\u00f3n variada y de calidad, con talleres de integraci\u00f3n social para colegios y asociaciones, talleres de percusi\u00f3n brasile\u00f1a impartidos por maestros reconocidos internacionalmente, una gran tamborrada colectiva y un espect\u00e1culo de batucadas, comparsas y capoeira\u201d.<\/p>\n<p>&nbsp;<\/p>\n<p>Por \u00faltimo, desde el Ayuntamiento de Los Llanos de Aridane \u201cse invita a todos los vecinos, as\u00ed como al p\u00fablico en general, a participar en este Festival vibrante y divertido, que promete ser una experiencia musical inolvidable. Y agradecen a todas las personas que est\u00e1n trabajando para que este Festival sea todo un \u00e9xito\u201d.<\/p>\n","protected":false},"excerpt":{"rendered":"<p>Se desarrollar\u00e1 el 15 y 16 de septiembre, y se contar\u00e1 con m\u00e1s de 750 percusionistas de toda Canarias<\/p>\n","protected":false},"author":4,"featured_media":2684,"comment_status":"open","ping_status":"open","sticky":false,"template":"","format":"standard","meta":{"footnotes":""},"categories":[1],"tags":[],"class_list":["post-2683","post","type-post","status-publish","format-standard","has-post-thumbnail","hentry","category-sin-categoria"],"yoast_head":"<!-- This site is optimized with the Yoast SEO plugin v22.7 - https:\/\/yoast.com\/wordpress\/plugins\/seo\/ -->\n<title>Los Llanos acoge la Batucada Fest 2023 - Ayuntamiento de Los Llanos de Aridane<\/title>\n<meta name=\"robots\" content=\"index, follow, max-snippet:-1, max-image-preview:large, max-video-preview:-1\" \/>\n<link rel=\"canonical\" href=\"https:\/\/www.aridane.org\/city\/2023\/09\/04\/los-llanos-acoge-la-batucada-fest-2023\/\" \/>\n<meta property=\"og:locale\" content=\"es_ES\" \/>\n<meta property=\"og:type\" content=\"article\" \/>\n<meta property=\"og:title\" content=\"Los Llanos acoge la Batucada Fest 2023 - Ayuntamiento de Los Llanos de Aridane\" \/>\n<meta property=\"og:description\" content=\"Se desarrollar\u00e1 el 15 y 16 de septiembre, y se contar\u00e1 con m\u00e1s de 750 percusionistas de toda Canarias\" \/>\n<meta property=\"og:url\" content=\"https:\/\/www.aridane.org\/city\/2023\/09\/04\/los-llanos-acoge-la-batucada-fest-2023\/\" \/>\n<meta property=\"og:site_name\" content=\"Ayuntamiento de Los Llanos de Aridane\" \/>\n<meta property=\"article:published_time\" content=\"2023-09-04T13:25:53+00:00\" \/>\n<meta property=\"og:image\" content=\"https:\/\/www.aridane.org\/city\/wp-content\/uploads\/2023\/09\/Batucada-Fest-2023.jpeg\" \/>\n\t<meta property=\"og:image:width\" content=\"2048\" \/>\n\t<meta property=\"og:image:height\" content=\"1536\" \/>\n\t<meta property=\"og:image:type\" content=\"image\/jpeg\" \/>\n<meta name=\"author\" content=\"Corresponsal\" \/>\n<meta name=\"twitter:card\" content=\"summary_large_image\" \/>\n<meta name=\"twitter:label1\" content=\"Escrito por\" \/>\n\t<meta name=\"twitter:data1\" content=\"Corresponsal\" \/>\n\t<meta name=\"twitter:label2\" content=\"Tiempo de lectura\" \/>\n\t<meta name=\"twitter:data2\" content=\"2 minutos\" \/>\n<script type=\"application\/ld+json\" class=\"yoast-schema-graph\">{\"@context\":\"https:\/\/schema.org\",\"@graph\":[{\"@type\":\"WebPage\",\"@id\":\"https:\/\/www.aridane.org\/city\/2023\/09\/04\/los-llanos-acoge-la-batucada-fest-2023\/\",\"url\":\"https:\/\/www.aridane.org\/city\/2023\/09\/04\/los-llanos-acoge-la-batucada-fest-2023\/\",\"name\":\"Los Llanos acoge la Batucada Fest 2023 - Ayuntamiento de Los Llanos de Aridane\",\"isPartOf\":{\"@id\":\"https:\/\/www.aridane.org\/city\/#website\"},\"primaryImageOfPage\":{\"@id\":\"https:\/\/www.aridane.org\/city\/2023\/09\/04\/los-llanos-acoge-la-batucada-fest-2023\/#primaryimage\"},\"image\":{\"@id\":\"https:\/\/www.aridane.org\/city\/2023\/09\/04\/los-llanos-acoge-la-batucada-fest-2023\/#primaryimage\"},\"thumbnailUrl\":\"https:\/\/www.aridane.org\/city\/wp-content\/uploads\/2023\/09\/Batucada-Fest-2023.jpeg\",\"datePublished\":\"2023-09-04T13:25:53+00:00\",\"dateModified\":\"2023-09-04T13:25:53+00:00\",\"author\":{\"@id\":\"https:\/\/www.aridane.org\/city\/#\/schema\/person\/89ebd376b223dc94cc1dbcf200c8e6da\"},\"breadcrumb\":{\"@id\":\"https:\/\/www.aridane.org\/city\/2023\/09\/04\/los-llanos-acoge-la-batucada-fest-2023\/#breadcrumb\"},\"inLanguage\":\"es\",\"potentialAction\":[{\"@type\":\"ReadAction\",\"target\":[\"https:\/\/www.aridane.org\/city\/2023\/09\/04\/los-llanos-acoge-la-batucada-fest-2023\/\"]}]},{\"@type\":\"ImageObject\",\"inLanguage\":\"es\",\"@id\":\"https:\/\/www.aridane.org\/city\/2023\/09\/04\/los-llanos-acoge-la-batucada-fest-2023\/#primaryimage\",\"url\":\"https:\/\/www.aridane.org\/city\/wp-content\/uploads\/2023\/09\/Batucada-Fest-2023.jpeg\",\"contentUrl\":\"https:\/\/www.aridane.org\/city\/wp-content\/uploads\/2023\/09\/Batucada-Fest-2023.jpeg\",\"width\":2048,\"height\":1536},{\"@type\":\"BreadcrumbList\",\"@id\":\"https:\/\/www.aridane.org\/city\/2023\/09\/04\/los-llanos-acoge-la-batucada-fest-2023\/#breadcrumb\",\"itemListElement\":[{\"@type\":\"ListItem\",\"position\":1,\"name\":\"Portada\",\"item\":\"https:\/\/www.aridane.org\/city\/\"},{\"@type\":\"ListItem\",\"position\":2,\"name\":\"Los Llanos acoge la Batucada Fest 2023\"}]},{\"@type\":\"WebSite\",\"@id\":\"https:\/\/www.aridane.org\/city\/#website\",\"url\":\"https:\/\/www.aridane.org\/city\/\",\"name\":\"Ayuntamiento de Los Llanos de Aridane\",\"description\":\"\",\"potentialAction\":[{\"@type\":\"SearchAction\",\"target\":{\"@type\":\"EntryPoint\",\"urlTemplate\":\"https:\/\/www.aridane.org\/city\/?s={search_term_string}\"},\"query-input\":\"required name=search_term_string\"}],\"inLanguage\":\"es\"},{\"@type\":\"Person\",\"@id\":\"https:\/\/www.aridane.org\/city\/#\/schema\/person\/89ebd376b223dc94cc1dbcf200c8e6da\",\"name\":\"Corresponsal\",\"image\":{\"@type\":\"ImageObject\",\"inLanguage\":\"es\",\"@id\":\"https:\/\/www.aridane.org\/city\/#\/schema\/person\/image\/\",\"url\":\"https:\/\/secure.gravatar.com\/avatar\/1c476992411e4ccf153da63b2b2f5ea0bb4cb1c85f3ceab8512f04325ad5579c?s=96&d=mm&r=g\",\"contentUrl\":\"https:\/\/secure.gravatar.com\/avatar\/1c476992411e4ccf153da63b2b2f5ea0bb4cb1c85f3ceab8512f04325ad5579c?s=96&d=mm&r=g\",\"caption\":\"Corresponsal\"},\"url\":\"https:\/\/www.aridane.org\/city\/author\/corresponsal\/\"}]}<\/script>\n<!-- \/ Yoast SEO plugin. -->","yoast_head_json":{"title":"Los Llanos acoge la Batucada Fest 2023 - Ayuntamiento de Los Llanos de Aridane","robots":{"index":"index","follow":"follow","max-snippet":"max-snippet:-1","max-image-preview":"max-image-preview:large","max-video-preview":"max-video-preview:-1"},"canonical":"https:\/\/www.aridane.org\/city\/2023\/09\/04\/los-llanos-acoge-la-batucada-fest-2023\/","og_locale":"es_ES","og_type":"article","og_title":"Los Llanos acoge la Batucada Fest 2023 - Ayuntamiento de Los Llanos de Aridane","og_description":"Se desarrollar\u00e1 el 15 y 16 de septiembre, y se contar\u00e1 con m\u00e1s de 750 percusionistas de toda Canarias","og_url":"https:\/\/www.aridane.org\/city\/2023\/09\/04\/los-llanos-acoge-la-batucada-fest-2023\/","og_site_name":"Ayuntamiento de Los Llanos de Aridane","article_published_time":"2023-09-04T13:25:53+00:00","og_image":[{"width":2048,"height":1536,"url":"https:\/\/www.aridane.org\/city\/wp-content\/uploads\/2023\/09\/Batucada-Fest-2023.jpeg","type":"image\/jpeg"}],"author":"Corresponsal","twitter_card":"summary_large_image","twitter_misc":{"Escrito por":"Corresponsal","Tiempo de lectura":"2 minutos"},"schema":{"@context":"https:\/\/schema.org","@graph":[{"@type":"WebPage","@id":"https:\/\/www.aridane.org\/city\/2023\/09\/04\/los-llanos-acoge-la-batucada-fest-2023\/","url":"https:\/\/www.aridane.org\/city\/2023\/09\/04\/los-llanos-acoge-la-batucada-fest-2023\/","name":"Los Llanos acoge la Batucada Fest 2023 - Ayuntamiento de Los Llanos de Aridane","isPartOf":{"@id":"https:\/\/www.aridane.org\/city\/#website"},"primaryImageOfPage":{"@id":"https:\/\/www.aridane.org\/city\/2023\/09\/04\/los-llanos-acoge-la-batucada-fest-2023\/#primaryimage"},"image":{"@id":"https:\/\/www.aridane.org\/city\/2023\/09\/04\/los-llanos-acoge-la-batucada-fest-2023\/#primaryimage"},"thumbnailUrl":"https:\/\/www.aridane.org\/city\/wp-content\/uploads\/2023\/09\/Batucada-Fest-2023.jpeg","datePublished":"2023-09-04T13:25:53+00:00","dateModified":"2023-09-04T13:25:53+00:00","author":{"@id":"https:\/\/www.aridane.org\/city\/#\/schema\/person\/89ebd376b223dc94cc1dbcf200c8e6da"},"breadcrumb":{"@id":"https:\/\/www.aridane.org\/city\/2023\/09\/04\/los-llanos-acoge-la-batucada-fest-2023\/#breadcrumb"},"inLanguage":"es","potentialAction":[{"@type":"ReadAction","target":["https:\/\/www.aridane.org\/city\/2023\/09\/04\/los-llanos-acoge-la-batucada-fest-2023\/"]}]},{"@type":"ImageObject","inLanguage":"es","@id":"https:\/\/www.aridane.org\/city\/2023\/09\/04\/los-llanos-acoge-la-batucada-fest-2023\/#primaryimage","url":"https:\/\/www.aridane.org\/city\/wp-content\/uploads\/2023\/09\/Batucada-Fest-2023.jpeg","contentUrl":"https:\/\/www.aridane.org\/city\/wp-content\/uploads\/2023\/09\/Batucada-Fest-2023.jpeg","width":2048,"height":1536},{"@type":"BreadcrumbList","@id":"https:\/\/www.aridane.org\/city\/2023\/09\/04\/los-llanos-acoge-la-batucada-fest-2023\/#breadcrumb","itemListElement":[{"@type":"ListItem","position":1,"name":"Portada","item":"https:\/\/www.aridane.org\/city\/"},{"@type":"ListItem","position":2,"name":"Los Llanos acoge la Batucada Fest 2023"}]},{"@type":"WebSite","@id":"https:\/\/www.aridane.org\/city\/#website","url":"https:\/\/www.aridane.org\/city\/","name":"Ayuntamiento de Los Llanos de Aridane","description":"","potentialAction":[{"@type":"SearchAction","target":{"@type":"EntryPoint","urlTemplate":"https:\/\/www.aridane.org\/city\/?s={search_term_string}"},"query-input":"required name=search_term_string"}],"inLanguage":"es"},{"@type":"Person","@id":"https:\/\/www.aridane.org\/city\/#\/schema\/person\/89ebd376b223dc94cc1dbcf200c8e6da","name":"Corresponsal","image":{"@type":"ImageObject","inLanguage":"es","@id":"https:\/\/www.aridane.org\/city\/#\/schema\/person\/image\/","url":"https:\/\/secure.gravatar.com\/avatar\/1c476992411e4ccf153da63b2b2f5ea0bb4cb1c85f3ceab8512f04325ad5579c?s=96&d=mm&r=g","contentUrl":"https:\/\/secure.gravatar.com\/avatar\/1c476992411e4ccf153da63b2b2f5ea0bb4cb1c85f3ceab8512f04325ad5579c?s=96&d=mm&r=g","caption":"Corresponsal"},"url":"https:\/\/www.aridane.org\/city\/author\/corresponsal\/"}]}},"_links":{"self":[{"href":"https:\/\/www.aridane.org\/city\/wp-json\/wp\/v2\/posts\/2683","targetHints":{"allow":["GET"]}}],"collection":[{"href":"https:\/\/www.aridane.org\/city\/wp-json\/wp\/v2\/posts"}],"about":[{"href":"https:\/\/www.aridane.org\/city\/wp-json\/wp\/v2\/types\/post"}],"author":[{"embeddable":true,"href":"https:\/\/www.aridane.org\/city\/wp-json\/wp\/v2\/users\/4"}],"replies":[{"embeddable":true,"href":"https:\/\/www.aridane.org\/city\/wp-json\/wp\/v2\/comments?post=2683"}],"version-history":[{"count":1,"href":"https:\/\/www.aridane.org\/city\/wp-json\/wp\/v2\/posts\/2683\/revisions"}],"predecessor-version":[{"id":2685,"href":"https:\/\/www.aridane.org\/city\/wp-json\/wp\/v2\/posts\/2683\/revisions\/2685"}],"wp:featuredmedia":[{"embeddable":true,"href":"https:\/\/www.aridane.org\/city\/wp-json\/wp\/v2\/media\/2684"}],"wp:attachment":[{"href":"https:\/\/www.aridane.org\/city\/wp-json\/wp\/v2\/media?parent=2683"}],"wp:term":[{"taxonomy":"category","embeddable":true,"href":"https:\/\/www.aridane.org\/city\/wp-json\/wp\/v2\/categories?post=2683"},{"taxonomy":"post_tag","embeddable":true,"href":"https:\/\/www.aridane.org\/city\/wp-json\/wp\/v2\/tags?post=2683"}],"curies":[{"name":"wp","href":"https:\/\/api.w.org\/{rel}","templated":true}]}}