{"id":2773,"date":"2023-09-21T08:56:52","date_gmt":"2023-09-21T08:56:52","guid":{"rendered":"https:\/\/www.aridane.org\/city\/?p=2773"},"modified":"2023-09-26T09:00:23","modified_gmt":"2023-09-26T09:00:23","slug":"los-llanos-de-aridane-acoge-la-segunda-edicion-de-la-velada-la-palma-boxing-promotion","status":"publish","type":"post","link":"https:\/\/www.aridane.org\/city\/2023\/09\/21\/los-llanos-de-aridane-acoge-la-segunda-edicion-de-la-velada-la-palma-boxing-promotion\/","title":{"rendered":"Los Llanos de Aridane acoge la segunda edici\u00f3n de la velada La Palma Boxing Promotion"},"content":{"rendered":"<p><em>El evento ser\u00e1 el s\u00e1bado, 30 de septiembre, y contar\u00e1 con el primer combate de boxeo internacional en La Palma<\/em><\/p>\n<p><!--more--><\/p>\n<div id=\"v1forwardbody1\">\n<p>Los Llanos de Aridane celebra la segunda edici\u00f3n de velada de La Palma Boxing Promotion, que tendr\u00e1 lugar el s\u00e1bado, 30 de septiembre, en el Pabell\u00f3n Camilo Le\u00f3n. El evento -en el que colaboran el Ayuntamiento y la Federaci\u00f3n Canaria de Boxeo- acoger\u00e1, por primera vez en la historia de Isla, un combate de boxeo internacional.<\/p>\n<p>El concejal de Deportes, V\u00edctor Gonz\u00e1lez, asegura que la segunda edici\u00f3n de la velada ser\u00e1 a\u00fan m\u00e1s espectacular que la primera. \u201cLa apuesta hecha el a\u00f1o pasado por este evento fue todo un \u00e9xito. No s\u00f3lo disfrutamos de un lleno rotundo, sino que sirvi\u00f3 para promocionar un arte tan noble como el boxeo y el de los deportes de contacto en general\u201d, apunta.<\/p>\n<p>V\u00edctor Gonz\u00e1lez y el alcalde, Javier Llamas, tambi\u00e9n ponen en valor el trabajo del promotor del evento: Tato Primera, luchador profesional de MMA. \u201cValoramos mucho la valent\u00eda de Tato Primera para impulsar este evento\u201d, apunta el concejal. \u201cSe ha convertido en un aut\u00e9ntico referente como deportista y tambi\u00e9n como emprendedor en la Isla\u201d, a\u00f1ade el alcalde.<\/p>\n<p>Javier Llamas tambi\u00e9n valora que Los Llanos de Aridane se convierta una vez m\u00e1s en la capital del boxeo en La Palma. \u201cEsto supone un impulso importante para la imagen y la dinamizaci\u00f3n del municipio\u201d, a\u00f1ade.<\/p>\n<p>Por su parte, Tato Primera destaca que \u201cpor segunda vez volvemos al Terrero Camilo Le\u00f3n para que todos los palmeros puedan disfrutar de esta velada de boxeo \u00fanica. El a\u00f1o pasado qued\u00f3 demostrado que fue todo un \u00e9xito, y este a\u00f1o estamos seguros que volveremos a batir r\u00e9cord de p\u00fablico\u201d.<\/p>\n<h2><strong>Boxeo internacional en La Palma<\/strong><\/h2>\n<p>El cabeza de cartel de velada ser\u00e1 el promotor Tato Primera, quien se enfrentar\u00e1 por primera vez en su andadura como boxeador contra el rumano Marian Cazacu.<\/p>\n<p>Adem\u00e1s, en el evento, Alberto \u2018El Chino\u2019pelear\u00e1 como profesional, el gran Tanaus\u00fa P\u00e9rez se enfrentar\u00e1 al Campe\u00f3n de Canarias, Cristian Medina, adem\u00e1s de otras sorpresas y combates.<\/p>\n<p>Las personas interesadas en el evento podr\u00e1n adquirir las entradas de forma anticipada en\u00a0<a href=\"https:\/\/www.tomaticket.es\/es-es\/entradas-la-palma-boxing-promotion\" target=\"_blank\" rel=\"noopener noreferrer\">https:\/\/www.tomaticket.es\/es-es\/entradas-la-palma-boxing-promotion<\/a>. Se trata de un espect\u00e1culo para todos los p\u00fablicos, que tambi\u00e9n contar\u00e1 con m\u00fasica a cargo de DJ Capote. La apertura de puertas ser\u00e1 el s\u00e1bado a las 17:00 horas.<\/p>\n<\/div>\n","protected":false},"excerpt":{"rendered":"<p>El evento ser\u00e1 el s\u00e1bado, 30 de septiembre, y contar\u00e1 con el primer combate de boxeo internacional en La Palma<\/p>\n","protected":false},"author":4,"featured_media":2774,"comment_status":"open","ping_status":"open","sticky":false,"template":"","format":"standard","meta":{"footnotes":""},"categories":[6],"tags":[],"class_list":["post-2773","post","type-post","status-publish","format-standard","has-post-thumbnail","hentry","category-prensa"],"yoast_head":"<!-- This site is optimized with the Yoast SEO plugin v22.7 - https:\/\/yoast.com\/wordpress\/plugins\/seo\/ -->\n<title>Los Llanos de Aridane acoge la segunda edici\u00f3n de la velada La Palma Boxing Promotion - Ayuntamiento de Los Llanos de Aridane<\/title>\n<meta name=\"robots\" content=\"index, follow, max-snippet:-1, max-image-preview:large, max-video-preview:-1\" \/>\n<link rel=\"canonical\" href=\"https:\/\/www.aridane.org\/city\/2023\/09\/21\/los-llanos-de-aridane-acoge-la-segunda-edicion-de-la-velada-la-palma-boxing-promotion\/\" \/>\n<meta property=\"og:locale\" content=\"es_ES\" \/>\n<meta property=\"og:type\" content=\"article\" \/>\n<meta property=\"og:title\" content=\"Los Llanos de Aridane acoge la segunda edici\u00f3n de la velada La Palma Boxing Promotion - Ayuntamiento de Los Llanos de Aridane\" \/>\n<meta property=\"og:description\" content=\"El evento ser\u00e1 el s\u00e1bado, 30 de septiembre, y contar\u00e1 con el primer combate de boxeo internacional en La Palma\" \/>\n<meta property=\"og:url\" content=\"https:\/\/www.aridane.org\/city\/2023\/09\/21\/los-llanos-de-aridane-acoge-la-segunda-edicion-de-la-velada-la-palma-boxing-promotion\/\" \/>\n<meta property=\"og:site_name\" content=\"Ayuntamiento de Los Llanos de Aridane\" \/>\n<meta property=\"article:published_time\" content=\"2023-09-21T08:56:52+00:00\" \/>\n<meta property=\"article:modified_time\" content=\"2023-09-26T09:00:23+00:00\" \/>\n<meta property=\"og:image\" content=\"https:\/\/www.aridane.org\/city\/wp-content\/uploads\/2023\/09\/Velada-II.jpeg\" \/>\n\t<meta property=\"og:image:width\" content=\"1080\" \/>\n\t<meta property=\"og:image:height\" content=\"1352\" \/>\n\t<meta property=\"og:image:type\" content=\"image\/jpeg\" \/>\n<meta name=\"author\" content=\"Corresponsal\" \/>\n<meta name=\"twitter:card\" content=\"summary_large_image\" \/>\n<meta name=\"twitter:label1\" content=\"Escrito por\" \/>\n\t<meta name=\"twitter:data1\" content=\"Corresponsal\" \/>\n\t<meta name=\"twitter:label2\" content=\"Tiempo de lectura\" \/>\n\t<meta name=\"twitter:data2\" content=\"2 minutos\" \/>\n<script type=\"application\/ld+json\" class=\"yoast-schema-graph\">{\"@context\":\"https:\/\/schema.org\",\"@graph\":[{\"@type\":\"WebPage\",\"@id\":\"https:\/\/www.aridane.org\/city\/2023\/09\/21\/los-llanos-de-aridane-acoge-la-segunda-edicion-de-la-velada-la-palma-boxing-promotion\/\",\"url\":\"https:\/\/www.aridane.org\/city\/2023\/09\/21\/los-llanos-de-aridane-acoge-la-segunda-edicion-de-la-velada-la-palma-boxing-promotion\/\",\"name\":\"Los Llanos de Aridane acoge la segunda edici\u00f3n de la velada La Palma Boxing Promotion - Ayuntamiento de Los Llanos de Aridane\",\"isPartOf\":{\"@id\":\"https:\/\/www.aridane.org\/city\/#website\"},\"primaryImageOfPage\":{\"@id\":\"https:\/\/www.aridane.org\/city\/2023\/09\/21\/los-llanos-de-aridane-acoge-la-segunda-edicion-de-la-velada-la-palma-boxing-promotion\/#primaryimage\"},\"image\":{\"@id\":\"https:\/\/www.aridane.org\/city\/2023\/09\/21\/los-llanos-de-aridane-acoge-la-segunda-edicion-de-la-velada-la-palma-boxing-promotion\/#primaryimage\"},\"thumbnailUrl\":\"https:\/\/www.aridane.org\/city\/wp-content\/uploads\/2023\/09\/Velada-II.jpeg\",\"datePublished\":\"2023-09-21T08:56:52+00:00\",\"dateModified\":\"2023-09-26T09:00:23+00:00\",\"author\":{\"@id\":\"https:\/\/www.aridane.org\/city\/#\/schema\/person\/89ebd376b223dc94cc1dbcf200c8e6da\"},\"breadcrumb\":{\"@id\":\"https:\/\/www.aridane.org\/city\/2023\/09\/21\/los-llanos-de-aridane-acoge-la-segunda-edicion-de-la-velada-la-palma-boxing-promotion\/#breadcrumb\"},\"inLanguage\":\"es\",\"potentialAction\":[{\"@type\":\"ReadAction\",\"target\":[\"https:\/\/www.aridane.org\/city\/2023\/09\/21\/los-llanos-de-aridane-acoge-la-segunda-edicion-de-la-velada-la-palma-boxing-promotion\/\"]}]},{\"@type\":\"ImageObject\",\"inLanguage\":\"es\",\"@id\":\"https:\/\/www.aridane.org\/city\/2023\/09\/21\/los-llanos-de-aridane-acoge-la-segunda-edicion-de-la-velada-la-palma-boxing-promotion\/#primaryimage\",\"url\":\"https:\/\/www.aridane.org\/city\/wp-content\/uploads\/2023\/09\/Velada-II.jpeg\",\"contentUrl\":\"https:\/\/www.aridane.org\/city\/wp-content\/uploads\/2023\/09\/Velada-II.jpeg\",\"width\":1080,\"height\":1352},{\"@type\":\"BreadcrumbList\",\"@id\":\"https:\/\/www.aridane.org\/city\/2023\/09\/21\/los-llanos-de-aridane-acoge-la-segunda-edicion-de-la-velada-la-palma-boxing-promotion\/#breadcrumb\",\"itemListElement\":[{\"@type\":\"ListItem\",\"position\":1,\"name\":\"Portada\",\"item\":\"https:\/\/www.aridane.org\/city\/\"},{\"@type\":\"ListItem\",\"position\":2,\"name\":\"Los Llanos de Aridane acoge la segunda edici\u00f3n de la velada La Palma Boxing Promotion\"}]},{\"@type\":\"WebSite\",\"@id\":\"https:\/\/www.aridane.org\/city\/#website\",\"url\":\"https:\/\/www.aridane.org\/city\/\",\"name\":\"Ayuntamiento de Los Llanos de Aridane\",\"description\":\"\",\"potentialAction\":[{\"@type\":\"SearchAction\",\"target\":{\"@type\":\"EntryPoint\",\"urlTemplate\":\"https:\/\/www.aridane.org\/city\/?s={search_term_string}\"},\"query-input\":\"required name=search_term_string\"}],\"inLanguage\":\"es\"},{\"@type\":\"Person\",\"@id\":\"https:\/\/www.aridane.org\/city\/#\/schema\/person\/89ebd376b223dc94cc1dbcf200c8e6da\",\"name\":\"Corresponsal\",\"image\":{\"@type\":\"ImageObject\",\"inLanguage\":\"es\",\"@id\":\"https:\/\/www.aridane.org\/city\/#\/schema\/person\/image\/\",\"url\":\"https:\/\/secure.gravatar.com\/avatar\/1c476992411e4ccf153da63b2b2f5ea0bb4cb1c85f3ceab8512f04325ad5579c?s=96&d=mm&r=g\",\"contentUrl\":\"https:\/\/secure.gravatar.com\/avatar\/1c476992411e4ccf153da63b2b2f5ea0bb4cb1c85f3ceab8512f04325ad5579c?s=96&d=mm&r=g\",\"caption\":\"Corresponsal\"},\"url\":\"https:\/\/www.aridane.org\/city\/author\/corresponsal\/\"}]}<\/script>\n<!-- \/ Yoast SEO plugin. -->","yoast_head_json":{"title":"Los Llanos de Aridane acoge la segunda edici\u00f3n de la velada La Palma Boxing Promotion - Ayuntamiento de Los Llanos de Aridane","robots":{"index":"index","follow":"follow","max-snippet":"max-snippet:-1","max-image-preview":"max-image-preview:large","max-video-preview":"max-video-preview:-1"},"canonical":"https:\/\/www.aridane.org\/city\/2023\/09\/21\/los-llanos-de-aridane-acoge-la-segunda-edicion-de-la-velada-la-palma-boxing-promotion\/","og_locale":"es_ES","og_type":"article","og_title":"Los Llanos de Aridane acoge la segunda edici\u00f3n de la velada La Palma Boxing Promotion - Ayuntamiento de Los Llanos de Aridane","og_description":"El evento ser\u00e1 el s\u00e1bado, 30 de septiembre, y contar\u00e1 con el primer combate de boxeo internacional en La Palma","og_url":"https:\/\/www.aridane.org\/city\/2023\/09\/21\/los-llanos-de-aridane-acoge-la-segunda-edicion-de-la-velada-la-palma-boxing-promotion\/","og_site_name":"Ayuntamiento de Los Llanos de Aridane","article_published_time":"2023-09-21T08:56:52+00:00","article_modified_time":"2023-09-26T09:00:23+00:00","og_image":[{"width":1080,"height":1352,"url":"https:\/\/www.aridane.org\/city\/wp-content\/uploads\/2023\/09\/Velada-II.jpeg","type":"image\/jpeg"}],"author":"Corresponsal","twitter_card":"summary_large_image","twitter_misc":{"Escrito por":"Corresponsal","Tiempo de lectura":"2 minutos"},"schema":{"@context":"https:\/\/schema.org","@graph":[{"@type":"WebPage","@id":"https:\/\/www.aridane.org\/city\/2023\/09\/21\/los-llanos-de-aridane-acoge-la-segunda-edicion-de-la-velada-la-palma-boxing-promotion\/","url":"https:\/\/www.aridane.org\/city\/2023\/09\/21\/los-llanos-de-aridane-acoge-la-segunda-edicion-de-la-velada-la-palma-boxing-promotion\/","name":"Los Llanos de Aridane acoge la segunda edici\u00f3n de la velada La Palma Boxing Promotion - Ayuntamiento de Los Llanos de Aridane","isPartOf":{"@id":"https:\/\/www.aridane.org\/city\/#website"},"primaryImageOfPage":{"@id":"https:\/\/www.aridane.org\/city\/2023\/09\/21\/los-llanos-de-aridane-acoge-la-segunda-edicion-de-la-velada-la-palma-boxing-promotion\/#primaryimage"},"image":{"@id":"https:\/\/www.aridane.org\/city\/2023\/09\/21\/los-llanos-de-aridane-acoge-la-segunda-edicion-de-la-velada-la-palma-boxing-promotion\/#primaryimage"},"thumbnailUrl":"https:\/\/www.aridane.org\/city\/wp-content\/uploads\/2023\/09\/Velada-II.jpeg","datePublished":"2023-09-21T08:56:52+00:00","dateModified":"2023-09-26T09:00:23+00:00","author":{"@id":"https:\/\/www.aridane.org\/city\/#\/schema\/person\/89ebd376b223dc94cc1dbcf200c8e6da"},"breadcrumb":{"@id":"https:\/\/www.aridane.org\/city\/2023\/09\/21\/los-llanos-de-aridane-acoge-la-segunda-edicion-de-la-velada-la-palma-boxing-promotion\/#breadcrumb"},"inLanguage":"es","potentialAction":[{"@type":"ReadAction","target":["https:\/\/www.aridane.org\/city\/2023\/09\/21\/los-llanos-de-aridane-acoge-la-segunda-edicion-de-la-velada-la-palma-boxing-promotion\/"]}]},{"@type":"ImageObject","inLanguage":"es","@id":"https:\/\/www.aridane.org\/city\/2023\/09\/21\/los-llanos-de-aridane-acoge-la-segunda-edicion-de-la-velada-la-palma-boxing-promotion\/#primaryimage","url":"https:\/\/www.aridane.org\/city\/wp-content\/uploads\/2023\/09\/Velada-II.jpeg","contentUrl":"https:\/\/www.aridane.org\/city\/wp-content\/uploads\/2023\/09\/Velada-II.jpeg","width":1080,"height":1352},{"@type":"BreadcrumbList","@id":"https:\/\/www.aridane.org\/city\/2023\/09\/21\/los-llanos-de-aridane-acoge-la-segunda-edicion-de-la-velada-la-palma-boxing-promotion\/#breadcrumb","itemListElement":[{"@type":"ListItem","position":1,"name":"Portada","item":"https:\/\/www.aridane.org\/city\/"},{"@type":"ListItem","position":2,"name":"Los Llanos de Aridane acoge la segunda edici\u00f3n de la velada La Palma Boxing Promotion"}]},{"@type":"WebSite","@id":"https:\/\/www.aridane.org\/city\/#website","url":"https:\/\/www.aridane.org\/city\/","name":"Ayuntamiento de Los Llanos de Aridane","description":"","potentialAction":[{"@type":"SearchAction","target":{"@type":"EntryPoint","urlTemplate":"https:\/\/www.aridane.org\/city\/?s={search_term_string}"},"query-input":"required name=search_term_string"}],"inLanguage":"es"},{"@type":"Person","@id":"https:\/\/www.aridane.org\/city\/#\/schema\/person\/89ebd376b223dc94cc1dbcf200c8e6da","name":"Corresponsal","image":{"@type":"ImageObject","inLanguage":"es","@id":"https:\/\/www.aridane.org\/city\/#\/schema\/person\/image\/","url":"https:\/\/secure.gravatar.com\/avatar\/1c476992411e4ccf153da63b2b2f5ea0bb4cb1c85f3ceab8512f04325ad5579c?s=96&d=mm&r=g","contentUrl":"https:\/\/secure.gravatar.com\/avatar\/1c476992411e4ccf153da63b2b2f5ea0bb4cb1c85f3ceab8512f04325ad5579c?s=96&d=mm&r=g","caption":"Corresponsal"},"url":"https:\/\/www.aridane.org\/city\/author\/corresponsal\/"}]}},"_links":{"self":[{"href":"https:\/\/www.aridane.org\/city\/wp-json\/wp\/v2\/posts\/2773","targetHints":{"allow":["GET"]}}],"collection":[{"href":"https:\/\/www.aridane.org\/city\/wp-json\/wp\/v2\/posts"}],"about":[{"href":"https:\/\/www.aridane.org\/city\/wp-json\/wp\/v2\/types\/post"}],"author":[{"embeddable":true,"href":"https:\/\/www.aridane.org\/city\/wp-json\/wp\/v2\/users\/4"}],"replies":[{"embeddable":true,"href":"https:\/\/www.aridane.org\/city\/wp-json\/wp\/v2\/comments?post=2773"}],"version-history":[{"count":1,"href":"https:\/\/www.aridane.org\/city\/wp-json\/wp\/v2\/posts\/2773\/revisions"}],"predecessor-version":[{"id":2775,"href":"https:\/\/www.aridane.org\/city\/wp-json\/wp\/v2\/posts\/2773\/revisions\/2775"}],"wp:featuredmedia":[{"embeddable":true,"href":"https:\/\/www.aridane.org\/city\/wp-json\/wp\/v2\/media\/2774"}],"wp:attachment":[{"href":"https:\/\/www.aridane.org\/city\/wp-json\/wp\/v2\/media?parent=2773"}],"wp:term":[{"taxonomy":"category","embeddable":true,"href":"https:\/\/www.aridane.org\/city\/wp-json\/wp\/v2\/categories?post=2773"},{"taxonomy":"post_tag","embeddable":true,"href":"https:\/\/www.aridane.org\/city\/wp-json\/wp\/v2\/tags?post=2773"}],"curies":[{"name":"wp","href":"https:\/\/api.w.org\/{rel}","templated":true}]}}