{"id":2776,"date":"2023-09-20T09:02:48","date_gmt":"2023-09-20T09:02:48","guid":{"rendered":"https:\/\/www.aridane.org\/city\/?p=2776"},"modified":"2023-10-03T13:16:05","modified_gmt":"2023-10-03T13:16:05","slug":"los-llanos-de-aridane-impulsa-la-recuperacion-de-la-antigua-carcel-2","status":"publish","type":"post","link":"https:\/\/www.aridane.org\/city\/2023\/09\/20\/los-llanos-de-aridane-impulsa-la-recuperacion-de-la-antigua-carcel-2\/","title":{"rendered":"Los\u00a0 Llanos de Aridane impulsa la recuperaci\u00f3n de la antigua c\u00e1rcel"},"content":{"rendered":"<p><em>El alcalde destaca que la restauraci\u00f3n de la antigua c\u00e1rcel revitalizar\u00e1 el centro hist\u00f3rico y dotar\u00e1 al Ayuntamiento de nuevos recursos<\/em><!--more--><\/p>\n<div id=\"v1forwardbody1\">\n<p>El Ayuntamiento de Los Llanos de Aridane contin\u00faa trabajando para recuperar la Casa Wanguemert y K\u00e1bana, la antigua c\u00e1rcel, para convertirla en el Archivo Municipal.<\/p>\n<p>El alcalde, Javier Llamas, destaca que la restauraci\u00f3n de la Casa Wang\u00fcemert y K\u00e1bana, cuya obra est\u00e1 ya en licitaci\u00f3n por un valor de 1,2 millones de euros, es una manera de cuidar el patrimonio, revitalizar el municipio y habilitar un nuevo espacio para desarrollar actividades.<\/p>\n<p>La concejal de infraestructuras, Virginia Santaella, explica que el objetivo es que una vez sea adjudicado el contrato puedan comenzar las obras lo antes posible. Adem\u00e1s, defiende que \u201cla restauraci\u00f3n de este edificio revitalizar\u00e1 el centro hist\u00f3rico, y permitir\u00e1 seguir dotando al Ayuntamiento de nuevos recursos\u201d.<\/p>\n<p>La concejal se\u00f1ala que en esta obra se contempla habilitar espacios para tratar la documentaci\u00f3n, zonas de archivo papel y digital, una sala de consulta-biblioteca, as\u00ed como salas para conferencias y exposiciones. \u201cNo podemos olvidar que Los Llanos de Aridane cuenta con un rico archivo documental, y estamos seguros que esta nueva ubicaci\u00f3n ser\u00e1 la adecuada para continuar manteniendo y guardando estos documentos, adem\u00e1s de ser m\u00e1s c\u00f3modo para los llanenses que quieran puedan realizar consultas\u201d.<\/p>\n<p>Por su parte, la concejal de Turismo, Inmaculada Fern\u00e1ndez, explica que este trabajo es el primero que se ejecuta dentro del marco del Plan de Sostenibilidad Tur\u00edstico, dotado con casi cuatro millones de euros y financiado por el Gobierno de Espa\u00f1a, Gobierno de Canarias y el Ayuntamiento de Los Llanos de Aridane.<\/p>\n<p>Fern\u00e1ndez destaca que \u201cel objetivo de este trabajo es el de continuar reactivando la oferta tur\u00edstica de Los Llanos de Aridane en un momento clave para nuestro municipio, para as\u00ed seguir potenciando nuestras infraestructuras, y dinamizando nuestro casco urbano\u201d.<\/p>\n<h2><strong>Historia del edificio<\/strong><\/h2>\n<p>No se dispone de una fecha exacta de su construcci\u00f3n, pero diferentes circunstancias permiten suponer que data de la segunda mitad del siglo dieciocho.<\/p>\n<p>Perteneci\u00f3 en esos inicios a la familia Wang\u00fcemert, emparentada luego con la familia K\u00e1bana. A principios de los a\u00f1os cuarenta del siglo pasado, comenz\u00f3 su andadura como c\u00e1rcel. Para ello, se modificaron las dependencias de la planta baja en celdas, mientras la planta alta se mantuvo como vivienda, aunque con reformas, tal que en alg\u00fan momento ambos usos convivieron.<\/p>\n<\/div>\n","protected":false},"excerpt":{"rendered":"<p>El alcalde destaca que la restauraci\u00f3n de la antigua c\u00e1rcel revitalizar\u00e1 el centro hist\u00f3rico y dotar\u00e1 al Ayuntamiento de nuevos recursos<\/p>\n","protected":false},"author":4,"featured_media":2835,"comment_status":"open","ping_status":"open","sticky":false,"template":"","format":"standard","meta":{"footnotes":""},"categories":[6],"tags":[],"class_list":["post-2776","post","type-post","status-publish","format-standard","has-post-thumbnail","hentry","category-prensa"],"yoast_head":"<!-- This site is optimized with the Yoast SEO plugin v22.7 - https:\/\/yoast.com\/wordpress\/plugins\/seo\/ -->\n<title>Los\u00a0 Llanos de Aridane impulsa la recuperaci\u00f3n de la antigua c\u00e1rcel - Ayuntamiento de Los Llanos de Aridane<\/title>\n<meta name=\"robots\" content=\"index, follow, max-snippet:-1, max-image-preview:large, max-video-preview:-1\" \/>\n<link rel=\"canonical\" href=\"https:\/\/www.aridane.org\/city\/2023\/09\/20\/los-llanos-de-aridane-impulsa-la-recuperacion-de-la-antigua-carcel-2\/\" \/>\n<meta property=\"og:locale\" content=\"es_ES\" \/>\n<meta property=\"og:type\" content=\"article\" \/>\n<meta property=\"og:title\" content=\"Los\u00a0 Llanos de Aridane impulsa la recuperaci\u00f3n de la antigua c\u00e1rcel - Ayuntamiento de Los Llanos de Aridane\" \/>\n<meta property=\"og:description\" content=\"El alcalde destaca que la restauraci\u00f3n de la antigua c\u00e1rcel revitalizar\u00e1 el centro hist\u00f3rico y dotar\u00e1 al Ayuntamiento de nuevos recursos\" \/>\n<meta property=\"og:url\" content=\"https:\/\/www.aridane.org\/city\/2023\/09\/20\/los-llanos-de-aridane-impulsa-la-recuperacion-de-la-antigua-carcel-2\/\" \/>\n<meta property=\"og:site_name\" content=\"Ayuntamiento de Los Llanos de Aridane\" \/>\n<meta property=\"article:published_time\" content=\"2023-09-20T09:02:48+00:00\" \/>\n<meta property=\"article:modified_time\" content=\"2023-10-03T13:16:05+00:00\" \/>\n<meta property=\"og:image\" content=\"https:\/\/www.aridane.org\/city\/wp-content\/uploads\/2023\/09\/Casa-Wanguemert-y-Kabana-2-e1696338953803.jpeg\" \/>\n\t<meta property=\"og:image:width\" content=\"764\" \/>\n\t<meta property=\"og:image:height\" content=\"585\" \/>\n\t<meta property=\"og:image:type\" content=\"image\/jpeg\" \/>\n<meta name=\"author\" content=\"Corresponsal\" \/>\n<meta name=\"twitter:card\" content=\"summary_large_image\" \/>\n<meta name=\"twitter:label1\" content=\"Escrito por\" \/>\n\t<meta name=\"twitter:data1\" content=\"Corresponsal\" \/>\n\t<meta name=\"twitter:label2\" content=\"Tiempo de lectura\" \/>\n\t<meta name=\"twitter:data2\" content=\"2 minutos\" \/>\n<script type=\"application\/ld+json\" class=\"yoast-schema-graph\">{\"@context\":\"https:\/\/schema.org\",\"@graph\":[{\"@type\":\"WebPage\",\"@id\":\"https:\/\/www.aridane.org\/city\/2023\/09\/20\/los-llanos-de-aridane-impulsa-la-recuperacion-de-la-antigua-carcel-2\/\",\"url\":\"https:\/\/www.aridane.org\/city\/2023\/09\/20\/los-llanos-de-aridane-impulsa-la-recuperacion-de-la-antigua-carcel-2\/\",\"name\":\"Los\u00a0 Llanos de Aridane impulsa la recuperaci\u00f3n de la antigua c\u00e1rcel - Ayuntamiento de Los Llanos de Aridane\",\"isPartOf\":{\"@id\":\"https:\/\/www.aridane.org\/city\/#website\"},\"primaryImageOfPage\":{\"@id\":\"https:\/\/www.aridane.org\/city\/2023\/09\/20\/los-llanos-de-aridane-impulsa-la-recuperacion-de-la-antigua-carcel-2\/#primaryimage\"},\"image\":{\"@id\":\"https:\/\/www.aridane.org\/city\/2023\/09\/20\/los-llanos-de-aridane-impulsa-la-recuperacion-de-la-antigua-carcel-2\/#primaryimage\"},\"thumbnailUrl\":\"https:\/\/www.aridane.org\/city\/wp-content\/uploads\/2023\/09\/Casa-Wanguemert-y-Kabana-2-e1696338953803.jpeg\",\"datePublished\":\"2023-09-20T09:02:48+00:00\",\"dateModified\":\"2023-10-03T13:16:05+00:00\",\"author\":{\"@id\":\"https:\/\/www.aridane.org\/city\/#\/schema\/person\/89ebd376b223dc94cc1dbcf200c8e6da\"},\"breadcrumb\":{\"@id\":\"https:\/\/www.aridane.org\/city\/2023\/09\/20\/los-llanos-de-aridane-impulsa-la-recuperacion-de-la-antigua-carcel-2\/#breadcrumb\"},\"inLanguage\":\"es\",\"potentialAction\":[{\"@type\":\"ReadAction\",\"target\":[\"https:\/\/www.aridane.org\/city\/2023\/09\/20\/los-llanos-de-aridane-impulsa-la-recuperacion-de-la-antigua-carcel-2\/\"]}]},{\"@type\":\"ImageObject\",\"inLanguage\":\"es\",\"@id\":\"https:\/\/www.aridane.org\/city\/2023\/09\/20\/los-llanos-de-aridane-impulsa-la-recuperacion-de-la-antigua-carcel-2\/#primaryimage\",\"url\":\"https:\/\/www.aridane.org\/city\/wp-content\/uploads\/2023\/09\/Casa-Wanguemert-y-Kabana-2-e1696338953803.jpeg\",\"contentUrl\":\"https:\/\/www.aridane.org\/city\/wp-content\/uploads\/2023\/09\/Casa-Wanguemert-y-Kabana-2-e1696338953803.jpeg\",\"width\":764,\"height\":585},{\"@type\":\"BreadcrumbList\",\"@id\":\"https:\/\/www.aridane.org\/city\/2023\/09\/20\/los-llanos-de-aridane-impulsa-la-recuperacion-de-la-antigua-carcel-2\/#breadcrumb\",\"itemListElement\":[{\"@type\":\"ListItem\",\"position\":1,\"name\":\"Portada\",\"item\":\"https:\/\/www.aridane.org\/city\/\"},{\"@type\":\"ListItem\",\"position\":2,\"name\":\"Los\u00a0 Llanos de Aridane impulsa la recuperaci\u00f3n de la antigua c\u00e1rcel\"}]},{\"@type\":\"WebSite\",\"@id\":\"https:\/\/www.aridane.org\/city\/#website\",\"url\":\"https:\/\/www.aridane.org\/city\/\",\"name\":\"Ayuntamiento de Los Llanos de Aridane\",\"description\":\"\",\"potentialAction\":[{\"@type\":\"SearchAction\",\"target\":{\"@type\":\"EntryPoint\",\"urlTemplate\":\"https:\/\/www.aridane.org\/city\/?s={search_term_string}\"},\"query-input\":\"required name=search_term_string\"}],\"inLanguage\":\"es\"},{\"@type\":\"Person\",\"@id\":\"https:\/\/www.aridane.org\/city\/#\/schema\/person\/89ebd376b223dc94cc1dbcf200c8e6da\",\"name\":\"Corresponsal\",\"image\":{\"@type\":\"ImageObject\",\"inLanguage\":\"es\",\"@id\":\"https:\/\/www.aridane.org\/city\/#\/schema\/person\/image\/\",\"url\":\"https:\/\/secure.gravatar.com\/avatar\/1c476992411e4ccf153da63b2b2f5ea0bb4cb1c85f3ceab8512f04325ad5579c?s=96&d=mm&r=g\",\"contentUrl\":\"https:\/\/secure.gravatar.com\/avatar\/1c476992411e4ccf153da63b2b2f5ea0bb4cb1c85f3ceab8512f04325ad5579c?s=96&d=mm&r=g\",\"caption\":\"Corresponsal\"},\"url\":\"https:\/\/www.aridane.org\/city\/author\/corresponsal\/\"}]}<\/script>\n<!-- \/ Yoast SEO plugin. -->","yoast_head_json":{"title":"Los\u00a0 Llanos de Aridane impulsa la recuperaci\u00f3n de la antigua c\u00e1rcel - Ayuntamiento de Los Llanos de Aridane","robots":{"index":"index","follow":"follow","max-snippet":"max-snippet:-1","max-image-preview":"max-image-preview:large","max-video-preview":"max-video-preview:-1"},"canonical":"https:\/\/www.aridane.org\/city\/2023\/09\/20\/los-llanos-de-aridane-impulsa-la-recuperacion-de-la-antigua-carcel-2\/","og_locale":"es_ES","og_type":"article","og_title":"Los\u00a0 Llanos de Aridane impulsa la recuperaci\u00f3n de la antigua c\u00e1rcel - Ayuntamiento de Los Llanos de Aridane","og_description":"El alcalde destaca que la restauraci\u00f3n de la antigua c\u00e1rcel revitalizar\u00e1 el centro hist\u00f3rico y dotar\u00e1 al Ayuntamiento de nuevos recursos","og_url":"https:\/\/www.aridane.org\/city\/2023\/09\/20\/los-llanos-de-aridane-impulsa-la-recuperacion-de-la-antigua-carcel-2\/","og_site_name":"Ayuntamiento de Los Llanos de Aridane","article_published_time":"2023-09-20T09:02:48+00:00","article_modified_time":"2023-10-03T13:16:05+00:00","og_image":[{"width":764,"height":585,"url":"https:\/\/www.aridane.org\/city\/wp-content\/uploads\/2023\/09\/Casa-Wanguemert-y-Kabana-2-e1696338953803.jpeg","type":"image\/jpeg"}],"author":"Corresponsal","twitter_card":"summary_large_image","twitter_misc":{"Escrito por":"Corresponsal","Tiempo de lectura":"2 minutos"},"schema":{"@context":"https:\/\/schema.org","@graph":[{"@type":"WebPage","@id":"https:\/\/www.aridane.org\/city\/2023\/09\/20\/los-llanos-de-aridane-impulsa-la-recuperacion-de-la-antigua-carcel-2\/","url":"https:\/\/www.aridane.org\/city\/2023\/09\/20\/los-llanos-de-aridane-impulsa-la-recuperacion-de-la-antigua-carcel-2\/","name":"Los\u00a0 Llanos de Aridane impulsa la recuperaci\u00f3n de la antigua c\u00e1rcel - Ayuntamiento de Los Llanos de Aridane","isPartOf":{"@id":"https:\/\/www.aridane.org\/city\/#website"},"primaryImageOfPage":{"@id":"https:\/\/www.aridane.org\/city\/2023\/09\/20\/los-llanos-de-aridane-impulsa-la-recuperacion-de-la-antigua-carcel-2\/#primaryimage"},"image":{"@id":"https:\/\/www.aridane.org\/city\/2023\/09\/20\/los-llanos-de-aridane-impulsa-la-recuperacion-de-la-antigua-carcel-2\/#primaryimage"},"thumbnailUrl":"https:\/\/www.aridane.org\/city\/wp-content\/uploads\/2023\/09\/Casa-Wanguemert-y-Kabana-2-e1696338953803.jpeg","datePublished":"2023-09-20T09:02:48+00:00","dateModified":"2023-10-03T13:16:05+00:00","author":{"@id":"https:\/\/www.aridane.org\/city\/#\/schema\/person\/89ebd376b223dc94cc1dbcf200c8e6da"},"breadcrumb":{"@id":"https:\/\/www.aridane.org\/city\/2023\/09\/20\/los-llanos-de-aridane-impulsa-la-recuperacion-de-la-antigua-carcel-2\/#breadcrumb"},"inLanguage":"es","potentialAction":[{"@type":"ReadAction","target":["https:\/\/www.aridane.org\/city\/2023\/09\/20\/los-llanos-de-aridane-impulsa-la-recuperacion-de-la-antigua-carcel-2\/"]}]},{"@type":"ImageObject","inLanguage":"es","@id":"https:\/\/www.aridane.org\/city\/2023\/09\/20\/los-llanos-de-aridane-impulsa-la-recuperacion-de-la-antigua-carcel-2\/#primaryimage","url":"https:\/\/www.aridane.org\/city\/wp-content\/uploads\/2023\/09\/Casa-Wanguemert-y-Kabana-2-e1696338953803.jpeg","contentUrl":"https:\/\/www.aridane.org\/city\/wp-content\/uploads\/2023\/09\/Casa-Wanguemert-y-Kabana-2-e1696338953803.jpeg","width":764,"height":585},{"@type":"BreadcrumbList","@id":"https:\/\/www.aridane.org\/city\/2023\/09\/20\/los-llanos-de-aridane-impulsa-la-recuperacion-de-la-antigua-carcel-2\/#breadcrumb","itemListElement":[{"@type":"ListItem","position":1,"name":"Portada","item":"https:\/\/www.aridane.org\/city\/"},{"@type":"ListItem","position":2,"name":"Los\u00a0 Llanos de Aridane impulsa la recuperaci\u00f3n de la antigua c\u00e1rcel"}]},{"@type":"WebSite","@id":"https:\/\/www.aridane.org\/city\/#website","url":"https:\/\/www.aridane.org\/city\/","name":"Ayuntamiento de Los Llanos de Aridane","description":"","potentialAction":[{"@type":"SearchAction","target":{"@type":"EntryPoint","urlTemplate":"https:\/\/www.aridane.org\/city\/?s={search_term_string}"},"query-input":"required name=search_term_string"}],"inLanguage":"es"},{"@type":"Person","@id":"https:\/\/www.aridane.org\/city\/#\/schema\/person\/89ebd376b223dc94cc1dbcf200c8e6da","name":"Corresponsal","image":{"@type":"ImageObject","inLanguage":"es","@id":"https:\/\/www.aridane.org\/city\/#\/schema\/person\/image\/","url":"https:\/\/secure.gravatar.com\/avatar\/1c476992411e4ccf153da63b2b2f5ea0bb4cb1c85f3ceab8512f04325ad5579c?s=96&d=mm&r=g","contentUrl":"https:\/\/secure.gravatar.com\/avatar\/1c476992411e4ccf153da63b2b2f5ea0bb4cb1c85f3ceab8512f04325ad5579c?s=96&d=mm&r=g","caption":"Corresponsal"},"url":"https:\/\/www.aridane.org\/city\/author\/corresponsal\/"}]}},"_links":{"self":[{"href":"https:\/\/www.aridane.org\/city\/wp-json\/wp\/v2\/posts\/2776","targetHints":{"allow":["GET"]}}],"collection":[{"href":"https:\/\/www.aridane.org\/city\/wp-json\/wp\/v2\/posts"}],"about":[{"href":"https:\/\/www.aridane.org\/city\/wp-json\/wp\/v2\/types\/post"}],"author":[{"embeddable":true,"href":"https:\/\/www.aridane.org\/city\/wp-json\/wp\/v2\/users\/4"}],"replies":[{"embeddable":true,"href":"https:\/\/www.aridane.org\/city\/wp-json\/wp\/v2\/comments?post=2776"}],"version-history":[{"count":1,"href":"https:\/\/www.aridane.org\/city\/wp-json\/wp\/v2\/posts\/2776\/revisions"}],"predecessor-version":[{"id":2778,"href":"https:\/\/www.aridane.org\/city\/wp-json\/wp\/v2\/posts\/2776\/revisions\/2778"}],"wp:featuredmedia":[{"embeddable":true,"href":"https:\/\/www.aridane.org\/city\/wp-json\/wp\/v2\/media\/2835"}],"wp:attachment":[{"href":"https:\/\/www.aridane.org\/city\/wp-json\/wp\/v2\/media?parent=2776"}],"wp:term":[{"taxonomy":"category","embeddable":true,"href":"https:\/\/www.aridane.org\/city\/wp-json\/wp\/v2\/categories?post=2776"},{"taxonomy":"post_tag","embeddable":true,"href":"https:\/\/www.aridane.org\/city\/wp-json\/wp\/v2\/tags?post=2776"}],"curies":[{"name":"wp","href":"https:\/\/api.w.org\/{rel}","templated":true}]}}