{"id":2783,"date":"2023-09-26T17:08:17","date_gmt":"2023-09-26T17:08:17","guid":{"rendered":"https:\/\/www.aridane.org\/city\/?p=2783"},"modified":"2023-09-26T17:08:17","modified_gmt":"2023-09-26T17:08:17","slug":"los-llanos-de-aridane-consolida-un-ejecutivo-estable-y-da-respuestas-a-la-ciudadania-durante-los-primeros-100-dias-de-gobierno","status":"publish","type":"post","link":"https:\/\/www.aridane.org\/city\/2023\/09\/26\/los-llanos-de-aridane-consolida-un-ejecutivo-estable-y-da-respuestas-a-la-ciudadania-durante-los-primeros-100-dias-de-gobierno\/","title":{"rendered":"Los Llanos de Aridane consolida un ejecutivo estable y da respuestas a la ciudadan\u00eda durante los primeros 100 d\u00edas de gobierno"},"content":{"rendered":"<p><em>El grupo de gobierno defiende que la estabilidad del acuerdo y el trabajo realizado para resolver los retos del municipio<\/em><!--more--><\/p>\n<p>El Ayuntamiento de Los Llanos de Aridane cumple 100 d\u00edas de gobierno. Una etapa en la que se ha consolidado un ejecutivo estable, fuerte, y en la que se contin\u00faa trabajando para dar respuesta a las necesidades de los vecinos. Adem\u00e1s, se siguen dando pasos firmes en los retos del municipio, tales como la reconstrucci\u00f3n post-volc\u00e1n, la redacci\u00f3n del Plan General de Ordenaci\u00f3n, y la puesta en marcha de infraestructuras y obras clave.<\/p>\n<p>El alcalde, Javier Llamas, explica que una de las premisas principales es la recuperaci\u00f3n del municipio tras el volc\u00e1n. \u201cHemos trabajado y agilizado la redacci\u00f3n de las bases para cumplir con los plazos. Tambi\u00e9n movilizamos una partida de 950.000 euros para las personas afectadas, al tiempo que hacemos todo lo humanamente posible para que la normalidad regrese a Puerto Naos y La Bombilla\u201d, apunta el alcalde.<\/p>\n<p>Por su parte, el primer teniente alcalde, V\u00edctor Gonz\u00e1lez, defiende que \u201cdurante estos primeros 100 d\u00edas estamos realizando un trabajo serio, responsable y en cuyas pol\u00edticas el eje principal es el bienestar de nuestros vecinos\u201d. Ahora mismo, a\u00f1ade, \u201cnos encontramos inmersos en plena recuperaci\u00f3n, y nuestro principal objetivo es trabajar por el presente del municipio, pero sobre todo por el futuro del mismo\u201d.<\/p>\n<p>Cabe recordar que el acuerdo de estabilidad se produjo el pasado 17 de julio,y\u00a0 entre ambas formaciones representan al 90% de la ciudadan\u00eda, el cual aporta la estabilidad necesaria para abordar los asuntos importantes de Los Llanos de Aridane.<\/p>\n<p>\u201cTenemos un reto que es reconstruir todo lo que el volc\u00e1n nos arrebat\u00f3. Eso exige altura de miras. La necesidad de acercar posturas, trabajar en positivo, converger con los colectivos sociales, escuchar a los vecinos y a las vecinas y trabajar de la mano con el resto de instituciones p\u00fablicas. La v\u00eda del consenso es el camino correcto\u201d, apunta Llamas.<\/p>\n<h2><strong>Una gesti\u00f3n diferenciada<\/strong><\/h2>\n<p>El objetivo es continuar abordando los retos a los que se enfrenta Los Llanos de Aridane, manteniendo a la ciudadan\u00eda en el centro de la toma de decisiones para consolidar una ciudad m\u00e1s justa, pr\u00f3spera y sostenible.<\/p>\n<p>Los barrios continuar\u00e1n teniendo un protagonismo esencial. \u201cLos Llanos de Aridane es mucho m\u00e1s que su centro hist\u00f3rico. Damos pasos firmes para que Argual, Retamar, Monta\u00f1a Tenisca, Los Barros, Triana, Las Manchas y Tajuya tengan el mismo protagonismo en el desarrollo socioecon\u00f3mico\u201d, a\u00f1ade el alcalde.<\/p>\n<p>Para ello, el Plan General de Ordenaci\u00f3n, PGO, adquiere un protagonismo especial. Planificar el futuro del municipio es b\u00e1sico para abordar los retos de la reconstrucci\u00f3n y del municipio en general. \u201cActualizar el PGO de Los Llanos de Aridane es un desaf\u00edo hist\u00f3rico. Por ello, insistimos en acelerar los plazos y que la ciudadan\u00eda pueda tener certezas sobre la ordenaci\u00f3n del municipio de cara al futuro\u201d, apunta Llamas.<\/p>\n<p>Por \u00faltimo, a lo largo de estos 100 d\u00edas de gobierno se ha procedido tambi\u00e9n a licitaci\u00f3n de la ampliaci\u00f3n del cementerio de Las Manchas, la renovaci\u00f3n de la antigua c\u00e1rcel o la culminaci\u00f3n de la obra del XXV A\u00f1os de Paz. A todo esto hay que sumarle los procesos de escucha activa con agentes sociales, el empresariado de sectores clave como el turismo, la restauraci\u00f3n, el deporte y la agricultura, as\u00ed como con el profesorado y el alumnado de los centros educativos del municipio.<\/p>\n","protected":false},"excerpt":{"rendered":"<p>El grupo de gobierno defiende que la estabilidad del acuerdo y el trabajo realizado para resolver los retos del municipio<\/p>\n","protected":false},"author":4,"featured_media":2784,"comment_status":"open","ping_status":"open","sticky":false,"template":"","format":"standard","meta":{"footnotes":""},"categories":[1],"tags":[],"class_list":["post-2783","post","type-post","status-publish","format-standard","has-post-thumbnail","hentry","category-sin-categoria"],"yoast_head":"<!-- This site is optimized with the Yoast SEO plugin v22.7 - https:\/\/yoast.com\/wordpress\/plugins\/seo\/ -->\n<title>Los Llanos de Aridane consolida un ejecutivo estable y da respuestas a la ciudadan\u00eda durante los primeros 100 d\u00edas de gobierno - Ayuntamiento de Los Llanos de Aridane<\/title>\n<meta name=\"robots\" content=\"index, follow, max-snippet:-1, max-image-preview:large, max-video-preview:-1\" \/>\n<link rel=\"canonical\" href=\"https:\/\/www.aridane.org\/city\/2023\/09\/26\/los-llanos-de-aridane-consolida-un-ejecutivo-estable-y-da-respuestas-a-la-ciudadania-durante-los-primeros-100-dias-de-gobierno\/\" \/>\n<meta property=\"og:locale\" content=\"es_ES\" \/>\n<meta property=\"og:type\" content=\"article\" \/>\n<meta property=\"og:title\" content=\"Los Llanos de Aridane consolida un ejecutivo estable y da respuestas a la ciudadan\u00eda durante los primeros 100 d\u00edas de gobierno - Ayuntamiento de Los Llanos de Aridane\" \/>\n<meta property=\"og:description\" content=\"El grupo de gobierno defiende que la estabilidad del acuerdo y el trabajo realizado para resolver los retos del municipio\" \/>\n<meta property=\"og:url\" content=\"https:\/\/www.aridane.org\/city\/2023\/09\/26\/los-llanos-de-aridane-consolida-un-ejecutivo-estable-y-da-respuestas-a-la-ciudadania-durante-los-primeros-100-dias-de-gobierno\/\" \/>\n<meta property=\"og:site_name\" content=\"Ayuntamiento de Los Llanos de Aridane\" \/>\n<meta property=\"article:published_time\" content=\"2023-09-26T17:08:17+00:00\" \/>\n<meta property=\"og:image\" content=\"https:\/\/www.aridane.org\/city\/wp-content\/uploads\/2023\/09\/JavierLlamasVictorGonzalez.jpeg\" \/>\n\t<meta property=\"og:image:width\" content=\"1600\" \/>\n\t<meta property=\"og:image:height\" content=\"1066\" \/>\n\t<meta property=\"og:image:type\" content=\"image\/jpeg\" \/>\n<meta name=\"author\" content=\"Corresponsal\" \/>\n<meta name=\"twitter:card\" content=\"summary_large_image\" \/>\n<meta name=\"twitter:label1\" content=\"Escrito por\" \/>\n\t<meta name=\"twitter:data1\" content=\"Corresponsal\" \/>\n\t<meta name=\"twitter:label2\" content=\"Tiempo de lectura\" \/>\n\t<meta name=\"twitter:data2\" content=\"3 minutos\" \/>\n<script type=\"application\/ld+json\" class=\"yoast-schema-graph\">{\"@context\":\"https:\/\/schema.org\",\"@graph\":[{\"@type\":\"WebPage\",\"@id\":\"https:\/\/www.aridane.org\/city\/2023\/09\/26\/los-llanos-de-aridane-consolida-un-ejecutivo-estable-y-da-respuestas-a-la-ciudadania-durante-los-primeros-100-dias-de-gobierno\/\",\"url\":\"https:\/\/www.aridane.org\/city\/2023\/09\/26\/los-llanos-de-aridane-consolida-un-ejecutivo-estable-y-da-respuestas-a-la-ciudadania-durante-los-primeros-100-dias-de-gobierno\/\",\"name\":\"Los Llanos de Aridane consolida un ejecutivo estable y da respuestas a la ciudadan\u00eda durante los primeros 100 d\u00edas de gobierno - Ayuntamiento de Los Llanos de Aridane\",\"isPartOf\":{\"@id\":\"https:\/\/www.aridane.org\/city\/#website\"},\"primaryImageOfPage\":{\"@id\":\"https:\/\/www.aridane.org\/city\/2023\/09\/26\/los-llanos-de-aridane-consolida-un-ejecutivo-estable-y-da-respuestas-a-la-ciudadania-durante-los-primeros-100-dias-de-gobierno\/#primaryimage\"},\"image\":{\"@id\":\"https:\/\/www.aridane.org\/city\/2023\/09\/26\/los-llanos-de-aridane-consolida-un-ejecutivo-estable-y-da-respuestas-a-la-ciudadania-durante-los-primeros-100-dias-de-gobierno\/#primaryimage\"},\"thumbnailUrl\":\"https:\/\/www.aridane.org\/city\/wp-content\/uploads\/2023\/09\/JavierLlamasVictorGonzalez.jpeg\",\"datePublished\":\"2023-09-26T17:08:17+00:00\",\"dateModified\":\"2023-09-26T17:08:17+00:00\",\"author\":{\"@id\":\"https:\/\/www.aridane.org\/city\/#\/schema\/person\/89ebd376b223dc94cc1dbcf200c8e6da\"},\"breadcrumb\":{\"@id\":\"https:\/\/www.aridane.org\/city\/2023\/09\/26\/los-llanos-de-aridane-consolida-un-ejecutivo-estable-y-da-respuestas-a-la-ciudadania-durante-los-primeros-100-dias-de-gobierno\/#breadcrumb\"},\"inLanguage\":\"es\",\"potentialAction\":[{\"@type\":\"ReadAction\",\"target\":[\"https:\/\/www.aridane.org\/city\/2023\/09\/26\/los-llanos-de-aridane-consolida-un-ejecutivo-estable-y-da-respuestas-a-la-ciudadania-durante-los-primeros-100-dias-de-gobierno\/\"]}]},{\"@type\":\"ImageObject\",\"inLanguage\":\"es\",\"@id\":\"https:\/\/www.aridane.org\/city\/2023\/09\/26\/los-llanos-de-aridane-consolida-un-ejecutivo-estable-y-da-respuestas-a-la-ciudadania-durante-los-primeros-100-dias-de-gobierno\/#primaryimage\",\"url\":\"https:\/\/www.aridane.org\/city\/wp-content\/uploads\/2023\/09\/JavierLlamasVictorGonzalez.jpeg\",\"contentUrl\":\"https:\/\/www.aridane.org\/city\/wp-content\/uploads\/2023\/09\/JavierLlamasVictorGonzalez.jpeg\",\"width\":1600,\"height\":1066},{\"@type\":\"BreadcrumbList\",\"@id\":\"https:\/\/www.aridane.org\/city\/2023\/09\/26\/los-llanos-de-aridane-consolida-un-ejecutivo-estable-y-da-respuestas-a-la-ciudadania-durante-los-primeros-100-dias-de-gobierno\/#breadcrumb\",\"itemListElement\":[{\"@type\":\"ListItem\",\"position\":1,\"name\":\"Portada\",\"item\":\"https:\/\/www.aridane.org\/city\/\"},{\"@type\":\"ListItem\",\"position\":2,\"name\":\"Los Llanos de Aridane consolida un ejecutivo estable y da respuestas a la ciudadan\u00eda durante los primeros 100 d\u00edas de gobierno\"}]},{\"@type\":\"WebSite\",\"@id\":\"https:\/\/www.aridane.org\/city\/#website\",\"url\":\"https:\/\/www.aridane.org\/city\/\",\"name\":\"Ayuntamiento de Los Llanos de Aridane\",\"description\":\"\",\"potentialAction\":[{\"@type\":\"SearchAction\",\"target\":{\"@type\":\"EntryPoint\",\"urlTemplate\":\"https:\/\/www.aridane.org\/city\/?s={search_term_string}\"},\"query-input\":\"required name=search_term_string\"}],\"inLanguage\":\"es\"},{\"@type\":\"Person\",\"@id\":\"https:\/\/www.aridane.org\/city\/#\/schema\/person\/89ebd376b223dc94cc1dbcf200c8e6da\",\"name\":\"Corresponsal\",\"image\":{\"@type\":\"ImageObject\",\"inLanguage\":\"es\",\"@id\":\"https:\/\/www.aridane.org\/city\/#\/schema\/person\/image\/\",\"url\":\"https:\/\/secure.gravatar.com\/avatar\/1c476992411e4ccf153da63b2b2f5ea0bb4cb1c85f3ceab8512f04325ad5579c?s=96&d=mm&r=g\",\"contentUrl\":\"https:\/\/secure.gravatar.com\/avatar\/1c476992411e4ccf153da63b2b2f5ea0bb4cb1c85f3ceab8512f04325ad5579c?s=96&d=mm&r=g\",\"caption\":\"Corresponsal\"},\"url\":\"https:\/\/www.aridane.org\/city\/author\/corresponsal\/\"}]}<\/script>\n<!-- \/ Yoast SEO plugin. -->","yoast_head_json":{"title":"Los Llanos de Aridane consolida un ejecutivo estable y da respuestas a la ciudadan\u00eda durante los primeros 100 d\u00edas de gobierno - Ayuntamiento de Los Llanos de Aridane","robots":{"index":"index","follow":"follow","max-snippet":"max-snippet:-1","max-image-preview":"max-image-preview:large","max-video-preview":"max-video-preview:-1"},"canonical":"https:\/\/www.aridane.org\/city\/2023\/09\/26\/los-llanos-de-aridane-consolida-un-ejecutivo-estable-y-da-respuestas-a-la-ciudadania-durante-los-primeros-100-dias-de-gobierno\/","og_locale":"es_ES","og_type":"article","og_title":"Los Llanos de Aridane consolida un ejecutivo estable y da respuestas a la ciudadan\u00eda durante los primeros 100 d\u00edas de gobierno - Ayuntamiento de Los Llanos de Aridane","og_description":"El grupo de gobierno defiende que la estabilidad del acuerdo y el trabajo realizado para resolver los retos del municipio","og_url":"https:\/\/www.aridane.org\/city\/2023\/09\/26\/los-llanos-de-aridane-consolida-un-ejecutivo-estable-y-da-respuestas-a-la-ciudadania-durante-los-primeros-100-dias-de-gobierno\/","og_site_name":"Ayuntamiento de Los Llanos de Aridane","article_published_time":"2023-09-26T17:08:17+00:00","og_image":[{"width":1600,"height":1066,"url":"https:\/\/www.aridane.org\/city\/wp-content\/uploads\/2023\/09\/JavierLlamasVictorGonzalez.jpeg","type":"image\/jpeg"}],"author":"Corresponsal","twitter_card":"summary_large_image","twitter_misc":{"Escrito por":"Corresponsal","Tiempo de lectura":"3 minutos"},"schema":{"@context":"https:\/\/schema.org","@graph":[{"@type":"WebPage","@id":"https:\/\/www.aridane.org\/city\/2023\/09\/26\/los-llanos-de-aridane-consolida-un-ejecutivo-estable-y-da-respuestas-a-la-ciudadania-durante-los-primeros-100-dias-de-gobierno\/","url":"https:\/\/www.aridane.org\/city\/2023\/09\/26\/los-llanos-de-aridane-consolida-un-ejecutivo-estable-y-da-respuestas-a-la-ciudadania-durante-los-primeros-100-dias-de-gobierno\/","name":"Los Llanos de Aridane consolida un ejecutivo estable y da respuestas a la ciudadan\u00eda durante los primeros 100 d\u00edas de gobierno - Ayuntamiento de Los Llanos de Aridane","isPartOf":{"@id":"https:\/\/www.aridane.org\/city\/#website"},"primaryImageOfPage":{"@id":"https:\/\/www.aridane.org\/city\/2023\/09\/26\/los-llanos-de-aridane-consolida-un-ejecutivo-estable-y-da-respuestas-a-la-ciudadania-durante-los-primeros-100-dias-de-gobierno\/#primaryimage"},"image":{"@id":"https:\/\/www.aridane.org\/city\/2023\/09\/26\/los-llanos-de-aridane-consolida-un-ejecutivo-estable-y-da-respuestas-a-la-ciudadania-durante-los-primeros-100-dias-de-gobierno\/#primaryimage"},"thumbnailUrl":"https:\/\/www.aridane.org\/city\/wp-content\/uploads\/2023\/09\/JavierLlamasVictorGonzalez.jpeg","datePublished":"2023-09-26T17:08:17+00:00","dateModified":"2023-09-26T17:08:17+00:00","author":{"@id":"https:\/\/www.aridane.org\/city\/#\/schema\/person\/89ebd376b223dc94cc1dbcf200c8e6da"},"breadcrumb":{"@id":"https:\/\/www.aridane.org\/city\/2023\/09\/26\/los-llanos-de-aridane-consolida-un-ejecutivo-estable-y-da-respuestas-a-la-ciudadania-durante-los-primeros-100-dias-de-gobierno\/#breadcrumb"},"inLanguage":"es","potentialAction":[{"@type":"ReadAction","target":["https:\/\/www.aridane.org\/city\/2023\/09\/26\/los-llanos-de-aridane-consolida-un-ejecutivo-estable-y-da-respuestas-a-la-ciudadania-durante-los-primeros-100-dias-de-gobierno\/"]}]},{"@type":"ImageObject","inLanguage":"es","@id":"https:\/\/www.aridane.org\/city\/2023\/09\/26\/los-llanos-de-aridane-consolida-un-ejecutivo-estable-y-da-respuestas-a-la-ciudadania-durante-los-primeros-100-dias-de-gobierno\/#primaryimage","url":"https:\/\/www.aridane.org\/city\/wp-content\/uploads\/2023\/09\/JavierLlamasVictorGonzalez.jpeg","contentUrl":"https:\/\/www.aridane.org\/city\/wp-content\/uploads\/2023\/09\/JavierLlamasVictorGonzalez.jpeg","width":1600,"height":1066},{"@type":"BreadcrumbList","@id":"https:\/\/www.aridane.org\/city\/2023\/09\/26\/los-llanos-de-aridane-consolida-un-ejecutivo-estable-y-da-respuestas-a-la-ciudadania-durante-los-primeros-100-dias-de-gobierno\/#breadcrumb","itemListElement":[{"@type":"ListItem","position":1,"name":"Portada","item":"https:\/\/www.aridane.org\/city\/"},{"@type":"ListItem","position":2,"name":"Los Llanos de Aridane consolida un ejecutivo estable y da respuestas a la ciudadan\u00eda durante los primeros 100 d\u00edas de gobierno"}]},{"@type":"WebSite","@id":"https:\/\/www.aridane.org\/city\/#website","url":"https:\/\/www.aridane.org\/city\/","name":"Ayuntamiento de Los Llanos de Aridane","description":"","potentialAction":[{"@type":"SearchAction","target":{"@type":"EntryPoint","urlTemplate":"https:\/\/www.aridane.org\/city\/?s={search_term_string}"},"query-input":"required name=search_term_string"}],"inLanguage":"es"},{"@type":"Person","@id":"https:\/\/www.aridane.org\/city\/#\/schema\/person\/89ebd376b223dc94cc1dbcf200c8e6da","name":"Corresponsal","image":{"@type":"ImageObject","inLanguage":"es","@id":"https:\/\/www.aridane.org\/city\/#\/schema\/person\/image\/","url":"https:\/\/secure.gravatar.com\/avatar\/1c476992411e4ccf153da63b2b2f5ea0bb4cb1c85f3ceab8512f04325ad5579c?s=96&d=mm&r=g","contentUrl":"https:\/\/secure.gravatar.com\/avatar\/1c476992411e4ccf153da63b2b2f5ea0bb4cb1c85f3ceab8512f04325ad5579c?s=96&d=mm&r=g","caption":"Corresponsal"},"url":"https:\/\/www.aridane.org\/city\/author\/corresponsal\/"}]}},"_links":{"self":[{"href":"https:\/\/www.aridane.org\/city\/wp-json\/wp\/v2\/posts\/2783","targetHints":{"allow":["GET"]}}],"collection":[{"href":"https:\/\/www.aridane.org\/city\/wp-json\/wp\/v2\/posts"}],"about":[{"href":"https:\/\/www.aridane.org\/city\/wp-json\/wp\/v2\/types\/post"}],"author":[{"embeddable":true,"href":"https:\/\/www.aridane.org\/city\/wp-json\/wp\/v2\/users\/4"}],"replies":[{"embeddable":true,"href":"https:\/\/www.aridane.org\/city\/wp-json\/wp\/v2\/comments?post=2783"}],"version-history":[{"count":1,"href":"https:\/\/www.aridane.org\/city\/wp-json\/wp\/v2\/posts\/2783\/revisions"}],"predecessor-version":[{"id":2785,"href":"https:\/\/www.aridane.org\/city\/wp-json\/wp\/v2\/posts\/2783\/revisions\/2785"}],"wp:featuredmedia":[{"embeddable":true,"href":"https:\/\/www.aridane.org\/city\/wp-json\/wp\/v2\/media\/2784"}],"wp:attachment":[{"href":"https:\/\/www.aridane.org\/city\/wp-json\/wp\/v2\/media?parent=2783"}],"wp:term":[{"taxonomy":"category","embeddable":true,"href":"https:\/\/www.aridane.org\/city\/wp-json\/wp\/v2\/categories?post=2783"},{"taxonomy":"post_tag","embeddable":true,"href":"https:\/\/www.aridane.org\/city\/wp-json\/wp\/v2\/tags?post=2783"}],"curies":[{"name":"wp","href":"https:\/\/api.w.org\/{rel}","templated":true}]}}