{"id":2786,"date":"2023-09-27T13:24:24","date_gmt":"2023-09-27T13:24:24","guid":{"rendered":"https:\/\/www.aridane.org\/city\/?p=2786"},"modified":"2023-09-27T13:24:24","modified_gmt":"2023-09-27T13:24:24","slug":"el-alcalde-solicita-una-reunion-urgente-al-delegado-del-gobierno-para-abordar-la-seguridad-en-los-llanos-de-aridane","status":"publish","type":"post","link":"https:\/\/www.aridane.org\/city\/2023\/09\/27\/el-alcalde-solicita-una-reunion-urgente-al-delegado-del-gobierno-para-abordar-la-seguridad-en-los-llanos-de-aridane\/","title":{"rendered":"El alcalde solicita una reuni\u00f3n urgente al delegado del Gobierno para abordar la seguridad en Los Llanos de Aridane"},"content":{"rendered":"<p><em>Javier Llamas pedir\u00e1 ampliar la presencia de la Guardia Civil en municipio para garantizar la seguridad en las calles<\/em><br \/>\n<!--more--><\/p>\n<div id=\"v1forwardbody1\">\n<p>El alcalde de Los Llanos de Aridane, Javier Llamas, solicita una reuni\u00f3n urgente al delegado del Gobierno en Canarias, Anselmo Pestana, para abordar la situaci\u00f3n sobre la seguridad del municipio. El objetivo es reforzar la presencia policial para proteger a la ciudadan\u00eda de posibles actos vand\u00e1licos.<\/p>\n<p>Javier Llamas conf\u00eda en que Anselmo Pestana tenga en cuenta la petici\u00f3n y mantengan una reuni\u00f3n lo antes posible. \u201cEl delegado del Gobierno, como palmero que es, conoce perfectamente la realidad de la isla y del municipio. Le pediremos incrementar la presencia de Guardia Civil en Los Llanos de Aridane, especialmente en horario de tarde y noche as\u00ed como los fines de semana, para reforzar la seguridad de nuestras v\u00edas\u201d, apunta.<\/p>\n<p>El alcalde aclara que Los Llanos de Aridane sigue siendo una ciudad segura, con una de las ratios de criminalidad m\u00e1s bajas de toda Canarias, seg\u00fan datos del Ministerio del Interior. \u201cNo obstante\u201d, agrega, \u201ces cierto que en los \u00faltimos meses han incrementado los actos vand\u00e1licos que afectan al municipio\u201d.<\/p>\n<p>En la \u00faltima Junta de Seguridad celebrada en el municipio se ratific\u00f3 un\u00a0incremento de actos vand\u00e1licos, los cuales generan una sensaci\u00f3n de inseguridad ciudadana entre los vecinos y vecinas. Tambi\u00e9n ha aumentado el tr\u00e1fico y consumo de drogas y el n\u00famero de altercados en las v\u00edas urbanas.<\/p>\n<p>Adem\u00e1s de solicitar mayor presencia de la Guardia Civil, el grupo de gobierno del Ayuntamiento trabaja para incrementar los efectivos de la Polic\u00eda Local. En la actualidad, solo se cuenta con una pareja de la Polic\u00eda Local para todo el municipio y una pareja de la Guardia Civil para toda la comarca.<\/p>\n<p>En este sentido, el alcalde insiste: \u201cLa escasa presencia policial en las calles en horario de tarde, as\u00ed como pr\u00e1cticamente nula presencia en horario de noche o fines de semana, es un reto que asumo en primera persona. Confiamos en dar soluciones urgentes y eficaces\u201d, a\u00f1ade.<\/p>\n<\/div>\n<p><!--more--><\/p>\n","protected":false},"excerpt":{"rendered":"<p>Javier Llamas pedir\u00e1 ampliar la presencia de la Guardia Civil en municipio para garantizar la seguridad en las calles<\/p>\n","protected":false},"author":4,"featured_media":2787,"comment_status":"open","ping_status":"open","sticky":false,"template":"","format":"standard","meta":{"footnotes":""},"categories":[6],"tags":[],"class_list":["post-2786","post","type-post","status-publish","format-standard","has-post-thumbnail","hentry","category-prensa"],"yoast_head":"<!-- This site is optimized with the Yoast SEO plugin v22.7 - https:\/\/yoast.com\/wordpress\/plugins\/seo\/ -->\n<title>El alcalde solicita una reuni\u00f3n urgente al delegado del Gobierno para abordar la seguridad en Los Llanos de Aridane - Ayuntamiento de Los Llanos de Aridane<\/title>\n<meta name=\"robots\" content=\"index, follow, max-snippet:-1, max-image-preview:large, max-video-preview:-1\" \/>\n<link rel=\"canonical\" href=\"https:\/\/www.aridane.org\/city\/2023\/09\/27\/el-alcalde-solicita-una-reunion-urgente-al-delegado-del-gobierno-para-abordar-la-seguridad-en-los-llanos-de-aridane\/\" \/>\n<meta property=\"og:locale\" content=\"es_ES\" \/>\n<meta property=\"og:type\" content=\"article\" \/>\n<meta property=\"og:title\" content=\"El alcalde solicita una reuni\u00f3n urgente al delegado del Gobierno para abordar la seguridad en Los Llanos de Aridane - Ayuntamiento de Los Llanos de Aridane\" \/>\n<meta property=\"og:description\" content=\"Javier Llamas pedir\u00e1 ampliar la presencia de la Guardia Civil en municipio para garantizar la seguridad en las calles\" \/>\n<meta property=\"og:url\" content=\"https:\/\/www.aridane.org\/city\/2023\/09\/27\/el-alcalde-solicita-una-reunion-urgente-al-delegado-del-gobierno-para-abordar-la-seguridad-en-los-llanos-de-aridane\/\" \/>\n<meta property=\"og:site_name\" content=\"Ayuntamiento de Los Llanos de Aridane\" \/>\n<meta property=\"article:published_time\" content=\"2023-09-27T13:24:24+00:00\" \/>\n<meta property=\"og:image\" content=\"https:\/\/www.aridane.org\/city\/wp-content\/uploads\/2023\/09\/Javier-Llamas.jpeg\" \/>\n\t<meta property=\"og:image:width\" content=\"1024\" \/>\n\t<meta property=\"og:image:height\" content=\"683\" \/>\n\t<meta property=\"og:image:type\" content=\"image\/jpeg\" \/>\n<meta name=\"author\" content=\"Corresponsal\" \/>\n<meta name=\"twitter:card\" content=\"summary_large_image\" \/>\n<meta name=\"twitter:label1\" content=\"Escrito por\" \/>\n\t<meta name=\"twitter:data1\" content=\"Corresponsal\" \/>\n\t<meta name=\"twitter:label2\" content=\"Tiempo de lectura\" \/>\n\t<meta name=\"twitter:data2\" content=\"2 minutos\" \/>\n<script type=\"application\/ld+json\" class=\"yoast-schema-graph\">{\"@context\":\"https:\/\/schema.org\",\"@graph\":[{\"@type\":\"WebPage\",\"@id\":\"https:\/\/www.aridane.org\/city\/2023\/09\/27\/el-alcalde-solicita-una-reunion-urgente-al-delegado-del-gobierno-para-abordar-la-seguridad-en-los-llanos-de-aridane\/\",\"url\":\"https:\/\/www.aridane.org\/city\/2023\/09\/27\/el-alcalde-solicita-una-reunion-urgente-al-delegado-del-gobierno-para-abordar-la-seguridad-en-los-llanos-de-aridane\/\",\"name\":\"El alcalde solicita una reuni\u00f3n urgente al delegado del Gobierno para abordar la seguridad en Los Llanos de Aridane - Ayuntamiento de Los Llanos de Aridane\",\"isPartOf\":{\"@id\":\"https:\/\/www.aridane.org\/city\/#website\"},\"primaryImageOfPage\":{\"@id\":\"https:\/\/www.aridane.org\/city\/2023\/09\/27\/el-alcalde-solicita-una-reunion-urgente-al-delegado-del-gobierno-para-abordar-la-seguridad-en-los-llanos-de-aridane\/#primaryimage\"},\"image\":{\"@id\":\"https:\/\/www.aridane.org\/city\/2023\/09\/27\/el-alcalde-solicita-una-reunion-urgente-al-delegado-del-gobierno-para-abordar-la-seguridad-en-los-llanos-de-aridane\/#primaryimage\"},\"thumbnailUrl\":\"https:\/\/www.aridane.org\/city\/wp-content\/uploads\/2023\/09\/Javier-Llamas.jpeg\",\"datePublished\":\"2023-09-27T13:24:24+00:00\",\"dateModified\":\"2023-09-27T13:24:24+00:00\",\"author\":{\"@id\":\"https:\/\/www.aridane.org\/city\/#\/schema\/person\/89ebd376b223dc94cc1dbcf200c8e6da\"},\"breadcrumb\":{\"@id\":\"https:\/\/www.aridane.org\/city\/2023\/09\/27\/el-alcalde-solicita-una-reunion-urgente-al-delegado-del-gobierno-para-abordar-la-seguridad-en-los-llanos-de-aridane\/#breadcrumb\"},\"inLanguage\":\"es\",\"potentialAction\":[{\"@type\":\"ReadAction\",\"target\":[\"https:\/\/www.aridane.org\/city\/2023\/09\/27\/el-alcalde-solicita-una-reunion-urgente-al-delegado-del-gobierno-para-abordar-la-seguridad-en-los-llanos-de-aridane\/\"]}]},{\"@type\":\"ImageObject\",\"inLanguage\":\"es\",\"@id\":\"https:\/\/www.aridane.org\/city\/2023\/09\/27\/el-alcalde-solicita-una-reunion-urgente-al-delegado-del-gobierno-para-abordar-la-seguridad-en-los-llanos-de-aridane\/#primaryimage\",\"url\":\"https:\/\/www.aridane.org\/city\/wp-content\/uploads\/2023\/09\/Javier-Llamas.jpeg\",\"contentUrl\":\"https:\/\/www.aridane.org\/city\/wp-content\/uploads\/2023\/09\/Javier-Llamas.jpeg\",\"width\":1024,\"height\":683},{\"@type\":\"BreadcrumbList\",\"@id\":\"https:\/\/www.aridane.org\/city\/2023\/09\/27\/el-alcalde-solicita-una-reunion-urgente-al-delegado-del-gobierno-para-abordar-la-seguridad-en-los-llanos-de-aridane\/#breadcrumb\",\"itemListElement\":[{\"@type\":\"ListItem\",\"position\":1,\"name\":\"Portada\",\"item\":\"https:\/\/www.aridane.org\/city\/\"},{\"@type\":\"ListItem\",\"position\":2,\"name\":\"El alcalde solicita una reuni\u00f3n urgente al delegado del Gobierno para abordar la seguridad en Los Llanos de Aridane\"}]},{\"@type\":\"WebSite\",\"@id\":\"https:\/\/www.aridane.org\/city\/#website\",\"url\":\"https:\/\/www.aridane.org\/city\/\",\"name\":\"Ayuntamiento de Los Llanos de Aridane\",\"description\":\"\",\"potentialAction\":[{\"@type\":\"SearchAction\",\"target\":{\"@type\":\"EntryPoint\",\"urlTemplate\":\"https:\/\/www.aridane.org\/city\/?s={search_term_string}\"},\"query-input\":\"required name=search_term_string\"}],\"inLanguage\":\"es\"},{\"@type\":\"Person\",\"@id\":\"https:\/\/www.aridane.org\/city\/#\/schema\/person\/89ebd376b223dc94cc1dbcf200c8e6da\",\"name\":\"Corresponsal\",\"image\":{\"@type\":\"ImageObject\",\"inLanguage\":\"es\",\"@id\":\"https:\/\/www.aridane.org\/city\/#\/schema\/person\/image\/\",\"url\":\"https:\/\/secure.gravatar.com\/avatar\/1c476992411e4ccf153da63b2b2f5ea0bb4cb1c85f3ceab8512f04325ad5579c?s=96&d=mm&r=g\",\"contentUrl\":\"https:\/\/secure.gravatar.com\/avatar\/1c476992411e4ccf153da63b2b2f5ea0bb4cb1c85f3ceab8512f04325ad5579c?s=96&d=mm&r=g\",\"caption\":\"Corresponsal\"},\"url\":\"https:\/\/www.aridane.org\/city\/author\/corresponsal\/\"}]}<\/script>\n<!-- \/ Yoast SEO plugin. -->","yoast_head_json":{"title":"El alcalde solicita una reuni\u00f3n urgente al delegado del Gobierno para abordar la seguridad en Los Llanos de Aridane - Ayuntamiento de Los Llanos de Aridane","robots":{"index":"index","follow":"follow","max-snippet":"max-snippet:-1","max-image-preview":"max-image-preview:large","max-video-preview":"max-video-preview:-1"},"canonical":"https:\/\/www.aridane.org\/city\/2023\/09\/27\/el-alcalde-solicita-una-reunion-urgente-al-delegado-del-gobierno-para-abordar-la-seguridad-en-los-llanos-de-aridane\/","og_locale":"es_ES","og_type":"article","og_title":"El alcalde solicita una reuni\u00f3n urgente al delegado del Gobierno para abordar la seguridad en Los Llanos de Aridane - Ayuntamiento de Los Llanos de Aridane","og_description":"Javier Llamas pedir\u00e1 ampliar la presencia de la Guardia Civil en municipio para garantizar la seguridad en las calles","og_url":"https:\/\/www.aridane.org\/city\/2023\/09\/27\/el-alcalde-solicita-una-reunion-urgente-al-delegado-del-gobierno-para-abordar-la-seguridad-en-los-llanos-de-aridane\/","og_site_name":"Ayuntamiento de Los Llanos de Aridane","article_published_time":"2023-09-27T13:24:24+00:00","og_image":[{"width":1024,"height":683,"url":"https:\/\/www.aridane.org\/city\/wp-content\/uploads\/2023\/09\/Javier-Llamas.jpeg","type":"image\/jpeg"}],"author":"Corresponsal","twitter_card":"summary_large_image","twitter_misc":{"Escrito por":"Corresponsal","Tiempo de lectura":"2 minutos"},"schema":{"@context":"https:\/\/schema.org","@graph":[{"@type":"WebPage","@id":"https:\/\/www.aridane.org\/city\/2023\/09\/27\/el-alcalde-solicita-una-reunion-urgente-al-delegado-del-gobierno-para-abordar-la-seguridad-en-los-llanos-de-aridane\/","url":"https:\/\/www.aridane.org\/city\/2023\/09\/27\/el-alcalde-solicita-una-reunion-urgente-al-delegado-del-gobierno-para-abordar-la-seguridad-en-los-llanos-de-aridane\/","name":"El alcalde solicita una reuni\u00f3n urgente al delegado del Gobierno para abordar la seguridad en Los Llanos de Aridane - Ayuntamiento de Los Llanos de Aridane","isPartOf":{"@id":"https:\/\/www.aridane.org\/city\/#website"},"primaryImageOfPage":{"@id":"https:\/\/www.aridane.org\/city\/2023\/09\/27\/el-alcalde-solicita-una-reunion-urgente-al-delegado-del-gobierno-para-abordar-la-seguridad-en-los-llanos-de-aridane\/#primaryimage"},"image":{"@id":"https:\/\/www.aridane.org\/city\/2023\/09\/27\/el-alcalde-solicita-una-reunion-urgente-al-delegado-del-gobierno-para-abordar-la-seguridad-en-los-llanos-de-aridane\/#primaryimage"},"thumbnailUrl":"https:\/\/www.aridane.org\/city\/wp-content\/uploads\/2023\/09\/Javier-Llamas.jpeg","datePublished":"2023-09-27T13:24:24+00:00","dateModified":"2023-09-27T13:24:24+00:00","author":{"@id":"https:\/\/www.aridane.org\/city\/#\/schema\/person\/89ebd376b223dc94cc1dbcf200c8e6da"},"breadcrumb":{"@id":"https:\/\/www.aridane.org\/city\/2023\/09\/27\/el-alcalde-solicita-una-reunion-urgente-al-delegado-del-gobierno-para-abordar-la-seguridad-en-los-llanos-de-aridane\/#breadcrumb"},"inLanguage":"es","potentialAction":[{"@type":"ReadAction","target":["https:\/\/www.aridane.org\/city\/2023\/09\/27\/el-alcalde-solicita-una-reunion-urgente-al-delegado-del-gobierno-para-abordar-la-seguridad-en-los-llanos-de-aridane\/"]}]},{"@type":"ImageObject","inLanguage":"es","@id":"https:\/\/www.aridane.org\/city\/2023\/09\/27\/el-alcalde-solicita-una-reunion-urgente-al-delegado-del-gobierno-para-abordar-la-seguridad-en-los-llanos-de-aridane\/#primaryimage","url":"https:\/\/www.aridane.org\/city\/wp-content\/uploads\/2023\/09\/Javier-Llamas.jpeg","contentUrl":"https:\/\/www.aridane.org\/city\/wp-content\/uploads\/2023\/09\/Javier-Llamas.jpeg","width":1024,"height":683},{"@type":"BreadcrumbList","@id":"https:\/\/www.aridane.org\/city\/2023\/09\/27\/el-alcalde-solicita-una-reunion-urgente-al-delegado-del-gobierno-para-abordar-la-seguridad-en-los-llanos-de-aridane\/#breadcrumb","itemListElement":[{"@type":"ListItem","position":1,"name":"Portada","item":"https:\/\/www.aridane.org\/city\/"},{"@type":"ListItem","position":2,"name":"El alcalde solicita una reuni\u00f3n urgente al delegado del Gobierno para abordar la seguridad en Los Llanos de Aridane"}]},{"@type":"WebSite","@id":"https:\/\/www.aridane.org\/city\/#website","url":"https:\/\/www.aridane.org\/city\/","name":"Ayuntamiento de Los Llanos de Aridane","description":"","potentialAction":[{"@type":"SearchAction","target":{"@type":"EntryPoint","urlTemplate":"https:\/\/www.aridane.org\/city\/?s={search_term_string}"},"query-input":"required name=search_term_string"}],"inLanguage":"es"},{"@type":"Person","@id":"https:\/\/www.aridane.org\/city\/#\/schema\/person\/89ebd376b223dc94cc1dbcf200c8e6da","name":"Corresponsal","image":{"@type":"ImageObject","inLanguage":"es","@id":"https:\/\/www.aridane.org\/city\/#\/schema\/person\/image\/","url":"https:\/\/secure.gravatar.com\/avatar\/1c476992411e4ccf153da63b2b2f5ea0bb4cb1c85f3ceab8512f04325ad5579c?s=96&d=mm&r=g","contentUrl":"https:\/\/secure.gravatar.com\/avatar\/1c476992411e4ccf153da63b2b2f5ea0bb4cb1c85f3ceab8512f04325ad5579c?s=96&d=mm&r=g","caption":"Corresponsal"},"url":"https:\/\/www.aridane.org\/city\/author\/corresponsal\/"}]}},"_links":{"self":[{"href":"https:\/\/www.aridane.org\/city\/wp-json\/wp\/v2\/posts\/2786","targetHints":{"allow":["GET"]}}],"collection":[{"href":"https:\/\/www.aridane.org\/city\/wp-json\/wp\/v2\/posts"}],"about":[{"href":"https:\/\/www.aridane.org\/city\/wp-json\/wp\/v2\/types\/post"}],"author":[{"embeddable":true,"href":"https:\/\/www.aridane.org\/city\/wp-json\/wp\/v2\/users\/4"}],"replies":[{"embeddable":true,"href":"https:\/\/www.aridane.org\/city\/wp-json\/wp\/v2\/comments?post=2786"}],"version-history":[{"count":1,"href":"https:\/\/www.aridane.org\/city\/wp-json\/wp\/v2\/posts\/2786\/revisions"}],"predecessor-version":[{"id":2788,"href":"https:\/\/www.aridane.org\/city\/wp-json\/wp\/v2\/posts\/2786\/revisions\/2788"}],"wp:featuredmedia":[{"embeddable":true,"href":"https:\/\/www.aridane.org\/city\/wp-json\/wp\/v2\/media\/2787"}],"wp:attachment":[{"href":"https:\/\/www.aridane.org\/city\/wp-json\/wp\/v2\/media?parent=2786"}],"wp:term":[{"taxonomy":"category","embeddable":true,"href":"https:\/\/www.aridane.org\/city\/wp-json\/wp\/v2\/categories?post=2786"},{"taxonomy":"post_tag","embeddable":true,"href":"https:\/\/www.aridane.org\/city\/wp-json\/wp\/v2\/tags?post=2786"}],"curies":[{"name":"wp","href":"https:\/\/api.w.org\/{rel}","templated":true}]}}