{"id":2789,"date":"2023-09-27T13:26:48","date_gmt":"2023-09-27T13:26:48","guid":{"rendered":"https:\/\/www.aridane.org\/city\/?p=2789"},"modified":"2023-09-27T13:26:48","modified_gmt":"2023-09-27T13:26:48","slug":"el-ayuntamiento-de-los-llanos-de-aridane-inicia-una-campana-de-recogida-de-coches-abandonados","status":"publish","type":"post","link":"https:\/\/www.aridane.org\/city\/2023\/09\/27\/el-ayuntamiento-de-los-llanos-de-aridane-inicia-una-campana-de-recogida-de-coches-abandonados\/","title":{"rendered":"El Ayuntamiento de Los Llanos de Aridane inicia una campa\u00f1a de recogida de coches abandonados\u00a0"},"content":{"rendered":"<p><em>Las personas con veh\u00edculos abandonados en la v\u00eda deben comunicarlo al Ayuntamiento y este los retirar\u00e1 de manera gratuita con la documentaci\u00f3n oportuna<\/em><br \/>\n<!--more--><\/p>\n<div id=\"v1forwardbody1\">\n<p>El Ayuntamiento de Los Llanos de Aridane impulsa una campa\u00f1a de recogida de veh\u00edculos abandonados en la v\u00eda p\u00fablica. La acci\u00f3n, coordinada desde la \u00e1reas de Servicios Municipales y Seguridad, busca mejorar el estado de las calles y aumentar la disponibilidad de aparcamientos.<\/p>\n<p>El concejal de Servicios Municipales, Rubens D\u00edaz, asegura que desde el Ayuntamiento promueven un entorno m\u00e1s limpio y seguro. \u201cPara ello la colaboraci\u00f3n ciudadana es fundamental. Queremos poner facilidades para que los propietarios de veh\u00edculos abandonados puedan retirarlos de forma c\u00f3moda\u201d, apunta.<\/p>\n<p>Por su parte, el concejal de Seguridad, Francisco Acosta, recuerda que con esta acci\u00f3n no solo se mejora la est\u00e9tica del entorno, sino que se hace de la v\u00eda p\u00fablica un lugar m\u00e1s seguro. \u201cPor no hablar que tambi\u00e9n aportamos un granito de arena con el medio ambiente, al evitar la acumulaci\u00f3n innecesaria de residuos\u201d, a\u00f1ade.<\/p>\n<h2><strong>Pasos a seguir para retirar el veh\u00edculo abandonado<\/strong><\/h2>\n<p>Es importante aclarar que esta acci\u00f3n est\u00e1 dirigida a las personas propietarias de veh\u00edculos abandonados. Si una persona identifica un coche en ese estado, deber\u00e1 hacer la denuncia pertinente para que el Ayuntamiento tome acci\u00f3n.<\/p>\n<p>Por tanto, para que la instituci\u00f3n municipal pueda retirar los veh\u00edculos, la persona propietaria debe proporcionar al Ayuntamiento la documentaci\u00f3n que respalde la propiedad del veh\u00edculo y su abandono en la v\u00eda p\u00fablica.<\/p>\n<p>Una vez que haya notificado al Ayuntamiento y proporcionado la documentaci\u00f3n necesaria, deber\u00e1 estar dispuesto a renunciar al veh\u00edculo abandonado. Esto significa que el veh\u00edculo pasar\u00e1 a ser propiedad del Ayuntamiento, que se encargar\u00e1 de su retiro y tratamiento adecuado.<\/p>\n<p>Desde el Ayuntamiento se invita a todos los residentes del municipio a colaborar en la iniciativa y a tomar medidas para retirar los veh\u00edculos abandonados de las calles de manera responsable y eficiente.<\/p>\n<\/div>\n","protected":false},"excerpt":{"rendered":"<p>Las personas con veh\u00edculos abandonados en la v\u00eda deben comunicarlo al Ayuntamiento y este los retirar\u00e1 de manera gratuita con la documentaci\u00f3n oportuna<\/p>\n","protected":false},"author":4,"featured_media":2790,"comment_status":"open","ping_status":"open","sticky":false,"template":"","format":"standard","meta":{"footnotes":""},"categories":[6],"tags":[],"class_list":["post-2789","post","type-post","status-publish","format-standard","has-post-thumbnail","hentry","category-prensa"],"yoast_head":"<!-- This site is optimized with the Yoast SEO plugin v22.7 - https:\/\/yoast.com\/wordpress\/plugins\/seo\/ -->\n<title>El Ayuntamiento de Los Llanos de Aridane inicia una campa\u00f1a de recogida de coches abandonados\u00a0 - Ayuntamiento de Los Llanos de Aridane<\/title>\n<meta name=\"robots\" content=\"index, follow, max-snippet:-1, max-image-preview:large, max-video-preview:-1\" \/>\n<link rel=\"canonical\" href=\"https:\/\/www.aridane.org\/city\/2023\/09\/27\/el-ayuntamiento-de-los-llanos-de-aridane-inicia-una-campana-de-recogida-de-coches-abandonados\/\" \/>\n<meta property=\"og:locale\" content=\"es_ES\" \/>\n<meta property=\"og:type\" content=\"article\" \/>\n<meta property=\"og:title\" content=\"El Ayuntamiento de Los Llanos de Aridane inicia una campa\u00f1a de recogida de coches abandonados\u00a0 - Ayuntamiento de Los Llanos de Aridane\" \/>\n<meta property=\"og:description\" content=\"Las personas con veh\u00edculos abandonados en la v\u00eda deben comunicarlo al Ayuntamiento y este los retirar\u00e1 de manera gratuita con la documentaci\u00f3n oportuna\" \/>\n<meta property=\"og:url\" content=\"https:\/\/www.aridane.org\/city\/2023\/09\/27\/el-ayuntamiento-de-los-llanos-de-aridane-inicia-una-campana-de-recogida-de-coches-abandonados\/\" \/>\n<meta property=\"og:site_name\" content=\"Ayuntamiento de Los Llanos de Aridane\" \/>\n<meta property=\"article:published_time\" content=\"2023-09-27T13:26:48+00:00\" \/>\n<meta property=\"og:image\" content=\"https:\/\/www.aridane.org\/city\/wp-content\/uploads\/2023\/09\/Coches-abandonados-Los-Llanos-de-Aridane.jpeg\" \/>\n\t<meta property=\"og:image:width\" content=\"1600\" \/>\n\t<meta property=\"og:image:height\" content=\"900\" \/>\n\t<meta property=\"og:image:type\" content=\"image\/jpeg\" \/>\n<meta name=\"author\" content=\"Corresponsal\" \/>\n<meta name=\"twitter:card\" content=\"summary_large_image\" \/>\n<meta name=\"twitter:label1\" content=\"Escrito por\" \/>\n\t<meta name=\"twitter:data1\" content=\"Corresponsal\" \/>\n\t<meta name=\"twitter:label2\" content=\"Tiempo de lectura\" \/>\n\t<meta name=\"twitter:data2\" content=\"2 minutos\" \/>\n<script type=\"application\/ld+json\" class=\"yoast-schema-graph\">{\"@context\":\"https:\/\/schema.org\",\"@graph\":[{\"@type\":\"WebPage\",\"@id\":\"https:\/\/www.aridane.org\/city\/2023\/09\/27\/el-ayuntamiento-de-los-llanos-de-aridane-inicia-una-campana-de-recogida-de-coches-abandonados\/\",\"url\":\"https:\/\/www.aridane.org\/city\/2023\/09\/27\/el-ayuntamiento-de-los-llanos-de-aridane-inicia-una-campana-de-recogida-de-coches-abandonados\/\",\"name\":\"El Ayuntamiento de Los Llanos de Aridane inicia una campa\u00f1a de recogida de coches abandonados\u00a0 - Ayuntamiento de Los Llanos de Aridane\",\"isPartOf\":{\"@id\":\"https:\/\/www.aridane.org\/city\/#website\"},\"primaryImageOfPage\":{\"@id\":\"https:\/\/www.aridane.org\/city\/2023\/09\/27\/el-ayuntamiento-de-los-llanos-de-aridane-inicia-una-campana-de-recogida-de-coches-abandonados\/#primaryimage\"},\"image\":{\"@id\":\"https:\/\/www.aridane.org\/city\/2023\/09\/27\/el-ayuntamiento-de-los-llanos-de-aridane-inicia-una-campana-de-recogida-de-coches-abandonados\/#primaryimage\"},\"thumbnailUrl\":\"https:\/\/www.aridane.org\/city\/wp-content\/uploads\/2023\/09\/Coches-abandonados-Los-Llanos-de-Aridane.jpeg\",\"datePublished\":\"2023-09-27T13:26:48+00:00\",\"dateModified\":\"2023-09-27T13:26:48+00:00\",\"author\":{\"@id\":\"https:\/\/www.aridane.org\/city\/#\/schema\/person\/89ebd376b223dc94cc1dbcf200c8e6da\"},\"breadcrumb\":{\"@id\":\"https:\/\/www.aridane.org\/city\/2023\/09\/27\/el-ayuntamiento-de-los-llanos-de-aridane-inicia-una-campana-de-recogida-de-coches-abandonados\/#breadcrumb\"},\"inLanguage\":\"es\",\"potentialAction\":[{\"@type\":\"ReadAction\",\"target\":[\"https:\/\/www.aridane.org\/city\/2023\/09\/27\/el-ayuntamiento-de-los-llanos-de-aridane-inicia-una-campana-de-recogida-de-coches-abandonados\/\"]}]},{\"@type\":\"ImageObject\",\"inLanguage\":\"es\",\"@id\":\"https:\/\/www.aridane.org\/city\/2023\/09\/27\/el-ayuntamiento-de-los-llanos-de-aridane-inicia-una-campana-de-recogida-de-coches-abandonados\/#primaryimage\",\"url\":\"https:\/\/www.aridane.org\/city\/wp-content\/uploads\/2023\/09\/Coches-abandonados-Los-Llanos-de-Aridane.jpeg\",\"contentUrl\":\"https:\/\/www.aridane.org\/city\/wp-content\/uploads\/2023\/09\/Coches-abandonados-Los-Llanos-de-Aridane.jpeg\",\"width\":1600,\"height\":900},{\"@type\":\"BreadcrumbList\",\"@id\":\"https:\/\/www.aridane.org\/city\/2023\/09\/27\/el-ayuntamiento-de-los-llanos-de-aridane-inicia-una-campana-de-recogida-de-coches-abandonados\/#breadcrumb\",\"itemListElement\":[{\"@type\":\"ListItem\",\"position\":1,\"name\":\"Portada\",\"item\":\"https:\/\/www.aridane.org\/city\/\"},{\"@type\":\"ListItem\",\"position\":2,\"name\":\"El Ayuntamiento de Los Llanos de Aridane inicia una campa\u00f1a de recogida de coches abandonados\u00a0\"}]},{\"@type\":\"WebSite\",\"@id\":\"https:\/\/www.aridane.org\/city\/#website\",\"url\":\"https:\/\/www.aridane.org\/city\/\",\"name\":\"Ayuntamiento de Los Llanos de Aridane\",\"description\":\"\",\"potentialAction\":[{\"@type\":\"SearchAction\",\"target\":{\"@type\":\"EntryPoint\",\"urlTemplate\":\"https:\/\/www.aridane.org\/city\/?s={search_term_string}\"},\"query-input\":\"required name=search_term_string\"}],\"inLanguage\":\"es\"},{\"@type\":\"Person\",\"@id\":\"https:\/\/www.aridane.org\/city\/#\/schema\/person\/89ebd376b223dc94cc1dbcf200c8e6da\",\"name\":\"Corresponsal\",\"image\":{\"@type\":\"ImageObject\",\"inLanguage\":\"es\",\"@id\":\"https:\/\/www.aridane.org\/city\/#\/schema\/person\/image\/\",\"url\":\"https:\/\/secure.gravatar.com\/avatar\/1c476992411e4ccf153da63b2b2f5ea0bb4cb1c85f3ceab8512f04325ad5579c?s=96&d=mm&r=g\",\"contentUrl\":\"https:\/\/secure.gravatar.com\/avatar\/1c476992411e4ccf153da63b2b2f5ea0bb4cb1c85f3ceab8512f04325ad5579c?s=96&d=mm&r=g\",\"caption\":\"Corresponsal\"},\"url\":\"https:\/\/www.aridane.org\/city\/author\/corresponsal\/\"}]}<\/script>\n<!-- \/ Yoast SEO plugin. -->","yoast_head_json":{"title":"El Ayuntamiento de Los Llanos de Aridane inicia una campa\u00f1a de recogida de coches abandonados\u00a0 - Ayuntamiento de Los Llanos de Aridane","robots":{"index":"index","follow":"follow","max-snippet":"max-snippet:-1","max-image-preview":"max-image-preview:large","max-video-preview":"max-video-preview:-1"},"canonical":"https:\/\/www.aridane.org\/city\/2023\/09\/27\/el-ayuntamiento-de-los-llanos-de-aridane-inicia-una-campana-de-recogida-de-coches-abandonados\/","og_locale":"es_ES","og_type":"article","og_title":"El Ayuntamiento de Los Llanos de Aridane inicia una campa\u00f1a de recogida de coches abandonados\u00a0 - Ayuntamiento de Los Llanos de Aridane","og_description":"Las personas con veh\u00edculos abandonados en la v\u00eda deben comunicarlo al Ayuntamiento y este los retirar\u00e1 de manera gratuita con la documentaci\u00f3n oportuna","og_url":"https:\/\/www.aridane.org\/city\/2023\/09\/27\/el-ayuntamiento-de-los-llanos-de-aridane-inicia-una-campana-de-recogida-de-coches-abandonados\/","og_site_name":"Ayuntamiento de Los Llanos de Aridane","article_published_time":"2023-09-27T13:26:48+00:00","og_image":[{"width":1600,"height":900,"url":"https:\/\/www.aridane.org\/city\/wp-content\/uploads\/2023\/09\/Coches-abandonados-Los-Llanos-de-Aridane.jpeg","type":"image\/jpeg"}],"author":"Corresponsal","twitter_card":"summary_large_image","twitter_misc":{"Escrito por":"Corresponsal","Tiempo de lectura":"2 minutos"},"schema":{"@context":"https:\/\/schema.org","@graph":[{"@type":"WebPage","@id":"https:\/\/www.aridane.org\/city\/2023\/09\/27\/el-ayuntamiento-de-los-llanos-de-aridane-inicia-una-campana-de-recogida-de-coches-abandonados\/","url":"https:\/\/www.aridane.org\/city\/2023\/09\/27\/el-ayuntamiento-de-los-llanos-de-aridane-inicia-una-campana-de-recogida-de-coches-abandonados\/","name":"El Ayuntamiento de Los Llanos de Aridane inicia una campa\u00f1a de recogida de coches abandonados\u00a0 - Ayuntamiento de Los Llanos de Aridane","isPartOf":{"@id":"https:\/\/www.aridane.org\/city\/#website"},"primaryImageOfPage":{"@id":"https:\/\/www.aridane.org\/city\/2023\/09\/27\/el-ayuntamiento-de-los-llanos-de-aridane-inicia-una-campana-de-recogida-de-coches-abandonados\/#primaryimage"},"image":{"@id":"https:\/\/www.aridane.org\/city\/2023\/09\/27\/el-ayuntamiento-de-los-llanos-de-aridane-inicia-una-campana-de-recogida-de-coches-abandonados\/#primaryimage"},"thumbnailUrl":"https:\/\/www.aridane.org\/city\/wp-content\/uploads\/2023\/09\/Coches-abandonados-Los-Llanos-de-Aridane.jpeg","datePublished":"2023-09-27T13:26:48+00:00","dateModified":"2023-09-27T13:26:48+00:00","author":{"@id":"https:\/\/www.aridane.org\/city\/#\/schema\/person\/89ebd376b223dc94cc1dbcf200c8e6da"},"breadcrumb":{"@id":"https:\/\/www.aridane.org\/city\/2023\/09\/27\/el-ayuntamiento-de-los-llanos-de-aridane-inicia-una-campana-de-recogida-de-coches-abandonados\/#breadcrumb"},"inLanguage":"es","potentialAction":[{"@type":"ReadAction","target":["https:\/\/www.aridane.org\/city\/2023\/09\/27\/el-ayuntamiento-de-los-llanos-de-aridane-inicia-una-campana-de-recogida-de-coches-abandonados\/"]}]},{"@type":"ImageObject","inLanguage":"es","@id":"https:\/\/www.aridane.org\/city\/2023\/09\/27\/el-ayuntamiento-de-los-llanos-de-aridane-inicia-una-campana-de-recogida-de-coches-abandonados\/#primaryimage","url":"https:\/\/www.aridane.org\/city\/wp-content\/uploads\/2023\/09\/Coches-abandonados-Los-Llanos-de-Aridane.jpeg","contentUrl":"https:\/\/www.aridane.org\/city\/wp-content\/uploads\/2023\/09\/Coches-abandonados-Los-Llanos-de-Aridane.jpeg","width":1600,"height":900},{"@type":"BreadcrumbList","@id":"https:\/\/www.aridane.org\/city\/2023\/09\/27\/el-ayuntamiento-de-los-llanos-de-aridane-inicia-una-campana-de-recogida-de-coches-abandonados\/#breadcrumb","itemListElement":[{"@type":"ListItem","position":1,"name":"Portada","item":"https:\/\/www.aridane.org\/city\/"},{"@type":"ListItem","position":2,"name":"El Ayuntamiento de Los Llanos de Aridane inicia una campa\u00f1a de recogida de coches abandonados\u00a0"}]},{"@type":"WebSite","@id":"https:\/\/www.aridane.org\/city\/#website","url":"https:\/\/www.aridane.org\/city\/","name":"Ayuntamiento de Los Llanos de Aridane","description":"","potentialAction":[{"@type":"SearchAction","target":{"@type":"EntryPoint","urlTemplate":"https:\/\/www.aridane.org\/city\/?s={search_term_string}"},"query-input":"required name=search_term_string"}],"inLanguage":"es"},{"@type":"Person","@id":"https:\/\/www.aridane.org\/city\/#\/schema\/person\/89ebd376b223dc94cc1dbcf200c8e6da","name":"Corresponsal","image":{"@type":"ImageObject","inLanguage":"es","@id":"https:\/\/www.aridane.org\/city\/#\/schema\/person\/image\/","url":"https:\/\/secure.gravatar.com\/avatar\/1c476992411e4ccf153da63b2b2f5ea0bb4cb1c85f3ceab8512f04325ad5579c?s=96&d=mm&r=g","contentUrl":"https:\/\/secure.gravatar.com\/avatar\/1c476992411e4ccf153da63b2b2f5ea0bb4cb1c85f3ceab8512f04325ad5579c?s=96&d=mm&r=g","caption":"Corresponsal"},"url":"https:\/\/www.aridane.org\/city\/author\/corresponsal\/"}]}},"_links":{"self":[{"href":"https:\/\/www.aridane.org\/city\/wp-json\/wp\/v2\/posts\/2789","targetHints":{"allow":["GET"]}}],"collection":[{"href":"https:\/\/www.aridane.org\/city\/wp-json\/wp\/v2\/posts"}],"about":[{"href":"https:\/\/www.aridane.org\/city\/wp-json\/wp\/v2\/types\/post"}],"author":[{"embeddable":true,"href":"https:\/\/www.aridane.org\/city\/wp-json\/wp\/v2\/users\/4"}],"replies":[{"embeddable":true,"href":"https:\/\/www.aridane.org\/city\/wp-json\/wp\/v2\/comments?post=2789"}],"version-history":[{"count":1,"href":"https:\/\/www.aridane.org\/city\/wp-json\/wp\/v2\/posts\/2789\/revisions"}],"predecessor-version":[{"id":2791,"href":"https:\/\/www.aridane.org\/city\/wp-json\/wp\/v2\/posts\/2789\/revisions\/2791"}],"wp:featuredmedia":[{"embeddable":true,"href":"https:\/\/www.aridane.org\/city\/wp-json\/wp\/v2\/media\/2790"}],"wp:attachment":[{"href":"https:\/\/www.aridane.org\/city\/wp-json\/wp\/v2\/media?parent=2789"}],"wp:term":[{"taxonomy":"category","embeddable":true,"href":"https:\/\/www.aridane.org\/city\/wp-json\/wp\/v2\/categories?post=2789"},{"taxonomy":"post_tag","embeddable":true,"href":"https:\/\/www.aridane.org\/city\/wp-json\/wp\/v2\/tags?post=2789"}],"curies":[{"name":"wp","href":"https:\/\/api.w.org\/{rel}","templated":true}]}}