{"id":2794,"date":"2023-10-02T09:07:14","date_gmt":"2023-10-02T09:07:14","guid":{"rendered":"https:\/\/www.aridane.org\/city\/?p=2794"},"modified":"2023-10-03T09:08:49","modified_gmt":"2023-10-03T09:08:49","slug":"proteccion-civil-de-los-llanos-de-aridane-se-convierte-en-un-ejemplo-nacional-tras-la-erupcion","status":"publish","type":"post","link":"https:\/\/www.aridane.org\/city\/2023\/10\/02\/proteccion-civil-de-los-llanos-de-aridane-se-convierte-en-un-ejemplo-nacional-tras-la-erupcion\/","title":{"rendered":"Protecci\u00f3n Civil de Los Llanos de Aridane se convierte en un ejemplo nacional tras la erupci\u00f3n"},"content":{"rendered":"<p><em>El concejal de Seguridad, Francisco Acosta, agradece y felicita a los voluntarios por la labor realizada en la emergencia garantizando el bienestar de las personas afectadas<\/em><br \/>\n<!--more--><\/p>\n<div id=\"v1forwardbody1\">\n<p>El jefe de agrupaci\u00f3n de Protecci\u00f3n Civil de Los Llanos de Aridane, Domingo Hern\u00e1ndez Hern\u00e1ndez, ha representado al municipio y a la isla de La Palma en el encuentro nacional de trabajadores de este servicio p\u00fablico en Cantabria. Durante esta cita, se expuso al resto de comunidades el trabajo realizado por Protecci\u00f3n Civil del municipio durante la emergencia generada por el volc\u00e1n; un trabajo que cont\u00f3 con la colaboraci\u00f3n de los servicios de Tegueste durante 85 d\u00edas seguidos.<\/p>\n<p>El alcalde de Los Llanos de Aridane, Javier Llamas, pone en valor el trabajo de los voluntarios del cuerpo y su f\u00e9rreo compromiso con el Valle, La Palma y Canarias. \u201cSiempre est\u00e1n dispuestos a colaborar durante una emergencia, un acto o un evento. Son un orgullo para el municipio\u201d, apunta.<\/p>\n<p>Por su parte, el concejal de Seguridad, Francisco Acosta, agradece a los voluntarios de Protecci\u00f3n Civil el trabajo realizado, tanto durante la emergencia, como en el d\u00eda a d\u00eda del municipio.<\/p>\n<p>\u201cHan sido y son un ejemplo para quienes se dedican al \u00e1mbito de la Seguridad y las Emergencias, por lo que debo felicitar a todos aquellos que han llevado a cabo esta labor ejemplar, en contacto cercano y diario con las personas que m\u00e1s lo necesitaban y garantizando el bienestar de todas ellas\u201d, asegura.<\/p>\n<p>Durante estas jornadas, tanto Hern\u00e1ndez, como el jefe de agrupaci\u00f3n de Tegueste, Francisco Javier Mart\u00edn Bello, dieron a conocer los servicios prestados durante la erupci\u00f3n. Esta explicaci\u00f3n detall\u00f3 los medios desplegados, las ayudas recibidas por parte de la comunidad aut\u00f3noma o del Estado y los datos finales que arroj\u00f3 la emergencia.<\/p>\n<p>Adem\u00e1s, pudieron aportar una perspectiva humana, en primera persona, al hablar de la colaboraci\u00f3n interinsular, del reparto de alimentos, el acompa\u00f1amiento a personas evacuadas o el mantenimiento de los confinamientos.<\/p>\n<\/div>\n","protected":false},"excerpt":{"rendered":"<p>El concejal de Seguridad, Francisco Acosta, agradece y felicita a los voluntarios por la labor realizada en la emergencia garantizando el bienestar de las personas afectadas<\/p>\n","protected":false},"author":4,"featured_media":2795,"comment_status":"open","ping_status":"open","sticky":false,"template":"","format":"standard","meta":{"footnotes":""},"categories":[6],"tags":[],"class_list":["post-2794","post","type-post","status-publish","format-standard","has-post-thumbnail","hentry","category-prensa"],"yoast_head":"<!-- This site is optimized with the Yoast SEO plugin v22.7 - https:\/\/yoast.com\/wordpress\/plugins\/seo\/ -->\n<title>Protecci\u00f3n Civil de Los Llanos de Aridane se convierte en un ejemplo nacional tras la erupci\u00f3n - Ayuntamiento de Los Llanos de Aridane<\/title>\n<meta name=\"robots\" content=\"index, follow, max-snippet:-1, max-image-preview:large, max-video-preview:-1\" \/>\n<link rel=\"canonical\" href=\"https:\/\/www.aridane.org\/city\/2023\/10\/02\/proteccion-civil-de-los-llanos-de-aridane-se-convierte-en-un-ejemplo-nacional-tras-la-erupcion\/\" \/>\n<meta property=\"og:locale\" content=\"es_ES\" \/>\n<meta property=\"og:type\" content=\"article\" \/>\n<meta property=\"og:title\" content=\"Protecci\u00f3n Civil de Los Llanos de Aridane se convierte en un ejemplo nacional tras la erupci\u00f3n - Ayuntamiento de Los Llanos de Aridane\" \/>\n<meta property=\"og:description\" content=\"El concejal de Seguridad, Francisco Acosta, agradece y felicita a los voluntarios por la labor realizada en la emergencia garantizando el bienestar de las personas afectadas\" \/>\n<meta property=\"og:url\" content=\"https:\/\/www.aridane.org\/city\/2023\/10\/02\/proteccion-civil-de-los-llanos-de-aridane-se-convierte-en-un-ejemplo-nacional-tras-la-erupcion\/\" \/>\n<meta property=\"og:site_name\" content=\"Ayuntamiento de Los Llanos de Aridane\" \/>\n<meta property=\"article:published_time\" content=\"2023-10-02T09:07:14+00:00\" \/>\n<meta property=\"article:modified_time\" content=\"2023-10-03T09:08:49+00:00\" \/>\n<meta property=\"og:image\" content=\"https:\/\/www.aridane.org\/city\/wp-content\/uploads\/2023\/10\/Proteccion-Civil-de-Los-Llanos.jpeg\" \/>\n\t<meta property=\"og:image:width\" content=\"1600\" \/>\n\t<meta property=\"og:image:height\" content=\"1200\" \/>\n\t<meta property=\"og:image:type\" content=\"image\/jpeg\" \/>\n<meta name=\"author\" content=\"Corresponsal\" \/>\n<meta name=\"twitter:card\" content=\"summary_large_image\" \/>\n<meta name=\"twitter:label1\" content=\"Escrito por\" \/>\n\t<meta name=\"twitter:data1\" content=\"Corresponsal\" \/>\n\t<meta name=\"twitter:label2\" content=\"Tiempo de lectura\" \/>\n\t<meta name=\"twitter:data2\" content=\"2 minutos\" \/>\n<script type=\"application\/ld+json\" class=\"yoast-schema-graph\">{\"@context\":\"https:\/\/schema.org\",\"@graph\":[{\"@type\":\"WebPage\",\"@id\":\"https:\/\/www.aridane.org\/city\/2023\/10\/02\/proteccion-civil-de-los-llanos-de-aridane-se-convierte-en-un-ejemplo-nacional-tras-la-erupcion\/\",\"url\":\"https:\/\/www.aridane.org\/city\/2023\/10\/02\/proteccion-civil-de-los-llanos-de-aridane-se-convierte-en-un-ejemplo-nacional-tras-la-erupcion\/\",\"name\":\"Protecci\u00f3n Civil de Los Llanos de Aridane se convierte en un ejemplo nacional tras la erupci\u00f3n - Ayuntamiento de Los Llanos de Aridane\",\"isPartOf\":{\"@id\":\"https:\/\/www.aridane.org\/city\/#website\"},\"primaryImageOfPage\":{\"@id\":\"https:\/\/www.aridane.org\/city\/2023\/10\/02\/proteccion-civil-de-los-llanos-de-aridane-se-convierte-en-un-ejemplo-nacional-tras-la-erupcion\/#primaryimage\"},\"image\":{\"@id\":\"https:\/\/www.aridane.org\/city\/2023\/10\/02\/proteccion-civil-de-los-llanos-de-aridane-se-convierte-en-un-ejemplo-nacional-tras-la-erupcion\/#primaryimage\"},\"thumbnailUrl\":\"https:\/\/www.aridane.org\/city\/wp-content\/uploads\/2023\/10\/Proteccion-Civil-de-Los-Llanos.jpeg\",\"datePublished\":\"2023-10-02T09:07:14+00:00\",\"dateModified\":\"2023-10-03T09:08:49+00:00\",\"author\":{\"@id\":\"https:\/\/www.aridane.org\/city\/#\/schema\/person\/89ebd376b223dc94cc1dbcf200c8e6da\"},\"breadcrumb\":{\"@id\":\"https:\/\/www.aridane.org\/city\/2023\/10\/02\/proteccion-civil-de-los-llanos-de-aridane-se-convierte-en-un-ejemplo-nacional-tras-la-erupcion\/#breadcrumb\"},\"inLanguage\":\"es\",\"potentialAction\":[{\"@type\":\"ReadAction\",\"target\":[\"https:\/\/www.aridane.org\/city\/2023\/10\/02\/proteccion-civil-de-los-llanos-de-aridane-se-convierte-en-un-ejemplo-nacional-tras-la-erupcion\/\"]}]},{\"@type\":\"ImageObject\",\"inLanguage\":\"es\",\"@id\":\"https:\/\/www.aridane.org\/city\/2023\/10\/02\/proteccion-civil-de-los-llanos-de-aridane-se-convierte-en-un-ejemplo-nacional-tras-la-erupcion\/#primaryimage\",\"url\":\"https:\/\/www.aridane.org\/city\/wp-content\/uploads\/2023\/10\/Proteccion-Civil-de-Los-Llanos.jpeg\",\"contentUrl\":\"https:\/\/www.aridane.org\/city\/wp-content\/uploads\/2023\/10\/Proteccion-Civil-de-Los-Llanos.jpeg\",\"width\":1600,\"height\":1200},{\"@type\":\"BreadcrumbList\",\"@id\":\"https:\/\/www.aridane.org\/city\/2023\/10\/02\/proteccion-civil-de-los-llanos-de-aridane-se-convierte-en-un-ejemplo-nacional-tras-la-erupcion\/#breadcrumb\",\"itemListElement\":[{\"@type\":\"ListItem\",\"position\":1,\"name\":\"Portada\",\"item\":\"https:\/\/www.aridane.org\/city\/\"},{\"@type\":\"ListItem\",\"position\":2,\"name\":\"Protecci\u00f3n Civil de Los Llanos de Aridane se convierte en un ejemplo nacional tras la erupci\u00f3n\"}]},{\"@type\":\"WebSite\",\"@id\":\"https:\/\/www.aridane.org\/city\/#website\",\"url\":\"https:\/\/www.aridane.org\/city\/\",\"name\":\"Ayuntamiento de Los Llanos de Aridane\",\"description\":\"\",\"potentialAction\":[{\"@type\":\"SearchAction\",\"target\":{\"@type\":\"EntryPoint\",\"urlTemplate\":\"https:\/\/www.aridane.org\/city\/?s={search_term_string}\"},\"query-input\":\"required name=search_term_string\"}],\"inLanguage\":\"es\"},{\"@type\":\"Person\",\"@id\":\"https:\/\/www.aridane.org\/city\/#\/schema\/person\/89ebd376b223dc94cc1dbcf200c8e6da\",\"name\":\"Corresponsal\",\"image\":{\"@type\":\"ImageObject\",\"inLanguage\":\"es\",\"@id\":\"https:\/\/www.aridane.org\/city\/#\/schema\/person\/image\/\",\"url\":\"https:\/\/secure.gravatar.com\/avatar\/1c476992411e4ccf153da63b2b2f5ea0bb4cb1c85f3ceab8512f04325ad5579c?s=96&d=mm&r=g\",\"contentUrl\":\"https:\/\/secure.gravatar.com\/avatar\/1c476992411e4ccf153da63b2b2f5ea0bb4cb1c85f3ceab8512f04325ad5579c?s=96&d=mm&r=g\",\"caption\":\"Corresponsal\"},\"url\":\"https:\/\/www.aridane.org\/city\/author\/corresponsal\/\"}]}<\/script>\n<!-- \/ Yoast SEO plugin. -->","yoast_head_json":{"title":"Protecci\u00f3n Civil de Los Llanos de Aridane se convierte en un ejemplo nacional tras la erupci\u00f3n - Ayuntamiento de Los Llanos de Aridane","robots":{"index":"index","follow":"follow","max-snippet":"max-snippet:-1","max-image-preview":"max-image-preview:large","max-video-preview":"max-video-preview:-1"},"canonical":"https:\/\/www.aridane.org\/city\/2023\/10\/02\/proteccion-civil-de-los-llanos-de-aridane-se-convierte-en-un-ejemplo-nacional-tras-la-erupcion\/","og_locale":"es_ES","og_type":"article","og_title":"Protecci\u00f3n Civil de Los Llanos de Aridane se convierte en un ejemplo nacional tras la erupci\u00f3n - Ayuntamiento de Los Llanos de Aridane","og_description":"El concejal de Seguridad, Francisco Acosta, agradece y felicita a los voluntarios por la labor realizada en la emergencia garantizando el bienestar de las personas afectadas","og_url":"https:\/\/www.aridane.org\/city\/2023\/10\/02\/proteccion-civil-de-los-llanos-de-aridane-se-convierte-en-un-ejemplo-nacional-tras-la-erupcion\/","og_site_name":"Ayuntamiento de Los Llanos de Aridane","article_published_time":"2023-10-02T09:07:14+00:00","article_modified_time":"2023-10-03T09:08:49+00:00","og_image":[{"width":1600,"height":1200,"url":"https:\/\/www.aridane.org\/city\/wp-content\/uploads\/2023\/10\/Proteccion-Civil-de-Los-Llanos.jpeg","type":"image\/jpeg"}],"author":"Corresponsal","twitter_card":"summary_large_image","twitter_misc":{"Escrito por":"Corresponsal","Tiempo de lectura":"2 minutos"},"schema":{"@context":"https:\/\/schema.org","@graph":[{"@type":"WebPage","@id":"https:\/\/www.aridane.org\/city\/2023\/10\/02\/proteccion-civil-de-los-llanos-de-aridane-se-convierte-en-un-ejemplo-nacional-tras-la-erupcion\/","url":"https:\/\/www.aridane.org\/city\/2023\/10\/02\/proteccion-civil-de-los-llanos-de-aridane-se-convierte-en-un-ejemplo-nacional-tras-la-erupcion\/","name":"Protecci\u00f3n Civil de Los Llanos de Aridane se convierte en un ejemplo nacional tras la erupci\u00f3n - Ayuntamiento de Los Llanos de Aridane","isPartOf":{"@id":"https:\/\/www.aridane.org\/city\/#website"},"primaryImageOfPage":{"@id":"https:\/\/www.aridane.org\/city\/2023\/10\/02\/proteccion-civil-de-los-llanos-de-aridane-se-convierte-en-un-ejemplo-nacional-tras-la-erupcion\/#primaryimage"},"image":{"@id":"https:\/\/www.aridane.org\/city\/2023\/10\/02\/proteccion-civil-de-los-llanos-de-aridane-se-convierte-en-un-ejemplo-nacional-tras-la-erupcion\/#primaryimage"},"thumbnailUrl":"https:\/\/www.aridane.org\/city\/wp-content\/uploads\/2023\/10\/Proteccion-Civil-de-Los-Llanos.jpeg","datePublished":"2023-10-02T09:07:14+00:00","dateModified":"2023-10-03T09:08:49+00:00","author":{"@id":"https:\/\/www.aridane.org\/city\/#\/schema\/person\/89ebd376b223dc94cc1dbcf200c8e6da"},"breadcrumb":{"@id":"https:\/\/www.aridane.org\/city\/2023\/10\/02\/proteccion-civil-de-los-llanos-de-aridane-se-convierte-en-un-ejemplo-nacional-tras-la-erupcion\/#breadcrumb"},"inLanguage":"es","potentialAction":[{"@type":"ReadAction","target":["https:\/\/www.aridane.org\/city\/2023\/10\/02\/proteccion-civil-de-los-llanos-de-aridane-se-convierte-en-un-ejemplo-nacional-tras-la-erupcion\/"]}]},{"@type":"ImageObject","inLanguage":"es","@id":"https:\/\/www.aridane.org\/city\/2023\/10\/02\/proteccion-civil-de-los-llanos-de-aridane-se-convierte-en-un-ejemplo-nacional-tras-la-erupcion\/#primaryimage","url":"https:\/\/www.aridane.org\/city\/wp-content\/uploads\/2023\/10\/Proteccion-Civil-de-Los-Llanos.jpeg","contentUrl":"https:\/\/www.aridane.org\/city\/wp-content\/uploads\/2023\/10\/Proteccion-Civil-de-Los-Llanos.jpeg","width":1600,"height":1200},{"@type":"BreadcrumbList","@id":"https:\/\/www.aridane.org\/city\/2023\/10\/02\/proteccion-civil-de-los-llanos-de-aridane-se-convierte-en-un-ejemplo-nacional-tras-la-erupcion\/#breadcrumb","itemListElement":[{"@type":"ListItem","position":1,"name":"Portada","item":"https:\/\/www.aridane.org\/city\/"},{"@type":"ListItem","position":2,"name":"Protecci\u00f3n Civil de Los Llanos de Aridane se convierte en un ejemplo nacional tras la erupci\u00f3n"}]},{"@type":"WebSite","@id":"https:\/\/www.aridane.org\/city\/#website","url":"https:\/\/www.aridane.org\/city\/","name":"Ayuntamiento de Los Llanos de Aridane","description":"","potentialAction":[{"@type":"SearchAction","target":{"@type":"EntryPoint","urlTemplate":"https:\/\/www.aridane.org\/city\/?s={search_term_string}"},"query-input":"required name=search_term_string"}],"inLanguage":"es"},{"@type":"Person","@id":"https:\/\/www.aridane.org\/city\/#\/schema\/person\/89ebd376b223dc94cc1dbcf200c8e6da","name":"Corresponsal","image":{"@type":"ImageObject","inLanguage":"es","@id":"https:\/\/www.aridane.org\/city\/#\/schema\/person\/image\/","url":"https:\/\/secure.gravatar.com\/avatar\/1c476992411e4ccf153da63b2b2f5ea0bb4cb1c85f3ceab8512f04325ad5579c?s=96&d=mm&r=g","contentUrl":"https:\/\/secure.gravatar.com\/avatar\/1c476992411e4ccf153da63b2b2f5ea0bb4cb1c85f3ceab8512f04325ad5579c?s=96&d=mm&r=g","caption":"Corresponsal"},"url":"https:\/\/www.aridane.org\/city\/author\/corresponsal\/"}]}},"_links":{"self":[{"href":"https:\/\/www.aridane.org\/city\/wp-json\/wp\/v2\/posts\/2794","targetHints":{"allow":["GET"]}}],"collection":[{"href":"https:\/\/www.aridane.org\/city\/wp-json\/wp\/v2\/posts"}],"about":[{"href":"https:\/\/www.aridane.org\/city\/wp-json\/wp\/v2\/types\/post"}],"author":[{"embeddable":true,"href":"https:\/\/www.aridane.org\/city\/wp-json\/wp\/v2\/users\/4"}],"replies":[{"embeddable":true,"href":"https:\/\/www.aridane.org\/city\/wp-json\/wp\/v2\/comments?post=2794"}],"version-history":[{"count":1,"href":"https:\/\/www.aridane.org\/city\/wp-json\/wp\/v2\/posts\/2794\/revisions"}],"predecessor-version":[{"id":2796,"href":"https:\/\/www.aridane.org\/city\/wp-json\/wp\/v2\/posts\/2794\/revisions\/2796"}],"wp:featuredmedia":[{"embeddable":true,"href":"https:\/\/www.aridane.org\/city\/wp-json\/wp\/v2\/media\/2795"}],"wp:attachment":[{"href":"https:\/\/www.aridane.org\/city\/wp-json\/wp\/v2\/media?parent=2794"}],"wp:term":[{"taxonomy":"category","embeddable":true,"href":"https:\/\/www.aridane.org\/city\/wp-json\/wp\/v2\/categories?post=2794"},{"taxonomy":"post_tag","embeddable":true,"href":"https:\/\/www.aridane.org\/city\/wp-json\/wp\/v2\/tags?post=2794"}],"curies":[{"name":"wp","href":"https:\/\/api.w.org\/{rel}","templated":true}]}}