{"id":2797,"date":"2023-09-29T09:09:40","date_gmt":"2023-09-29T09:09:40","guid":{"rendered":"https:\/\/www.aridane.org\/city\/?p=2797"},"modified":"2023-10-03T09:14:54","modified_gmt":"2023-10-03T09:14:54","slug":"el-ayuntamiento-de-los-llanos-de-aridane-abona-950-000-euros-en-ayudas-a-personas-afectadas-por-el-volcan-2","status":"publish","type":"post","link":"https:\/\/www.aridane.org\/city\/2023\/09\/29\/el-ayuntamiento-de-los-llanos-de-aridane-abona-950-000-euros-en-ayudas-a-personas-afectadas-por-el-volcan-2\/","title":{"rendered":"El Ayuntamiento de Los Llanos de Aridane abona 950.000 euros en ayudas a personas afectadas por el volc\u00e1n"},"content":{"rendered":"<p><em>El alcalde, Javier Llamas, destaca el esfuerzo del grupo de gobierno y del personal del Ayuntamiento para entregar las ayudas antes de finalizar septiembre\u00a0\u00a0<\/em><!--more--><\/p>\n<p>El Ayuntamiento de Los Llanos de Aridane abona 950.000 en ayudas a las personas afectadas por el volc\u00e1n. 954 usuarios se beneficiar\u00e1n de unos fondos destinados a quienes perdieron una vivienda, una finca agr\u00edcola o un negocio en el municipio por culpa de la erupci\u00f3n.<\/p>\n<p>El alcalde, Javier Llamas, destaca el esfuerzo del grupo de gobierno y del personal del Ayuntamiento para entregar las ayudas antes de finalizar septiembre. \u201cHoy el dinero est\u00e1 justo donde debe estar: en las cuentas de las personas afectadas por la erupci\u00f3n. Se ha hecho un trabajo tit\u00e1nico y en tiempo r\u00e9cord\u201d, apunta.<\/p>\n<p>Por su parte, el concejal de Hacienda, Pablo Almeida, agradece y pone en valor \u201cel importante trabajo y esfuerzo que ha llevado a cabo el personal del Ayuntamiento\u201d. Explica que los trabajadores y trabajadoras municipales se \u201chan encargado de la baremaci\u00f3n, con la Secretar\u00eda al frente, al igual que el personal de Intervenci\u00f3n y Tesorer\u00eda que se han encargado de transferir, a la mayor brevedad, esta ayuda\u201d.<\/p>\n<p><strong>Ayudas en tiempo r\u00e9cord<\/strong><\/p>\n<p>Javier Llamas recuerda que nada m\u00e1s asumir la Alcald\u00eda, redactaron las bases para movilizar 950.000 euros para afectados. Estos fondos, precisa, deb\u00edan ingresarse antes del 30 de septiembre para evitar su devoluci\u00f3n.<\/p>\n<p>Estos fondos provienen del &#8216;Proyecto de Apoyo para la Reparaci\u00f3n de los Da\u00f1os Ocasionados por la Erupci\u00f3n Volc\u00e1nica y para la Reconstrucci\u00f3n Econ\u00f3mica y Social de la isla de La Palma&#8217;, del periodo 2021-2023.<\/p>\n<p>Dicho proyecto contaba con 1,5 millones de euros ingresados en las arcas municipales desde mayo de 2022. Adem\u00e1s de las ayudas por p\u00e9rdida de vivienda, se movilizaron 68.000 euros para garantizar el apoyo psicol\u00f3gico y 465.000 en ayudas de emergencia complementarias para atender la erupci\u00f3n.<\/p>\n","protected":false},"excerpt":{"rendered":"<p>El alcalde, Javier Llamas, destaca el esfuerzo del grupo de gobierno y del personal del Ayuntamiento para entregar las ayudas antes de finalizar septiembre\u00a0\u00a0<\/p>\n","protected":false},"author":4,"featured_media":2573,"comment_status":"open","ping_status":"open","sticky":false,"template":"","format":"standard","meta":{"footnotes":""},"categories":[6],"tags":[],"class_list":["post-2797","post","type-post","status-publish","format-standard","has-post-thumbnail","hentry","category-prensa"],"yoast_head":"<!-- This site is optimized with the Yoast SEO plugin v22.7 - https:\/\/yoast.com\/wordpress\/plugins\/seo\/ -->\n<title>El Ayuntamiento de Los Llanos de Aridane abona 950.000 euros en ayudas a personas afectadas por el volc\u00e1n - Ayuntamiento de Los Llanos de Aridane<\/title>\n<meta name=\"robots\" content=\"index, follow, max-snippet:-1, max-image-preview:large, max-video-preview:-1\" \/>\n<link rel=\"canonical\" href=\"https:\/\/www.aridane.org\/city\/2023\/09\/29\/el-ayuntamiento-de-los-llanos-de-aridane-abona-950-000-euros-en-ayudas-a-personas-afectadas-por-el-volcan-2\/\" \/>\n<meta property=\"og:locale\" content=\"es_ES\" \/>\n<meta property=\"og:type\" content=\"article\" \/>\n<meta property=\"og:title\" content=\"El Ayuntamiento de Los Llanos de Aridane abona 950.000 euros en ayudas a personas afectadas por el volc\u00e1n - Ayuntamiento de Los Llanos de Aridane\" \/>\n<meta property=\"og:description\" content=\"El alcalde, Javier Llamas, destaca el esfuerzo del grupo de gobierno y del personal del Ayuntamiento para entregar las ayudas antes de finalizar septiembre\u00a0\u00a0\" \/>\n<meta property=\"og:url\" content=\"https:\/\/www.aridane.org\/city\/2023\/09\/29\/el-ayuntamiento-de-los-llanos-de-aridane-abona-950-000-euros-en-ayudas-a-personas-afectadas-por-el-volcan-2\/\" \/>\n<meta property=\"og:site_name\" content=\"Ayuntamiento de Los Llanos de Aridane\" \/>\n<meta property=\"article:published_time\" content=\"2023-09-29T09:09:40+00:00\" \/>\n<meta property=\"article:modified_time\" content=\"2023-10-03T09:14:54+00:00\" \/>\n<meta property=\"og:image\" content=\"https:\/\/www.aridane.org\/city\/wp-content\/uploads\/2023\/03\/ayto_aridane_4.jpg\" \/>\n\t<meta property=\"og:image:width\" content=\"1200\" \/>\n\t<meta property=\"og:image:height\" content=\"675\" \/>\n\t<meta property=\"og:image:type\" content=\"image\/jpeg\" \/>\n<meta name=\"author\" content=\"Corresponsal\" \/>\n<meta name=\"twitter:card\" content=\"summary_large_image\" \/>\n<meta name=\"twitter:label1\" content=\"Escrito por\" \/>\n\t<meta name=\"twitter:data1\" content=\"Corresponsal\" \/>\n\t<meta name=\"twitter:label2\" content=\"Tiempo de lectura\" \/>\n\t<meta name=\"twitter:data2\" content=\"2 minutos\" \/>\n<script type=\"application\/ld+json\" class=\"yoast-schema-graph\">{\"@context\":\"https:\/\/schema.org\",\"@graph\":[{\"@type\":\"WebPage\",\"@id\":\"https:\/\/www.aridane.org\/city\/2023\/09\/29\/el-ayuntamiento-de-los-llanos-de-aridane-abona-950-000-euros-en-ayudas-a-personas-afectadas-por-el-volcan-2\/\",\"url\":\"https:\/\/www.aridane.org\/city\/2023\/09\/29\/el-ayuntamiento-de-los-llanos-de-aridane-abona-950-000-euros-en-ayudas-a-personas-afectadas-por-el-volcan-2\/\",\"name\":\"El Ayuntamiento de Los Llanos de Aridane abona 950.000 euros en ayudas a personas afectadas por el volc\u00e1n - Ayuntamiento de Los Llanos de Aridane\",\"isPartOf\":{\"@id\":\"https:\/\/www.aridane.org\/city\/#website\"},\"primaryImageOfPage\":{\"@id\":\"https:\/\/www.aridane.org\/city\/2023\/09\/29\/el-ayuntamiento-de-los-llanos-de-aridane-abona-950-000-euros-en-ayudas-a-personas-afectadas-por-el-volcan-2\/#primaryimage\"},\"image\":{\"@id\":\"https:\/\/www.aridane.org\/city\/2023\/09\/29\/el-ayuntamiento-de-los-llanos-de-aridane-abona-950-000-euros-en-ayudas-a-personas-afectadas-por-el-volcan-2\/#primaryimage\"},\"thumbnailUrl\":\"https:\/\/www.aridane.org\/city\/wp-content\/uploads\/2023\/03\/ayto_aridane_4.jpg\",\"datePublished\":\"2023-09-29T09:09:40+00:00\",\"dateModified\":\"2023-10-03T09:14:54+00:00\",\"author\":{\"@id\":\"https:\/\/www.aridane.org\/city\/#\/schema\/person\/89ebd376b223dc94cc1dbcf200c8e6da\"},\"breadcrumb\":{\"@id\":\"https:\/\/www.aridane.org\/city\/2023\/09\/29\/el-ayuntamiento-de-los-llanos-de-aridane-abona-950-000-euros-en-ayudas-a-personas-afectadas-por-el-volcan-2\/#breadcrumb\"},\"inLanguage\":\"es\",\"potentialAction\":[{\"@type\":\"ReadAction\",\"target\":[\"https:\/\/www.aridane.org\/city\/2023\/09\/29\/el-ayuntamiento-de-los-llanos-de-aridane-abona-950-000-euros-en-ayudas-a-personas-afectadas-por-el-volcan-2\/\"]}]},{\"@type\":\"ImageObject\",\"inLanguage\":\"es\",\"@id\":\"https:\/\/www.aridane.org\/city\/2023\/09\/29\/el-ayuntamiento-de-los-llanos-de-aridane-abona-950-000-euros-en-ayudas-a-personas-afectadas-por-el-volcan-2\/#primaryimage\",\"url\":\"https:\/\/www.aridane.org\/city\/wp-content\/uploads\/2023\/03\/ayto_aridane_4.jpg\",\"contentUrl\":\"https:\/\/www.aridane.org\/city\/wp-content\/uploads\/2023\/03\/ayto_aridane_4.jpg\",\"width\":1200,\"height\":675},{\"@type\":\"BreadcrumbList\",\"@id\":\"https:\/\/www.aridane.org\/city\/2023\/09\/29\/el-ayuntamiento-de-los-llanos-de-aridane-abona-950-000-euros-en-ayudas-a-personas-afectadas-por-el-volcan-2\/#breadcrumb\",\"itemListElement\":[{\"@type\":\"ListItem\",\"position\":1,\"name\":\"Portada\",\"item\":\"https:\/\/www.aridane.org\/city\/\"},{\"@type\":\"ListItem\",\"position\":2,\"name\":\"El Ayuntamiento de Los Llanos de Aridane abona 950.000 euros en ayudas a personas afectadas por el volc\u00e1n\"}]},{\"@type\":\"WebSite\",\"@id\":\"https:\/\/www.aridane.org\/city\/#website\",\"url\":\"https:\/\/www.aridane.org\/city\/\",\"name\":\"Ayuntamiento de Los Llanos de Aridane\",\"description\":\"\",\"potentialAction\":[{\"@type\":\"SearchAction\",\"target\":{\"@type\":\"EntryPoint\",\"urlTemplate\":\"https:\/\/www.aridane.org\/city\/?s={search_term_string}\"},\"query-input\":\"required name=search_term_string\"}],\"inLanguage\":\"es\"},{\"@type\":\"Person\",\"@id\":\"https:\/\/www.aridane.org\/city\/#\/schema\/person\/89ebd376b223dc94cc1dbcf200c8e6da\",\"name\":\"Corresponsal\",\"image\":{\"@type\":\"ImageObject\",\"inLanguage\":\"es\",\"@id\":\"https:\/\/www.aridane.org\/city\/#\/schema\/person\/image\/\",\"url\":\"https:\/\/secure.gravatar.com\/avatar\/1c476992411e4ccf153da63b2b2f5ea0bb4cb1c85f3ceab8512f04325ad5579c?s=96&d=mm&r=g\",\"contentUrl\":\"https:\/\/secure.gravatar.com\/avatar\/1c476992411e4ccf153da63b2b2f5ea0bb4cb1c85f3ceab8512f04325ad5579c?s=96&d=mm&r=g\",\"caption\":\"Corresponsal\"},\"url\":\"https:\/\/www.aridane.org\/city\/author\/corresponsal\/\"}]}<\/script>\n<!-- \/ Yoast SEO plugin. -->","yoast_head_json":{"title":"El Ayuntamiento de Los Llanos de Aridane abona 950.000 euros en ayudas a personas afectadas por el volc\u00e1n - Ayuntamiento de Los Llanos de Aridane","robots":{"index":"index","follow":"follow","max-snippet":"max-snippet:-1","max-image-preview":"max-image-preview:large","max-video-preview":"max-video-preview:-1"},"canonical":"https:\/\/www.aridane.org\/city\/2023\/09\/29\/el-ayuntamiento-de-los-llanos-de-aridane-abona-950-000-euros-en-ayudas-a-personas-afectadas-por-el-volcan-2\/","og_locale":"es_ES","og_type":"article","og_title":"El Ayuntamiento de Los Llanos de Aridane abona 950.000 euros en ayudas a personas afectadas por el volc\u00e1n - Ayuntamiento de Los Llanos de Aridane","og_description":"El alcalde, Javier Llamas, destaca el esfuerzo del grupo de gobierno y del personal del Ayuntamiento para entregar las ayudas antes de finalizar septiembre\u00a0\u00a0","og_url":"https:\/\/www.aridane.org\/city\/2023\/09\/29\/el-ayuntamiento-de-los-llanos-de-aridane-abona-950-000-euros-en-ayudas-a-personas-afectadas-por-el-volcan-2\/","og_site_name":"Ayuntamiento de Los Llanos de Aridane","article_published_time":"2023-09-29T09:09:40+00:00","article_modified_time":"2023-10-03T09:14:54+00:00","og_image":[{"width":1200,"height":675,"url":"https:\/\/www.aridane.org\/city\/wp-content\/uploads\/2023\/03\/ayto_aridane_4.jpg","type":"image\/jpeg"}],"author":"Corresponsal","twitter_card":"summary_large_image","twitter_misc":{"Escrito por":"Corresponsal","Tiempo de lectura":"2 minutos"},"schema":{"@context":"https:\/\/schema.org","@graph":[{"@type":"WebPage","@id":"https:\/\/www.aridane.org\/city\/2023\/09\/29\/el-ayuntamiento-de-los-llanos-de-aridane-abona-950-000-euros-en-ayudas-a-personas-afectadas-por-el-volcan-2\/","url":"https:\/\/www.aridane.org\/city\/2023\/09\/29\/el-ayuntamiento-de-los-llanos-de-aridane-abona-950-000-euros-en-ayudas-a-personas-afectadas-por-el-volcan-2\/","name":"El Ayuntamiento de Los Llanos de Aridane abona 950.000 euros en ayudas a personas afectadas por el volc\u00e1n - Ayuntamiento de Los Llanos de Aridane","isPartOf":{"@id":"https:\/\/www.aridane.org\/city\/#website"},"primaryImageOfPage":{"@id":"https:\/\/www.aridane.org\/city\/2023\/09\/29\/el-ayuntamiento-de-los-llanos-de-aridane-abona-950-000-euros-en-ayudas-a-personas-afectadas-por-el-volcan-2\/#primaryimage"},"image":{"@id":"https:\/\/www.aridane.org\/city\/2023\/09\/29\/el-ayuntamiento-de-los-llanos-de-aridane-abona-950-000-euros-en-ayudas-a-personas-afectadas-por-el-volcan-2\/#primaryimage"},"thumbnailUrl":"https:\/\/www.aridane.org\/city\/wp-content\/uploads\/2023\/03\/ayto_aridane_4.jpg","datePublished":"2023-09-29T09:09:40+00:00","dateModified":"2023-10-03T09:14:54+00:00","author":{"@id":"https:\/\/www.aridane.org\/city\/#\/schema\/person\/89ebd376b223dc94cc1dbcf200c8e6da"},"breadcrumb":{"@id":"https:\/\/www.aridane.org\/city\/2023\/09\/29\/el-ayuntamiento-de-los-llanos-de-aridane-abona-950-000-euros-en-ayudas-a-personas-afectadas-por-el-volcan-2\/#breadcrumb"},"inLanguage":"es","potentialAction":[{"@type":"ReadAction","target":["https:\/\/www.aridane.org\/city\/2023\/09\/29\/el-ayuntamiento-de-los-llanos-de-aridane-abona-950-000-euros-en-ayudas-a-personas-afectadas-por-el-volcan-2\/"]}]},{"@type":"ImageObject","inLanguage":"es","@id":"https:\/\/www.aridane.org\/city\/2023\/09\/29\/el-ayuntamiento-de-los-llanos-de-aridane-abona-950-000-euros-en-ayudas-a-personas-afectadas-por-el-volcan-2\/#primaryimage","url":"https:\/\/www.aridane.org\/city\/wp-content\/uploads\/2023\/03\/ayto_aridane_4.jpg","contentUrl":"https:\/\/www.aridane.org\/city\/wp-content\/uploads\/2023\/03\/ayto_aridane_4.jpg","width":1200,"height":675},{"@type":"BreadcrumbList","@id":"https:\/\/www.aridane.org\/city\/2023\/09\/29\/el-ayuntamiento-de-los-llanos-de-aridane-abona-950-000-euros-en-ayudas-a-personas-afectadas-por-el-volcan-2\/#breadcrumb","itemListElement":[{"@type":"ListItem","position":1,"name":"Portada","item":"https:\/\/www.aridane.org\/city\/"},{"@type":"ListItem","position":2,"name":"El Ayuntamiento de Los Llanos de Aridane abona 950.000 euros en ayudas a personas afectadas por el volc\u00e1n"}]},{"@type":"WebSite","@id":"https:\/\/www.aridane.org\/city\/#website","url":"https:\/\/www.aridane.org\/city\/","name":"Ayuntamiento de Los Llanos de Aridane","description":"","potentialAction":[{"@type":"SearchAction","target":{"@type":"EntryPoint","urlTemplate":"https:\/\/www.aridane.org\/city\/?s={search_term_string}"},"query-input":"required name=search_term_string"}],"inLanguage":"es"},{"@type":"Person","@id":"https:\/\/www.aridane.org\/city\/#\/schema\/person\/89ebd376b223dc94cc1dbcf200c8e6da","name":"Corresponsal","image":{"@type":"ImageObject","inLanguage":"es","@id":"https:\/\/www.aridane.org\/city\/#\/schema\/person\/image\/","url":"https:\/\/secure.gravatar.com\/avatar\/1c476992411e4ccf153da63b2b2f5ea0bb4cb1c85f3ceab8512f04325ad5579c?s=96&d=mm&r=g","contentUrl":"https:\/\/secure.gravatar.com\/avatar\/1c476992411e4ccf153da63b2b2f5ea0bb4cb1c85f3ceab8512f04325ad5579c?s=96&d=mm&r=g","caption":"Corresponsal"},"url":"https:\/\/www.aridane.org\/city\/author\/corresponsal\/"}]}},"_links":{"self":[{"href":"https:\/\/www.aridane.org\/city\/wp-json\/wp\/v2\/posts\/2797","targetHints":{"allow":["GET"]}}],"collection":[{"href":"https:\/\/www.aridane.org\/city\/wp-json\/wp\/v2\/posts"}],"about":[{"href":"https:\/\/www.aridane.org\/city\/wp-json\/wp\/v2\/types\/post"}],"author":[{"embeddable":true,"href":"https:\/\/www.aridane.org\/city\/wp-json\/wp\/v2\/users\/4"}],"replies":[{"embeddable":true,"href":"https:\/\/www.aridane.org\/city\/wp-json\/wp\/v2\/comments?post=2797"}],"version-history":[{"count":1,"href":"https:\/\/www.aridane.org\/city\/wp-json\/wp\/v2\/posts\/2797\/revisions"}],"predecessor-version":[{"id":2798,"href":"https:\/\/www.aridane.org\/city\/wp-json\/wp\/v2\/posts\/2797\/revisions\/2798"}],"wp:featuredmedia":[{"embeddable":true,"href":"https:\/\/www.aridane.org\/city\/wp-json\/wp\/v2\/media\/2573"}],"wp:attachment":[{"href":"https:\/\/www.aridane.org\/city\/wp-json\/wp\/v2\/media?parent=2797"}],"wp:term":[{"taxonomy":"category","embeddable":true,"href":"https:\/\/www.aridane.org\/city\/wp-json\/wp\/v2\/categories?post=2797"},{"taxonomy":"post_tag","embeddable":true,"href":"https:\/\/www.aridane.org\/city\/wp-json\/wp\/v2\/tags?post=2797"}],"curies":[{"name":"wp","href":"https:\/\/api.w.org\/{rel}","templated":true}]}}