{"id":2801,"date":"2023-07-29T09:21:18","date_gmt":"2023-07-29T09:21:18","guid":{"rendered":"https:\/\/www.aridane.org\/city\/?p=2801"},"modified":"2023-10-03T09:22:12","modified_gmt":"2023-10-03T09:22:12","slug":"la-biblioteca-municipal-de-los-llanos-recibe-el-premio-maria-moliner","status":"publish","type":"post","link":"https:\/\/www.aridane.org\/city\/2023\/07\/29\/la-biblioteca-municipal-de-los-llanos-recibe-el-premio-maria-moliner\/","title":{"rendered":"La Biblioteca Municipal de Los Llanos recibe el premio Mar\u00eda Moliner"},"content":{"rendered":"<p><em>El alcalde, Javier Llamas, valora las acciones de la biblioteca para estimular el h\u00e1bito lectora y la cohesi\u00f3n social\u00a0<\/em><br \/>\n<!--more--><\/p>\n<div id=\"v1forwardbody1\">\n<p>La Biblioteca Municipal Mar\u00eda Nieves P\u00e9rez Acosta de Los Llanos de Aridane recibe el premio Mar\u00eda Moliner. Un galard\u00f3n del Ministerio de Cultura y Deporte que reconoce a aquellas bibliotecas de municipios de menos de 50.000 habitantes que lleven a cabo proyectos singulares para animar a la lectura, fomentar la labor bibliotecaria, la integraci\u00f3n social en su comunidad y el uso de las nuevas tecnolog\u00edas.<\/p>\n<p>El alcalde de Los Llanos de Aridane, Javier Llamas, valora los esfuerzos de la Biblioteca Municipal y de la bibliotecaria Eugenia Cabrera Reyes para adaptarse a los nuevos tiempos y desarrollar programas para estimular el h\u00e1bito lector y escritor, as\u00ed como la cohesi\u00f3n social.<\/p>\n<p>\u201cMenci\u00f3n especial las acciones para integrar al colectivo de personas mayores, el fomento de la igualdad de g\u00e9nero y el apoyo a esas personas que mediante la lectura y la escritura preservan nuestra memoria cultural y afectiva\u201d, apunta el alcalde.<\/p>\n<p>Por su parte, la concejala de Cultura, Marlene Gonz\u00e1lez Almeida, destaca que en m\u00e1s de 10 ocasiones la Biblioteca Municipal ha sido reconocida con el galard\u00f3n Mar\u00eda Moliner.<\/p>\n<p>\u201cEs la prueba de la labor dinamizadora que se lleva a cabo en base a la coordinaci\u00f3n de diferentes programas que se desarrollan en sinton\u00eda con las \u00faltimas novedades y tendencias de la actividad cultural y social que generan las bibliotecas\u201d, a\u00f1ade la concejala.<\/p>\n<p>Tambi\u00e9n recuerda como desde el 2022, la Biblioteca Municipal Mar\u00eda Nieves P\u00e9rez Acosta ha decidido adaptarse a la Agenda 2030 a trav\u00e9s de numerosos clubes de lectura y actividades que giran en torno a la ODS (Objetivo de Desarrollo Sostenible).<\/p>\n<p>Cabe recordar que el premio Mar\u00eda Moliner est\u00e1 celebrando su 23 edici\u00f3n. En esta convocatoria han participado m\u00e1s de 550 bibliotecas de las cuales 370 han obtenido el galard\u00f3n. \u00c9ste, adem\u00e1s de un reconocimiento a las acciones de la biblioteca municipal, otorga una dotaci\u00f3n econ\u00f3mica de 2.772 euros para la compra de material bibliogr\u00e1fico.<\/p>\n<p>El grupo de gobierno municipal seguir\u00e1 trabajando para que la Biblioteca Mar\u00eda Nieves P\u00e9rez Acosta contin\u00fae evolucionando y se consolide como ese espacio de conocimiento, aprendizaje y comunidad.<\/p>\n<\/div>\n","protected":false},"excerpt":{"rendered":"<p>El alcalde, Javier Llamas, valora las acciones de la biblioteca para estimular el h\u00e1bito lectora y la cohesi\u00f3n social\u00a0<\/p>\n","protected":false},"author":4,"featured_media":2802,"comment_status":"open","ping_status":"open","sticky":false,"template":"","format":"standard","meta":{"footnotes":""},"categories":[1],"tags":[],"class_list":["post-2801","post","type-post","status-publish","format-standard","has-post-thumbnail","hentry","category-sin-categoria"],"yoast_head":"<!-- This site is optimized with the Yoast SEO plugin v22.7 - https:\/\/yoast.com\/wordpress\/plugins\/seo\/ -->\n<title>La Biblioteca Municipal de Los Llanos recibe el premio Mar\u00eda Moliner - Ayuntamiento de Los Llanos de Aridane<\/title>\n<meta name=\"robots\" content=\"index, follow, max-snippet:-1, max-image-preview:large, max-video-preview:-1\" \/>\n<link rel=\"canonical\" href=\"https:\/\/www.aridane.org\/city\/2023\/07\/29\/la-biblioteca-municipal-de-los-llanos-recibe-el-premio-maria-moliner\/\" \/>\n<meta property=\"og:locale\" content=\"es_ES\" \/>\n<meta property=\"og:type\" content=\"article\" \/>\n<meta property=\"og:title\" content=\"La Biblioteca Municipal de Los Llanos recibe el premio Mar\u00eda Moliner - Ayuntamiento de Los Llanos de Aridane\" \/>\n<meta property=\"og:description\" content=\"El alcalde, Javier Llamas, valora las acciones de la biblioteca para estimular el h\u00e1bito lectora y la cohesi\u00f3n social\u00a0\" \/>\n<meta property=\"og:url\" content=\"https:\/\/www.aridane.org\/city\/2023\/07\/29\/la-biblioteca-municipal-de-los-llanos-recibe-el-premio-maria-moliner\/\" \/>\n<meta property=\"og:site_name\" content=\"Ayuntamiento de Los Llanos de Aridane\" \/>\n<meta property=\"article:published_time\" content=\"2023-07-29T09:21:18+00:00\" \/>\n<meta property=\"article:modified_time\" content=\"2023-10-03T09:22:12+00:00\" \/>\n<meta property=\"og:image\" content=\"https:\/\/www.aridane.org\/city\/wp-content\/uploads\/2023\/10\/PremioMariaMoliner-e1696324910509.jpeg\" \/>\n\t<meta property=\"og:image:width\" content=\"719\" \/>\n\t<meta property=\"og:image:height\" content=\"546\" \/>\n\t<meta property=\"og:image:type\" content=\"image\/jpeg\" \/>\n<meta name=\"author\" content=\"Corresponsal\" \/>\n<meta name=\"twitter:card\" content=\"summary_large_image\" \/>\n<meta name=\"twitter:label1\" content=\"Escrito por\" \/>\n\t<meta name=\"twitter:data1\" content=\"Corresponsal\" \/>\n\t<meta name=\"twitter:label2\" content=\"Tiempo de lectura\" \/>\n\t<meta name=\"twitter:data2\" content=\"2 minutos\" \/>\n<script type=\"application\/ld+json\" class=\"yoast-schema-graph\">{\"@context\":\"https:\/\/schema.org\",\"@graph\":[{\"@type\":\"WebPage\",\"@id\":\"https:\/\/www.aridane.org\/city\/2023\/07\/29\/la-biblioteca-municipal-de-los-llanos-recibe-el-premio-maria-moliner\/\",\"url\":\"https:\/\/www.aridane.org\/city\/2023\/07\/29\/la-biblioteca-municipal-de-los-llanos-recibe-el-premio-maria-moliner\/\",\"name\":\"La Biblioteca Municipal de Los Llanos recibe el premio Mar\u00eda Moliner - Ayuntamiento de Los Llanos de Aridane\",\"isPartOf\":{\"@id\":\"https:\/\/www.aridane.org\/city\/#website\"},\"primaryImageOfPage\":{\"@id\":\"https:\/\/www.aridane.org\/city\/2023\/07\/29\/la-biblioteca-municipal-de-los-llanos-recibe-el-premio-maria-moliner\/#primaryimage\"},\"image\":{\"@id\":\"https:\/\/www.aridane.org\/city\/2023\/07\/29\/la-biblioteca-municipal-de-los-llanos-recibe-el-premio-maria-moliner\/#primaryimage\"},\"thumbnailUrl\":\"https:\/\/www.aridane.org\/city\/wp-content\/uploads\/2023\/10\/PremioMariaMoliner-e1696324910509.jpeg\",\"datePublished\":\"2023-07-29T09:21:18+00:00\",\"dateModified\":\"2023-10-03T09:22:12+00:00\",\"author\":{\"@id\":\"https:\/\/www.aridane.org\/city\/#\/schema\/person\/89ebd376b223dc94cc1dbcf200c8e6da\"},\"breadcrumb\":{\"@id\":\"https:\/\/www.aridane.org\/city\/2023\/07\/29\/la-biblioteca-municipal-de-los-llanos-recibe-el-premio-maria-moliner\/#breadcrumb\"},\"inLanguage\":\"es\",\"potentialAction\":[{\"@type\":\"ReadAction\",\"target\":[\"https:\/\/www.aridane.org\/city\/2023\/07\/29\/la-biblioteca-municipal-de-los-llanos-recibe-el-premio-maria-moliner\/\"]}]},{\"@type\":\"ImageObject\",\"inLanguage\":\"es\",\"@id\":\"https:\/\/www.aridane.org\/city\/2023\/07\/29\/la-biblioteca-municipal-de-los-llanos-recibe-el-premio-maria-moliner\/#primaryimage\",\"url\":\"https:\/\/www.aridane.org\/city\/wp-content\/uploads\/2023\/10\/PremioMariaMoliner-e1696324910509.jpeg\",\"contentUrl\":\"https:\/\/www.aridane.org\/city\/wp-content\/uploads\/2023\/10\/PremioMariaMoliner-e1696324910509.jpeg\",\"width\":719,\"height\":546},{\"@type\":\"BreadcrumbList\",\"@id\":\"https:\/\/www.aridane.org\/city\/2023\/07\/29\/la-biblioteca-municipal-de-los-llanos-recibe-el-premio-maria-moliner\/#breadcrumb\",\"itemListElement\":[{\"@type\":\"ListItem\",\"position\":1,\"name\":\"Portada\",\"item\":\"https:\/\/www.aridane.org\/city\/\"},{\"@type\":\"ListItem\",\"position\":2,\"name\":\"La Biblioteca Municipal de Los Llanos recibe el premio Mar\u00eda Moliner\"}]},{\"@type\":\"WebSite\",\"@id\":\"https:\/\/www.aridane.org\/city\/#website\",\"url\":\"https:\/\/www.aridane.org\/city\/\",\"name\":\"Ayuntamiento de Los Llanos de Aridane\",\"description\":\"\",\"potentialAction\":[{\"@type\":\"SearchAction\",\"target\":{\"@type\":\"EntryPoint\",\"urlTemplate\":\"https:\/\/www.aridane.org\/city\/?s={search_term_string}\"},\"query-input\":\"required name=search_term_string\"}],\"inLanguage\":\"es\"},{\"@type\":\"Person\",\"@id\":\"https:\/\/www.aridane.org\/city\/#\/schema\/person\/89ebd376b223dc94cc1dbcf200c8e6da\",\"name\":\"Corresponsal\",\"image\":{\"@type\":\"ImageObject\",\"inLanguage\":\"es\",\"@id\":\"https:\/\/www.aridane.org\/city\/#\/schema\/person\/image\/\",\"url\":\"https:\/\/secure.gravatar.com\/avatar\/1c476992411e4ccf153da63b2b2f5ea0bb4cb1c85f3ceab8512f04325ad5579c?s=96&d=mm&r=g\",\"contentUrl\":\"https:\/\/secure.gravatar.com\/avatar\/1c476992411e4ccf153da63b2b2f5ea0bb4cb1c85f3ceab8512f04325ad5579c?s=96&d=mm&r=g\",\"caption\":\"Corresponsal\"},\"url\":\"https:\/\/www.aridane.org\/city\/author\/corresponsal\/\"}]}<\/script>\n<!-- \/ Yoast SEO plugin. -->","yoast_head_json":{"title":"La Biblioteca Municipal de Los Llanos recibe el premio Mar\u00eda Moliner - Ayuntamiento de Los Llanos de Aridane","robots":{"index":"index","follow":"follow","max-snippet":"max-snippet:-1","max-image-preview":"max-image-preview:large","max-video-preview":"max-video-preview:-1"},"canonical":"https:\/\/www.aridane.org\/city\/2023\/07\/29\/la-biblioteca-municipal-de-los-llanos-recibe-el-premio-maria-moliner\/","og_locale":"es_ES","og_type":"article","og_title":"La Biblioteca Municipal de Los Llanos recibe el premio Mar\u00eda Moliner - Ayuntamiento de Los Llanos de Aridane","og_description":"El alcalde, Javier Llamas, valora las acciones de la biblioteca para estimular el h\u00e1bito lectora y la cohesi\u00f3n social\u00a0","og_url":"https:\/\/www.aridane.org\/city\/2023\/07\/29\/la-biblioteca-municipal-de-los-llanos-recibe-el-premio-maria-moliner\/","og_site_name":"Ayuntamiento de Los Llanos de Aridane","article_published_time":"2023-07-29T09:21:18+00:00","article_modified_time":"2023-10-03T09:22:12+00:00","og_image":[{"width":719,"height":546,"url":"https:\/\/www.aridane.org\/city\/wp-content\/uploads\/2023\/10\/PremioMariaMoliner-e1696324910509.jpeg","type":"image\/jpeg"}],"author":"Corresponsal","twitter_card":"summary_large_image","twitter_misc":{"Escrito por":"Corresponsal","Tiempo de lectura":"2 minutos"},"schema":{"@context":"https:\/\/schema.org","@graph":[{"@type":"WebPage","@id":"https:\/\/www.aridane.org\/city\/2023\/07\/29\/la-biblioteca-municipal-de-los-llanos-recibe-el-premio-maria-moliner\/","url":"https:\/\/www.aridane.org\/city\/2023\/07\/29\/la-biblioteca-municipal-de-los-llanos-recibe-el-premio-maria-moliner\/","name":"La Biblioteca Municipal de Los Llanos recibe el premio Mar\u00eda Moliner - Ayuntamiento de Los Llanos de Aridane","isPartOf":{"@id":"https:\/\/www.aridane.org\/city\/#website"},"primaryImageOfPage":{"@id":"https:\/\/www.aridane.org\/city\/2023\/07\/29\/la-biblioteca-municipal-de-los-llanos-recibe-el-premio-maria-moliner\/#primaryimage"},"image":{"@id":"https:\/\/www.aridane.org\/city\/2023\/07\/29\/la-biblioteca-municipal-de-los-llanos-recibe-el-premio-maria-moliner\/#primaryimage"},"thumbnailUrl":"https:\/\/www.aridane.org\/city\/wp-content\/uploads\/2023\/10\/PremioMariaMoliner-e1696324910509.jpeg","datePublished":"2023-07-29T09:21:18+00:00","dateModified":"2023-10-03T09:22:12+00:00","author":{"@id":"https:\/\/www.aridane.org\/city\/#\/schema\/person\/89ebd376b223dc94cc1dbcf200c8e6da"},"breadcrumb":{"@id":"https:\/\/www.aridane.org\/city\/2023\/07\/29\/la-biblioteca-municipal-de-los-llanos-recibe-el-premio-maria-moliner\/#breadcrumb"},"inLanguage":"es","potentialAction":[{"@type":"ReadAction","target":["https:\/\/www.aridane.org\/city\/2023\/07\/29\/la-biblioteca-municipal-de-los-llanos-recibe-el-premio-maria-moliner\/"]}]},{"@type":"ImageObject","inLanguage":"es","@id":"https:\/\/www.aridane.org\/city\/2023\/07\/29\/la-biblioteca-municipal-de-los-llanos-recibe-el-premio-maria-moliner\/#primaryimage","url":"https:\/\/www.aridane.org\/city\/wp-content\/uploads\/2023\/10\/PremioMariaMoliner-e1696324910509.jpeg","contentUrl":"https:\/\/www.aridane.org\/city\/wp-content\/uploads\/2023\/10\/PremioMariaMoliner-e1696324910509.jpeg","width":719,"height":546},{"@type":"BreadcrumbList","@id":"https:\/\/www.aridane.org\/city\/2023\/07\/29\/la-biblioteca-municipal-de-los-llanos-recibe-el-premio-maria-moliner\/#breadcrumb","itemListElement":[{"@type":"ListItem","position":1,"name":"Portada","item":"https:\/\/www.aridane.org\/city\/"},{"@type":"ListItem","position":2,"name":"La Biblioteca Municipal de Los Llanos recibe el premio Mar\u00eda Moliner"}]},{"@type":"WebSite","@id":"https:\/\/www.aridane.org\/city\/#website","url":"https:\/\/www.aridane.org\/city\/","name":"Ayuntamiento de Los Llanos de Aridane","description":"","potentialAction":[{"@type":"SearchAction","target":{"@type":"EntryPoint","urlTemplate":"https:\/\/www.aridane.org\/city\/?s={search_term_string}"},"query-input":"required name=search_term_string"}],"inLanguage":"es"},{"@type":"Person","@id":"https:\/\/www.aridane.org\/city\/#\/schema\/person\/89ebd376b223dc94cc1dbcf200c8e6da","name":"Corresponsal","image":{"@type":"ImageObject","inLanguage":"es","@id":"https:\/\/www.aridane.org\/city\/#\/schema\/person\/image\/","url":"https:\/\/secure.gravatar.com\/avatar\/1c476992411e4ccf153da63b2b2f5ea0bb4cb1c85f3ceab8512f04325ad5579c?s=96&d=mm&r=g","contentUrl":"https:\/\/secure.gravatar.com\/avatar\/1c476992411e4ccf153da63b2b2f5ea0bb4cb1c85f3ceab8512f04325ad5579c?s=96&d=mm&r=g","caption":"Corresponsal"},"url":"https:\/\/www.aridane.org\/city\/author\/corresponsal\/"}]}},"_links":{"self":[{"href":"https:\/\/www.aridane.org\/city\/wp-json\/wp\/v2\/posts\/2801","targetHints":{"allow":["GET"]}}],"collection":[{"href":"https:\/\/www.aridane.org\/city\/wp-json\/wp\/v2\/posts"}],"about":[{"href":"https:\/\/www.aridane.org\/city\/wp-json\/wp\/v2\/types\/post"}],"author":[{"embeddable":true,"href":"https:\/\/www.aridane.org\/city\/wp-json\/wp\/v2\/users\/4"}],"replies":[{"embeddable":true,"href":"https:\/\/www.aridane.org\/city\/wp-json\/wp\/v2\/comments?post=2801"}],"version-history":[{"count":1,"href":"https:\/\/www.aridane.org\/city\/wp-json\/wp\/v2\/posts\/2801\/revisions"}],"predecessor-version":[{"id":2804,"href":"https:\/\/www.aridane.org\/city\/wp-json\/wp\/v2\/posts\/2801\/revisions\/2804"}],"wp:featuredmedia":[{"embeddable":true,"href":"https:\/\/www.aridane.org\/city\/wp-json\/wp\/v2\/media\/2802"}],"wp:attachment":[{"href":"https:\/\/www.aridane.org\/city\/wp-json\/wp\/v2\/media?parent=2801"}],"wp:term":[{"taxonomy":"category","embeddable":true,"href":"https:\/\/www.aridane.org\/city\/wp-json\/wp\/v2\/categories?post=2801"},{"taxonomy":"post_tag","embeddable":true,"href":"https:\/\/www.aridane.org\/city\/wp-json\/wp\/v2\/tags?post=2801"}],"curies":[{"name":"wp","href":"https:\/\/api.w.org\/{rel}","templated":true}]}}