{"id":2805,"date":"2023-08-08T09:22:19","date_gmt":"2023-08-08T09:22:19","guid":{"rendered":"https:\/\/www.aridane.org\/city\/?p=2805"},"modified":"2023-10-03T09:25:40","modified_gmt":"2023-10-03T09:25:40","slug":"el-ayuntamiento-de-los-llanos-de-aridane-saca-a-licitacion-la-ampliacion-del-cementerio-de-las-manchas","status":"publish","type":"post","link":"https:\/\/www.aridane.org\/city\/2023\/08\/08\/el-ayuntamiento-de-los-llanos-de-aridane-saca-a-licitacion-la-ampliacion-del-cementerio-de-las-manchas\/","title":{"rendered":"El Ayuntamiento de Los Llanos de Aridane saca a licitaci\u00f3n la ampliaci\u00f3n del cementerio de Las Manchas"},"content":{"rendered":"<p><em>El alcalde destaca la agilidad con la que el grupo de gobierno municipal ha abordado el asunto<\/em><!--more--><\/p>\n<p>El Ayuntamiento de Los Llanos de Aridane licita la ampliaci\u00f3n del cementerio de Las Manchas. El valor estimado del contrato es de 1,2 millones de euros. Las empresas interesadas tienen hasta el jueves, 17 de agosto, para participar en la licitaci\u00f3n.<\/p>\n<p>El alcalde de Los Llanos de Aridane, Javier Llamas, asegura que el proyecto de Acondicionamiento y Urbanizaci\u00f3n y Edificaciones de la Ampliaci\u00f3n del Cementerio de Las Manchas es una iniciativa prioritaria del grupo de gobierno municipal.<\/p>\n<p>\u201cEs un asunto importante que ahora se convierte en urgente\u201d, recuerda Llamas. \u201cPrometimos abordar la ampliaci\u00f3n del cementerio con celeridad y sensibilidad, y as\u00ed lo estamos haciendo. Los vecinos y las vecinas de Las Manchas merecen un lugar adecuado para que descansen sus seres queridos y pronto lo tendr\u00e1n\u201d, a\u00f1ade, poniendo en valor la coordinaci\u00f3n entre las \u00e1reas de Infraestructuras y Cementerios.<\/p>\n<p>En este sentido, la concejala de Infraestructuras, Virginia Santaella, explica que \u201cla ampliaci\u00f3n del cementerio municipal de Las Manchas ya fue una prioridad durante el pasado mandato, y ahora, despu\u00e9s de un duro e importante trabajo, procedemos a su licitaci\u00f3n\u201d.<\/p>\n<p>Adem\u00e1s, confirma que se contar\u00e1 con un importante n\u00famero de nichos nuevos. \u201cEl objetivo es que una vez culmine la\u00a0 licitaci\u00f3n comenzar las obras a la mayor brevedad para seguir dando respuestas a nuestros vecinos, y m\u00e1s en un tema tan sensible como el del cementerio\u201d, destaca.<\/p>\n<p>Por su parte, el concejal de Cementerios, Rubens D\u00edaz, destaca la agilidad con la que se ha movido el grupo de gobierno para dar soluci\u00f3n a la ampliaci\u00f3n del cementerio. \u201cSiempre decimos que nuestro compromiso es construir el mejor futuro posible para Los Llanos de Aridane, pero eso no podemos hacerlo sin cuidar nuestro pasado. Las familias de Las Manchas merecen un lugar cercano en el que dar sepultura a sus seres queridos\u201d, apunta.<\/p>\n","protected":false},"excerpt":{"rendered":"<p>El alcalde destaca la agilidad con la que el grupo de gobierno municipal ha abordado el asunto<\/p>\n","protected":false},"author":4,"featured_media":2806,"comment_status":"open","ping_status":"open","sticky":false,"template":"","format":"standard","meta":{"footnotes":""},"categories":[1],"tags":[],"class_list":["post-2805","post","type-post","status-publish","format-standard","has-post-thumbnail","hentry","category-sin-categoria"],"yoast_head":"<!-- This site is optimized with the Yoast SEO plugin v22.7 - https:\/\/yoast.com\/wordpress\/plugins\/seo\/ -->\n<title>El Ayuntamiento de Los Llanos de Aridane saca a licitaci\u00f3n la ampliaci\u00f3n del cementerio de Las Manchas - Ayuntamiento de Los Llanos de Aridane<\/title>\n<meta name=\"description\" content=\"El Ayuntamiento de Los Llanos de Aridane licita la ampliaci\u00f3n del cementerio de Las Manchas. El valor estimado...\" \/>\n<meta name=\"robots\" content=\"index, follow, max-snippet:-1, max-image-preview:large, max-video-preview:-1\" \/>\n<link rel=\"canonical\" href=\"https:\/\/www.aridane.org\/city\/2023\/08\/08\/el-ayuntamiento-de-los-llanos-de-aridane-saca-a-licitacion-la-ampliacion-del-cementerio-de-las-manchas\/\" \/>\n<meta property=\"og:locale\" content=\"es_ES\" \/>\n<meta property=\"og:type\" content=\"article\" \/>\n<meta property=\"og:title\" content=\"El Ayuntamiento de Los Llanos de Aridane saca a licitaci\u00f3n la ampliaci\u00f3n del cementerio de Las Manchas - Ayuntamiento de Los Llanos de Aridane\" \/>\n<meta property=\"og:description\" content=\"El Ayuntamiento de Los Llanos de Aridane licita la ampliaci\u00f3n del cementerio de Las Manchas. El valor estimado...\" \/>\n<meta property=\"og:url\" content=\"https:\/\/www.aridane.org\/city\/2023\/08\/08\/el-ayuntamiento-de-los-llanos-de-aridane-saca-a-licitacion-la-ampliacion-del-cementerio-de-las-manchas\/\" \/>\n<meta property=\"og:site_name\" content=\"Ayuntamiento de Los Llanos de Aridane\" \/>\n<meta property=\"article:published_time\" content=\"2023-08-08T09:22:19+00:00\" \/>\n<meta property=\"article:modified_time\" content=\"2023-10-03T09:25:40+00:00\" \/>\n<meta property=\"og:image\" content=\"https:\/\/www.aridane.org\/city\/wp-content\/uploads\/2023\/10\/Cementerio-de-Las-Manchas.jpeg\" \/>\n\t<meta property=\"og:image:width\" content=\"2000\" \/>\n\t<meta property=\"og:image:height\" content=\"1500\" \/>\n\t<meta property=\"og:image:type\" content=\"image\/jpeg\" \/>\n<meta name=\"author\" content=\"Corresponsal\" \/>\n<meta name=\"twitter:card\" content=\"summary_large_image\" \/>\n<meta name=\"twitter:label1\" content=\"Escrito por\" \/>\n\t<meta name=\"twitter:data1\" content=\"Corresponsal\" \/>\n\t<meta name=\"twitter:label2\" content=\"Tiempo de lectura\" \/>\n\t<meta name=\"twitter:data2\" content=\"2 minutos\" \/>\n<script type=\"application\/ld+json\" class=\"yoast-schema-graph\">{\"@context\":\"https:\/\/schema.org\",\"@graph\":[{\"@type\":\"WebPage\",\"@id\":\"https:\/\/www.aridane.org\/city\/2023\/08\/08\/el-ayuntamiento-de-los-llanos-de-aridane-saca-a-licitacion-la-ampliacion-del-cementerio-de-las-manchas\/\",\"url\":\"https:\/\/www.aridane.org\/city\/2023\/08\/08\/el-ayuntamiento-de-los-llanos-de-aridane-saca-a-licitacion-la-ampliacion-del-cementerio-de-las-manchas\/\",\"name\":\"El Ayuntamiento de Los Llanos de Aridane saca a licitaci\u00f3n la ampliaci\u00f3n del cementerio de Las Manchas - Ayuntamiento de Los Llanos de Aridane\",\"isPartOf\":{\"@id\":\"https:\/\/www.aridane.org\/city\/#website\"},\"primaryImageOfPage\":{\"@id\":\"https:\/\/www.aridane.org\/city\/2023\/08\/08\/el-ayuntamiento-de-los-llanos-de-aridane-saca-a-licitacion-la-ampliacion-del-cementerio-de-las-manchas\/#primaryimage\"},\"image\":{\"@id\":\"https:\/\/www.aridane.org\/city\/2023\/08\/08\/el-ayuntamiento-de-los-llanos-de-aridane-saca-a-licitacion-la-ampliacion-del-cementerio-de-las-manchas\/#primaryimage\"},\"thumbnailUrl\":\"https:\/\/www.aridane.org\/city\/wp-content\/uploads\/2023\/10\/Cementerio-de-Las-Manchas.jpeg\",\"datePublished\":\"2023-08-08T09:22:19+00:00\",\"dateModified\":\"2023-10-03T09:25:40+00:00\",\"author\":{\"@id\":\"https:\/\/www.aridane.org\/city\/#\/schema\/person\/89ebd376b223dc94cc1dbcf200c8e6da\"},\"description\":\"El Ayuntamiento de Los Llanos de Aridane licita la ampliaci\u00f3n del cementerio de Las Manchas. El valor estimado...\",\"breadcrumb\":{\"@id\":\"https:\/\/www.aridane.org\/city\/2023\/08\/08\/el-ayuntamiento-de-los-llanos-de-aridane-saca-a-licitacion-la-ampliacion-del-cementerio-de-las-manchas\/#breadcrumb\"},\"inLanguage\":\"es\",\"potentialAction\":[{\"@type\":\"ReadAction\",\"target\":[\"https:\/\/www.aridane.org\/city\/2023\/08\/08\/el-ayuntamiento-de-los-llanos-de-aridane-saca-a-licitacion-la-ampliacion-del-cementerio-de-las-manchas\/\"]}]},{\"@type\":\"ImageObject\",\"inLanguage\":\"es\",\"@id\":\"https:\/\/www.aridane.org\/city\/2023\/08\/08\/el-ayuntamiento-de-los-llanos-de-aridane-saca-a-licitacion-la-ampliacion-del-cementerio-de-las-manchas\/#primaryimage\",\"url\":\"https:\/\/www.aridane.org\/city\/wp-content\/uploads\/2023\/10\/Cementerio-de-Las-Manchas.jpeg\",\"contentUrl\":\"https:\/\/www.aridane.org\/city\/wp-content\/uploads\/2023\/10\/Cementerio-de-Las-Manchas.jpeg\",\"width\":2000,\"height\":1500},{\"@type\":\"BreadcrumbList\",\"@id\":\"https:\/\/www.aridane.org\/city\/2023\/08\/08\/el-ayuntamiento-de-los-llanos-de-aridane-saca-a-licitacion-la-ampliacion-del-cementerio-de-las-manchas\/#breadcrumb\",\"itemListElement\":[{\"@type\":\"ListItem\",\"position\":1,\"name\":\"Portada\",\"item\":\"https:\/\/www.aridane.org\/city\/\"},{\"@type\":\"ListItem\",\"position\":2,\"name\":\"El Ayuntamiento de Los Llanos de Aridane saca a licitaci\u00f3n la ampliaci\u00f3n del cementerio de Las Manchas\"}]},{\"@type\":\"WebSite\",\"@id\":\"https:\/\/www.aridane.org\/city\/#website\",\"url\":\"https:\/\/www.aridane.org\/city\/\",\"name\":\"Ayuntamiento de Los Llanos de Aridane\",\"description\":\"\",\"potentialAction\":[{\"@type\":\"SearchAction\",\"target\":{\"@type\":\"EntryPoint\",\"urlTemplate\":\"https:\/\/www.aridane.org\/city\/?s={search_term_string}\"},\"query-input\":\"required name=search_term_string\"}],\"inLanguage\":\"es\"},{\"@type\":\"Person\",\"@id\":\"https:\/\/www.aridane.org\/city\/#\/schema\/person\/89ebd376b223dc94cc1dbcf200c8e6da\",\"name\":\"Corresponsal\",\"image\":{\"@type\":\"ImageObject\",\"inLanguage\":\"es\",\"@id\":\"https:\/\/www.aridane.org\/city\/#\/schema\/person\/image\/\",\"url\":\"https:\/\/secure.gravatar.com\/avatar\/1c476992411e4ccf153da63b2b2f5ea0bb4cb1c85f3ceab8512f04325ad5579c?s=96&d=mm&r=g\",\"contentUrl\":\"https:\/\/secure.gravatar.com\/avatar\/1c476992411e4ccf153da63b2b2f5ea0bb4cb1c85f3ceab8512f04325ad5579c?s=96&d=mm&r=g\",\"caption\":\"Corresponsal\"},\"url\":\"https:\/\/www.aridane.org\/city\/author\/corresponsal\/\"}]}<\/script>\n<!-- \/ Yoast SEO plugin. -->","yoast_head_json":{"title":"El Ayuntamiento de Los Llanos de Aridane saca a licitaci\u00f3n la ampliaci\u00f3n del cementerio de Las Manchas - Ayuntamiento de Los Llanos de Aridane","description":"El Ayuntamiento de Los Llanos de Aridane licita la ampliaci\u00f3n del cementerio de Las Manchas. El valor estimado...","robots":{"index":"index","follow":"follow","max-snippet":"max-snippet:-1","max-image-preview":"max-image-preview:large","max-video-preview":"max-video-preview:-1"},"canonical":"https:\/\/www.aridane.org\/city\/2023\/08\/08\/el-ayuntamiento-de-los-llanos-de-aridane-saca-a-licitacion-la-ampliacion-del-cementerio-de-las-manchas\/","og_locale":"es_ES","og_type":"article","og_title":"El Ayuntamiento de Los Llanos de Aridane saca a licitaci\u00f3n la ampliaci\u00f3n del cementerio de Las Manchas - Ayuntamiento de Los Llanos de Aridane","og_description":"El Ayuntamiento de Los Llanos de Aridane licita la ampliaci\u00f3n del cementerio de Las Manchas. El valor estimado...","og_url":"https:\/\/www.aridane.org\/city\/2023\/08\/08\/el-ayuntamiento-de-los-llanos-de-aridane-saca-a-licitacion-la-ampliacion-del-cementerio-de-las-manchas\/","og_site_name":"Ayuntamiento de Los Llanos de Aridane","article_published_time":"2023-08-08T09:22:19+00:00","article_modified_time":"2023-10-03T09:25:40+00:00","og_image":[{"width":2000,"height":1500,"url":"https:\/\/www.aridane.org\/city\/wp-content\/uploads\/2023\/10\/Cementerio-de-Las-Manchas.jpeg","type":"image\/jpeg"}],"author":"Corresponsal","twitter_card":"summary_large_image","twitter_misc":{"Escrito por":"Corresponsal","Tiempo de lectura":"2 minutos"},"schema":{"@context":"https:\/\/schema.org","@graph":[{"@type":"WebPage","@id":"https:\/\/www.aridane.org\/city\/2023\/08\/08\/el-ayuntamiento-de-los-llanos-de-aridane-saca-a-licitacion-la-ampliacion-del-cementerio-de-las-manchas\/","url":"https:\/\/www.aridane.org\/city\/2023\/08\/08\/el-ayuntamiento-de-los-llanos-de-aridane-saca-a-licitacion-la-ampliacion-del-cementerio-de-las-manchas\/","name":"El Ayuntamiento de Los Llanos de Aridane saca a licitaci\u00f3n la ampliaci\u00f3n del cementerio de Las Manchas - Ayuntamiento de Los Llanos de Aridane","isPartOf":{"@id":"https:\/\/www.aridane.org\/city\/#website"},"primaryImageOfPage":{"@id":"https:\/\/www.aridane.org\/city\/2023\/08\/08\/el-ayuntamiento-de-los-llanos-de-aridane-saca-a-licitacion-la-ampliacion-del-cementerio-de-las-manchas\/#primaryimage"},"image":{"@id":"https:\/\/www.aridane.org\/city\/2023\/08\/08\/el-ayuntamiento-de-los-llanos-de-aridane-saca-a-licitacion-la-ampliacion-del-cementerio-de-las-manchas\/#primaryimage"},"thumbnailUrl":"https:\/\/www.aridane.org\/city\/wp-content\/uploads\/2023\/10\/Cementerio-de-Las-Manchas.jpeg","datePublished":"2023-08-08T09:22:19+00:00","dateModified":"2023-10-03T09:25:40+00:00","author":{"@id":"https:\/\/www.aridane.org\/city\/#\/schema\/person\/89ebd376b223dc94cc1dbcf200c8e6da"},"description":"El Ayuntamiento de Los Llanos de Aridane licita la ampliaci\u00f3n del cementerio de Las Manchas. El valor estimado...","breadcrumb":{"@id":"https:\/\/www.aridane.org\/city\/2023\/08\/08\/el-ayuntamiento-de-los-llanos-de-aridane-saca-a-licitacion-la-ampliacion-del-cementerio-de-las-manchas\/#breadcrumb"},"inLanguage":"es","potentialAction":[{"@type":"ReadAction","target":["https:\/\/www.aridane.org\/city\/2023\/08\/08\/el-ayuntamiento-de-los-llanos-de-aridane-saca-a-licitacion-la-ampliacion-del-cementerio-de-las-manchas\/"]}]},{"@type":"ImageObject","inLanguage":"es","@id":"https:\/\/www.aridane.org\/city\/2023\/08\/08\/el-ayuntamiento-de-los-llanos-de-aridane-saca-a-licitacion-la-ampliacion-del-cementerio-de-las-manchas\/#primaryimage","url":"https:\/\/www.aridane.org\/city\/wp-content\/uploads\/2023\/10\/Cementerio-de-Las-Manchas.jpeg","contentUrl":"https:\/\/www.aridane.org\/city\/wp-content\/uploads\/2023\/10\/Cementerio-de-Las-Manchas.jpeg","width":2000,"height":1500},{"@type":"BreadcrumbList","@id":"https:\/\/www.aridane.org\/city\/2023\/08\/08\/el-ayuntamiento-de-los-llanos-de-aridane-saca-a-licitacion-la-ampliacion-del-cementerio-de-las-manchas\/#breadcrumb","itemListElement":[{"@type":"ListItem","position":1,"name":"Portada","item":"https:\/\/www.aridane.org\/city\/"},{"@type":"ListItem","position":2,"name":"El Ayuntamiento de Los Llanos de Aridane saca a licitaci\u00f3n la ampliaci\u00f3n del cementerio de Las Manchas"}]},{"@type":"WebSite","@id":"https:\/\/www.aridane.org\/city\/#website","url":"https:\/\/www.aridane.org\/city\/","name":"Ayuntamiento de Los Llanos de Aridane","description":"","potentialAction":[{"@type":"SearchAction","target":{"@type":"EntryPoint","urlTemplate":"https:\/\/www.aridane.org\/city\/?s={search_term_string}"},"query-input":"required name=search_term_string"}],"inLanguage":"es"},{"@type":"Person","@id":"https:\/\/www.aridane.org\/city\/#\/schema\/person\/89ebd376b223dc94cc1dbcf200c8e6da","name":"Corresponsal","image":{"@type":"ImageObject","inLanguage":"es","@id":"https:\/\/www.aridane.org\/city\/#\/schema\/person\/image\/","url":"https:\/\/secure.gravatar.com\/avatar\/1c476992411e4ccf153da63b2b2f5ea0bb4cb1c85f3ceab8512f04325ad5579c?s=96&d=mm&r=g","contentUrl":"https:\/\/secure.gravatar.com\/avatar\/1c476992411e4ccf153da63b2b2f5ea0bb4cb1c85f3ceab8512f04325ad5579c?s=96&d=mm&r=g","caption":"Corresponsal"},"url":"https:\/\/www.aridane.org\/city\/author\/corresponsal\/"}]}},"_links":{"self":[{"href":"https:\/\/www.aridane.org\/city\/wp-json\/wp\/v2\/posts\/2805","targetHints":{"allow":["GET"]}}],"collection":[{"href":"https:\/\/www.aridane.org\/city\/wp-json\/wp\/v2\/posts"}],"about":[{"href":"https:\/\/www.aridane.org\/city\/wp-json\/wp\/v2\/types\/post"}],"author":[{"embeddable":true,"href":"https:\/\/www.aridane.org\/city\/wp-json\/wp\/v2\/users\/4"}],"replies":[{"embeddable":true,"href":"https:\/\/www.aridane.org\/city\/wp-json\/wp\/v2\/comments?post=2805"}],"version-history":[{"count":2,"href":"https:\/\/www.aridane.org\/city\/wp-json\/wp\/v2\/posts\/2805\/revisions"}],"predecessor-version":[{"id":2808,"href":"https:\/\/www.aridane.org\/city\/wp-json\/wp\/v2\/posts\/2805\/revisions\/2808"}],"wp:featuredmedia":[{"embeddable":true,"href":"https:\/\/www.aridane.org\/city\/wp-json\/wp\/v2\/media\/2806"}],"wp:attachment":[{"href":"https:\/\/www.aridane.org\/city\/wp-json\/wp\/v2\/media?parent=2805"}],"wp:term":[{"taxonomy":"category","embeddable":true,"href":"https:\/\/www.aridane.org\/city\/wp-json\/wp\/v2\/categories?post=2805"},{"taxonomy":"post_tag","embeddable":true,"href":"https:\/\/www.aridane.org\/city\/wp-json\/wp\/v2\/tags?post=2805"}],"curies":[{"name":"wp","href":"https:\/\/api.w.org\/{rel}","templated":true}]}}