{"id":2809,"date":"2023-08-11T09:25:43","date_gmt":"2023-08-11T09:25:43","guid":{"rendered":"https:\/\/www.aridane.org\/city\/?p=2809"},"modified":"2023-10-03T09:27:55","modified_gmt":"2023-10-03T09:27:55","slug":"el-ayuntamiento-de-los-llanos-reconoce-los-mejores-expedientes-academicos-del-municipio","status":"publish","type":"post","link":"https:\/\/www.aridane.org\/city\/2023\/08\/11\/el-ayuntamiento-de-los-llanos-reconoce-los-mejores-expedientes-academicos-del-municipio\/","title":{"rendered":"El Ayuntamiento de Los Llanos reconoce los mejores expedientes acad\u00e9micos del municipio"},"content":{"rendered":"<p><em>El Ayuntamiento recupera este acto, que no se hac\u00eda desde 2018, para poner en valor al alumnado y a los institutos de Los Llanos<\/em><!--more--><\/p>\n<p>El Ayuntamiento de Los Llanos de Aridane reconoce los mejores expedientes acad\u00e9micos del municipio. En un acto celebrado este viernes, 11 de agosto, se hizo entrega de una distinci\u00f3n al alumnado m\u00e1s destacado del IES Eusebio Barreto y del IES Jos\u00e9 Mar\u00eda P\u00e9rez Pulido.<\/p>\n<p>El alcalde de Los Llanos, Javier Llamas, destaca el talento de la juventud del municipio. \u201cTenemos chicos y chicas excelentes. Que han demostrado constancia, disciplina y brillantez durante su etapa en el instituto. Ojal\u00e1 contin\u00faen por esta senda, sigan form\u00e1ndose y regresen pronto a Los Llanos para que nos ayuden a construir una ciudad mejor\u201d, apunta.<\/p>\n<p>Por su parte, el concejal de Educaci\u00f3n, Eduardo P\u00e9rez, ha felicitado a los alumnos distinguidos y ha recordado que\u00a0 este reconocimiento no se celebraba desde 2018. \u201cEste a\u00f1o desde el Ayuntamiento hemos decidido recuperarlo con el objetivo de poner en valor el talento de nuestros j\u00f3venes, y tambi\u00e9n reconocer el importante trabajo que desarroll\u00f3 la comunidad educativa llanense\u201d, se\u00f1ala.<\/p>\n<p>En el acto tambi\u00e9n estuvo presente el consejero de Cultura del Cabildo de La Palma, Pablo D\u00edaz Cobiella. Adem\u00e1s de valorar el buen trabajo de los centros educativos, insisti\u00f3 en la necesidad de retener el talento en la Isla. \u201cQueremos que se queden y que nos ayuden a evolucionar como sociedad\u201d, se\u00f1ala.<\/p>\n<h2><strong>Los alumnos distinguidos\u00a0<\/strong><\/h2>\n<h3><strong>IES Jos\u00e9 Mar\u00eda P\u00e9rez Pulido<\/strong><\/h3>\n<p>&#8211; Daniella P\u00e9rez Fern\u00e1ndez<\/p>\n<p>&#8211; Marianyela Yurikar Barriga P\u00e9rez<\/p>\n<p>&#8211; Eduard Manuel P\u00e9rez Garc\u00eda<\/p>\n<p>&#8211; Aitana Rodr\u00edguez Delgado<\/p>\n<p>&#8211; Mayerling Milagros Acevedo Araujo<\/p>\n<p>&#8211; Jos\u00e9 Raimundo Concepci\u00f3n Ruiz<\/p>\n<h3><strong>IES Eusebio Barreto<\/strong><\/h3>\n<p>&#8211; Javier Acosta Portocarrero<\/p>\n<p>&#8211; Juan Su\u00e1rez Geireis<\/p>\n<p>&#8211; Marco Balsera Segura<\/p>\n<p>&#8211; Mar\u00eda Acosta M\u00e9rida<\/p>\n<p>&#8211; M\u00eda Sophie Koch<\/p>\n<p>&#8211; Paula Hern\u00e1ndez Le\u00f3n<\/p>\n<p>&#8211; Nayra Hern\u00e1ndez Tique<\/p>\n","protected":false},"excerpt":{"rendered":"<p>El Ayuntamiento recupera este acto, que no se hac\u00eda desde 2018, para poner en valor al alumnado y a los institutos de Los Llanos<\/p>\n","protected":false},"author":4,"featured_media":2810,"comment_status":"open","ping_status":"open","sticky":false,"template":"","format":"standard","meta":{"footnotes":""},"categories":[6],"tags":[],"class_list":["post-2809","post","type-post","status-publish","format-standard","has-post-thumbnail","hentry","category-prensa"],"yoast_head":"<!-- This site is optimized with the Yoast SEO plugin v22.7 - https:\/\/yoast.com\/wordpress\/plugins\/seo\/ -->\n<title>El Ayuntamiento de Los Llanos reconoce los mejores expedientes acad\u00e9micos del municipio - Ayuntamiento de Los Llanos de Aridane<\/title>\n<meta name=\"robots\" content=\"index, follow, max-snippet:-1, max-image-preview:large, max-video-preview:-1\" \/>\n<link rel=\"canonical\" href=\"https:\/\/www.aridane.org\/city\/2023\/08\/11\/el-ayuntamiento-de-los-llanos-reconoce-los-mejores-expedientes-academicos-del-municipio\/\" \/>\n<meta property=\"og:locale\" content=\"es_ES\" \/>\n<meta property=\"og:type\" content=\"article\" \/>\n<meta property=\"og:title\" content=\"El Ayuntamiento de Los Llanos reconoce los mejores expedientes acad\u00e9micos del municipio - Ayuntamiento de Los Llanos de Aridane\" \/>\n<meta property=\"og:description\" content=\"El Ayuntamiento recupera este acto, que no se hac\u00eda desde 2018, para poner en valor al alumnado y a los institutos de Los Llanos\" \/>\n<meta property=\"og:url\" content=\"https:\/\/www.aridane.org\/city\/2023\/08\/11\/el-ayuntamiento-de-los-llanos-reconoce-los-mejores-expedientes-academicos-del-municipio\/\" \/>\n<meta property=\"og:site_name\" content=\"Ayuntamiento de Los Llanos de Aridane\" \/>\n<meta property=\"article:published_time\" content=\"2023-08-11T09:25:43+00:00\" \/>\n<meta property=\"article:modified_time\" content=\"2023-10-03T09:27:55+00:00\" \/>\n<meta property=\"og:image\" content=\"https:\/\/www.aridane.org\/city\/wp-content\/uploads\/2023\/10\/Mejores-expedientes-academicos-de-Los-Llanos-2023.jpeg\" \/>\n\t<meta property=\"og:image:width\" content=\"1024\" \/>\n\t<meta property=\"og:image:height\" content=\"683\" \/>\n\t<meta property=\"og:image:type\" content=\"image\/jpeg\" \/>\n<meta name=\"author\" content=\"Corresponsal\" \/>\n<meta name=\"twitter:card\" content=\"summary_large_image\" \/>\n<meta name=\"twitter:label1\" content=\"Escrito por\" \/>\n\t<meta name=\"twitter:data1\" content=\"Corresponsal\" \/>\n\t<meta name=\"twitter:label2\" content=\"Tiempo de lectura\" \/>\n\t<meta name=\"twitter:data2\" content=\"2 minutos\" \/>\n<script type=\"application\/ld+json\" class=\"yoast-schema-graph\">{\"@context\":\"https:\/\/schema.org\",\"@graph\":[{\"@type\":\"WebPage\",\"@id\":\"https:\/\/www.aridane.org\/city\/2023\/08\/11\/el-ayuntamiento-de-los-llanos-reconoce-los-mejores-expedientes-academicos-del-municipio\/\",\"url\":\"https:\/\/www.aridane.org\/city\/2023\/08\/11\/el-ayuntamiento-de-los-llanos-reconoce-los-mejores-expedientes-academicos-del-municipio\/\",\"name\":\"El Ayuntamiento de Los Llanos reconoce los mejores expedientes acad\u00e9micos del municipio - Ayuntamiento de Los Llanos de Aridane\",\"isPartOf\":{\"@id\":\"https:\/\/www.aridane.org\/city\/#website\"},\"primaryImageOfPage\":{\"@id\":\"https:\/\/www.aridane.org\/city\/2023\/08\/11\/el-ayuntamiento-de-los-llanos-reconoce-los-mejores-expedientes-academicos-del-municipio\/#primaryimage\"},\"image\":{\"@id\":\"https:\/\/www.aridane.org\/city\/2023\/08\/11\/el-ayuntamiento-de-los-llanos-reconoce-los-mejores-expedientes-academicos-del-municipio\/#primaryimage\"},\"thumbnailUrl\":\"https:\/\/www.aridane.org\/city\/wp-content\/uploads\/2023\/10\/Mejores-expedientes-academicos-de-Los-Llanos-2023.jpeg\",\"datePublished\":\"2023-08-11T09:25:43+00:00\",\"dateModified\":\"2023-10-03T09:27:55+00:00\",\"author\":{\"@id\":\"https:\/\/www.aridane.org\/city\/#\/schema\/person\/89ebd376b223dc94cc1dbcf200c8e6da\"},\"breadcrumb\":{\"@id\":\"https:\/\/www.aridane.org\/city\/2023\/08\/11\/el-ayuntamiento-de-los-llanos-reconoce-los-mejores-expedientes-academicos-del-municipio\/#breadcrumb\"},\"inLanguage\":\"es\",\"potentialAction\":[{\"@type\":\"ReadAction\",\"target\":[\"https:\/\/www.aridane.org\/city\/2023\/08\/11\/el-ayuntamiento-de-los-llanos-reconoce-los-mejores-expedientes-academicos-del-municipio\/\"]}]},{\"@type\":\"ImageObject\",\"inLanguage\":\"es\",\"@id\":\"https:\/\/www.aridane.org\/city\/2023\/08\/11\/el-ayuntamiento-de-los-llanos-reconoce-los-mejores-expedientes-academicos-del-municipio\/#primaryimage\",\"url\":\"https:\/\/www.aridane.org\/city\/wp-content\/uploads\/2023\/10\/Mejores-expedientes-academicos-de-Los-Llanos-2023.jpeg\",\"contentUrl\":\"https:\/\/www.aridane.org\/city\/wp-content\/uploads\/2023\/10\/Mejores-expedientes-academicos-de-Los-Llanos-2023.jpeg\",\"width\":1024,\"height\":683},{\"@type\":\"BreadcrumbList\",\"@id\":\"https:\/\/www.aridane.org\/city\/2023\/08\/11\/el-ayuntamiento-de-los-llanos-reconoce-los-mejores-expedientes-academicos-del-municipio\/#breadcrumb\",\"itemListElement\":[{\"@type\":\"ListItem\",\"position\":1,\"name\":\"Portada\",\"item\":\"https:\/\/www.aridane.org\/city\/\"},{\"@type\":\"ListItem\",\"position\":2,\"name\":\"El Ayuntamiento de Los Llanos reconoce los mejores expedientes acad\u00e9micos del municipio\"}]},{\"@type\":\"WebSite\",\"@id\":\"https:\/\/www.aridane.org\/city\/#website\",\"url\":\"https:\/\/www.aridane.org\/city\/\",\"name\":\"Ayuntamiento de Los Llanos de Aridane\",\"description\":\"\",\"potentialAction\":[{\"@type\":\"SearchAction\",\"target\":{\"@type\":\"EntryPoint\",\"urlTemplate\":\"https:\/\/www.aridane.org\/city\/?s={search_term_string}\"},\"query-input\":\"required name=search_term_string\"}],\"inLanguage\":\"es\"},{\"@type\":\"Person\",\"@id\":\"https:\/\/www.aridane.org\/city\/#\/schema\/person\/89ebd376b223dc94cc1dbcf200c8e6da\",\"name\":\"Corresponsal\",\"image\":{\"@type\":\"ImageObject\",\"inLanguage\":\"es\",\"@id\":\"https:\/\/www.aridane.org\/city\/#\/schema\/person\/image\/\",\"url\":\"https:\/\/secure.gravatar.com\/avatar\/1c476992411e4ccf153da63b2b2f5ea0bb4cb1c85f3ceab8512f04325ad5579c?s=96&d=mm&r=g\",\"contentUrl\":\"https:\/\/secure.gravatar.com\/avatar\/1c476992411e4ccf153da63b2b2f5ea0bb4cb1c85f3ceab8512f04325ad5579c?s=96&d=mm&r=g\",\"caption\":\"Corresponsal\"},\"url\":\"https:\/\/www.aridane.org\/city\/author\/corresponsal\/\"}]}<\/script>\n<!-- \/ Yoast SEO plugin. -->","yoast_head_json":{"title":"El Ayuntamiento de Los Llanos reconoce los mejores expedientes acad\u00e9micos del municipio - Ayuntamiento de Los Llanos de Aridane","robots":{"index":"index","follow":"follow","max-snippet":"max-snippet:-1","max-image-preview":"max-image-preview:large","max-video-preview":"max-video-preview:-1"},"canonical":"https:\/\/www.aridane.org\/city\/2023\/08\/11\/el-ayuntamiento-de-los-llanos-reconoce-los-mejores-expedientes-academicos-del-municipio\/","og_locale":"es_ES","og_type":"article","og_title":"El Ayuntamiento de Los Llanos reconoce los mejores expedientes acad\u00e9micos del municipio - Ayuntamiento de Los Llanos de Aridane","og_description":"El Ayuntamiento recupera este acto, que no se hac\u00eda desde 2018, para poner en valor al alumnado y a los institutos de Los Llanos","og_url":"https:\/\/www.aridane.org\/city\/2023\/08\/11\/el-ayuntamiento-de-los-llanos-reconoce-los-mejores-expedientes-academicos-del-municipio\/","og_site_name":"Ayuntamiento de Los Llanos de Aridane","article_published_time":"2023-08-11T09:25:43+00:00","article_modified_time":"2023-10-03T09:27:55+00:00","og_image":[{"width":1024,"height":683,"url":"https:\/\/www.aridane.org\/city\/wp-content\/uploads\/2023\/10\/Mejores-expedientes-academicos-de-Los-Llanos-2023.jpeg","type":"image\/jpeg"}],"author":"Corresponsal","twitter_card":"summary_large_image","twitter_misc":{"Escrito por":"Corresponsal","Tiempo de lectura":"2 minutos"},"schema":{"@context":"https:\/\/schema.org","@graph":[{"@type":"WebPage","@id":"https:\/\/www.aridane.org\/city\/2023\/08\/11\/el-ayuntamiento-de-los-llanos-reconoce-los-mejores-expedientes-academicos-del-municipio\/","url":"https:\/\/www.aridane.org\/city\/2023\/08\/11\/el-ayuntamiento-de-los-llanos-reconoce-los-mejores-expedientes-academicos-del-municipio\/","name":"El Ayuntamiento de Los Llanos reconoce los mejores expedientes acad\u00e9micos del municipio - Ayuntamiento de Los Llanos de Aridane","isPartOf":{"@id":"https:\/\/www.aridane.org\/city\/#website"},"primaryImageOfPage":{"@id":"https:\/\/www.aridane.org\/city\/2023\/08\/11\/el-ayuntamiento-de-los-llanos-reconoce-los-mejores-expedientes-academicos-del-municipio\/#primaryimage"},"image":{"@id":"https:\/\/www.aridane.org\/city\/2023\/08\/11\/el-ayuntamiento-de-los-llanos-reconoce-los-mejores-expedientes-academicos-del-municipio\/#primaryimage"},"thumbnailUrl":"https:\/\/www.aridane.org\/city\/wp-content\/uploads\/2023\/10\/Mejores-expedientes-academicos-de-Los-Llanos-2023.jpeg","datePublished":"2023-08-11T09:25:43+00:00","dateModified":"2023-10-03T09:27:55+00:00","author":{"@id":"https:\/\/www.aridane.org\/city\/#\/schema\/person\/89ebd376b223dc94cc1dbcf200c8e6da"},"breadcrumb":{"@id":"https:\/\/www.aridane.org\/city\/2023\/08\/11\/el-ayuntamiento-de-los-llanos-reconoce-los-mejores-expedientes-academicos-del-municipio\/#breadcrumb"},"inLanguage":"es","potentialAction":[{"@type":"ReadAction","target":["https:\/\/www.aridane.org\/city\/2023\/08\/11\/el-ayuntamiento-de-los-llanos-reconoce-los-mejores-expedientes-academicos-del-municipio\/"]}]},{"@type":"ImageObject","inLanguage":"es","@id":"https:\/\/www.aridane.org\/city\/2023\/08\/11\/el-ayuntamiento-de-los-llanos-reconoce-los-mejores-expedientes-academicos-del-municipio\/#primaryimage","url":"https:\/\/www.aridane.org\/city\/wp-content\/uploads\/2023\/10\/Mejores-expedientes-academicos-de-Los-Llanos-2023.jpeg","contentUrl":"https:\/\/www.aridane.org\/city\/wp-content\/uploads\/2023\/10\/Mejores-expedientes-academicos-de-Los-Llanos-2023.jpeg","width":1024,"height":683},{"@type":"BreadcrumbList","@id":"https:\/\/www.aridane.org\/city\/2023\/08\/11\/el-ayuntamiento-de-los-llanos-reconoce-los-mejores-expedientes-academicos-del-municipio\/#breadcrumb","itemListElement":[{"@type":"ListItem","position":1,"name":"Portada","item":"https:\/\/www.aridane.org\/city\/"},{"@type":"ListItem","position":2,"name":"El Ayuntamiento de Los Llanos reconoce los mejores expedientes acad\u00e9micos del municipio"}]},{"@type":"WebSite","@id":"https:\/\/www.aridane.org\/city\/#website","url":"https:\/\/www.aridane.org\/city\/","name":"Ayuntamiento de Los Llanos de Aridane","description":"","potentialAction":[{"@type":"SearchAction","target":{"@type":"EntryPoint","urlTemplate":"https:\/\/www.aridane.org\/city\/?s={search_term_string}"},"query-input":"required name=search_term_string"}],"inLanguage":"es"},{"@type":"Person","@id":"https:\/\/www.aridane.org\/city\/#\/schema\/person\/89ebd376b223dc94cc1dbcf200c8e6da","name":"Corresponsal","image":{"@type":"ImageObject","inLanguage":"es","@id":"https:\/\/www.aridane.org\/city\/#\/schema\/person\/image\/","url":"https:\/\/secure.gravatar.com\/avatar\/1c476992411e4ccf153da63b2b2f5ea0bb4cb1c85f3ceab8512f04325ad5579c?s=96&d=mm&r=g","contentUrl":"https:\/\/secure.gravatar.com\/avatar\/1c476992411e4ccf153da63b2b2f5ea0bb4cb1c85f3ceab8512f04325ad5579c?s=96&d=mm&r=g","caption":"Corresponsal"},"url":"https:\/\/www.aridane.org\/city\/author\/corresponsal\/"}]}},"_links":{"self":[{"href":"https:\/\/www.aridane.org\/city\/wp-json\/wp\/v2\/posts\/2809","targetHints":{"allow":["GET"]}}],"collection":[{"href":"https:\/\/www.aridane.org\/city\/wp-json\/wp\/v2\/posts"}],"about":[{"href":"https:\/\/www.aridane.org\/city\/wp-json\/wp\/v2\/types\/post"}],"author":[{"embeddable":true,"href":"https:\/\/www.aridane.org\/city\/wp-json\/wp\/v2\/users\/4"}],"replies":[{"embeddable":true,"href":"https:\/\/www.aridane.org\/city\/wp-json\/wp\/v2\/comments?post=2809"}],"version-history":[{"count":2,"href":"https:\/\/www.aridane.org\/city\/wp-json\/wp\/v2\/posts\/2809\/revisions"}],"predecessor-version":[{"id":2812,"href":"https:\/\/www.aridane.org\/city\/wp-json\/wp\/v2\/posts\/2809\/revisions\/2812"}],"wp:featuredmedia":[{"embeddable":true,"href":"https:\/\/www.aridane.org\/city\/wp-json\/wp\/v2\/media\/2810"}],"wp:attachment":[{"href":"https:\/\/www.aridane.org\/city\/wp-json\/wp\/v2\/media?parent=2809"}],"wp:term":[{"taxonomy":"category","embeddable":true,"href":"https:\/\/www.aridane.org\/city\/wp-json\/wp\/v2\/categories?post=2809"},{"taxonomy":"post_tag","embeddable":true,"href":"https:\/\/www.aridane.org\/city\/wp-json\/wp\/v2\/tags?post=2809"}],"curies":[{"name":"wp","href":"https:\/\/api.w.org\/{rel}","templated":true}]}}