{"id":2816,"date":"2023-08-18T09:32:38","date_gmt":"2023-08-18T09:32:38","guid":{"rendered":"https:\/\/www.aridane.org\/city\/?p=2816"},"modified":"2023-10-03T09:36:18","modified_gmt":"2023-10-03T09:36:18","slug":"los-servicios-sociales-de-los-llanos-reciben-el-apoyo-de-la-asociacion-sos-la-palma","status":"publish","type":"post","link":"https:\/\/www.aridane.org\/city\/2023\/08\/18\/los-servicios-sociales-de-los-llanos-reciben-el-apoyo-de-la-asociacion-sos-la-palma\/","title":{"rendered":"Los Servicios Sociales de Los Llanos reciben el apoyo de la Asociaci\u00f3n SOS La Palma"},"content":{"rendered":"<p><em>La Corporaci\u00f3n ha recibido una donaci\u00f3n de 3.100 euros en vales de compra para canjear en los supermercados Spar<\/em><!--more--><\/p>\n<p>El Ayuntamiento de Los Llanos de Aridane colabora con la Asociaci\u00f3n SOS La Palma y los Servicios Sociales municipales mediante una donaci\u00f3n de 3.100 euros en vales de compra para canjear en los supermercados Spar. Una acci\u00f3n que viene a dar apoyo a aquellas personas de la localidad que lo necesiten.<\/p>\n<p>El alcalde Javier Llamas se\u00f1ala la importancia de la labor que desarrolla esta Asociaci\u00f3n, \u201cya que son conscientes de que a\u00fan hay muchas situaciones que atender, y su contribuci\u00f3n supone una importante ayuda para los servicios de asistencia social que prestamos desde el Ayuntamiento\u201d.<\/p>\n<p>Por su parte, la concejala de Derechos Sociales, Idaira P\u00e9rez, agradece a la presidenta de Solidaridad SOS La Palma, Annette Ibarra, \u201cla implicaci\u00f3n permanente de esta asociaci\u00f3n con las personas sin recursos, en lo que constituye un ejemplo de generosidad y responsabilidad\u201d. Tambi\u00e9n muestra su agradecimiento a Christina Rodr\u00edguez P\u00e9rez, quien hizo entrega de la donaci\u00f3n.<\/p>\n<p>La Asociaci\u00f3n Solidaridad SOS La Palma est\u00e1 constituida por ciudadanos extranjeros afincados en la Isla que desean contribuir en la medida de sus posibilidades a paliar las situaciones de necesidad de La Palma, apoyando la labor que se realiza desde las administraciones p\u00fablicas, ya sea econ\u00f3micamente o con la donaci\u00f3n de productos, o vales para canjear los mismos como en esta ocasi\u00f3n.<\/p>\n<div id=\"v1forwardbody1\">\n<div><\/div>\n<\/div>\n","protected":false},"excerpt":{"rendered":"<p>La Corporaci\u00f3n ha recibido una donaci\u00f3n de 3.100 euros en vales de compra para canjear en los supermercados Spar<\/p>\n","protected":false},"author":4,"featured_media":2675,"comment_status":"open","ping_status":"open","sticky":false,"template":"","format":"standard","meta":{"footnotes":""},"categories":[6],"tags":[],"class_list":["post-2816","post","type-post","status-publish","format-standard","has-post-thumbnail","hentry","category-prensa"],"yoast_head":"<!-- This site is optimized with the Yoast SEO plugin v22.7 - https:\/\/yoast.com\/wordpress\/plugins\/seo\/ -->\n<title>Los Servicios Sociales de Los Llanos reciben el apoyo de la Asociaci\u00f3n SOS La Palma - Ayuntamiento de Los Llanos de Aridane<\/title>\n<meta name=\"robots\" content=\"index, follow, max-snippet:-1, max-image-preview:large, max-video-preview:-1\" \/>\n<link rel=\"canonical\" href=\"https:\/\/www.aridane.org\/city\/2023\/08\/18\/los-servicios-sociales-de-los-llanos-reciben-el-apoyo-de-la-asociacion-sos-la-palma\/\" \/>\n<meta property=\"og:locale\" content=\"es_ES\" \/>\n<meta property=\"og:type\" content=\"article\" \/>\n<meta property=\"og:title\" content=\"Los Servicios Sociales de Los Llanos reciben el apoyo de la Asociaci\u00f3n SOS La Palma - Ayuntamiento de Los Llanos de Aridane\" \/>\n<meta property=\"og:description\" content=\"La Corporaci\u00f3n ha recibido una donaci\u00f3n de 3.100 euros en vales de compra para canjear en los supermercados Spar\" \/>\n<meta property=\"og:url\" content=\"https:\/\/www.aridane.org\/city\/2023\/08\/18\/los-servicios-sociales-de-los-llanos-reciben-el-apoyo-de-la-asociacion-sos-la-palma\/\" \/>\n<meta property=\"og:site_name\" content=\"Ayuntamiento de Los Llanos de Aridane\" \/>\n<meta property=\"article:published_time\" content=\"2023-08-18T09:32:38+00:00\" \/>\n<meta property=\"article:modified_time\" content=\"2023-10-03T09:36:18+00:00\" \/>\n<meta property=\"og:image\" content=\"https:\/\/www.aridane.org\/city\/wp-content\/uploads\/2023\/07\/turismo_aridane_103.jpg\" \/>\n\t<meta property=\"og:image:width\" content=\"1000\" \/>\n\t<meta property=\"og:image:height\" content=\"667\" \/>\n\t<meta property=\"og:image:type\" content=\"image\/jpeg\" \/>\n<meta name=\"author\" content=\"Corresponsal\" \/>\n<meta name=\"twitter:card\" content=\"summary_large_image\" \/>\n<meta name=\"twitter:label1\" content=\"Escrito por\" \/>\n\t<meta name=\"twitter:data1\" content=\"Corresponsal\" \/>\n\t<meta name=\"twitter:label2\" content=\"Tiempo de lectura\" \/>\n\t<meta name=\"twitter:data2\" content=\"2 minutos\" \/>\n<script type=\"application\/ld+json\" class=\"yoast-schema-graph\">{\"@context\":\"https:\/\/schema.org\",\"@graph\":[{\"@type\":\"WebPage\",\"@id\":\"https:\/\/www.aridane.org\/city\/2023\/08\/18\/los-servicios-sociales-de-los-llanos-reciben-el-apoyo-de-la-asociacion-sos-la-palma\/\",\"url\":\"https:\/\/www.aridane.org\/city\/2023\/08\/18\/los-servicios-sociales-de-los-llanos-reciben-el-apoyo-de-la-asociacion-sos-la-palma\/\",\"name\":\"Los Servicios Sociales de Los Llanos reciben el apoyo de la Asociaci\u00f3n SOS La Palma - Ayuntamiento de Los Llanos de Aridane\",\"isPartOf\":{\"@id\":\"https:\/\/www.aridane.org\/city\/#website\"},\"primaryImageOfPage\":{\"@id\":\"https:\/\/www.aridane.org\/city\/2023\/08\/18\/los-servicios-sociales-de-los-llanos-reciben-el-apoyo-de-la-asociacion-sos-la-palma\/#primaryimage\"},\"image\":{\"@id\":\"https:\/\/www.aridane.org\/city\/2023\/08\/18\/los-servicios-sociales-de-los-llanos-reciben-el-apoyo-de-la-asociacion-sos-la-palma\/#primaryimage\"},\"thumbnailUrl\":\"https:\/\/www.aridane.org\/city\/wp-content\/uploads\/2023\/07\/turismo_aridane_103.jpg\",\"datePublished\":\"2023-08-18T09:32:38+00:00\",\"dateModified\":\"2023-10-03T09:36:18+00:00\",\"author\":{\"@id\":\"https:\/\/www.aridane.org\/city\/#\/schema\/person\/89ebd376b223dc94cc1dbcf200c8e6da\"},\"breadcrumb\":{\"@id\":\"https:\/\/www.aridane.org\/city\/2023\/08\/18\/los-servicios-sociales-de-los-llanos-reciben-el-apoyo-de-la-asociacion-sos-la-palma\/#breadcrumb\"},\"inLanguage\":\"es\",\"potentialAction\":[{\"@type\":\"ReadAction\",\"target\":[\"https:\/\/www.aridane.org\/city\/2023\/08\/18\/los-servicios-sociales-de-los-llanos-reciben-el-apoyo-de-la-asociacion-sos-la-palma\/\"]}]},{\"@type\":\"ImageObject\",\"inLanguage\":\"es\",\"@id\":\"https:\/\/www.aridane.org\/city\/2023\/08\/18\/los-servicios-sociales-de-los-llanos-reciben-el-apoyo-de-la-asociacion-sos-la-palma\/#primaryimage\",\"url\":\"https:\/\/www.aridane.org\/city\/wp-content\/uploads\/2023\/07\/turismo_aridane_103.jpg\",\"contentUrl\":\"https:\/\/www.aridane.org\/city\/wp-content\/uploads\/2023\/07\/turismo_aridane_103.jpg\",\"width\":1000,\"height\":667},{\"@type\":\"BreadcrumbList\",\"@id\":\"https:\/\/www.aridane.org\/city\/2023\/08\/18\/los-servicios-sociales-de-los-llanos-reciben-el-apoyo-de-la-asociacion-sos-la-palma\/#breadcrumb\",\"itemListElement\":[{\"@type\":\"ListItem\",\"position\":1,\"name\":\"Portada\",\"item\":\"https:\/\/www.aridane.org\/city\/\"},{\"@type\":\"ListItem\",\"position\":2,\"name\":\"Los Servicios Sociales de Los Llanos reciben el apoyo de la Asociaci\u00f3n SOS La Palma\"}]},{\"@type\":\"WebSite\",\"@id\":\"https:\/\/www.aridane.org\/city\/#website\",\"url\":\"https:\/\/www.aridane.org\/city\/\",\"name\":\"Ayuntamiento de Los Llanos de Aridane\",\"description\":\"\",\"potentialAction\":[{\"@type\":\"SearchAction\",\"target\":{\"@type\":\"EntryPoint\",\"urlTemplate\":\"https:\/\/www.aridane.org\/city\/?s={search_term_string}\"},\"query-input\":\"required name=search_term_string\"}],\"inLanguage\":\"es\"},{\"@type\":\"Person\",\"@id\":\"https:\/\/www.aridane.org\/city\/#\/schema\/person\/89ebd376b223dc94cc1dbcf200c8e6da\",\"name\":\"Corresponsal\",\"image\":{\"@type\":\"ImageObject\",\"inLanguage\":\"es\",\"@id\":\"https:\/\/www.aridane.org\/city\/#\/schema\/person\/image\/\",\"url\":\"https:\/\/secure.gravatar.com\/avatar\/1c476992411e4ccf153da63b2b2f5ea0bb4cb1c85f3ceab8512f04325ad5579c?s=96&d=mm&r=g\",\"contentUrl\":\"https:\/\/secure.gravatar.com\/avatar\/1c476992411e4ccf153da63b2b2f5ea0bb4cb1c85f3ceab8512f04325ad5579c?s=96&d=mm&r=g\",\"caption\":\"Corresponsal\"},\"url\":\"https:\/\/www.aridane.org\/city\/author\/corresponsal\/\"}]}<\/script>\n<!-- \/ Yoast SEO plugin. -->","yoast_head_json":{"title":"Los Servicios Sociales de Los Llanos reciben el apoyo de la Asociaci\u00f3n SOS La Palma - Ayuntamiento de Los Llanos de Aridane","robots":{"index":"index","follow":"follow","max-snippet":"max-snippet:-1","max-image-preview":"max-image-preview:large","max-video-preview":"max-video-preview:-1"},"canonical":"https:\/\/www.aridane.org\/city\/2023\/08\/18\/los-servicios-sociales-de-los-llanos-reciben-el-apoyo-de-la-asociacion-sos-la-palma\/","og_locale":"es_ES","og_type":"article","og_title":"Los Servicios Sociales de Los Llanos reciben el apoyo de la Asociaci\u00f3n SOS La Palma - Ayuntamiento de Los Llanos de Aridane","og_description":"La Corporaci\u00f3n ha recibido una donaci\u00f3n de 3.100 euros en vales de compra para canjear en los supermercados Spar","og_url":"https:\/\/www.aridane.org\/city\/2023\/08\/18\/los-servicios-sociales-de-los-llanos-reciben-el-apoyo-de-la-asociacion-sos-la-palma\/","og_site_name":"Ayuntamiento de Los Llanos de Aridane","article_published_time":"2023-08-18T09:32:38+00:00","article_modified_time":"2023-10-03T09:36:18+00:00","og_image":[{"width":1000,"height":667,"url":"https:\/\/www.aridane.org\/city\/wp-content\/uploads\/2023\/07\/turismo_aridane_103.jpg","type":"image\/jpeg"}],"author":"Corresponsal","twitter_card":"summary_large_image","twitter_misc":{"Escrito por":"Corresponsal","Tiempo de lectura":"2 minutos"},"schema":{"@context":"https:\/\/schema.org","@graph":[{"@type":"WebPage","@id":"https:\/\/www.aridane.org\/city\/2023\/08\/18\/los-servicios-sociales-de-los-llanos-reciben-el-apoyo-de-la-asociacion-sos-la-palma\/","url":"https:\/\/www.aridane.org\/city\/2023\/08\/18\/los-servicios-sociales-de-los-llanos-reciben-el-apoyo-de-la-asociacion-sos-la-palma\/","name":"Los Servicios Sociales de Los Llanos reciben el apoyo de la Asociaci\u00f3n SOS La Palma - Ayuntamiento de Los Llanos de Aridane","isPartOf":{"@id":"https:\/\/www.aridane.org\/city\/#website"},"primaryImageOfPage":{"@id":"https:\/\/www.aridane.org\/city\/2023\/08\/18\/los-servicios-sociales-de-los-llanos-reciben-el-apoyo-de-la-asociacion-sos-la-palma\/#primaryimage"},"image":{"@id":"https:\/\/www.aridane.org\/city\/2023\/08\/18\/los-servicios-sociales-de-los-llanos-reciben-el-apoyo-de-la-asociacion-sos-la-palma\/#primaryimage"},"thumbnailUrl":"https:\/\/www.aridane.org\/city\/wp-content\/uploads\/2023\/07\/turismo_aridane_103.jpg","datePublished":"2023-08-18T09:32:38+00:00","dateModified":"2023-10-03T09:36:18+00:00","author":{"@id":"https:\/\/www.aridane.org\/city\/#\/schema\/person\/89ebd376b223dc94cc1dbcf200c8e6da"},"breadcrumb":{"@id":"https:\/\/www.aridane.org\/city\/2023\/08\/18\/los-servicios-sociales-de-los-llanos-reciben-el-apoyo-de-la-asociacion-sos-la-palma\/#breadcrumb"},"inLanguage":"es","potentialAction":[{"@type":"ReadAction","target":["https:\/\/www.aridane.org\/city\/2023\/08\/18\/los-servicios-sociales-de-los-llanos-reciben-el-apoyo-de-la-asociacion-sos-la-palma\/"]}]},{"@type":"ImageObject","inLanguage":"es","@id":"https:\/\/www.aridane.org\/city\/2023\/08\/18\/los-servicios-sociales-de-los-llanos-reciben-el-apoyo-de-la-asociacion-sos-la-palma\/#primaryimage","url":"https:\/\/www.aridane.org\/city\/wp-content\/uploads\/2023\/07\/turismo_aridane_103.jpg","contentUrl":"https:\/\/www.aridane.org\/city\/wp-content\/uploads\/2023\/07\/turismo_aridane_103.jpg","width":1000,"height":667},{"@type":"BreadcrumbList","@id":"https:\/\/www.aridane.org\/city\/2023\/08\/18\/los-servicios-sociales-de-los-llanos-reciben-el-apoyo-de-la-asociacion-sos-la-palma\/#breadcrumb","itemListElement":[{"@type":"ListItem","position":1,"name":"Portada","item":"https:\/\/www.aridane.org\/city\/"},{"@type":"ListItem","position":2,"name":"Los Servicios Sociales de Los Llanos reciben el apoyo de la Asociaci\u00f3n SOS La Palma"}]},{"@type":"WebSite","@id":"https:\/\/www.aridane.org\/city\/#website","url":"https:\/\/www.aridane.org\/city\/","name":"Ayuntamiento de Los Llanos de Aridane","description":"","potentialAction":[{"@type":"SearchAction","target":{"@type":"EntryPoint","urlTemplate":"https:\/\/www.aridane.org\/city\/?s={search_term_string}"},"query-input":"required name=search_term_string"}],"inLanguage":"es"},{"@type":"Person","@id":"https:\/\/www.aridane.org\/city\/#\/schema\/person\/89ebd376b223dc94cc1dbcf200c8e6da","name":"Corresponsal","image":{"@type":"ImageObject","inLanguage":"es","@id":"https:\/\/www.aridane.org\/city\/#\/schema\/person\/image\/","url":"https:\/\/secure.gravatar.com\/avatar\/1c476992411e4ccf153da63b2b2f5ea0bb4cb1c85f3ceab8512f04325ad5579c?s=96&d=mm&r=g","contentUrl":"https:\/\/secure.gravatar.com\/avatar\/1c476992411e4ccf153da63b2b2f5ea0bb4cb1c85f3ceab8512f04325ad5579c?s=96&d=mm&r=g","caption":"Corresponsal"},"url":"https:\/\/www.aridane.org\/city\/author\/corresponsal\/"}]}},"_links":{"self":[{"href":"https:\/\/www.aridane.org\/city\/wp-json\/wp\/v2\/posts\/2816","targetHints":{"allow":["GET"]}}],"collection":[{"href":"https:\/\/www.aridane.org\/city\/wp-json\/wp\/v2\/posts"}],"about":[{"href":"https:\/\/www.aridane.org\/city\/wp-json\/wp\/v2\/types\/post"}],"author":[{"embeddable":true,"href":"https:\/\/www.aridane.org\/city\/wp-json\/wp\/v2\/users\/4"}],"replies":[{"embeddable":true,"href":"https:\/\/www.aridane.org\/city\/wp-json\/wp\/v2\/comments?post=2816"}],"version-history":[{"count":1,"href":"https:\/\/www.aridane.org\/city\/wp-json\/wp\/v2\/posts\/2816\/revisions"}],"predecessor-version":[{"id":2817,"href":"https:\/\/www.aridane.org\/city\/wp-json\/wp\/v2\/posts\/2816\/revisions\/2817"}],"wp:featuredmedia":[{"embeddable":true,"href":"https:\/\/www.aridane.org\/city\/wp-json\/wp\/v2\/media\/2675"}],"wp:attachment":[{"href":"https:\/\/www.aridane.org\/city\/wp-json\/wp\/v2\/media?parent=2816"}],"wp:term":[{"taxonomy":"category","embeddable":true,"href":"https:\/\/www.aridane.org\/city\/wp-json\/wp\/v2\/categories?post=2816"},{"taxonomy":"post_tag","embeddable":true,"href":"https:\/\/www.aridane.org\/city\/wp-json\/wp\/v2\/tags?post=2816"}],"curies":[{"name":"wp","href":"https:\/\/api.w.org\/{rel}","templated":true}]}}