{"id":2818,"date":"2023-08-21T09:36:22","date_gmt":"2023-08-21T09:36:22","guid":{"rendered":"https:\/\/www.aridane.org\/city\/?p=2818"},"modified":"2023-10-03T09:37:41","modified_gmt":"2023-10-03T09:37:41","slug":"proteccion-civil-de-los-llanos-de-aridane-apoya-al-operativo-del-incendio-en-tenerife","status":"publish","type":"post","link":"https:\/\/www.aridane.org\/city\/2023\/08\/21\/proteccion-civil-de-los-llanos-de-aridane-apoya-al-operativo-del-incendio-en-tenerife\/","title":{"rendered":"Protecci\u00f3n Civil de Los Llanos de Aridane apoya al operativo del incendio en Tenerife"},"content":{"rendered":"<p><em>Desde el Ayuntamiento trasladan un mensaje de aliento a la poblaci\u00f3n y a las autoridades tinerfe\u00f1as<\/em><!--more--><\/p>\n<p>El equipo de Protecci\u00f3n Civil de Los Llanos de Aridane colabora en el operativo de emergencias del incendio forestal en Tenerife. Desde este domingo, 20 de agosto, tres efectivos se encuentran en la isla vecina para apoyar las labores de coordinaci\u00f3n, prevenci\u00f3n y planificaci\u00f3n.<\/p>\n<p>El alcalde, Javier Llamas, destaca en nombre del Ayuntamiento el compromiso del equipo de Protecci\u00f3n Civil y lanza un mensaje de aliento a la poblaci\u00f3n de Tenerife y a los dispositivos de emergencia.<\/p>\n<p>\u201cProtecci\u00f3n Civil quiere aportar su granito de arena en esta situaci\u00f3n tan dif\u00edcil\u201d, se\u00f1ala el alcalde. \u201cSu trabajo es el de todos. Desde la distancia ponemos nuestros mejores deseos para que el incendio forestal se d\u00e9 pronto por controlado. Desde la corporaci\u00f3n municipal trasladamos mucha fuerza y apoyo a las autoridades y a los equipos de emergencia\u201d, se\u00f1ala el alcalde.<\/p>\n<p>El concejal de Seguridad, Francisco Acosta, asegura que el Ayuntamiento de Los Llanos de Aridane y el equipo de Protecci\u00f3n Civil permanecer\u00e1n en estrecha colaboraci\u00f3n con las autoridades y equipos de emergencia. \u201cQueremos brindar todo el apoyo posible en la gesti\u00f3n\u201d, apunta el concejal.<\/p>\n<p>Los tres efectivos de protecci\u00f3n civil se instalaron en la base de la Orotava. Desde all\u00ed coordinaron las acciones que ejecutar\u00e1n los pr\u00f3ximos d\u00edas durante el operativo de emergencia.<\/p>\n","protected":false},"excerpt":{"rendered":"<p>Desde el Ayuntamiento trasladan un mensaje de aliento a la poblaci\u00f3n y a las autoridades tinerfe\u00f1as<\/p>\n","protected":false},"author":4,"featured_media":2819,"comment_status":"open","ping_status":"open","sticky":false,"template":"","format":"standard","meta":{"footnotes":""},"categories":[1],"tags":[],"class_list":["post-2818","post","type-post","status-publish","format-standard","has-post-thumbnail","hentry","category-sin-categoria"],"yoast_head":"<!-- This site is optimized with the Yoast SEO plugin v22.7 - https:\/\/yoast.com\/wordpress\/plugins\/seo\/ -->\n<title>Protecci\u00f3n Civil de Los Llanos de Aridane apoya al operativo del incendio en Tenerife - Ayuntamiento de Los Llanos de Aridane<\/title>\n<meta name=\"robots\" content=\"index, follow, max-snippet:-1, max-image-preview:large, max-video-preview:-1\" \/>\n<link rel=\"canonical\" href=\"https:\/\/www.aridane.org\/city\/2023\/08\/21\/proteccion-civil-de-los-llanos-de-aridane-apoya-al-operativo-del-incendio-en-tenerife\/\" \/>\n<meta property=\"og:locale\" content=\"es_ES\" \/>\n<meta property=\"og:type\" content=\"article\" \/>\n<meta property=\"og:title\" content=\"Protecci\u00f3n Civil de Los Llanos de Aridane apoya al operativo del incendio en Tenerife - Ayuntamiento de Los Llanos de Aridane\" \/>\n<meta property=\"og:description\" content=\"Desde el Ayuntamiento trasladan un mensaje de aliento a la poblaci\u00f3n y a las autoridades tinerfe\u00f1as\" \/>\n<meta property=\"og:url\" content=\"https:\/\/www.aridane.org\/city\/2023\/08\/21\/proteccion-civil-de-los-llanos-de-aridane-apoya-al-operativo-del-incendio-en-tenerife\/\" \/>\n<meta property=\"og:site_name\" content=\"Ayuntamiento de Los Llanos de Aridane\" \/>\n<meta property=\"article:published_time\" content=\"2023-08-21T09:36:22+00:00\" \/>\n<meta property=\"article:modified_time\" content=\"2023-10-03T09:37:41+00:00\" \/>\n<meta property=\"og:image\" content=\"https:\/\/www.aridane.org\/city\/wp-content\/uploads\/2023\/10\/Proteccion-Civil-Incendio-Tenerife.jpeg\" \/>\n\t<meta property=\"og:image:width\" content=\"1023\" \/>\n\t<meta property=\"og:image:height\" content=\"665\" \/>\n\t<meta property=\"og:image:type\" content=\"image\/jpeg\" \/>\n<meta name=\"author\" content=\"Corresponsal\" \/>\n<meta name=\"twitter:card\" content=\"summary_large_image\" \/>\n<meta name=\"twitter:label1\" content=\"Escrito por\" \/>\n\t<meta name=\"twitter:data1\" content=\"Corresponsal\" \/>\n\t<meta name=\"twitter:label2\" content=\"Tiempo de lectura\" \/>\n\t<meta name=\"twitter:data2\" content=\"2 minutos\" \/>\n<script type=\"application\/ld+json\" class=\"yoast-schema-graph\">{\"@context\":\"https:\/\/schema.org\",\"@graph\":[{\"@type\":\"WebPage\",\"@id\":\"https:\/\/www.aridane.org\/city\/2023\/08\/21\/proteccion-civil-de-los-llanos-de-aridane-apoya-al-operativo-del-incendio-en-tenerife\/\",\"url\":\"https:\/\/www.aridane.org\/city\/2023\/08\/21\/proteccion-civil-de-los-llanos-de-aridane-apoya-al-operativo-del-incendio-en-tenerife\/\",\"name\":\"Protecci\u00f3n Civil de Los Llanos de Aridane apoya al operativo del incendio en Tenerife - Ayuntamiento de Los Llanos de Aridane\",\"isPartOf\":{\"@id\":\"https:\/\/www.aridane.org\/city\/#website\"},\"primaryImageOfPage\":{\"@id\":\"https:\/\/www.aridane.org\/city\/2023\/08\/21\/proteccion-civil-de-los-llanos-de-aridane-apoya-al-operativo-del-incendio-en-tenerife\/#primaryimage\"},\"image\":{\"@id\":\"https:\/\/www.aridane.org\/city\/2023\/08\/21\/proteccion-civil-de-los-llanos-de-aridane-apoya-al-operativo-del-incendio-en-tenerife\/#primaryimage\"},\"thumbnailUrl\":\"https:\/\/www.aridane.org\/city\/wp-content\/uploads\/2023\/10\/Proteccion-Civil-Incendio-Tenerife.jpeg\",\"datePublished\":\"2023-08-21T09:36:22+00:00\",\"dateModified\":\"2023-10-03T09:37:41+00:00\",\"author\":{\"@id\":\"https:\/\/www.aridane.org\/city\/#\/schema\/person\/89ebd376b223dc94cc1dbcf200c8e6da\"},\"breadcrumb\":{\"@id\":\"https:\/\/www.aridane.org\/city\/2023\/08\/21\/proteccion-civil-de-los-llanos-de-aridane-apoya-al-operativo-del-incendio-en-tenerife\/#breadcrumb\"},\"inLanguage\":\"es\",\"potentialAction\":[{\"@type\":\"ReadAction\",\"target\":[\"https:\/\/www.aridane.org\/city\/2023\/08\/21\/proteccion-civil-de-los-llanos-de-aridane-apoya-al-operativo-del-incendio-en-tenerife\/\"]}]},{\"@type\":\"ImageObject\",\"inLanguage\":\"es\",\"@id\":\"https:\/\/www.aridane.org\/city\/2023\/08\/21\/proteccion-civil-de-los-llanos-de-aridane-apoya-al-operativo-del-incendio-en-tenerife\/#primaryimage\",\"url\":\"https:\/\/www.aridane.org\/city\/wp-content\/uploads\/2023\/10\/Proteccion-Civil-Incendio-Tenerife.jpeg\",\"contentUrl\":\"https:\/\/www.aridane.org\/city\/wp-content\/uploads\/2023\/10\/Proteccion-Civil-Incendio-Tenerife.jpeg\",\"width\":1023,\"height\":665},{\"@type\":\"BreadcrumbList\",\"@id\":\"https:\/\/www.aridane.org\/city\/2023\/08\/21\/proteccion-civil-de-los-llanos-de-aridane-apoya-al-operativo-del-incendio-en-tenerife\/#breadcrumb\",\"itemListElement\":[{\"@type\":\"ListItem\",\"position\":1,\"name\":\"Portada\",\"item\":\"https:\/\/www.aridane.org\/city\/\"},{\"@type\":\"ListItem\",\"position\":2,\"name\":\"Protecci\u00f3n Civil de Los Llanos de Aridane apoya al operativo del incendio en Tenerife\"}]},{\"@type\":\"WebSite\",\"@id\":\"https:\/\/www.aridane.org\/city\/#website\",\"url\":\"https:\/\/www.aridane.org\/city\/\",\"name\":\"Ayuntamiento de Los Llanos de Aridane\",\"description\":\"\",\"potentialAction\":[{\"@type\":\"SearchAction\",\"target\":{\"@type\":\"EntryPoint\",\"urlTemplate\":\"https:\/\/www.aridane.org\/city\/?s={search_term_string}\"},\"query-input\":\"required name=search_term_string\"}],\"inLanguage\":\"es\"},{\"@type\":\"Person\",\"@id\":\"https:\/\/www.aridane.org\/city\/#\/schema\/person\/89ebd376b223dc94cc1dbcf200c8e6da\",\"name\":\"Corresponsal\",\"image\":{\"@type\":\"ImageObject\",\"inLanguage\":\"es\",\"@id\":\"https:\/\/www.aridane.org\/city\/#\/schema\/person\/image\/\",\"url\":\"https:\/\/secure.gravatar.com\/avatar\/1c476992411e4ccf153da63b2b2f5ea0bb4cb1c85f3ceab8512f04325ad5579c?s=96&d=mm&r=g\",\"contentUrl\":\"https:\/\/secure.gravatar.com\/avatar\/1c476992411e4ccf153da63b2b2f5ea0bb4cb1c85f3ceab8512f04325ad5579c?s=96&d=mm&r=g\",\"caption\":\"Corresponsal\"},\"url\":\"https:\/\/www.aridane.org\/city\/author\/corresponsal\/\"}]}<\/script>\n<!-- \/ Yoast SEO plugin. -->","yoast_head_json":{"title":"Protecci\u00f3n Civil de Los Llanos de Aridane apoya al operativo del incendio en Tenerife - Ayuntamiento de Los Llanos de Aridane","robots":{"index":"index","follow":"follow","max-snippet":"max-snippet:-1","max-image-preview":"max-image-preview:large","max-video-preview":"max-video-preview:-1"},"canonical":"https:\/\/www.aridane.org\/city\/2023\/08\/21\/proteccion-civil-de-los-llanos-de-aridane-apoya-al-operativo-del-incendio-en-tenerife\/","og_locale":"es_ES","og_type":"article","og_title":"Protecci\u00f3n Civil de Los Llanos de Aridane apoya al operativo del incendio en Tenerife - Ayuntamiento de Los Llanos de Aridane","og_description":"Desde el Ayuntamiento trasladan un mensaje de aliento a la poblaci\u00f3n y a las autoridades tinerfe\u00f1as","og_url":"https:\/\/www.aridane.org\/city\/2023\/08\/21\/proteccion-civil-de-los-llanos-de-aridane-apoya-al-operativo-del-incendio-en-tenerife\/","og_site_name":"Ayuntamiento de Los Llanos de Aridane","article_published_time":"2023-08-21T09:36:22+00:00","article_modified_time":"2023-10-03T09:37:41+00:00","og_image":[{"width":1023,"height":665,"url":"https:\/\/www.aridane.org\/city\/wp-content\/uploads\/2023\/10\/Proteccion-Civil-Incendio-Tenerife.jpeg","type":"image\/jpeg"}],"author":"Corresponsal","twitter_card":"summary_large_image","twitter_misc":{"Escrito por":"Corresponsal","Tiempo de lectura":"2 minutos"},"schema":{"@context":"https:\/\/schema.org","@graph":[{"@type":"WebPage","@id":"https:\/\/www.aridane.org\/city\/2023\/08\/21\/proteccion-civil-de-los-llanos-de-aridane-apoya-al-operativo-del-incendio-en-tenerife\/","url":"https:\/\/www.aridane.org\/city\/2023\/08\/21\/proteccion-civil-de-los-llanos-de-aridane-apoya-al-operativo-del-incendio-en-tenerife\/","name":"Protecci\u00f3n Civil de Los Llanos de Aridane apoya al operativo del incendio en Tenerife - Ayuntamiento de Los Llanos de Aridane","isPartOf":{"@id":"https:\/\/www.aridane.org\/city\/#website"},"primaryImageOfPage":{"@id":"https:\/\/www.aridane.org\/city\/2023\/08\/21\/proteccion-civil-de-los-llanos-de-aridane-apoya-al-operativo-del-incendio-en-tenerife\/#primaryimage"},"image":{"@id":"https:\/\/www.aridane.org\/city\/2023\/08\/21\/proteccion-civil-de-los-llanos-de-aridane-apoya-al-operativo-del-incendio-en-tenerife\/#primaryimage"},"thumbnailUrl":"https:\/\/www.aridane.org\/city\/wp-content\/uploads\/2023\/10\/Proteccion-Civil-Incendio-Tenerife.jpeg","datePublished":"2023-08-21T09:36:22+00:00","dateModified":"2023-10-03T09:37:41+00:00","author":{"@id":"https:\/\/www.aridane.org\/city\/#\/schema\/person\/89ebd376b223dc94cc1dbcf200c8e6da"},"breadcrumb":{"@id":"https:\/\/www.aridane.org\/city\/2023\/08\/21\/proteccion-civil-de-los-llanos-de-aridane-apoya-al-operativo-del-incendio-en-tenerife\/#breadcrumb"},"inLanguage":"es","potentialAction":[{"@type":"ReadAction","target":["https:\/\/www.aridane.org\/city\/2023\/08\/21\/proteccion-civil-de-los-llanos-de-aridane-apoya-al-operativo-del-incendio-en-tenerife\/"]}]},{"@type":"ImageObject","inLanguage":"es","@id":"https:\/\/www.aridane.org\/city\/2023\/08\/21\/proteccion-civil-de-los-llanos-de-aridane-apoya-al-operativo-del-incendio-en-tenerife\/#primaryimage","url":"https:\/\/www.aridane.org\/city\/wp-content\/uploads\/2023\/10\/Proteccion-Civil-Incendio-Tenerife.jpeg","contentUrl":"https:\/\/www.aridane.org\/city\/wp-content\/uploads\/2023\/10\/Proteccion-Civil-Incendio-Tenerife.jpeg","width":1023,"height":665},{"@type":"BreadcrumbList","@id":"https:\/\/www.aridane.org\/city\/2023\/08\/21\/proteccion-civil-de-los-llanos-de-aridane-apoya-al-operativo-del-incendio-en-tenerife\/#breadcrumb","itemListElement":[{"@type":"ListItem","position":1,"name":"Portada","item":"https:\/\/www.aridane.org\/city\/"},{"@type":"ListItem","position":2,"name":"Protecci\u00f3n Civil de Los Llanos de Aridane apoya al operativo del incendio en Tenerife"}]},{"@type":"WebSite","@id":"https:\/\/www.aridane.org\/city\/#website","url":"https:\/\/www.aridane.org\/city\/","name":"Ayuntamiento de Los Llanos de Aridane","description":"","potentialAction":[{"@type":"SearchAction","target":{"@type":"EntryPoint","urlTemplate":"https:\/\/www.aridane.org\/city\/?s={search_term_string}"},"query-input":"required name=search_term_string"}],"inLanguage":"es"},{"@type":"Person","@id":"https:\/\/www.aridane.org\/city\/#\/schema\/person\/89ebd376b223dc94cc1dbcf200c8e6da","name":"Corresponsal","image":{"@type":"ImageObject","inLanguage":"es","@id":"https:\/\/www.aridane.org\/city\/#\/schema\/person\/image\/","url":"https:\/\/secure.gravatar.com\/avatar\/1c476992411e4ccf153da63b2b2f5ea0bb4cb1c85f3ceab8512f04325ad5579c?s=96&d=mm&r=g","contentUrl":"https:\/\/secure.gravatar.com\/avatar\/1c476992411e4ccf153da63b2b2f5ea0bb4cb1c85f3ceab8512f04325ad5579c?s=96&d=mm&r=g","caption":"Corresponsal"},"url":"https:\/\/www.aridane.org\/city\/author\/corresponsal\/"}]}},"_links":{"self":[{"href":"https:\/\/www.aridane.org\/city\/wp-json\/wp\/v2\/posts\/2818","targetHints":{"allow":["GET"]}}],"collection":[{"href":"https:\/\/www.aridane.org\/city\/wp-json\/wp\/v2\/posts"}],"about":[{"href":"https:\/\/www.aridane.org\/city\/wp-json\/wp\/v2\/types\/post"}],"author":[{"embeddable":true,"href":"https:\/\/www.aridane.org\/city\/wp-json\/wp\/v2\/users\/4"}],"replies":[{"embeddable":true,"href":"https:\/\/www.aridane.org\/city\/wp-json\/wp\/v2\/comments?post=2818"}],"version-history":[{"count":1,"href":"https:\/\/www.aridane.org\/city\/wp-json\/wp\/v2\/posts\/2818\/revisions"}],"predecessor-version":[{"id":2820,"href":"https:\/\/www.aridane.org\/city\/wp-json\/wp\/v2\/posts\/2818\/revisions\/2820"}],"wp:featuredmedia":[{"embeddable":true,"href":"https:\/\/www.aridane.org\/city\/wp-json\/wp\/v2\/media\/2819"}],"wp:attachment":[{"href":"https:\/\/www.aridane.org\/city\/wp-json\/wp\/v2\/media?parent=2818"}],"wp:term":[{"taxonomy":"category","embeddable":true,"href":"https:\/\/www.aridane.org\/city\/wp-json\/wp\/v2\/categories?post=2818"},{"taxonomy":"post_tag","embeddable":true,"href":"https:\/\/www.aridane.org\/city\/wp-json\/wp\/v2\/tags?post=2818"}],"curies":[{"name":"wp","href":"https:\/\/api.w.org\/{rel}","templated":true}]}}