{"id":2824,"date":"2023-08-24T09:39:25","date_gmt":"2023-08-24T09:39:25","guid":{"rendered":"https:\/\/www.aridane.org\/city\/?p=2824"},"modified":"2023-10-03T09:40:57","modified_gmt":"2023-10-03T09:40:57","slug":"los-llanos-convierte-el-espacio-cultural-el-secadero-en-un-edificio-mas-moderno-y-sostenible","status":"publish","type":"post","link":"https:\/\/www.aridane.org\/city\/2023\/08\/24\/los-llanos-convierte-el-espacio-cultural-el-secadero-en-un-edificio-mas-moderno-y-sostenible\/","title":{"rendered":"Los Llanos convierte el Espacio Cultural El Secadero en un edificio m\u00e1s moderno y sostenible"},"content":{"rendered":"<p><em>La inversi\u00f3n genera un ahorro de la energ\u00eda consumida de 11.424,5 kilovatios hora al a\u00f1o<\/em><!--more--><\/p>\n<p>El Ayuntamiento de Los Llanos de Aridane impulsa el proyecto para la modernizaci\u00f3n y gesti\u00f3n sostenible de artes esc\u00e9nicas del Espacio Cultural El Secadero. Se han renovado todos los equipos, adquiriendo dispositivos de audio y comunicaciones de red, as\u00ed como sistemas de iluminaci\u00f3n LED y v\u00eddeo y maquinaria esc\u00e9nica de \u00faltima generaci\u00f3n.<\/p>\n<p>El alcalde de Los Llanos de Aridane, Javier Llamas, destaca que el Espacio Cultural El Secadero es ahora un edificio m\u00e1s moderno y sostenible.<\/p>\n<p>\u201cNos hemos apoyado en los fondos europeos para mejorar una infraestructura tan importante para el municipio y su barrio, El Retamar. Hemos digitalizado los procesos y actualizado los equipos. Esto supone un salto de calidad y tambi\u00e9n una inversi\u00f3n que redundar\u00e1 en ahorro energ\u00e9tico\u201d, apunta Llamas.<\/p>\n<p>Por su parte, la concejala de Cultura, Marlene Gonz\u00e1lez, explica que se trata de una inversi\u00f3n en la que todos ganan. \u201cGanan los espectadores y los artistas, dado que disfrutar\u00e1n de un mejor sonido, una mejor iluminaci\u00f3n y una mejor comunicaci\u00f3n con el escenario. Tambi\u00e9n ganan los t\u00e9cnicos, puesto que la robotizaci\u00f3n de los equipos reduce las labores de mantenimiento y gesti\u00f3n. Y por supuesto gana el medio ambiente, ya que los nuevos equipos reducen dr\u00e1sticamente el consumo energ\u00e9tico\u201d, a\u00f1ade.<\/p>\n<h2><strong>Fondos europeos para una transformaci\u00f3n verde<\/strong><\/h2>\n<p>El expediente del Espacio Cultural El Secadero se incluye en el ejercicio 2021. Corresponde a la modernizaci\u00f3n y gesti\u00f3n sostenible de las infraestructuras de las artes esc\u00e9nicas y musicales enmarcadas en el Plan de Recuperaci\u00f3n, Transformaci\u00f3n y Resiliencia (PRTR), financiado por la Uni\u00f3n Europea \u2013 Next Generation EU.<\/p>\n<p>Con la realizaci\u00f3n de este proyecto se ha llevado a cabo una transformaci\u00f3n medioambiental, la cual cuenta las directrices recogidas en la Directiva (UE) 2018\/844.<\/p>\n<p>El ahorro de la potencia instalada en esta actuaci\u00f3n radica b\u00e1sicamente en la sustituci\u00f3n de los proyectores actuales de iluminaci\u00f3n hal\u00f3gena proyectores LED. La inversi\u00f3n minimiza considerablemente la potencia instalada, logrando un ahorro de la energ\u00eda consumida de 11.424,5 kilovatios hora al a\u00f1o.<\/p>\n","protected":false},"excerpt":{"rendered":"<p>La inversi\u00f3n genera un ahorro de la energ\u00eda consumida de 11.424,5 kilovatios hora al a\u00f1o<\/p>\n","protected":false},"author":4,"featured_media":2825,"comment_status":"open","ping_status":"open","sticky":false,"template":"","format":"standard","meta":{"footnotes":""},"categories":[6],"tags":[],"class_list":["post-2824","post","type-post","status-publish","format-standard","has-post-thumbnail","hentry","category-prensa"],"yoast_head":"<!-- This site is optimized with the Yoast SEO plugin v22.7 - https:\/\/yoast.com\/wordpress\/plugins\/seo\/ -->\n<title>Los Llanos convierte el Espacio Cultural El Secadero en un edificio m\u00e1s moderno y sostenible - Ayuntamiento de Los Llanos de Aridane<\/title>\n<meta name=\"robots\" content=\"index, follow, max-snippet:-1, max-image-preview:large, max-video-preview:-1\" \/>\n<link rel=\"canonical\" href=\"https:\/\/www.aridane.org\/city\/2023\/08\/24\/los-llanos-convierte-el-espacio-cultural-el-secadero-en-un-edificio-mas-moderno-y-sostenible\/\" \/>\n<meta property=\"og:locale\" content=\"es_ES\" \/>\n<meta property=\"og:type\" content=\"article\" \/>\n<meta property=\"og:title\" content=\"Los Llanos convierte el Espacio Cultural El Secadero en un edificio m\u00e1s moderno y sostenible - Ayuntamiento de Los Llanos de Aridane\" \/>\n<meta property=\"og:description\" content=\"La inversi\u00f3n genera un ahorro de la energ\u00eda consumida de 11.424,5 kilovatios hora al a\u00f1o\" \/>\n<meta property=\"og:url\" content=\"https:\/\/www.aridane.org\/city\/2023\/08\/24\/los-llanos-convierte-el-espacio-cultural-el-secadero-en-un-edificio-mas-moderno-y-sostenible\/\" \/>\n<meta property=\"og:site_name\" content=\"Ayuntamiento de Los Llanos de Aridane\" \/>\n<meta property=\"article:published_time\" content=\"2023-08-24T09:39:25+00:00\" \/>\n<meta property=\"article:modified_time\" content=\"2023-10-03T09:40:57+00:00\" \/>\n<meta property=\"og:image\" content=\"https:\/\/www.aridane.org\/city\/wp-content\/uploads\/2023\/10\/El-Secadero-Los-Llanos.jpeg\" \/>\n\t<meta property=\"og:image:width\" content=\"1600\" \/>\n\t<meta property=\"og:image:height\" content=\"720\" \/>\n\t<meta property=\"og:image:type\" content=\"image\/jpeg\" \/>\n<meta name=\"author\" content=\"Corresponsal\" \/>\n<meta name=\"twitter:card\" content=\"summary_large_image\" \/>\n<meta name=\"twitter:label1\" content=\"Escrito por\" \/>\n\t<meta name=\"twitter:data1\" content=\"Corresponsal\" \/>\n\t<meta name=\"twitter:label2\" content=\"Tiempo de lectura\" \/>\n\t<meta name=\"twitter:data2\" content=\"2 minutos\" \/>\n<script type=\"application\/ld+json\" class=\"yoast-schema-graph\">{\"@context\":\"https:\/\/schema.org\",\"@graph\":[{\"@type\":\"WebPage\",\"@id\":\"https:\/\/www.aridane.org\/city\/2023\/08\/24\/los-llanos-convierte-el-espacio-cultural-el-secadero-en-un-edificio-mas-moderno-y-sostenible\/\",\"url\":\"https:\/\/www.aridane.org\/city\/2023\/08\/24\/los-llanos-convierte-el-espacio-cultural-el-secadero-en-un-edificio-mas-moderno-y-sostenible\/\",\"name\":\"Los Llanos convierte el Espacio Cultural El Secadero en un edificio m\u00e1s moderno y sostenible - Ayuntamiento de Los Llanos de Aridane\",\"isPartOf\":{\"@id\":\"https:\/\/www.aridane.org\/city\/#website\"},\"primaryImageOfPage\":{\"@id\":\"https:\/\/www.aridane.org\/city\/2023\/08\/24\/los-llanos-convierte-el-espacio-cultural-el-secadero-en-un-edificio-mas-moderno-y-sostenible\/#primaryimage\"},\"image\":{\"@id\":\"https:\/\/www.aridane.org\/city\/2023\/08\/24\/los-llanos-convierte-el-espacio-cultural-el-secadero-en-un-edificio-mas-moderno-y-sostenible\/#primaryimage\"},\"thumbnailUrl\":\"https:\/\/www.aridane.org\/city\/wp-content\/uploads\/2023\/10\/El-Secadero-Los-Llanos.jpeg\",\"datePublished\":\"2023-08-24T09:39:25+00:00\",\"dateModified\":\"2023-10-03T09:40:57+00:00\",\"author\":{\"@id\":\"https:\/\/www.aridane.org\/city\/#\/schema\/person\/89ebd376b223dc94cc1dbcf200c8e6da\"},\"breadcrumb\":{\"@id\":\"https:\/\/www.aridane.org\/city\/2023\/08\/24\/los-llanos-convierte-el-espacio-cultural-el-secadero-en-un-edificio-mas-moderno-y-sostenible\/#breadcrumb\"},\"inLanguage\":\"es\",\"potentialAction\":[{\"@type\":\"ReadAction\",\"target\":[\"https:\/\/www.aridane.org\/city\/2023\/08\/24\/los-llanos-convierte-el-espacio-cultural-el-secadero-en-un-edificio-mas-moderno-y-sostenible\/\"]}]},{\"@type\":\"ImageObject\",\"inLanguage\":\"es\",\"@id\":\"https:\/\/www.aridane.org\/city\/2023\/08\/24\/los-llanos-convierte-el-espacio-cultural-el-secadero-en-un-edificio-mas-moderno-y-sostenible\/#primaryimage\",\"url\":\"https:\/\/www.aridane.org\/city\/wp-content\/uploads\/2023\/10\/El-Secadero-Los-Llanos.jpeg\",\"contentUrl\":\"https:\/\/www.aridane.org\/city\/wp-content\/uploads\/2023\/10\/El-Secadero-Los-Llanos.jpeg\",\"width\":1600,\"height\":720},{\"@type\":\"BreadcrumbList\",\"@id\":\"https:\/\/www.aridane.org\/city\/2023\/08\/24\/los-llanos-convierte-el-espacio-cultural-el-secadero-en-un-edificio-mas-moderno-y-sostenible\/#breadcrumb\",\"itemListElement\":[{\"@type\":\"ListItem\",\"position\":1,\"name\":\"Portada\",\"item\":\"https:\/\/www.aridane.org\/city\/\"},{\"@type\":\"ListItem\",\"position\":2,\"name\":\"Los Llanos convierte el Espacio Cultural El Secadero en un edificio m\u00e1s moderno y sostenible\"}]},{\"@type\":\"WebSite\",\"@id\":\"https:\/\/www.aridane.org\/city\/#website\",\"url\":\"https:\/\/www.aridane.org\/city\/\",\"name\":\"Ayuntamiento de Los Llanos de Aridane\",\"description\":\"\",\"potentialAction\":[{\"@type\":\"SearchAction\",\"target\":{\"@type\":\"EntryPoint\",\"urlTemplate\":\"https:\/\/www.aridane.org\/city\/?s={search_term_string}\"},\"query-input\":\"required name=search_term_string\"}],\"inLanguage\":\"es\"},{\"@type\":\"Person\",\"@id\":\"https:\/\/www.aridane.org\/city\/#\/schema\/person\/89ebd376b223dc94cc1dbcf200c8e6da\",\"name\":\"Corresponsal\",\"image\":{\"@type\":\"ImageObject\",\"inLanguage\":\"es\",\"@id\":\"https:\/\/www.aridane.org\/city\/#\/schema\/person\/image\/\",\"url\":\"https:\/\/secure.gravatar.com\/avatar\/1c476992411e4ccf153da63b2b2f5ea0bb4cb1c85f3ceab8512f04325ad5579c?s=96&d=mm&r=g\",\"contentUrl\":\"https:\/\/secure.gravatar.com\/avatar\/1c476992411e4ccf153da63b2b2f5ea0bb4cb1c85f3ceab8512f04325ad5579c?s=96&d=mm&r=g\",\"caption\":\"Corresponsal\"},\"url\":\"https:\/\/www.aridane.org\/city\/author\/corresponsal\/\"}]}<\/script>\n<!-- \/ Yoast SEO plugin. -->","yoast_head_json":{"title":"Los Llanos convierte el Espacio Cultural El Secadero en un edificio m\u00e1s moderno y sostenible - Ayuntamiento de Los Llanos de Aridane","robots":{"index":"index","follow":"follow","max-snippet":"max-snippet:-1","max-image-preview":"max-image-preview:large","max-video-preview":"max-video-preview:-1"},"canonical":"https:\/\/www.aridane.org\/city\/2023\/08\/24\/los-llanos-convierte-el-espacio-cultural-el-secadero-en-un-edificio-mas-moderno-y-sostenible\/","og_locale":"es_ES","og_type":"article","og_title":"Los Llanos convierte el Espacio Cultural El Secadero en un edificio m\u00e1s moderno y sostenible - Ayuntamiento de Los Llanos de Aridane","og_description":"La inversi\u00f3n genera un ahorro de la energ\u00eda consumida de 11.424,5 kilovatios hora al a\u00f1o","og_url":"https:\/\/www.aridane.org\/city\/2023\/08\/24\/los-llanos-convierte-el-espacio-cultural-el-secadero-en-un-edificio-mas-moderno-y-sostenible\/","og_site_name":"Ayuntamiento de Los Llanos de Aridane","article_published_time":"2023-08-24T09:39:25+00:00","article_modified_time":"2023-10-03T09:40:57+00:00","og_image":[{"width":1600,"height":720,"url":"https:\/\/www.aridane.org\/city\/wp-content\/uploads\/2023\/10\/El-Secadero-Los-Llanos.jpeg","type":"image\/jpeg"}],"author":"Corresponsal","twitter_card":"summary_large_image","twitter_misc":{"Escrito por":"Corresponsal","Tiempo de lectura":"2 minutos"},"schema":{"@context":"https:\/\/schema.org","@graph":[{"@type":"WebPage","@id":"https:\/\/www.aridane.org\/city\/2023\/08\/24\/los-llanos-convierte-el-espacio-cultural-el-secadero-en-un-edificio-mas-moderno-y-sostenible\/","url":"https:\/\/www.aridane.org\/city\/2023\/08\/24\/los-llanos-convierte-el-espacio-cultural-el-secadero-en-un-edificio-mas-moderno-y-sostenible\/","name":"Los Llanos convierte el Espacio Cultural El Secadero en un edificio m\u00e1s moderno y sostenible - Ayuntamiento de Los Llanos de Aridane","isPartOf":{"@id":"https:\/\/www.aridane.org\/city\/#website"},"primaryImageOfPage":{"@id":"https:\/\/www.aridane.org\/city\/2023\/08\/24\/los-llanos-convierte-el-espacio-cultural-el-secadero-en-un-edificio-mas-moderno-y-sostenible\/#primaryimage"},"image":{"@id":"https:\/\/www.aridane.org\/city\/2023\/08\/24\/los-llanos-convierte-el-espacio-cultural-el-secadero-en-un-edificio-mas-moderno-y-sostenible\/#primaryimage"},"thumbnailUrl":"https:\/\/www.aridane.org\/city\/wp-content\/uploads\/2023\/10\/El-Secadero-Los-Llanos.jpeg","datePublished":"2023-08-24T09:39:25+00:00","dateModified":"2023-10-03T09:40:57+00:00","author":{"@id":"https:\/\/www.aridane.org\/city\/#\/schema\/person\/89ebd376b223dc94cc1dbcf200c8e6da"},"breadcrumb":{"@id":"https:\/\/www.aridane.org\/city\/2023\/08\/24\/los-llanos-convierte-el-espacio-cultural-el-secadero-en-un-edificio-mas-moderno-y-sostenible\/#breadcrumb"},"inLanguage":"es","potentialAction":[{"@type":"ReadAction","target":["https:\/\/www.aridane.org\/city\/2023\/08\/24\/los-llanos-convierte-el-espacio-cultural-el-secadero-en-un-edificio-mas-moderno-y-sostenible\/"]}]},{"@type":"ImageObject","inLanguage":"es","@id":"https:\/\/www.aridane.org\/city\/2023\/08\/24\/los-llanos-convierte-el-espacio-cultural-el-secadero-en-un-edificio-mas-moderno-y-sostenible\/#primaryimage","url":"https:\/\/www.aridane.org\/city\/wp-content\/uploads\/2023\/10\/El-Secadero-Los-Llanos.jpeg","contentUrl":"https:\/\/www.aridane.org\/city\/wp-content\/uploads\/2023\/10\/El-Secadero-Los-Llanos.jpeg","width":1600,"height":720},{"@type":"BreadcrumbList","@id":"https:\/\/www.aridane.org\/city\/2023\/08\/24\/los-llanos-convierte-el-espacio-cultural-el-secadero-en-un-edificio-mas-moderno-y-sostenible\/#breadcrumb","itemListElement":[{"@type":"ListItem","position":1,"name":"Portada","item":"https:\/\/www.aridane.org\/city\/"},{"@type":"ListItem","position":2,"name":"Los Llanos convierte el Espacio Cultural El Secadero en un edificio m\u00e1s moderno y sostenible"}]},{"@type":"WebSite","@id":"https:\/\/www.aridane.org\/city\/#website","url":"https:\/\/www.aridane.org\/city\/","name":"Ayuntamiento de Los Llanos de Aridane","description":"","potentialAction":[{"@type":"SearchAction","target":{"@type":"EntryPoint","urlTemplate":"https:\/\/www.aridane.org\/city\/?s={search_term_string}"},"query-input":"required name=search_term_string"}],"inLanguage":"es"},{"@type":"Person","@id":"https:\/\/www.aridane.org\/city\/#\/schema\/person\/89ebd376b223dc94cc1dbcf200c8e6da","name":"Corresponsal","image":{"@type":"ImageObject","inLanguage":"es","@id":"https:\/\/www.aridane.org\/city\/#\/schema\/person\/image\/","url":"https:\/\/secure.gravatar.com\/avatar\/1c476992411e4ccf153da63b2b2f5ea0bb4cb1c85f3ceab8512f04325ad5579c?s=96&d=mm&r=g","contentUrl":"https:\/\/secure.gravatar.com\/avatar\/1c476992411e4ccf153da63b2b2f5ea0bb4cb1c85f3ceab8512f04325ad5579c?s=96&d=mm&r=g","caption":"Corresponsal"},"url":"https:\/\/www.aridane.org\/city\/author\/corresponsal\/"}]}},"_links":{"self":[{"href":"https:\/\/www.aridane.org\/city\/wp-json\/wp\/v2\/posts\/2824","targetHints":{"allow":["GET"]}}],"collection":[{"href":"https:\/\/www.aridane.org\/city\/wp-json\/wp\/v2\/posts"}],"about":[{"href":"https:\/\/www.aridane.org\/city\/wp-json\/wp\/v2\/types\/post"}],"author":[{"embeddable":true,"href":"https:\/\/www.aridane.org\/city\/wp-json\/wp\/v2\/users\/4"}],"replies":[{"embeddable":true,"href":"https:\/\/www.aridane.org\/city\/wp-json\/wp\/v2\/comments?post=2824"}],"version-history":[{"count":1,"href":"https:\/\/www.aridane.org\/city\/wp-json\/wp\/v2\/posts\/2824\/revisions"}],"predecessor-version":[{"id":2826,"href":"https:\/\/www.aridane.org\/city\/wp-json\/wp\/v2\/posts\/2824\/revisions\/2826"}],"wp:featuredmedia":[{"embeddable":true,"href":"https:\/\/www.aridane.org\/city\/wp-json\/wp\/v2\/media\/2825"}],"wp:attachment":[{"href":"https:\/\/www.aridane.org\/city\/wp-json\/wp\/v2\/media?parent=2824"}],"wp:term":[{"taxonomy":"category","embeddable":true,"href":"https:\/\/www.aridane.org\/city\/wp-json\/wp\/v2\/categories?post=2824"},{"taxonomy":"post_tag","embeddable":true,"href":"https:\/\/www.aridane.org\/city\/wp-json\/wp\/v2\/tags?post=2824"}],"curies":[{"name":"wp","href":"https:\/\/api.w.org\/{rel}","templated":true}]}}