{"id":2827,"date":"2023-08-28T09:41:35","date_gmt":"2023-08-28T09:41:35","guid":{"rendered":"https:\/\/www.aridane.org\/city\/?p=2827"},"modified":"2023-10-03T09:42:49","modified_gmt":"2023-10-03T09:42:49","slug":"el-ayuntamiento-estrecha-la-colaboracion-con-los-servicios-sociales-de-los-llanos-de-aridane","status":"publish","type":"post","link":"https:\/\/www.aridane.org\/city\/2023\/08\/28\/el-ayuntamiento-estrecha-la-colaboracion-con-los-servicios-sociales-de-los-llanos-de-aridane\/","title":{"rendered":"El Ayuntamiento estrecha la colaboraci\u00f3n con los servicios sociales de Los Llanos de Aridane"},"content":{"rendered":"<p><em>El grupo de gobierno municipal considera a las entidades del tercer sector aliados clave<\/em><!--more--><\/p>\n<p>El Ayuntamiento de Los Llanos de Aridane estrecha la colaboraci\u00f3n con los servicios sociales del municipio. En las \u00faltimas semanas, el alcalde, Javier Llamas, y la concejala de Servicios Sociales, Idaira P\u00e9rez, han conocido de primera mano los trabajos y las necesidades de las entidades del tercer sector.<\/p>\n<p>El alcalde asegura que las instituciones de servicios sociales son \u201caliados clave para hacer de Los Llanos de Aridane un municipio m\u00e1s inclusivo, con mejor calidad de vida y con oportunidades para todos y todas\u201d. En este sentido, Javier Llamas tiende la mano a potenciar la colaboraci\u00f3n para consolidar el tejido social del municipio.<\/p>\n<p>Por su parte, la concejala de Servicios Sociales destaca como las entidades del tercer sector son fundamentales para prevenir la exclusi\u00f3n social, apoyando a los grupos m\u00e1s vulnerables y fomentando la integraci\u00f3n social.<\/p>\n<p>\u201cTendemos la mano a todas las instituciones que nos ayuden a convertir Los Llanos en un municipio m\u00e1s justo e igualitario\u201d, a\u00f1ade Idaira P\u00e9rez.<\/p>\n<p>Con el objetivo de coordinar los trabajos y fortalecer la colaboraci\u00f3n han conocido de primera mano los trabajos que se realizan en el Centro de Rehabilitaci\u00f3n Psicosocial Pedregales. Con Cruz Roja se ha estado fomentando el programa de Estimulaci\u00f3n Cognitiva para Mayores, as\u00ed como las acciones que emprende en el municipio Fundaci\u00f3n Solidaridad La Palma.<\/p>\n","protected":false},"excerpt":{"rendered":"<p>El grupo de gobierno municipal considera a las entidades del tercer sector aliados clave<\/p>\n","protected":false},"author":4,"featured_media":2828,"comment_status":"open","ping_status":"open","sticky":false,"template":"","format":"standard","meta":{"footnotes":""},"categories":[6,1],"tags":[],"class_list":["post-2827","post","type-post","status-publish","format-standard","has-post-thumbnail","hentry","category-prensa","category-sin-categoria"],"yoast_head":"<!-- This site is optimized with the Yoast SEO plugin v22.7 - https:\/\/yoast.com\/wordpress\/plugins\/seo\/ -->\n<title>El Ayuntamiento estrecha la colaboraci\u00f3n con los servicios sociales de Los Llanos de Aridane - Ayuntamiento de Los Llanos de Aridane<\/title>\n<meta name=\"robots\" content=\"index, follow, max-snippet:-1, max-image-preview:large, max-video-preview:-1\" \/>\n<link rel=\"canonical\" href=\"https:\/\/www.aridane.org\/city\/2023\/08\/28\/el-ayuntamiento-estrecha-la-colaboracion-con-los-servicios-sociales-de-los-llanos-de-aridane\/\" \/>\n<meta property=\"og:locale\" content=\"es_ES\" \/>\n<meta property=\"og:type\" content=\"article\" \/>\n<meta property=\"og:title\" content=\"El Ayuntamiento estrecha la colaboraci\u00f3n con los servicios sociales de Los Llanos de Aridane - Ayuntamiento de Los Llanos de Aridane\" \/>\n<meta property=\"og:description\" content=\"El grupo de gobierno municipal considera a las entidades del tercer sector aliados clave\" \/>\n<meta property=\"og:url\" content=\"https:\/\/www.aridane.org\/city\/2023\/08\/28\/el-ayuntamiento-estrecha-la-colaboracion-con-los-servicios-sociales-de-los-llanos-de-aridane\/\" \/>\n<meta property=\"og:site_name\" content=\"Ayuntamiento de Los Llanos de Aridane\" \/>\n<meta property=\"article:published_time\" content=\"2023-08-28T09:41:35+00:00\" \/>\n<meta property=\"article:modified_time\" content=\"2023-10-03T09:42:49+00:00\" \/>\n<meta property=\"og:image\" content=\"https:\/\/www.aridane.org\/city\/wp-content\/uploads\/2023\/10\/Servicios-Sociales-de-Los-Llanos.jpeg\" \/>\n\t<meta property=\"og:image:width\" content=\"1024\" \/>\n\t<meta property=\"og:image:height\" content=\"722\" \/>\n\t<meta property=\"og:image:type\" content=\"image\/jpeg\" \/>\n<meta name=\"author\" content=\"Corresponsal\" \/>\n<meta name=\"twitter:card\" content=\"summary_large_image\" \/>\n<meta name=\"twitter:label1\" content=\"Escrito por\" \/>\n\t<meta name=\"twitter:data1\" content=\"Corresponsal\" \/>\n\t<meta name=\"twitter:label2\" content=\"Tiempo de lectura\" \/>\n\t<meta name=\"twitter:data2\" content=\"2 minutos\" \/>\n<script type=\"application\/ld+json\" class=\"yoast-schema-graph\">{\"@context\":\"https:\/\/schema.org\",\"@graph\":[{\"@type\":\"WebPage\",\"@id\":\"https:\/\/www.aridane.org\/city\/2023\/08\/28\/el-ayuntamiento-estrecha-la-colaboracion-con-los-servicios-sociales-de-los-llanos-de-aridane\/\",\"url\":\"https:\/\/www.aridane.org\/city\/2023\/08\/28\/el-ayuntamiento-estrecha-la-colaboracion-con-los-servicios-sociales-de-los-llanos-de-aridane\/\",\"name\":\"El Ayuntamiento estrecha la colaboraci\u00f3n con los servicios sociales de Los Llanos de Aridane - Ayuntamiento de Los Llanos de Aridane\",\"isPartOf\":{\"@id\":\"https:\/\/www.aridane.org\/city\/#website\"},\"primaryImageOfPage\":{\"@id\":\"https:\/\/www.aridane.org\/city\/2023\/08\/28\/el-ayuntamiento-estrecha-la-colaboracion-con-los-servicios-sociales-de-los-llanos-de-aridane\/#primaryimage\"},\"image\":{\"@id\":\"https:\/\/www.aridane.org\/city\/2023\/08\/28\/el-ayuntamiento-estrecha-la-colaboracion-con-los-servicios-sociales-de-los-llanos-de-aridane\/#primaryimage\"},\"thumbnailUrl\":\"https:\/\/www.aridane.org\/city\/wp-content\/uploads\/2023\/10\/Servicios-Sociales-de-Los-Llanos.jpeg\",\"datePublished\":\"2023-08-28T09:41:35+00:00\",\"dateModified\":\"2023-10-03T09:42:49+00:00\",\"author\":{\"@id\":\"https:\/\/www.aridane.org\/city\/#\/schema\/person\/89ebd376b223dc94cc1dbcf200c8e6da\"},\"breadcrumb\":{\"@id\":\"https:\/\/www.aridane.org\/city\/2023\/08\/28\/el-ayuntamiento-estrecha-la-colaboracion-con-los-servicios-sociales-de-los-llanos-de-aridane\/#breadcrumb\"},\"inLanguage\":\"es\",\"potentialAction\":[{\"@type\":\"ReadAction\",\"target\":[\"https:\/\/www.aridane.org\/city\/2023\/08\/28\/el-ayuntamiento-estrecha-la-colaboracion-con-los-servicios-sociales-de-los-llanos-de-aridane\/\"]}]},{\"@type\":\"ImageObject\",\"inLanguage\":\"es\",\"@id\":\"https:\/\/www.aridane.org\/city\/2023\/08\/28\/el-ayuntamiento-estrecha-la-colaboracion-con-los-servicios-sociales-de-los-llanos-de-aridane\/#primaryimage\",\"url\":\"https:\/\/www.aridane.org\/city\/wp-content\/uploads\/2023\/10\/Servicios-Sociales-de-Los-Llanos.jpeg\",\"contentUrl\":\"https:\/\/www.aridane.org\/city\/wp-content\/uploads\/2023\/10\/Servicios-Sociales-de-Los-Llanos.jpeg\",\"width\":1024,\"height\":722},{\"@type\":\"BreadcrumbList\",\"@id\":\"https:\/\/www.aridane.org\/city\/2023\/08\/28\/el-ayuntamiento-estrecha-la-colaboracion-con-los-servicios-sociales-de-los-llanos-de-aridane\/#breadcrumb\",\"itemListElement\":[{\"@type\":\"ListItem\",\"position\":1,\"name\":\"Portada\",\"item\":\"https:\/\/www.aridane.org\/city\/\"},{\"@type\":\"ListItem\",\"position\":2,\"name\":\"El Ayuntamiento estrecha la colaboraci\u00f3n con los servicios sociales de Los Llanos de Aridane\"}]},{\"@type\":\"WebSite\",\"@id\":\"https:\/\/www.aridane.org\/city\/#website\",\"url\":\"https:\/\/www.aridane.org\/city\/\",\"name\":\"Ayuntamiento de Los Llanos de Aridane\",\"description\":\"\",\"potentialAction\":[{\"@type\":\"SearchAction\",\"target\":{\"@type\":\"EntryPoint\",\"urlTemplate\":\"https:\/\/www.aridane.org\/city\/?s={search_term_string}\"},\"query-input\":\"required name=search_term_string\"}],\"inLanguage\":\"es\"},{\"@type\":\"Person\",\"@id\":\"https:\/\/www.aridane.org\/city\/#\/schema\/person\/89ebd376b223dc94cc1dbcf200c8e6da\",\"name\":\"Corresponsal\",\"image\":{\"@type\":\"ImageObject\",\"inLanguage\":\"es\",\"@id\":\"https:\/\/www.aridane.org\/city\/#\/schema\/person\/image\/\",\"url\":\"https:\/\/secure.gravatar.com\/avatar\/1c476992411e4ccf153da63b2b2f5ea0bb4cb1c85f3ceab8512f04325ad5579c?s=96&d=mm&r=g\",\"contentUrl\":\"https:\/\/secure.gravatar.com\/avatar\/1c476992411e4ccf153da63b2b2f5ea0bb4cb1c85f3ceab8512f04325ad5579c?s=96&d=mm&r=g\",\"caption\":\"Corresponsal\"},\"url\":\"https:\/\/www.aridane.org\/city\/author\/corresponsal\/\"}]}<\/script>\n<!-- \/ Yoast SEO plugin. -->","yoast_head_json":{"title":"El Ayuntamiento estrecha la colaboraci\u00f3n con los servicios sociales de Los Llanos de Aridane - Ayuntamiento de Los Llanos de Aridane","robots":{"index":"index","follow":"follow","max-snippet":"max-snippet:-1","max-image-preview":"max-image-preview:large","max-video-preview":"max-video-preview:-1"},"canonical":"https:\/\/www.aridane.org\/city\/2023\/08\/28\/el-ayuntamiento-estrecha-la-colaboracion-con-los-servicios-sociales-de-los-llanos-de-aridane\/","og_locale":"es_ES","og_type":"article","og_title":"El Ayuntamiento estrecha la colaboraci\u00f3n con los servicios sociales de Los Llanos de Aridane - Ayuntamiento de Los Llanos de Aridane","og_description":"El grupo de gobierno municipal considera a las entidades del tercer sector aliados clave","og_url":"https:\/\/www.aridane.org\/city\/2023\/08\/28\/el-ayuntamiento-estrecha-la-colaboracion-con-los-servicios-sociales-de-los-llanos-de-aridane\/","og_site_name":"Ayuntamiento de Los Llanos de Aridane","article_published_time":"2023-08-28T09:41:35+00:00","article_modified_time":"2023-10-03T09:42:49+00:00","og_image":[{"width":1024,"height":722,"url":"https:\/\/www.aridane.org\/city\/wp-content\/uploads\/2023\/10\/Servicios-Sociales-de-Los-Llanos.jpeg","type":"image\/jpeg"}],"author":"Corresponsal","twitter_card":"summary_large_image","twitter_misc":{"Escrito por":"Corresponsal","Tiempo de lectura":"2 minutos"},"schema":{"@context":"https:\/\/schema.org","@graph":[{"@type":"WebPage","@id":"https:\/\/www.aridane.org\/city\/2023\/08\/28\/el-ayuntamiento-estrecha-la-colaboracion-con-los-servicios-sociales-de-los-llanos-de-aridane\/","url":"https:\/\/www.aridane.org\/city\/2023\/08\/28\/el-ayuntamiento-estrecha-la-colaboracion-con-los-servicios-sociales-de-los-llanos-de-aridane\/","name":"El Ayuntamiento estrecha la colaboraci\u00f3n con los servicios sociales de Los Llanos de Aridane - Ayuntamiento de Los Llanos de Aridane","isPartOf":{"@id":"https:\/\/www.aridane.org\/city\/#website"},"primaryImageOfPage":{"@id":"https:\/\/www.aridane.org\/city\/2023\/08\/28\/el-ayuntamiento-estrecha-la-colaboracion-con-los-servicios-sociales-de-los-llanos-de-aridane\/#primaryimage"},"image":{"@id":"https:\/\/www.aridane.org\/city\/2023\/08\/28\/el-ayuntamiento-estrecha-la-colaboracion-con-los-servicios-sociales-de-los-llanos-de-aridane\/#primaryimage"},"thumbnailUrl":"https:\/\/www.aridane.org\/city\/wp-content\/uploads\/2023\/10\/Servicios-Sociales-de-Los-Llanos.jpeg","datePublished":"2023-08-28T09:41:35+00:00","dateModified":"2023-10-03T09:42:49+00:00","author":{"@id":"https:\/\/www.aridane.org\/city\/#\/schema\/person\/89ebd376b223dc94cc1dbcf200c8e6da"},"breadcrumb":{"@id":"https:\/\/www.aridane.org\/city\/2023\/08\/28\/el-ayuntamiento-estrecha-la-colaboracion-con-los-servicios-sociales-de-los-llanos-de-aridane\/#breadcrumb"},"inLanguage":"es","potentialAction":[{"@type":"ReadAction","target":["https:\/\/www.aridane.org\/city\/2023\/08\/28\/el-ayuntamiento-estrecha-la-colaboracion-con-los-servicios-sociales-de-los-llanos-de-aridane\/"]}]},{"@type":"ImageObject","inLanguage":"es","@id":"https:\/\/www.aridane.org\/city\/2023\/08\/28\/el-ayuntamiento-estrecha-la-colaboracion-con-los-servicios-sociales-de-los-llanos-de-aridane\/#primaryimage","url":"https:\/\/www.aridane.org\/city\/wp-content\/uploads\/2023\/10\/Servicios-Sociales-de-Los-Llanos.jpeg","contentUrl":"https:\/\/www.aridane.org\/city\/wp-content\/uploads\/2023\/10\/Servicios-Sociales-de-Los-Llanos.jpeg","width":1024,"height":722},{"@type":"BreadcrumbList","@id":"https:\/\/www.aridane.org\/city\/2023\/08\/28\/el-ayuntamiento-estrecha-la-colaboracion-con-los-servicios-sociales-de-los-llanos-de-aridane\/#breadcrumb","itemListElement":[{"@type":"ListItem","position":1,"name":"Portada","item":"https:\/\/www.aridane.org\/city\/"},{"@type":"ListItem","position":2,"name":"El Ayuntamiento estrecha la colaboraci\u00f3n con los servicios sociales de Los Llanos de Aridane"}]},{"@type":"WebSite","@id":"https:\/\/www.aridane.org\/city\/#website","url":"https:\/\/www.aridane.org\/city\/","name":"Ayuntamiento de Los Llanos de Aridane","description":"","potentialAction":[{"@type":"SearchAction","target":{"@type":"EntryPoint","urlTemplate":"https:\/\/www.aridane.org\/city\/?s={search_term_string}"},"query-input":"required name=search_term_string"}],"inLanguage":"es"},{"@type":"Person","@id":"https:\/\/www.aridane.org\/city\/#\/schema\/person\/89ebd376b223dc94cc1dbcf200c8e6da","name":"Corresponsal","image":{"@type":"ImageObject","inLanguage":"es","@id":"https:\/\/www.aridane.org\/city\/#\/schema\/person\/image\/","url":"https:\/\/secure.gravatar.com\/avatar\/1c476992411e4ccf153da63b2b2f5ea0bb4cb1c85f3ceab8512f04325ad5579c?s=96&d=mm&r=g","contentUrl":"https:\/\/secure.gravatar.com\/avatar\/1c476992411e4ccf153da63b2b2f5ea0bb4cb1c85f3ceab8512f04325ad5579c?s=96&d=mm&r=g","caption":"Corresponsal"},"url":"https:\/\/www.aridane.org\/city\/author\/corresponsal\/"}]}},"_links":{"self":[{"href":"https:\/\/www.aridane.org\/city\/wp-json\/wp\/v2\/posts\/2827","targetHints":{"allow":["GET"]}}],"collection":[{"href":"https:\/\/www.aridane.org\/city\/wp-json\/wp\/v2\/posts"}],"about":[{"href":"https:\/\/www.aridane.org\/city\/wp-json\/wp\/v2\/types\/post"}],"author":[{"embeddable":true,"href":"https:\/\/www.aridane.org\/city\/wp-json\/wp\/v2\/users\/4"}],"replies":[{"embeddable":true,"href":"https:\/\/www.aridane.org\/city\/wp-json\/wp\/v2\/comments?post=2827"}],"version-history":[{"count":1,"href":"https:\/\/www.aridane.org\/city\/wp-json\/wp\/v2\/posts\/2827\/revisions"}],"predecessor-version":[{"id":2829,"href":"https:\/\/www.aridane.org\/city\/wp-json\/wp\/v2\/posts\/2827\/revisions\/2829"}],"wp:featuredmedia":[{"embeddable":true,"href":"https:\/\/www.aridane.org\/city\/wp-json\/wp\/v2\/media\/2828"}],"wp:attachment":[{"href":"https:\/\/www.aridane.org\/city\/wp-json\/wp\/v2\/media?parent=2827"}],"wp:term":[{"taxonomy":"category","embeddable":true,"href":"https:\/\/www.aridane.org\/city\/wp-json\/wp\/v2\/categories?post=2827"},{"taxonomy":"post_tag","embeddable":true,"href":"https:\/\/www.aridane.org\/city\/wp-json\/wp\/v2\/tags?post=2827"}],"curies":[{"name":"wp","href":"https:\/\/api.w.org\/{rel}","templated":true}]}}