{"id":2830,"date":"2023-10-03T10:06:36","date_gmt":"2023-10-03T10:06:36","guid":{"rendered":"https:\/\/www.aridane.org\/city\/?p=2830"},"modified":"2023-10-03T10:06:36","modified_gmt":"2023-10-03T10:06:36","slug":"el-futuro-la-galaxia-la-astronomia-y-las-estrellas-sera-la-tematica-del-carnaval-de-los-llanos-de-aridane-2024","status":"publish","type":"post","link":"https:\/\/www.aridane.org\/city\/2023\/10\/03\/el-futuro-la-galaxia-la-astronomia-y-las-estrellas-sera-la-tematica-del-carnaval-de-los-llanos-de-aridane-2024\/","title":{"rendered":"\u2018El Futuro, La Galaxia, La Astronom\u00eda y Las Estrellas\u2019 ser\u00e1 la tem\u00e1tica del Carnaval de Los Llanos de Aridane 2024"},"content":{"rendered":"<p><em>Desde el Ayuntamiento se\u00f1alan que en las pr\u00f3ximas semanas se convocar\u00e1n las bases para elegir el cartel anunciador del Carnaval<\/em><!--more--><\/p>\n<p>El Ayuntamiento de Los Llanos de Aridane anuncia que la tem\u00e1tica del Carnaval de Los Llanos de Aridane 2024 ser\u00e1 \u2018El futuro, la Galaxia, la Astronom\u00eda y las Estrellas\u2019. Desde la Concejal\u00eda de Fiestas que dirige \u00c1lvaro Pages trabajan para hacer de la pr\u00f3xima edici\u00f3n un evento inolvidable, en el que prime la imaginaci\u00f3n y la diversi\u00f3n.<\/p>\n<p>Pages explica que la tem\u00e1tica fue fijada tras mantener reuniones con dise\u00f1adores del Carnaval, as\u00ed como con los diversos grupos que participan en las fiestas.<\/p>\n<p>\u00abEstamos seguros de que este tema nos llevar\u00e1 a explorar un mundo lleno de creatividad y asombro\u201d, apunta el concejal. \u201cEs hora de sacar a relucir nuestra imaginaci\u00f3n, y comenzar a planificar esos disfraces espectaculares que nos har\u00e1n brillar durante todos los carnavales\u201d, a\u00f1ade.<\/p>\n<p>Por su parte, el alcalde de Los Llanos de Aridane, Javier Llamas, destaca el trabajo que se est\u00e1 realizando para el Carnaval de 2024. \u201cDesde ya estamos planificando unas fiestas que ser\u00e1n mejores y m\u00e1s especiales. Adem\u00e1s, tenemos un imperativo emocional tras la partida de Do\u00f1a Violeta Pino P\u00e9rez. Su memoria estar\u00e1 muy presente en el Carnaval\u201d, apunta.<\/p>\n<p><strong>Concurso del Cartel del Carnaval<\/strong><\/p>\n<p>El concejal de Fiestas tambi\u00e9n se\u00f1ala que en breve se convocar\u00e1n las bases para el concurso del Cartel del Carnaval. \u201cEsto significa que tendr\u00e1n la oportunidad de mostrar su talento art\u00edstico y contribuir a la imagen visual de estas fiestas\u201d, apunta.<\/p>\n<p>Asimismo, Pages agradeci\u00f3 a todos los grupos del carnaval \u00absu dedicaci\u00f3n y pasi\u00f3n, fuerza impulsora detr\u00e1s de estas festividades.<\/p>\n","protected":false},"excerpt":{"rendered":"<p>Desde el Ayuntamiento se\u00f1alan que en las pr\u00f3ximas semanas se convocar\u00e1n las bases para elegir el cartel anunciador del Carnaval<\/p>\n","protected":false},"author":4,"featured_media":2831,"comment_status":"open","ping_status":"open","sticky":false,"template":"","format":"standard","meta":{"footnotes":""},"categories":[6],"tags":[],"class_list":["post-2830","post","type-post","status-publish","format-standard","has-post-thumbnail","hentry","category-prensa"],"yoast_head":"<!-- This site is optimized with the Yoast SEO plugin v22.7 - https:\/\/yoast.com\/wordpress\/plugins\/seo\/ -->\n<title>\u2018El Futuro, La Galaxia, La Astronom\u00eda y Las Estrellas\u2019 ser\u00e1 la tem\u00e1tica del Carnaval de Los Llanos de Aridane 2024 - Ayuntamiento de Los Llanos de Aridane<\/title>\n<meta name=\"robots\" content=\"index, follow, max-snippet:-1, max-image-preview:large, max-video-preview:-1\" \/>\n<link rel=\"canonical\" href=\"https:\/\/www.aridane.org\/city\/2023\/10\/03\/el-futuro-la-galaxia-la-astronomia-y-las-estrellas-sera-la-tematica-del-carnaval-de-los-llanos-de-aridane-2024\/\" \/>\n<meta property=\"og:locale\" content=\"es_ES\" \/>\n<meta property=\"og:type\" content=\"article\" \/>\n<meta property=\"og:title\" content=\"\u2018El Futuro, La Galaxia, La Astronom\u00eda y Las Estrellas\u2019 ser\u00e1 la tem\u00e1tica del Carnaval de Los Llanos de Aridane 2024 - Ayuntamiento de Los Llanos de Aridane\" \/>\n<meta property=\"og:description\" content=\"Desde el Ayuntamiento se\u00f1alan que en las pr\u00f3ximas semanas se convocar\u00e1n las bases para elegir el cartel anunciador del Carnaval\" \/>\n<meta property=\"og:url\" content=\"https:\/\/www.aridane.org\/city\/2023\/10\/03\/el-futuro-la-galaxia-la-astronomia-y-las-estrellas-sera-la-tematica-del-carnaval-de-los-llanos-de-aridane-2024\/\" \/>\n<meta property=\"og:site_name\" content=\"Ayuntamiento de Los Llanos de Aridane\" \/>\n<meta property=\"article:published_time\" content=\"2023-10-03T10:06:36+00:00\" \/>\n<meta property=\"og:image\" content=\"https:\/\/www.aridane.org\/city\/wp-content\/uploads\/2023\/10\/Foto-Carnaval-Los-Llanos.jpeg\" \/>\n\t<meta property=\"og:image:width\" content=\"1600\" \/>\n\t<meta property=\"og:image:height\" content=\"1131\" \/>\n\t<meta property=\"og:image:type\" content=\"image\/jpeg\" \/>\n<meta name=\"author\" content=\"Corresponsal\" \/>\n<meta name=\"twitter:card\" content=\"summary_large_image\" \/>\n<meta name=\"twitter:label1\" content=\"Escrito por\" \/>\n\t<meta name=\"twitter:data1\" content=\"Corresponsal\" \/>\n\t<meta name=\"twitter:label2\" content=\"Tiempo de lectura\" \/>\n\t<meta name=\"twitter:data2\" content=\"2 minutos\" \/>\n<script type=\"application\/ld+json\" class=\"yoast-schema-graph\">{\"@context\":\"https:\/\/schema.org\",\"@graph\":[{\"@type\":\"WebPage\",\"@id\":\"https:\/\/www.aridane.org\/city\/2023\/10\/03\/el-futuro-la-galaxia-la-astronomia-y-las-estrellas-sera-la-tematica-del-carnaval-de-los-llanos-de-aridane-2024\/\",\"url\":\"https:\/\/www.aridane.org\/city\/2023\/10\/03\/el-futuro-la-galaxia-la-astronomia-y-las-estrellas-sera-la-tematica-del-carnaval-de-los-llanos-de-aridane-2024\/\",\"name\":\"\u2018El Futuro, La Galaxia, La Astronom\u00eda y Las Estrellas\u2019 ser\u00e1 la tem\u00e1tica del Carnaval de Los Llanos de Aridane 2024 - Ayuntamiento de Los Llanos de Aridane\",\"isPartOf\":{\"@id\":\"https:\/\/www.aridane.org\/city\/#website\"},\"primaryImageOfPage\":{\"@id\":\"https:\/\/www.aridane.org\/city\/2023\/10\/03\/el-futuro-la-galaxia-la-astronomia-y-las-estrellas-sera-la-tematica-del-carnaval-de-los-llanos-de-aridane-2024\/#primaryimage\"},\"image\":{\"@id\":\"https:\/\/www.aridane.org\/city\/2023\/10\/03\/el-futuro-la-galaxia-la-astronomia-y-las-estrellas-sera-la-tematica-del-carnaval-de-los-llanos-de-aridane-2024\/#primaryimage\"},\"thumbnailUrl\":\"https:\/\/www.aridane.org\/city\/wp-content\/uploads\/2023\/10\/Foto-Carnaval-Los-Llanos.jpeg\",\"datePublished\":\"2023-10-03T10:06:36+00:00\",\"dateModified\":\"2023-10-03T10:06:36+00:00\",\"author\":{\"@id\":\"https:\/\/www.aridane.org\/city\/#\/schema\/person\/89ebd376b223dc94cc1dbcf200c8e6da\"},\"breadcrumb\":{\"@id\":\"https:\/\/www.aridane.org\/city\/2023\/10\/03\/el-futuro-la-galaxia-la-astronomia-y-las-estrellas-sera-la-tematica-del-carnaval-de-los-llanos-de-aridane-2024\/#breadcrumb\"},\"inLanguage\":\"es\",\"potentialAction\":[{\"@type\":\"ReadAction\",\"target\":[\"https:\/\/www.aridane.org\/city\/2023\/10\/03\/el-futuro-la-galaxia-la-astronomia-y-las-estrellas-sera-la-tematica-del-carnaval-de-los-llanos-de-aridane-2024\/\"]}]},{\"@type\":\"ImageObject\",\"inLanguage\":\"es\",\"@id\":\"https:\/\/www.aridane.org\/city\/2023\/10\/03\/el-futuro-la-galaxia-la-astronomia-y-las-estrellas-sera-la-tematica-del-carnaval-de-los-llanos-de-aridane-2024\/#primaryimage\",\"url\":\"https:\/\/www.aridane.org\/city\/wp-content\/uploads\/2023\/10\/Foto-Carnaval-Los-Llanos.jpeg\",\"contentUrl\":\"https:\/\/www.aridane.org\/city\/wp-content\/uploads\/2023\/10\/Foto-Carnaval-Los-Llanos.jpeg\",\"width\":1600,\"height\":1131},{\"@type\":\"BreadcrumbList\",\"@id\":\"https:\/\/www.aridane.org\/city\/2023\/10\/03\/el-futuro-la-galaxia-la-astronomia-y-las-estrellas-sera-la-tematica-del-carnaval-de-los-llanos-de-aridane-2024\/#breadcrumb\",\"itemListElement\":[{\"@type\":\"ListItem\",\"position\":1,\"name\":\"Portada\",\"item\":\"https:\/\/www.aridane.org\/city\/\"},{\"@type\":\"ListItem\",\"position\":2,\"name\":\"\u2018El Futuro, La Galaxia, La Astronom\u00eda y Las Estrellas\u2019 ser\u00e1 la tem\u00e1tica del Carnaval de Los Llanos de Aridane 2024\"}]},{\"@type\":\"WebSite\",\"@id\":\"https:\/\/www.aridane.org\/city\/#website\",\"url\":\"https:\/\/www.aridane.org\/city\/\",\"name\":\"Ayuntamiento de Los Llanos de Aridane\",\"description\":\"\",\"potentialAction\":[{\"@type\":\"SearchAction\",\"target\":{\"@type\":\"EntryPoint\",\"urlTemplate\":\"https:\/\/www.aridane.org\/city\/?s={search_term_string}\"},\"query-input\":\"required name=search_term_string\"}],\"inLanguage\":\"es\"},{\"@type\":\"Person\",\"@id\":\"https:\/\/www.aridane.org\/city\/#\/schema\/person\/89ebd376b223dc94cc1dbcf200c8e6da\",\"name\":\"Corresponsal\",\"image\":{\"@type\":\"ImageObject\",\"inLanguage\":\"es\",\"@id\":\"https:\/\/www.aridane.org\/city\/#\/schema\/person\/image\/\",\"url\":\"https:\/\/secure.gravatar.com\/avatar\/1c476992411e4ccf153da63b2b2f5ea0bb4cb1c85f3ceab8512f04325ad5579c?s=96&d=mm&r=g\",\"contentUrl\":\"https:\/\/secure.gravatar.com\/avatar\/1c476992411e4ccf153da63b2b2f5ea0bb4cb1c85f3ceab8512f04325ad5579c?s=96&d=mm&r=g\",\"caption\":\"Corresponsal\"},\"url\":\"https:\/\/www.aridane.org\/city\/author\/corresponsal\/\"}]}<\/script>\n<!-- \/ Yoast SEO plugin. -->","yoast_head_json":{"title":"\u2018El Futuro, La Galaxia, La Astronom\u00eda y Las Estrellas\u2019 ser\u00e1 la tem\u00e1tica del Carnaval de Los Llanos de Aridane 2024 - Ayuntamiento de Los Llanos de Aridane","robots":{"index":"index","follow":"follow","max-snippet":"max-snippet:-1","max-image-preview":"max-image-preview:large","max-video-preview":"max-video-preview:-1"},"canonical":"https:\/\/www.aridane.org\/city\/2023\/10\/03\/el-futuro-la-galaxia-la-astronomia-y-las-estrellas-sera-la-tematica-del-carnaval-de-los-llanos-de-aridane-2024\/","og_locale":"es_ES","og_type":"article","og_title":"\u2018El Futuro, La Galaxia, La Astronom\u00eda y Las Estrellas\u2019 ser\u00e1 la tem\u00e1tica del Carnaval de Los Llanos de Aridane 2024 - Ayuntamiento de Los Llanos de Aridane","og_description":"Desde el Ayuntamiento se\u00f1alan que en las pr\u00f3ximas semanas se convocar\u00e1n las bases para elegir el cartel anunciador del Carnaval","og_url":"https:\/\/www.aridane.org\/city\/2023\/10\/03\/el-futuro-la-galaxia-la-astronomia-y-las-estrellas-sera-la-tematica-del-carnaval-de-los-llanos-de-aridane-2024\/","og_site_name":"Ayuntamiento de Los Llanos de Aridane","article_published_time":"2023-10-03T10:06:36+00:00","og_image":[{"width":1600,"height":1131,"url":"https:\/\/www.aridane.org\/city\/wp-content\/uploads\/2023\/10\/Foto-Carnaval-Los-Llanos.jpeg","type":"image\/jpeg"}],"author":"Corresponsal","twitter_card":"summary_large_image","twitter_misc":{"Escrito por":"Corresponsal","Tiempo de lectura":"2 minutos"},"schema":{"@context":"https:\/\/schema.org","@graph":[{"@type":"WebPage","@id":"https:\/\/www.aridane.org\/city\/2023\/10\/03\/el-futuro-la-galaxia-la-astronomia-y-las-estrellas-sera-la-tematica-del-carnaval-de-los-llanos-de-aridane-2024\/","url":"https:\/\/www.aridane.org\/city\/2023\/10\/03\/el-futuro-la-galaxia-la-astronomia-y-las-estrellas-sera-la-tematica-del-carnaval-de-los-llanos-de-aridane-2024\/","name":"\u2018El Futuro, La Galaxia, La Astronom\u00eda y Las Estrellas\u2019 ser\u00e1 la tem\u00e1tica del Carnaval de Los Llanos de Aridane 2024 - Ayuntamiento de Los Llanos de Aridane","isPartOf":{"@id":"https:\/\/www.aridane.org\/city\/#website"},"primaryImageOfPage":{"@id":"https:\/\/www.aridane.org\/city\/2023\/10\/03\/el-futuro-la-galaxia-la-astronomia-y-las-estrellas-sera-la-tematica-del-carnaval-de-los-llanos-de-aridane-2024\/#primaryimage"},"image":{"@id":"https:\/\/www.aridane.org\/city\/2023\/10\/03\/el-futuro-la-galaxia-la-astronomia-y-las-estrellas-sera-la-tematica-del-carnaval-de-los-llanos-de-aridane-2024\/#primaryimage"},"thumbnailUrl":"https:\/\/www.aridane.org\/city\/wp-content\/uploads\/2023\/10\/Foto-Carnaval-Los-Llanos.jpeg","datePublished":"2023-10-03T10:06:36+00:00","dateModified":"2023-10-03T10:06:36+00:00","author":{"@id":"https:\/\/www.aridane.org\/city\/#\/schema\/person\/89ebd376b223dc94cc1dbcf200c8e6da"},"breadcrumb":{"@id":"https:\/\/www.aridane.org\/city\/2023\/10\/03\/el-futuro-la-galaxia-la-astronomia-y-las-estrellas-sera-la-tematica-del-carnaval-de-los-llanos-de-aridane-2024\/#breadcrumb"},"inLanguage":"es","potentialAction":[{"@type":"ReadAction","target":["https:\/\/www.aridane.org\/city\/2023\/10\/03\/el-futuro-la-galaxia-la-astronomia-y-las-estrellas-sera-la-tematica-del-carnaval-de-los-llanos-de-aridane-2024\/"]}]},{"@type":"ImageObject","inLanguage":"es","@id":"https:\/\/www.aridane.org\/city\/2023\/10\/03\/el-futuro-la-galaxia-la-astronomia-y-las-estrellas-sera-la-tematica-del-carnaval-de-los-llanos-de-aridane-2024\/#primaryimage","url":"https:\/\/www.aridane.org\/city\/wp-content\/uploads\/2023\/10\/Foto-Carnaval-Los-Llanos.jpeg","contentUrl":"https:\/\/www.aridane.org\/city\/wp-content\/uploads\/2023\/10\/Foto-Carnaval-Los-Llanos.jpeg","width":1600,"height":1131},{"@type":"BreadcrumbList","@id":"https:\/\/www.aridane.org\/city\/2023\/10\/03\/el-futuro-la-galaxia-la-astronomia-y-las-estrellas-sera-la-tematica-del-carnaval-de-los-llanos-de-aridane-2024\/#breadcrumb","itemListElement":[{"@type":"ListItem","position":1,"name":"Portada","item":"https:\/\/www.aridane.org\/city\/"},{"@type":"ListItem","position":2,"name":"\u2018El Futuro, La Galaxia, La Astronom\u00eda y Las Estrellas\u2019 ser\u00e1 la tem\u00e1tica del Carnaval de Los Llanos de Aridane 2024"}]},{"@type":"WebSite","@id":"https:\/\/www.aridane.org\/city\/#website","url":"https:\/\/www.aridane.org\/city\/","name":"Ayuntamiento de Los Llanos de Aridane","description":"","potentialAction":[{"@type":"SearchAction","target":{"@type":"EntryPoint","urlTemplate":"https:\/\/www.aridane.org\/city\/?s={search_term_string}"},"query-input":"required name=search_term_string"}],"inLanguage":"es"},{"@type":"Person","@id":"https:\/\/www.aridane.org\/city\/#\/schema\/person\/89ebd376b223dc94cc1dbcf200c8e6da","name":"Corresponsal","image":{"@type":"ImageObject","inLanguage":"es","@id":"https:\/\/www.aridane.org\/city\/#\/schema\/person\/image\/","url":"https:\/\/secure.gravatar.com\/avatar\/1c476992411e4ccf153da63b2b2f5ea0bb4cb1c85f3ceab8512f04325ad5579c?s=96&d=mm&r=g","contentUrl":"https:\/\/secure.gravatar.com\/avatar\/1c476992411e4ccf153da63b2b2f5ea0bb4cb1c85f3ceab8512f04325ad5579c?s=96&d=mm&r=g","caption":"Corresponsal"},"url":"https:\/\/www.aridane.org\/city\/author\/corresponsal\/"}]}},"_links":{"self":[{"href":"https:\/\/www.aridane.org\/city\/wp-json\/wp\/v2\/posts\/2830","targetHints":{"allow":["GET"]}}],"collection":[{"href":"https:\/\/www.aridane.org\/city\/wp-json\/wp\/v2\/posts"}],"about":[{"href":"https:\/\/www.aridane.org\/city\/wp-json\/wp\/v2\/types\/post"}],"author":[{"embeddable":true,"href":"https:\/\/www.aridane.org\/city\/wp-json\/wp\/v2\/users\/4"}],"replies":[{"embeddable":true,"href":"https:\/\/www.aridane.org\/city\/wp-json\/wp\/v2\/comments?post=2830"}],"version-history":[{"count":1,"href":"https:\/\/www.aridane.org\/city\/wp-json\/wp\/v2\/posts\/2830\/revisions"}],"predecessor-version":[{"id":2832,"href":"https:\/\/www.aridane.org\/city\/wp-json\/wp\/v2\/posts\/2830\/revisions\/2832"}],"wp:featuredmedia":[{"embeddable":true,"href":"https:\/\/www.aridane.org\/city\/wp-json\/wp\/v2\/media\/2831"}],"wp:attachment":[{"href":"https:\/\/www.aridane.org\/city\/wp-json\/wp\/v2\/media?parent=2830"}],"wp:term":[{"taxonomy":"category","embeddable":true,"href":"https:\/\/www.aridane.org\/city\/wp-json\/wp\/v2\/categories?post=2830"},{"taxonomy":"post_tag","embeddable":true,"href":"https:\/\/www.aridane.org\/city\/wp-json\/wp\/v2\/tags?post=2830"}],"curies":[{"name":"wp","href":"https:\/\/api.w.org\/{rel}","templated":true}]}}