{"id":2836,"date":"2023-10-04T12:36:51","date_gmt":"2023-10-04T12:36:51","guid":{"rendered":"https:\/\/www.aridane.org\/city\/?p=2836"},"modified":"2023-10-04T13:05:50","modified_gmt":"2023-10-04T13:05:50","slug":"concluye-el-servicio-de-socorrismo-en-charco-verde-sin-incidentes-graves","status":"publish","type":"post","link":"https:\/\/www.aridane.org\/city\/2023\/10\/04\/concluye-el-servicio-de-socorrismo-en-charco-verde-sin-incidentes-graves\/","title":{"rendered":"Concluye el servicio de socorrismo en Charco Verde sin incidentes graves"},"content":{"rendered":"<p><em>El concejal de Seguridad, Francisco Acosta, felicita y destaca la labor realizada por el personal socorrista<\/em><br \/>\n<!--more--><\/p>\n<div id=\"v1forwardbody1\">\n<p>El Ayuntamiento de Los Llanos de Aridane finaliza el servicio de socorrismo que presta en la playa de Charco Verde durante la \u00e9poca veraniega, concluyendo sin ning\u00fan incidente de gravedad.<\/p>\n<p>Durante estos meses, el equipo de socorristas realizaron un total de 25 avisos y recomendaciones, tres avisos por la presencia de rocas peligrosas en la zona, y un ba\u00f1ista asistido, reflejando as\u00ed unos datos muy positivos.<\/p>\n<p>El concejal de Seguridad, Francisco Acosta, se mostr\u00f3 satisfecho por las buenas cifras obtenidas. \u201cAcab\u00f3 la temporada de verano gracias a la profesionalidad y perseverancia que d\u00eda a d\u00eda sobrellevamos, logrando solventar todos los imprevistos causados al tener un magn\u00edfico equipo de trabajo. Los n\u00fameros reflejan y son la prueba de los buenos resultados\u201d, a\u00f1ade.<\/p>\n<p>Por su parte, el responsable de la empresa INSERFO, Luis Miguel Valiente Morales, agradece al Ayuntamiento la predisposici\u00f3n y facilidades diarias para poder realizar su trabajo con garant\u00edas, queriendo \u201cdar las gracias\u201d a los concejales, que \u201cregalaron su tiempo preocup\u00e1ndose d\u00eda a d\u00eda por nosotros, y poniendo a disposici\u00f3n el material que tanto necesit\u00e1bamos\u201d, apunta.<\/p>\n<p>El alcalde, Javier Llamas, destac\u00f3 la ausencia de fallecimientos debido a las labores de socorrismo. \u201cLa mejor noticia es, sin duda, que no tenemos que lamentar la p\u00e9rdida de ninguna persona, y eso no ser\u00eda posible sin el trabajo encomiable de todo el equipo de salvamento\u201d, se\u00f1ala.<\/p>\n<p>De este modo se cumple con el objetivo marcado por el Ayuntamiento de Los Llanos de Aridane, velando as\u00ed por la seguridad de los ba\u00f1istas y personas usuarias de la playa.<\/p>\n<\/div>\n","protected":false},"excerpt":{"rendered":"<p>El concejal de Seguridad, Francisco Acosta, felicita y destaca la labor realizada por el personal socorrista<\/p>\n","protected":false},"author":4,"featured_media":2838,"comment_status":"open","ping_status":"open","sticky":false,"template":"","format":"standard","meta":{"footnotes":""},"categories":[6],"tags":[],"class_list":["post-2836","post","type-post","status-publish","format-standard","has-post-thumbnail","hentry","category-prensa"],"yoast_head":"<!-- This site is optimized with the Yoast SEO plugin v22.7 - https:\/\/yoast.com\/wordpress\/plugins\/seo\/ -->\n<title>Concluye el servicio de socorrismo en Charco Verde sin incidentes graves - Ayuntamiento de Los Llanos de Aridane<\/title>\n<meta name=\"robots\" content=\"index, follow, max-snippet:-1, max-image-preview:large, max-video-preview:-1\" \/>\n<link rel=\"canonical\" href=\"https:\/\/www.aridane.org\/city\/2023\/10\/04\/concluye-el-servicio-de-socorrismo-en-charco-verde-sin-incidentes-graves\/\" \/>\n<meta property=\"og:locale\" content=\"es_ES\" \/>\n<meta property=\"og:type\" content=\"article\" \/>\n<meta property=\"og:title\" content=\"Concluye el servicio de socorrismo en Charco Verde sin incidentes graves - Ayuntamiento de Los Llanos de Aridane\" \/>\n<meta property=\"og:description\" content=\"El concejal de Seguridad, Francisco Acosta, felicita y destaca la labor realizada por el personal socorrista\" \/>\n<meta property=\"og:url\" content=\"https:\/\/www.aridane.org\/city\/2023\/10\/04\/concluye-el-servicio-de-socorrismo-en-charco-verde-sin-incidentes-graves\/\" \/>\n<meta property=\"og:site_name\" content=\"Ayuntamiento de Los Llanos de Aridane\" \/>\n<meta property=\"article:published_time\" content=\"2023-10-04T12:36:51+00:00\" \/>\n<meta property=\"article:modified_time\" content=\"2023-10-04T13:05:50+00:00\" \/>\n<meta property=\"og:image\" content=\"https:\/\/www.aridane.org\/city\/wp-content\/uploads\/2023\/10\/Socorrismo-Charco-Verde.jpeg\" \/>\n\t<meta property=\"og:image:width\" content=\"1536\" \/>\n\t<meta property=\"og:image:height\" content=\"2048\" \/>\n\t<meta property=\"og:image:type\" content=\"image\/jpeg\" \/>\n<meta name=\"author\" content=\"Corresponsal\" \/>\n<meta name=\"twitter:card\" content=\"summary_large_image\" \/>\n<meta name=\"twitter:label1\" content=\"Escrito por\" \/>\n\t<meta name=\"twitter:data1\" content=\"Corresponsal\" \/>\n\t<meta name=\"twitter:label2\" content=\"Tiempo de lectura\" \/>\n\t<meta name=\"twitter:data2\" content=\"2 minutos\" \/>\n<script type=\"application\/ld+json\" class=\"yoast-schema-graph\">{\"@context\":\"https:\/\/schema.org\",\"@graph\":[{\"@type\":\"WebPage\",\"@id\":\"https:\/\/www.aridane.org\/city\/2023\/10\/04\/concluye-el-servicio-de-socorrismo-en-charco-verde-sin-incidentes-graves\/\",\"url\":\"https:\/\/www.aridane.org\/city\/2023\/10\/04\/concluye-el-servicio-de-socorrismo-en-charco-verde-sin-incidentes-graves\/\",\"name\":\"Concluye el servicio de socorrismo en Charco Verde sin incidentes graves - Ayuntamiento de Los Llanos de Aridane\",\"isPartOf\":{\"@id\":\"https:\/\/www.aridane.org\/city\/#website\"},\"primaryImageOfPage\":{\"@id\":\"https:\/\/www.aridane.org\/city\/2023\/10\/04\/concluye-el-servicio-de-socorrismo-en-charco-verde-sin-incidentes-graves\/#primaryimage\"},\"image\":{\"@id\":\"https:\/\/www.aridane.org\/city\/2023\/10\/04\/concluye-el-servicio-de-socorrismo-en-charco-verde-sin-incidentes-graves\/#primaryimage\"},\"thumbnailUrl\":\"https:\/\/www.aridane.org\/city\/wp-content\/uploads\/2023\/10\/Socorrismo-Charco-Verde.jpeg\",\"datePublished\":\"2023-10-04T12:36:51+00:00\",\"dateModified\":\"2023-10-04T13:05:50+00:00\",\"author\":{\"@id\":\"https:\/\/www.aridane.org\/city\/#\/schema\/person\/89ebd376b223dc94cc1dbcf200c8e6da\"},\"breadcrumb\":{\"@id\":\"https:\/\/www.aridane.org\/city\/2023\/10\/04\/concluye-el-servicio-de-socorrismo-en-charco-verde-sin-incidentes-graves\/#breadcrumb\"},\"inLanguage\":\"es\",\"potentialAction\":[{\"@type\":\"ReadAction\",\"target\":[\"https:\/\/www.aridane.org\/city\/2023\/10\/04\/concluye-el-servicio-de-socorrismo-en-charco-verde-sin-incidentes-graves\/\"]}]},{\"@type\":\"ImageObject\",\"inLanguage\":\"es\",\"@id\":\"https:\/\/www.aridane.org\/city\/2023\/10\/04\/concluye-el-servicio-de-socorrismo-en-charco-verde-sin-incidentes-graves\/#primaryimage\",\"url\":\"https:\/\/www.aridane.org\/city\/wp-content\/uploads\/2023\/10\/Socorrismo-Charco-Verde.jpeg\",\"contentUrl\":\"https:\/\/www.aridane.org\/city\/wp-content\/uploads\/2023\/10\/Socorrismo-Charco-Verde.jpeg\",\"width\":1536,\"height\":2048},{\"@type\":\"BreadcrumbList\",\"@id\":\"https:\/\/www.aridane.org\/city\/2023\/10\/04\/concluye-el-servicio-de-socorrismo-en-charco-verde-sin-incidentes-graves\/#breadcrumb\",\"itemListElement\":[{\"@type\":\"ListItem\",\"position\":1,\"name\":\"Portada\",\"item\":\"https:\/\/www.aridane.org\/city\/\"},{\"@type\":\"ListItem\",\"position\":2,\"name\":\"Concluye el servicio de socorrismo en Charco Verde sin incidentes graves\"}]},{\"@type\":\"WebSite\",\"@id\":\"https:\/\/www.aridane.org\/city\/#website\",\"url\":\"https:\/\/www.aridane.org\/city\/\",\"name\":\"Ayuntamiento de Los Llanos de Aridane\",\"description\":\"\",\"potentialAction\":[{\"@type\":\"SearchAction\",\"target\":{\"@type\":\"EntryPoint\",\"urlTemplate\":\"https:\/\/www.aridane.org\/city\/?s={search_term_string}\"},\"query-input\":\"required name=search_term_string\"}],\"inLanguage\":\"es\"},{\"@type\":\"Person\",\"@id\":\"https:\/\/www.aridane.org\/city\/#\/schema\/person\/89ebd376b223dc94cc1dbcf200c8e6da\",\"name\":\"Corresponsal\",\"image\":{\"@type\":\"ImageObject\",\"inLanguage\":\"es\",\"@id\":\"https:\/\/www.aridane.org\/city\/#\/schema\/person\/image\/\",\"url\":\"https:\/\/secure.gravatar.com\/avatar\/1c476992411e4ccf153da63b2b2f5ea0bb4cb1c85f3ceab8512f04325ad5579c?s=96&d=mm&r=g\",\"contentUrl\":\"https:\/\/secure.gravatar.com\/avatar\/1c476992411e4ccf153da63b2b2f5ea0bb4cb1c85f3ceab8512f04325ad5579c?s=96&d=mm&r=g\",\"caption\":\"Corresponsal\"},\"url\":\"https:\/\/www.aridane.org\/city\/author\/corresponsal\/\"}]}<\/script>\n<!-- \/ Yoast SEO plugin. -->","yoast_head_json":{"title":"Concluye el servicio de socorrismo en Charco Verde sin incidentes graves - Ayuntamiento de Los Llanos de Aridane","robots":{"index":"index","follow":"follow","max-snippet":"max-snippet:-1","max-image-preview":"max-image-preview:large","max-video-preview":"max-video-preview:-1"},"canonical":"https:\/\/www.aridane.org\/city\/2023\/10\/04\/concluye-el-servicio-de-socorrismo-en-charco-verde-sin-incidentes-graves\/","og_locale":"es_ES","og_type":"article","og_title":"Concluye el servicio de socorrismo en Charco Verde sin incidentes graves - Ayuntamiento de Los Llanos de Aridane","og_description":"El concejal de Seguridad, Francisco Acosta, felicita y destaca la labor realizada por el personal socorrista","og_url":"https:\/\/www.aridane.org\/city\/2023\/10\/04\/concluye-el-servicio-de-socorrismo-en-charco-verde-sin-incidentes-graves\/","og_site_name":"Ayuntamiento de Los Llanos de Aridane","article_published_time":"2023-10-04T12:36:51+00:00","article_modified_time":"2023-10-04T13:05:50+00:00","og_image":[{"width":1536,"height":2048,"url":"https:\/\/www.aridane.org\/city\/wp-content\/uploads\/2023\/10\/Socorrismo-Charco-Verde.jpeg","type":"image\/jpeg"}],"author":"Corresponsal","twitter_card":"summary_large_image","twitter_misc":{"Escrito por":"Corresponsal","Tiempo de lectura":"2 minutos"},"schema":{"@context":"https:\/\/schema.org","@graph":[{"@type":"WebPage","@id":"https:\/\/www.aridane.org\/city\/2023\/10\/04\/concluye-el-servicio-de-socorrismo-en-charco-verde-sin-incidentes-graves\/","url":"https:\/\/www.aridane.org\/city\/2023\/10\/04\/concluye-el-servicio-de-socorrismo-en-charco-verde-sin-incidentes-graves\/","name":"Concluye el servicio de socorrismo en Charco Verde sin incidentes graves - Ayuntamiento de Los Llanos de Aridane","isPartOf":{"@id":"https:\/\/www.aridane.org\/city\/#website"},"primaryImageOfPage":{"@id":"https:\/\/www.aridane.org\/city\/2023\/10\/04\/concluye-el-servicio-de-socorrismo-en-charco-verde-sin-incidentes-graves\/#primaryimage"},"image":{"@id":"https:\/\/www.aridane.org\/city\/2023\/10\/04\/concluye-el-servicio-de-socorrismo-en-charco-verde-sin-incidentes-graves\/#primaryimage"},"thumbnailUrl":"https:\/\/www.aridane.org\/city\/wp-content\/uploads\/2023\/10\/Socorrismo-Charco-Verde.jpeg","datePublished":"2023-10-04T12:36:51+00:00","dateModified":"2023-10-04T13:05:50+00:00","author":{"@id":"https:\/\/www.aridane.org\/city\/#\/schema\/person\/89ebd376b223dc94cc1dbcf200c8e6da"},"breadcrumb":{"@id":"https:\/\/www.aridane.org\/city\/2023\/10\/04\/concluye-el-servicio-de-socorrismo-en-charco-verde-sin-incidentes-graves\/#breadcrumb"},"inLanguage":"es","potentialAction":[{"@type":"ReadAction","target":["https:\/\/www.aridane.org\/city\/2023\/10\/04\/concluye-el-servicio-de-socorrismo-en-charco-verde-sin-incidentes-graves\/"]}]},{"@type":"ImageObject","inLanguage":"es","@id":"https:\/\/www.aridane.org\/city\/2023\/10\/04\/concluye-el-servicio-de-socorrismo-en-charco-verde-sin-incidentes-graves\/#primaryimage","url":"https:\/\/www.aridane.org\/city\/wp-content\/uploads\/2023\/10\/Socorrismo-Charco-Verde.jpeg","contentUrl":"https:\/\/www.aridane.org\/city\/wp-content\/uploads\/2023\/10\/Socorrismo-Charco-Verde.jpeg","width":1536,"height":2048},{"@type":"BreadcrumbList","@id":"https:\/\/www.aridane.org\/city\/2023\/10\/04\/concluye-el-servicio-de-socorrismo-en-charco-verde-sin-incidentes-graves\/#breadcrumb","itemListElement":[{"@type":"ListItem","position":1,"name":"Portada","item":"https:\/\/www.aridane.org\/city\/"},{"@type":"ListItem","position":2,"name":"Concluye el servicio de socorrismo en Charco Verde sin incidentes graves"}]},{"@type":"WebSite","@id":"https:\/\/www.aridane.org\/city\/#website","url":"https:\/\/www.aridane.org\/city\/","name":"Ayuntamiento de Los Llanos de Aridane","description":"","potentialAction":[{"@type":"SearchAction","target":{"@type":"EntryPoint","urlTemplate":"https:\/\/www.aridane.org\/city\/?s={search_term_string}"},"query-input":"required name=search_term_string"}],"inLanguage":"es"},{"@type":"Person","@id":"https:\/\/www.aridane.org\/city\/#\/schema\/person\/89ebd376b223dc94cc1dbcf200c8e6da","name":"Corresponsal","image":{"@type":"ImageObject","inLanguage":"es","@id":"https:\/\/www.aridane.org\/city\/#\/schema\/person\/image\/","url":"https:\/\/secure.gravatar.com\/avatar\/1c476992411e4ccf153da63b2b2f5ea0bb4cb1c85f3ceab8512f04325ad5579c?s=96&d=mm&r=g","contentUrl":"https:\/\/secure.gravatar.com\/avatar\/1c476992411e4ccf153da63b2b2f5ea0bb4cb1c85f3ceab8512f04325ad5579c?s=96&d=mm&r=g","caption":"Corresponsal"},"url":"https:\/\/www.aridane.org\/city\/author\/corresponsal\/"}]}},"_links":{"self":[{"href":"https:\/\/www.aridane.org\/city\/wp-json\/wp\/v2\/posts\/2836","targetHints":{"allow":["GET"]}}],"collection":[{"href":"https:\/\/www.aridane.org\/city\/wp-json\/wp\/v2\/posts"}],"about":[{"href":"https:\/\/www.aridane.org\/city\/wp-json\/wp\/v2\/types\/post"}],"author":[{"embeddable":true,"href":"https:\/\/www.aridane.org\/city\/wp-json\/wp\/v2\/users\/4"}],"replies":[{"embeddable":true,"href":"https:\/\/www.aridane.org\/city\/wp-json\/wp\/v2\/comments?post=2836"}],"version-history":[{"count":1,"href":"https:\/\/www.aridane.org\/city\/wp-json\/wp\/v2\/posts\/2836\/revisions"}],"predecessor-version":[{"id":2837,"href":"https:\/\/www.aridane.org\/city\/wp-json\/wp\/v2\/posts\/2836\/revisions\/2837"}],"wp:featuredmedia":[{"embeddable":true,"href":"https:\/\/www.aridane.org\/city\/wp-json\/wp\/v2\/media\/2838"}],"wp:attachment":[{"href":"https:\/\/www.aridane.org\/city\/wp-json\/wp\/v2\/media?parent=2836"}],"wp:term":[{"taxonomy":"category","embeddable":true,"href":"https:\/\/www.aridane.org\/city\/wp-json\/wp\/v2\/categories?post=2836"},{"taxonomy":"post_tag","embeddable":true,"href":"https:\/\/www.aridane.org\/city\/wp-json\/wp\/v2\/tags?post=2836"}],"curies":[{"name":"wp","href":"https:\/\/api.w.org\/{rel}","templated":true}]}}