{"id":2845,"date":"2023-10-06T07:26:28","date_gmt":"2023-10-06T07:26:28","guid":{"rendered":"https:\/\/www.aridane.org\/city\/?p=2845"},"modified":"2023-10-06T07:26:28","modified_gmt":"2023-10-06T07:26:28","slug":"el-ayuntamiento-de-los-llanos-de-aridane-promueve-caminos-escolares-seguros-en-coordinacion-con-los-centros","status":"publish","type":"post","link":"https:\/\/www.aridane.org\/city\/2023\/10\/06\/el-ayuntamiento-de-los-llanos-de-aridane-promueve-caminos-escolares-seguros-en-coordinacion-con-los-centros\/","title":{"rendered":"El Ayuntamiento de Los Llanos de Aridane promueve caminos escolares seguros en coordinaci\u00f3n con los centros"},"content":{"rendered":"<p><em>\u201cTrabajamos para reducir el riesgo de accidentes y peligros y fomentar rutas m\u00e1s seguras y sostenibles\u201d, apunta la concejala de Movilidad, Virginia Santaella<\/em><!--more--><\/p>\n<div id=\"v1forwardbody1\">\n<p>El Ayuntamiento de Los Llanos emprende un proceso de escucha activa para promover medidas realistas y eficientes con el fin de mejorar la movilidad escolar.<\/p>\n<p>En esta l\u00ednea, el martes, 3 de octubre, se celebr\u00f3 el Foro Local de Movilidad Escolar de Los Llanos de Aridane, enmarcado dentro del Proyecto Stars, organizado por la Direcci\u00f3n General de Tr\u00e1fico (DGT), con la colaboraci\u00f3n del Cabildo de La Palma, de la Fundaci\u00f3n Mapfre Canarias y del propio Ayuntamiento.<\/p>\n<p>La concejala de Movilidad, Virginia Santaella, asegura que las distintas \u00e1reas del Ayuntamiento y especialmente Educaci\u00f3n, Seguridad y Deportes mantienen un contacto frecuente con los centros educativos del municipio, as\u00ed como con los representantes de las familias, para promover entornos seguros y activos para el alumnado. Adem\u00e1s, destaca que el Foro Local de Movilidad Escolar es un espacio excelente para debatir y analizar propuestas.<\/p>\n<p>\u201cEntre todos trabajamos para reducir el riesgo de accidentes y peligros y fomentar rutas m\u00e1s seguras y sostenibles para nuestros estudiantes, por ello se celebrar\u00e1n estos foros de forma frecuente\u201d, apunta Santaella.<\/p>\n<p>\u201cAgradecemos la implicaci\u00f3n que han tenido las AMPAs, DGT, Polic\u00eda Local y los propios centros para promover medidas realistas y eficientes que mejoren la movilidad escolar y permitan establecer caminos escolares seguros\u201d, a\u00f1ade la concejala.<\/p>\n<p>Por su parte, el alcalde, Javier Llamas, pone en valor la coordinaci\u00f3n entre las diferentes \u00e1reas del grupo de gobierno para optimizar la movilidad del municipio. \u201cCon estas iniciativas no s\u00f3lo fomentamos el bienestar de los estudiantes, sino que reducimos la congesti\u00f3n del tr\u00e1fico y fomentamos la responsabilidad y la educaci\u00f3n vial de nuestros m\u00e1s peque\u00f1os\u201d, apunta.<\/p>\n<h2><strong>Los foros locales de Movilidad Escolar<\/strong><\/h2>\n<p>El objetivo de los foros locales de Movilidad Escolares es promocionar lo que la DGT define como Caminos Escolares Seguros. Esta iniciativa, que involucra a diferentes administraciones p\u00fablicas y entidades sociales, busca definir rutas seguras, sostenibles, saludables y aut\u00f3nomas.<\/p>\n<p>El Foro Local de Movilidad Escolar de Los Llanos de Aridane -enmarcado en el Proyecto Stars- participan el IES Eusebio Barreto y el CEIP La Laguna.<\/p>\n<\/div>\n","protected":false},"excerpt":{"rendered":"<p>\u201cTrabajamos para reducir el riesgo de accidentes y peligros y fomentar rutas m\u00e1s seguras y sostenibles\u201d, apunta la concejala de Movilidad, Virginia Santaella<\/p>\n","protected":false},"author":4,"featured_media":2846,"comment_status":"open","ping_status":"open","sticky":false,"template":"","format":"standard","meta":{"footnotes":""},"categories":[6],"tags":[],"class_list":["post-2845","post","type-post","status-publish","format-standard","has-post-thumbnail","hentry","category-prensa"],"yoast_head":"<!-- This site is optimized with the Yoast SEO plugin v22.7 - https:\/\/yoast.com\/wordpress\/plugins\/seo\/ -->\n<title>El Ayuntamiento de Los Llanos de Aridane promueve caminos escolares seguros en coordinaci\u00f3n con los centros - Ayuntamiento de Los Llanos de Aridane<\/title>\n<meta name=\"robots\" content=\"index, follow, max-snippet:-1, max-image-preview:large, max-video-preview:-1\" \/>\n<link rel=\"canonical\" href=\"https:\/\/www.aridane.org\/city\/2023\/10\/06\/el-ayuntamiento-de-los-llanos-de-aridane-promueve-caminos-escolares-seguros-en-coordinacion-con-los-centros\/\" \/>\n<meta property=\"og:locale\" content=\"es_ES\" \/>\n<meta property=\"og:type\" content=\"article\" \/>\n<meta property=\"og:title\" content=\"El Ayuntamiento de Los Llanos de Aridane promueve caminos escolares seguros en coordinaci\u00f3n con los centros - Ayuntamiento de Los Llanos de Aridane\" \/>\n<meta property=\"og:description\" content=\"\u201cTrabajamos para reducir el riesgo de accidentes y peligros y fomentar rutas m\u00e1s seguras y sostenibles\u201d, apunta la concejala de Movilidad, Virginia Santaella\" \/>\n<meta property=\"og:url\" content=\"https:\/\/www.aridane.org\/city\/2023\/10\/06\/el-ayuntamiento-de-los-llanos-de-aridane-promueve-caminos-escolares-seguros-en-coordinacion-con-los-centros\/\" \/>\n<meta property=\"og:site_name\" content=\"Ayuntamiento de Los Llanos de Aridane\" \/>\n<meta property=\"article:published_time\" content=\"2023-10-06T07:26:28+00:00\" \/>\n<meta property=\"og:image\" content=\"https:\/\/www.aridane.org\/city\/wp-content\/uploads\/2023\/10\/Foro-Local-de-Movilidad.jpeg\" \/>\n\t<meta property=\"og:image:width\" content=\"1280\" \/>\n\t<meta property=\"og:image:height\" content=\"960\" \/>\n\t<meta property=\"og:image:type\" content=\"image\/jpeg\" \/>\n<meta name=\"author\" content=\"Corresponsal\" \/>\n<meta name=\"twitter:card\" content=\"summary_large_image\" \/>\n<meta name=\"twitter:label1\" content=\"Escrito por\" \/>\n\t<meta name=\"twitter:data1\" content=\"Corresponsal\" \/>\n\t<meta name=\"twitter:label2\" content=\"Tiempo de lectura\" \/>\n\t<meta name=\"twitter:data2\" content=\"2 minutos\" \/>\n<script type=\"application\/ld+json\" class=\"yoast-schema-graph\">{\"@context\":\"https:\/\/schema.org\",\"@graph\":[{\"@type\":\"WebPage\",\"@id\":\"https:\/\/www.aridane.org\/city\/2023\/10\/06\/el-ayuntamiento-de-los-llanos-de-aridane-promueve-caminos-escolares-seguros-en-coordinacion-con-los-centros\/\",\"url\":\"https:\/\/www.aridane.org\/city\/2023\/10\/06\/el-ayuntamiento-de-los-llanos-de-aridane-promueve-caminos-escolares-seguros-en-coordinacion-con-los-centros\/\",\"name\":\"El Ayuntamiento de Los Llanos de Aridane promueve caminos escolares seguros en coordinaci\u00f3n con los centros - Ayuntamiento de Los Llanos de Aridane\",\"isPartOf\":{\"@id\":\"https:\/\/www.aridane.org\/city\/#website\"},\"primaryImageOfPage\":{\"@id\":\"https:\/\/www.aridane.org\/city\/2023\/10\/06\/el-ayuntamiento-de-los-llanos-de-aridane-promueve-caminos-escolares-seguros-en-coordinacion-con-los-centros\/#primaryimage\"},\"image\":{\"@id\":\"https:\/\/www.aridane.org\/city\/2023\/10\/06\/el-ayuntamiento-de-los-llanos-de-aridane-promueve-caminos-escolares-seguros-en-coordinacion-con-los-centros\/#primaryimage\"},\"thumbnailUrl\":\"https:\/\/www.aridane.org\/city\/wp-content\/uploads\/2023\/10\/Foro-Local-de-Movilidad.jpeg\",\"datePublished\":\"2023-10-06T07:26:28+00:00\",\"dateModified\":\"2023-10-06T07:26:28+00:00\",\"author\":{\"@id\":\"https:\/\/www.aridane.org\/city\/#\/schema\/person\/89ebd376b223dc94cc1dbcf200c8e6da\"},\"breadcrumb\":{\"@id\":\"https:\/\/www.aridane.org\/city\/2023\/10\/06\/el-ayuntamiento-de-los-llanos-de-aridane-promueve-caminos-escolares-seguros-en-coordinacion-con-los-centros\/#breadcrumb\"},\"inLanguage\":\"es\",\"potentialAction\":[{\"@type\":\"ReadAction\",\"target\":[\"https:\/\/www.aridane.org\/city\/2023\/10\/06\/el-ayuntamiento-de-los-llanos-de-aridane-promueve-caminos-escolares-seguros-en-coordinacion-con-los-centros\/\"]}]},{\"@type\":\"ImageObject\",\"inLanguage\":\"es\",\"@id\":\"https:\/\/www.aridane.org\/city\/2023\/10\/06\/el-ayuntamiento-de-los-llanos-de-aridane-promueve-caminos-escolares-seguros-en-coordinacion-con-los-centros\/#primaryimage\",\"url\":\"https:\/\/www.aridane.org\/city\/wp-content\/uploads\/2023\/10\/Foro-Local-de-Movilidad.jpeg\",\"contentUrl\":\"https:\/\/www.aridane.org\/city\/wp-content\/uploads\/2023\/10\/Foro-Local-de-Movilidad.jpeg\",\"width\":1280,\"height\":960},{\"@type\":\"BreadcrumbList\",\"@id\":\"https:\/\/www.aridane.org\/city\/2023\/10\/06\/el-ayuntamiento-de-los-llanos-de-aridane-promueve-caminos-escolares-seguros-en-coordinacion-con-los-centros\/#breadcrumb\",\"itemListElement\":[{\"@type\":\"ListItem\",\"position\":1,\"name\":\"Portada\",\"item\":\"https:\/\/www.aridane.org\/city\/\"},{\"@type\":\"ListItem\",\"position\":2,\"name\":\"El Ayuntamiento de Los Llanos de Aridane promueve caminos escolares seguros en coordinaci\u00f3n con los centros\"}]},{\"@type\":\"WebSite\",\"@id\":\"https:\/\/www.aridane.org\/city\/#website\",\"url\":\"https:\/\/www.aridane.org\/city\/\",\"name\":\"Ayuntamiento de Los Llanos de Aridane\",\"description\":\"\",\"potentialAction\":[{\"@type\":\"SearchAction\",\"target\":{\"@type\":\"EntryPoint\",\"urlTemplate\":\"https:\/\/www.aridane.org\/city\/?s={search_term_string}\"},\"query-input\":\"required name=search_term_string\"}],\"inLanguage\":\"es\"},{\"@type\":\"Person\",\"@id\":\"https:\/\/www.aridane.org\/city\/#\/schema\/person\/89ebd376b223dc94cc1dbcf200c8e6da\",\"name\":\"Corresponsal\",\"image\":{\"@type\":\"ImageObject\",\"inLanguage\":\"es\",\"@id\":\"https:\/\/www.aridane.org\/city\/#\/schema\/person\/image\/\",\"url\":\"https:\/\/secure.gravatar.com\/avatar\/1c476992411e4ccf153da63b2b2f5ea0bb4cb1c85f3ceab8512f04325ad5579c?s=96&d=mm&r=g\",\"contentUrl\":\"https:\/\/secure.gravatar.com\/avatar\/1c476992411e4ccf153da63b2b2f5ea0bb4cb1c85f3ceab8512f04325ad5579c?s=96&d=mm&r=g\",\"caption\":\"Corresponsal\"},\"url\":\"https:\/\/www.aridane.org\/city\/author\/corresponsal\/\"}]}<\/script>\n<!-- \/ Yoast SEO plugin. -->","yoast_head_json":{"title":"El Ayuntamiento de Los Llanos de Aridane promueve caminos escolares seguros en coordinaci\u00f3n con los centros - Ayuntamiento de Los Llanos de Aridane","robots":{"index":"index","follow":"follow","max-snippet":"max-snippet:-1","max-image-preview":"max-image-preview:large","max-video-preview":"max-video-preview:-1"},"canonical":"https:\/\/www.aridane.org\/city\/2023\/10\/06\/el-ayuntamiento-de-los-llanos-de-aridane-promueve-caminos-escolares-seguros-en-coordinacion-con-los-centros\/","og_locale":"es_ES","og_type":"article","og_title":"El Ayuntamiento de Los Llanos de Aridane promueve caminos escolares seguros en coordinaci\u00f3n con los centros - Ayuntamiento de Los Llanos de Aridane","og_description":"\u201cTrabajamos para reducir el riesgo de accidentes y peligros y fomentar rutas m\u00e1s seguras y sostenibles\u201d, apunta la concejala de Movilidad, Virginia Santaella","og_url":"https:\/\/www.aridane.org\/city\/2023\/10\/06\/el-ayuntamiento-de-los-llanos-de-aridane-promueve-caminos-escolares-seguros-en-coordinacion-con-los-centros\/","og_site_name":"Ayuntamiento de Los Llanos de Aridane","article_published_time":"2023-10-06T07:26:28+00:00","og_image":[{"width":1280,"height":960,"url":"https:\/\/www.aridane.org\/city\/wp-content\/uploads\/2023\/10\/Foro-Local-de-Movilidad.jpeg","type":"image\/jpeg"}],"author":"Corresponsal","twitter_card":"summary_large_image","twitter_misc":{"Escrito por":"Corresponsal","Tiempo de lectura":"2 minutos"},"schema":{"@context":"https:\/\/schema.org","@graph":[{"@type":"WebPage","@id":"https:\/\/www.aridane.org\/city\/2023\/10\/06\/el-ayuntamiento-de-los-llanos-de-aridane-promueve-caminos-escolares-seguros-en-coordinacion-con-los-centros\/","url":"https:\/\/www.aridane.org\/city\/2023\/10\/06\/el-ayuntamiento-de-los-llanos-de-aridane-promueve-caminos-escolares-seguros-en-coordinacion-con-los-centros\/","name":"El Ayuntamiento de Los Llanos de Aridane promueve caminos escolares seguros en coordinaci\u00f3n con los centros - Ayuntamiento de Los Llanos de Aridane","isPartOf":{"@id":"https:\/\/www.aridane.org\/city\/#website"},"primaryImageOfPage":{"@id":"https:\/\/www.aridane.org\/city\/2023\/10\/06\/el-ayuntamiento-de-los-llanos-de-aridane-promueve-caminos-escolares-seguros-en-coordinacion-con-los-centros\/#primaryimage"},"image":{"@id":"https:\/\/www.aridane.org\/city\/2023\/10\/06\/el-ayuntamiento-de-los-llanos-de-aridane-promueve-caminos-escolares-seguros-en-coordinacion-con-los-centros\/#primaryimage"},"thumbnailUrl":"https:\/\/www.aridane.org\/city\/wp-content\/uploads\/2023\/10\/Foro-Local-de-Movilidad.jpeg","datePublished":"2023-10-06T07:26:28+00:00","dateModified":"2023-10-06T07:26:28+00:00","author":{"@id":"https:\/\/www.aridane.org\/city\/#\/schema\/person\/89ebd376b223dc94cc1dbcf200c8e6da"},"breadcrumb":{"@id":"https:\/\/www.aridane.org\/city\/2023\/10\/06\/el-ayuntamiento-de-los-llanos-de-aridane-promueve-caminos-escolares-seguros-en-coordinacion-con-los-centros\/#breadcrumb"},"inLanguage":"es","potentialAction":[{"@type":"ReadAction","target":["https:\/\/www.aridane.org\/city\/2023\/10\/06\/el-ayuntamiento-de-los-llanos-de-aridane-promueve-caminos-escolares-seguros-en-coordinacion-con-los-centros\/"]}]},{"@type":"ImageObject","inLanguage":"es","@id":"https:\/\/www.aridane.org\/city\/2023\/10\/06\/el-ayuntamiento-de-los-llanos-de-aridane-promueve-caminos-escolares-seguros-en-coordinacion-con-los-centros\/#primaryimage","url":"https:\/\/www.aridane.org\/city\/wp-content\/uploads\/2023\/10\/Foro-Local-de-Movilidad.jpeg","contentUrl":"https:\/\/www.aridane.org\/city\/wp-content\/uploads\/2023\/10\/Foro-Local-de-Movilidad.jpeg","width":1280,"height":960},{"@type":"BreadcrumbList","@id":"https:\/\/www.aridane.org\/city\/2023\/10\/06\/el-ayuntamiento-de-los-llanos-de-aridane-promueve-caminos-escolares-seguros-en-coordinacion-con-los-centros\/#breadcrumb","itemListElement":[{"@type":"ListItem","position":1,"name":"Portada","item":"https:\/\/www.aridane.org\/city\/"},{"@type":"ListItem","position":2,"name":"El Ayuntamiento de Los Llanos de Aridane promueve caminos escolares seguros en coordinaci\u00f3n con los centros"}]},{"@type":"WebSite","@id":"https:\/\/www.aridane.org\/city\/#website","url":"https:\/\/www.aridane.org\/city\/","name":"Ayuntamiento de Los Llanos de Aridane","description":"","potentialAction":[{"@type":"SearchAction","target":{"@type":"EntryPoint","urlTemplate":"https:\/\/www.aridane.org\/city\/?s={search_term_string}"},"query-input":"required name=search_term_string"}],"inLanguage":"es"},{"@type":"Person","@id":"https:\/\/www.aridane.org\/city\/#\/schema\/person\/89ebd376b223dc94cc1dbcf200c8e6da","name":"Corresponsal","image":{"@type":"ImageObject","inLanguage":"es","@id":"https:\/\/www.aridane.org\/city\/#\/schema\/person\/image\/","url":"https:\/\/secure.gravatar.com\/avatar\/1c476992411e4ccf153da63b2b2f5ea0bb4cb1c85f3ceab8512f04325ad5579c?s=96&d=mm&r=g","contentUrl":"https:\/\/secure.gravatar.com\/avatar\/1c476992411e4ccf153da63b2b2f5ea0bb4cb1c85f3ceab8512f04325ad5579c?s=96&d=mm&r=g","caption":"Corresponsal"},"url":"https:\/\/www.aridane.org\/city\/author\/corresponsal\/"}]}},"_links":{"self":[{"href":"https:\/\/www.aridane.org\/city\/wp-json\/wp\/v2\/posts\/2845","targetHints":{"allow":["GET"]}}],"collection":[{"href":"https:\/\/www.aridane.org\/city\/wp-json\/wp\/v2\/posts"}],"about":[{"href":"https:\/\/www.aridane.org\/city\/wp-json\/wp\/v2\/types\/post"}],"author":[{"embeddable":true,"href":"https:\/\/www.aridane.org\/city\/wp-json\/wp\/v2\/users\/4"}],"replies":[{"embeddable":true,"href":"https:\/\/www.aridane.org\/city\/wp-json\/wp\/v2\/comments?post=2845"}],"version-history":[{"count":1,"href":"https:\/\/www.aridane.org\/city\/wp-json\/wp\/v2\/posts\/2845\/revisions"}],"predecessor-version":[{"id":2847,"href":"https:\/\/www.aridane.org\/city\/wp-json\/wp\/v2\/posts\/2845\/revisions\/2847"}],"wp:featuredmedia":[{"embeddable":true,"href":"https:\/\/www.aridane.org\/city\/wp-json\/wp\/v2\/media\/2846"}],"wp:attachment":[{"href":"https:\/\/www.aridane.org\/city\/wp-json\/wp\/v2\/media?parent=2845"}],"wp:term":[{"taxonomy":"category","embeddable":true,"href":"https:\/\/www.aridane.org\/city\/wp-json\/wp\/v2\/categories?post=2845"},{"taxonomy":"post_tag","embeddable":true,"href":"https:\/\/www.aridane.org\/city\/wp-json\/wp\/v2\/tags?post=2845"}],"curies":[{"name":"wp","href":"https:\/\/api.w.org\/{rel}","templated":true}]}}