{"id":2851,"date":"2023-10-07T14:51:54","date_gmt":"2023-10-07T14:51:54","guid":{"rendered":"https:\/\/www.aridane.org\/city\/?p=2851"},"modified":"2023-10-09T14:59:26","modified_gmt":"2023-10-09T14:59:26","slug":"la-fase-2-del-plan-general-de-ordenacion-de-los-llanos-sale-a-informacion-publica","status":"publish","type":"post","link":"https:\/\/www.aridane.org\/city\/2023\/10\/07\/la-fase-2-del-plan-general-de-ordenacion-de-los-llanos-sale-a-informacion-publica\/","title":{"rendered":"La fase 2 del Plan General de Ordenaci\u00f3n de Los Llanos sale a informaci\u00f3n p\u00fablica"},"content":{"rendered":"<p><em>El alcalde, Javier Llamas, destaca la evoluci\u00f3n del PGO y asegura que el equipo de trabajo y el grupo de gobierno afrontar el proceso de manera \u201c\u00e1gil, responsable y realista\u201d<\/em><!--more--><\/p>\n<p>El Ayuntamiento de Los Llanos de Aridane avanza con \u201cpaso firme\u201d en la redacci\u00f3n del Plan General de Ordenaci\u00f3n (PGO). Este jueves, 5 de octubre, se aprob\u00f3 en sesi\u00f3n plenaria la presentaci\u00f3n a Informaci\u00f3n P\u00fablica y Tr\u00e1mite de Consulta de la segunda fase del PGO. Dicha fase, denominada \u2018Avance\u2019, cuenta con el Estudio Ambiental Estrat\u00e9gico.<\/p>\n<p>El coordinador del PGO, Leonardo Navarro Pulido, explica que la fase de consulta va dirigida a las diferentes administraciones con competencias en la ordenaci\u00f3n del territorio.<\/p>\n<p>\u201cUna vez culminado este tr\u00e1mite, en la tercera fase del PGO abordar\u00e1 el Documento de Aprobaci\u00f3n Inicial que tambi\u00e9n debe someterse a Informaci\u00f3n P\u00fablica, tras la cual s\u00f3lo queda una \u00faltima fase de Aprobaci\u00f3n Definitiva y entrada en vigencia del nuevo plan\u201d, apunta.<\/p>\n<p>Asimismo, el arquitecto aclara que la tramitaci\u00f3n de un Plan General de Ordenaci\u00f3n \u201ces lenta y compleja por los m\u00faltiples actores que intervienen en ella\u201d. No obstante, a\u00f1ade, \u201cen el caso de Los Llanos de Aridane se est\u00e1 avanzando con paso firme y con todas las garant\u00edas y exigencias del procedimiento reglado para su elaboraci\u00f3n\u201d.<\/p>\n<h2><strong>Continuar siendo el motor econ\u00f3mico de La Palma<\/strong><\/h2>\n<p>El alcalde, Javier Llamas, asegura que para el grupo de gobierno es una prioridad sacar adelante el PGO. \u201cNos jugamos el futuro de Los Llanos de Aridane. Queremos seguir siendo el municipio m\u00e1s pujante de La Palma y el motor econ\u00f3mico de la Isla. El Plan General de Ordenaci\u00f3n es nuestra hoja de ruta para afrontar estos desaf\u00edos\u201d, apunta, al tiempo que hace \u00e9nfasis sobre qu\u00e9 el grupo de gobierno insistir\u00e1 \u201cante las instituciones pertinentes en la urgencia de este PGO solicitando todas las ayudas necesarias para que sea una realidad para el municipio m\u00e1s afectado por el Volc\u00e1n en el menor tiempo posible\u201d.<\/p>\n<p>Llamas se\u00f1ala la importancia del PGO para abordar retos como fijar poblaci\u00f3n, generar oportunidades y puestos de trabajo. \u201cHablamos de desarrollo sostenible, planificaci\u00f3n urban\u00edstica, protecci\u00f3n del patrimonio y usos del suelo, lo cual cobra especial relevancia tras el volc\u00e1n. Es un proceso complejo que debemos abordar de manera \u00e1gil, responsable y realista\u201d, a\u00f1ade.<\/p>\n<p>Por su parte, el teniente de alcalde, V\u00edctor Gonz\u00e1lez,\u00a0 agradece el trabajo del equipo redactor del plan y de los t\u00e9cnicos de urbanismo del Ayuntamiento para seguir dando \u201cpasos firmes\u201d.<\/p>\n<p>\u201cEstamos en un momento fundamental\u201d, apunta Gonz\u00e1lez. \u201cSi superamos el actual proceso de Informaci\u00f3n P\u00fablica, Consulta e Informes de la fase de Avance, afrontaremos la fase final de la aprobaci\u00f3n del documento m\u00e1s importante para el futuro de nuestro municipio\u201d, a\u00f1ade.<\/p>\n<p>La concejala de Urbanismo, Tamara Acosta, valora el equipo de trabajo y la coordinaci\u00f3n entre los distintos actores implicados. \u201cPlanificar de forma ordenada y responsable el crecimiento del municipio es capital en la acci\u00f3n de gobierno\u201d, apunta.<\/p>\n<p>El Plan General de Ordenaci\u00f3n actual ha sido redactado por \u00c1lvarez, \u00c1lvarez y Navarro SL, un estudio constituido por tres socios arquitectos y un equipo multidisciplinar especializado en urbanismo y arquitectura.<\/p>\n<p>Este equipo ha elaborado la primera fase del PGO (Borrador y Documento Inicial Estrat\u00e9gico) ya tramitado en 2020\/2021 y ahora presenta la segunda fase constituida por el Avance y el Estudio Ambiental Estrat\u00e9gico.<\/p>\n","protected":false},"excerpt":{"rendered":"<p>El alcalde, Javier Llamas, destaca la evoluci\u00f3n del PGO y asegura que el equipo de trabajo y el grupo de gobierno afrontar el proceso de manera \u201c\u00e1gil, responsable y realista\u201d<\/p>\n","protected":false},"author":4,"featured_media":2852,"comment_status":"open","ping_status":"open","sticky":false,"template":"","format":"standard","meta":{"footnotes":""},"categories":[6],"tags":[],"class_list":["post-2851","post","type-post","status-publish","format-standard","has-post-thumbnail","hentry","category-prensa"],"yoast_head":"<!-- This site is optimized with the Yoast SEO plugin v22.7 - https:\/\/yoast.com\/wordpress\/plugins\/seo\/ -->\n<title>La fase 2 del Plan General de Ordenaci\u00f3n de Los Llanos sale a informaci\u00f3n p\u00fablica - Ayuntamiento de Los Llanos de Aridane<\/title>\n<meta name=\"robots\" content=\"index, follow, max-snippet:-1, max-image-preview:large, max-video-preview:-1\" \/>\n<link rel=\"canonical\" href=\"https:\/\/www.aridane.org\/city\/2023\/10\/07\/la-fase-2-del-plan-general-de-ordenacion-de-los-llanos-sale-a-informacion-publica\/\" \/>\n<meta property=\"og:locale\" content=\"es_ES\" \/>\n<meta property=\"og:type\" content=\"article\" \/>\n<meta property=\"og:title\" content=\"La fase 2 del Plan General de Ordenaci\u00f3n de Los Llanos sale a informaci\u00f3n p\u00fablica - Ayuntamiento de Los Llanos de Aridane\" \/>\n<meta property=\"og:description\" content=\"El alcalde, Javier Llamas, destaca la evoluci\u00f3n del PGO y asegura que el equipo de trabajo y el grupo de gobierno afrontar el proceso de manera \u201c\u00e1gil, responsable y realista\u201d\" \/>\n<meta property=\"og:url\" content=\"https:\/\/www.aridane.org\/city\/2023\/10\/07\/la-fase-2-del-plan-general-de-ordenacion-de-los-llanos-sale-a-informacion-publica\/\" \/>\n<meta property=\"og:site_name\" content=\"Ayuntamiento de Los Llanos de Aridane\" \/>\n<meta property=\"article:published_time\" content=\"2023-10-07T14:51:54+00:00\" \/>\n<meta property=\"article:modified_time\" content=\"2023-10-09T14:59:26+00:00\" \/>\n<meta property=\"og:image\" content=\"https:\/\/www.aridane.org\/city\/wp-content\/uploads\/2023\/10\/PGO-Los-Llanos.jpeg\" \/>\n\t<meta property=\"og:image:width\" content=\"1024\" \/>\n\t<meta property=\"og:image:height\" content=\"683\" \/>\n\t<meta property=\"og:image:type\" content=\"image\/jpeg\" \/>\n<meta name=\"author\" content=\"Corresponsal\" \/>\n<meta name=\"twitter:card\" content=\"summary_large_image\" \/>\n<meta name=\"twitter:label1\" content=\"Escrito por\" \/>\n\t<meta name=\"twitter:data1\" content=\"Corresponsal\" \/>\n\t<meta name=\"twitter:label2\" content=\"Tiempo de lectura\" \/>\n\t<meta name=\"twitter:data2\" content=\"3 minutos\" \/>\n<script type=\"application\/ld+json\" class=\"yoast-schema-graph\">{\"@context\":\"https:\/\/schema.org\",\"@graph\":[{\"@type\":\"WebPage\",\"@id\":\"https:\/\/www.aridane.org\/city\/2023\/10\/07\/la-fase-2-del-plan-general-de-ordenacion-de-los-llanos-sale-a-informacion-publica\/\",\"url\":\"https:\/\/www.aridane.org\/city\/2023\/10\/07\/la-fase-2-del-plan-general-de-ordenacion-de-los-llanos-sale-a-informacion-publica\/\",\"name\":\"La fase 2 del Plan General de Ordenaci\u00f3n de Los Llanos sale a informaci\u00f3n p\u00fablica - Ayuntamiento de Los Llanos de Aridane\",\"isPartOf\":{\"@id\":\"https:\/\/www.aridane.org\/city\/#website\"},\"primaryImageOfPage\":{\"@id\":\"https:\/\/www.aridane.org\/city\/2023\/10\/07\/la-fase-2-del-plan-general-de-ordenacion-de-los-llanos-sale-a-informacion-publica\/#primaryimage\"},\"image\":{\"@id\":\"https:\/\/www.aridane.org\/city\/2023\/10\/07\/la-fase-2-del-plan-general-de-ordenacion-de-los-llanos-sale-a-informacion-publica\/#primaryimage\"},\"thumbnailUrl\":\"https:\/\/www.aridane.org\/city\/wp-content\/uploads\/2023\/10\/PGO-Los-Llanos.jpeg\",\"datePublished\":\"2023-10-07T14:51:54+00:00\",\"dateModified\":\"2023-10-09T14:59:26+00:00\",\"author\":{\"@id\":\"https:\/\/www.aridane.org\/city\/#\/schema\/person\/89ebd376b223dc94cc1dbcf200c8e6da\"},\"breadcrumb\":{\"@id\":\"https:\/\/www.aridane.org\/city\/2023\/10\/07\/la-fase-2-del-plan-general-de-ordenacion-de-los-llanos-sale-a-informacion-publica\/#breadcrumb\"},\"inLanguage\":\"es\",\"potentialAction\":[{\"@type\":\"ReadAction\",\"target\":[\"https:\/\/www.aridane.org\/city\/2023\/10\/07\/la-fase-2-del-plan-general-de-ordenacion-de-los-llanos-sale-a-informacion-publica\/\"]}]},{\"@type\":\"ImageObject\",\"inLanguage\":\"es\",\"@id\":\"https:\/\/www.aridane.org\/city\/2023\/10\/07\/la-fase-2-del-plan-general-de-ordenacion-de-los-llanos-sale-a-informacion-publica\/#primaryimage\",\"url\":\"https:\/\/www.aridane.org\/city\/wp-content\/uploads\/2023\/10\/PGO-Los-Llanos.jpeg\",\"contentUrl\":\"https:\/\/www.aridane.org\/city\/wp-content\/uploads\/2023\/10\/PGO-Los-Llanos.jpeg\",\"width\":1024,\"height\":683},{\"@type\":\"BreadcrumbList\",\"@id\":\"https:\/\/www.aridane.org\/city\/2023\/10\/07\/la-fase-2-del-plan-general-de-ordenacion-de-los-llanos-sale-a-informacion-publica\/#breadcrumb\",\"itemListElement\":[{\"@type\":\"ListItem\",\"position\":1,\"name\":\"Portada\",\"item\":\"https:\/\/www.aridane.org\/city\/\"},{\"@type\":\"ListItem\",\"position\":2,\"name\":\"La fase 2 del Plan General de Ordenaci\u00f3n de Los Llanos sale a informaci\u00f3n p\u00fablica\"}]},{\"@type\":\"WebSite\",\"@id\":\"https:\/\/www.aridane.org\/city\/#website\",\"url\":\"https:\/\/www.aridane.org\/city\/\",\"name\":\"Ayuntamiento de Los Llanos de Aridane\",\"description\":\"\",\"potentialAction\":[{\"@type\":\"SearchAction\",\"target\":{\"@type\":\"EntryPoint\",\"urlTemplate\":\"https:\/\/www.aridane.org\/city\/?s={search_term_string}\"},\"query-input\":\"required name=search_term_string\"}],\"inLanguage\":\"es\"},{\"@type\":\"Person\",\"@id\":\"https:\/\/www.aridane.org\/city\/#\/schema\/person\/89ebd376b223dc94cc1dbcf200c8e6da\",\"name\":\"Corresponsal\",\"image\":{\"@type\":\"ImageObject\",\"inLanguage\":\"es\",\"@id\":\"https:\/\/www.aridane.org\/city\/#\/schema\/person\/image\/\",\"url\":\"https:\/\/secure.gravatar.com\/avatar\/1c476992411e4ccf153da63b2b2f5ea0bb4cb1c85f3ceab8512f04325ad5579c?s=96&d=mm&r=g\",\"contentUrl\":\"https:\/\/secure.gravatar.com\/avatar\/1c476992411e4ccf153da63b2b2f5ea0bb4cb1c85f3ceab8512f04325ad5579c?s=96&d=mm&r=g\",\"caption\":\"Corresponsal\"},\"url\":\"https:\/\/www.aridane.org\/city\/author\/corresponsal\/\"}]}<\/script>\n<!-- \/ Yoast SEO plugin. -->","yoast_head_json":{"title":"La fase 2 del Plan General de Ordenaci\u00f3n de Los Llanos sale a informaci\u00f3n p\u00fablica - Ayuntamiento de Los Llanos de Aridane","robots":{"index":"index","follow":"follow","max-snippet":"max-snippet:-1","max-image-preview":"max-image-preview:large","max-video-preview":"max-video-preview:-1"},"canonical":"https:\/\/www.aridane.org\/city\/2023\/10\/07\/la-fase-2-del-plan-general-de-ordenacion-de-los-llanos-sale-a-informacion-publica\/","og_locale":"es_ES","og_type":"article","og_title":"La fase 2 del Plan General de Ordenaci\u00f3n de Los Llanos sale a informaci\u00f3n p\u00fablica - Ayuntamiento de Los Llanos de Aridane","og_description":"El alcalde, Javier Llamas, destaca la evoluci\u00f3n del PGO y asegura que el equipo de trabajo y el grupo de gobierno afrontar el proceso de manera \u201c\u00e1gil, responsable y realista\u201d","og_url":"https:\/\/www.aridane.org\/city\/2023\/10\/07\/la-fase-2-del-plan-general-de-ordenacion-de-los-llanos-sale-a-informacion-publica\/","og_site_name":"Ayuntamiento de Los Llanos de Aridane","article_published_time":"2023-10-07T14:51:54+00:00","article_modified_time":"2023-10-09T14:59:26+00:00","og_image":[{"width":1024,"height":683,"url":"https:\/\/www.aridane.org\/city\/wp-content\/uploads\/2023\/10\/PGO-Los-Llanos.jpeg","type":"image\/jpeg"}],"author":"Corresponsal","twitter_card":"summary_large_image","twitter_misc":{"Escrito por":"Corresponsal","Tiempo de lectura":"3 minutos"},"schema":{"@context":"https:\/\/schema.org","@graph":[{"@type":"WebPage","@id":"https:\/\/www.aridane.org\/city\/2023\/10\/07\/la-fase-2-del-plan-general-de-ordenacion-de-los-llanos-sale-a-informacion-publica\/","url":"https:\/\/www.aridane.org\/city\/2023\/10\/07\/la-fase-2-del-plan-general-de-ordenacion-de-los-llanos-sale-a-informacion-publica\/","name":"La fase 2 del Plan General de Ordenaci\u00f3n de Los Llanos sale a informaci\u00f3n p\u00fablica - Ayuntamiento de Los Llanos de Aridane","isPartOf":{"@id":"https:\/\/www.aridane.org\/city\/#website"},"primaryImageOfPage":{"@id":"https:\/\/www.aridane.org\/city\/2023\/10\/07\/la-fase-2-del-plan-general-de-ordenacion-de-los-llanos-sale-a-informacion-publica\/#primaryimage"},"image":{"@id":"https:\/\/www.aridane.org\/city\/2023\/10\/07\/la-fase-2-del-plan-general-de-ordenacion-de-los-llanos-sale-a-informacion-publica\/#primaryimage"},"thumbnailUrl":"https:\/\/www.aridane.org\/city\/wp-content\/uploads\/2023\/10\/PGO-Los-Llanos.jpeg","datePublished":"2023-10-07T14:51:54+00:00","dateModified":"2023-10-09T14:59:26+00:00","author":{"@id":"https:\/\/www.aridane.org\/city\/#\/schema\/person\/89ebd376b223dc94cc1dbcf200c8e6da"},"breadcrumb":{"@id":"https:\/\/www.aridane.org\/city\/2023\/10\/07\/la-fase-2-del-plan-general-de-ordenacion-de-los-llanos-sale-a-informacion-publica\/#breadcrumb"},"inLanguage":"es","potentialAction":[{"@type":"ReadAction","target":["https:\/\/www.aridane.org\/city\/2023\/10\/07\/la-fase-2-del-plan-general-de-ordenacion-de-los-llanos-sale-a-informacion-publica\/"]}]},{"@type":"ImageObject","inLanguage":"es","@id":"https:\/\/www.aridane.org\/city\/2023\/10\/07\/la-fase-2-del-plan-general-de-ordenacion-de-los-llanos-sale-a-informacion-publica\/#primaryimage","url":"https:\/\/www.aridane.org\/city\/wp-content\/uploads\/2023\/10\/PGO-Los-Llanos.jpeg","contentUrl":"https:\/\/www.aridane.org\/city\/wp-content\/uploads\/2023\/10\/PGO-Los-Llanos.jpeg","width":1024,"height":683},{"@type":"BreadcrumbList","@id":"https:\/\/www.aridane.org\/city\/2023\/10\/07\/la-fase-2-del-plan-general-de-ordenacion-de-los-llanos-sale-a-informacion-publica\/#breadcrumb","itemListElement":[{"@type":"ListItem","position":1,"name":"Portada","item":"https:\/\/www.aridane.org\/city\/"},{"@type":"ListItem","position":2,"name":"La fase 2 del Plan General de Ordenaci\u00f3n de Los Llanos sale a informaci\u00f3n p\u00fablica"}]},{"@type":"WebSite","@id":"https:\/\/www.aridane.org\/city\/#website","url":"https:\/\/www.aridane.org\/city\/","name":"Ayuntamiento de Los Llanos de Aridane","description":"","potentialAction":[{"@type":"SearchAction","target":{"@type":"EntryPoint","urlTemplate":"https:\/\/www.aridane.org\/city\/?s={search_term_string}"},"query-input":"required name=search_term_string"}],"inLanguage":"es"},{"@type":"Person","@id":"https:\/\/www.aridane.org\/city\/#\/schema\/person\/89ebd376b223dc94cc1dbcf200c8e6da","name":"Corresponsal","image":{"@type":"ImageObject","inLanguage":"es","@id":"https:\/\/www.aridane.org\/city\/#\/schema\/person\/image\/","url":"https:\/\/secure.gravatar.com\/avatar\/1c476992411e4ccf153da63b2b2f5ea0bb4cb1c85f3ceab8512f04325ad5579c?s=96&d=mm&r=g","contentUrl":"https:\/\/secure.gravatar.com\/avatar\/1c476992411e4ccf153da63b2b2f5ea0bb4cb1c85f3ceab8512f04325ad5579c?s=96&d=mm&r=g","caption":"Corresponsal"},"url":"https:\/\/www.aridane.org\/city\/author\/corresponsal\/"}]}},"_links":{"self":[{"href":"https:\/\/www.aridane.org\/city\/wp-json\/wp\/v2\/posts\/2851","targetHints":{"allow":["GET"]}}],"collection":[{"href":"https:\/\/www.aridane.org\/city\/wp-json\/wp\/v2\/posts"}],"about":[{"href":"https:\/\/www.aridane.org\/city\/wp-json\/wp\/v2\/types\/post"}],"author":[{"embeddable":true,"href":"https:\/\/www.aridane.org\/city\/wp-json\/wp\/v2\/users\/4"}],"replies":[{"embeddable":true,"href":"https:\/\/www.aridane.org\/city\/wp-json\/wp\/v2\/comments?post=2851"}],"version-history":[{"count":1,"href":"https:\/\/www.aridane.org\/city\/wp-json\/wp\/v2\/posts\/2851\/revisions"}],"predecessor-version":[{"id":2853,"href":"https:\/\/www.aridane.org\/city\/wp-json\/wp\/v2\/posts\/2851\/revisions\/2853"}],"wp:featuredmedia":[{"embeddable":true,"href":"https:\/\/www.aridane.org\/city\/wp-json\/wp\/v2\/media\/2852"}],"wp:attachment":[{"href":"https:\/\/www.aridane.org\/city\/wp-json\/wp\/v2\/media?parent=2851"}],"wp:term":[{"taxonomy":"category","embeddable":true,"href":"https:\/\/www.aridane.org\/city\/wp-json\/wp\/v2\/categories?post=2851"},{"taxonomy":"post_tag","embeddable":true,"href":"https:\/\/www.aridane.org\/city\/wp-json\/wp\/v2\/tags?post=2851"}],"curies":[{"name":"wp","href":"https:\/\/api.w.org\/{rel}","templated":true}]}}