{"id":2855,"date":"2023-10-10T12:18:58","date_gmt":"2023-10-10T12:18:58","guid":{"rendered":"https:\/\/www.aridane.org\/city\/?p=2855"},"modified":"2023-10-10T12:18:58","modified_gmt":"2023-10-10T12:18:58","slug":"mas-de-50-personas-voluntarias-limpian-el-litoral-de-los-llanos-de-llanos-de-aridane","status":"publish","type":"post","link":"https:\/\/www.aridane.org\/city\/2023\/10\/10\/mas-de-50-personas-voluntarias-limpian-el-litoral-de-los-llanos-de-llanos-de-aridane\/","title":{"rendered":"M\u00e1s de 50 personas voluntarias limpian el litoral de Los Llanos de Llanos de Aridane"},"content":{"rendered":"<p><em>El Ayuntamiento retoma despu\u00e9s de dos a\u00f1os la iniciativa \u2018X un litoral + limpio\u2019, que emprendi\u00f3 acciones de limpieza en El Remo y Charco Verde\u00a0<\/em><br \/>\n<!--more--><\/p>\n<div id=\"v1forwardbody1\">\n<p>El Ayuntamiento de Los Llanos de Aridane retoma la iniciativa\u00a0<em>X un litoral + limpio\u00a0<\/em>que organiza Asteyma. Por primera vez desde la erupci\u00f3n del volc\u00e1n en 2021, un grupo de 56 personas voluntarias recorri\u00f3 el pasado s\u00e1bado, 7 de octubre, la playa de Charco Verde y la costa de El Remo para limpiar de residuos el litoral.<\/p>\n<p>El concejal de Playas y Medio Ambiente, V\u00edctor Gonz\u00e1lez, celebra la recuperaci\u00f3n de una iniciativa que naci\u00f3 en junio de 2017 y que ha sido importante a la hora de concienciar a la ciudadan\u00eda. \u201c<em>X un litoral + limpio\u00a0<\/em>es un proyecto que combina la solidaridad, la educaci\u00f3n ambiental y la colaboraci\u00f3n ciudadana. Aunque cada vez somos m\u00e1s cuidadosos con nuestro entorno, aspiramos a ser m\u00e1s sostenibles\u201d, apunta.<\/p>\n<p>El concejal de Servicios Municipales, Rubens D\u00edaz, valora el impacto que este tipo de iniciativas tienen a la hora de concienciar a la ciudadan\u00eda. \u201cNuestro objetivo es convertir a Los Llanos de Aridane, desde el Valle hasta la costa pasando por cada uno de los barrios, en un municipio m\u00e1s limpio y verde\u201d, apunta.<\/p>\n<p>El alcalde, Javier Llamas, valora la colaboraci\u00f3n entre las distintas \u00c1reas del Ayuntamiento, as\u00ed como la aportaci\u00f3n de las empresas y organizaciones del municipio para que iniciativas como\u00a0<em>X un litoral + limpio<\/em>\u00a0salgan adelante. SPAR La Palma, Bolsa de Aguas, Antani, TAG, Cutillas, Binter, Botica Verde, R\u00f3tulos Nolo, Imprenta La Vera, IM Impresi\u00f3n, Kiosco Aterure, Club de Pesca El Jurel, Club de Pesca El Ermita\u00f1o y la Asociaci\u00f3n de Vecinos Aterure El Remo colaboraron en esta \u00faltima actuaci\u00f3n.<\/p>\n<h2><strong>Un litoral cada vez m\u00e1s limpio<\/strong><\/h2>\n<p><em>X un litoral + limpio\u00a0<\/em>tuvo su germen en junio de 2017 como una idea de proyecto ambiental que aunaba voluntariado y educaci\u00f3n ambiental. En aquel momento, Asteyma centr\u00f3 sus acciones de educaci\u00f3n ambiental en el colectivo infantil.<\/p>\n<p>En 2018,\u00a0<em>X un litoral + limpio\u00a0<\/em>se formaliza como proyecto anual de voluntariado del Ayuntamiento de Los Llanos de Aridane para la limpieza del litoral del municipio, adem\u00e1s de otras actividades complementarias.<\/p>\n<p>Desde entonces, cada a\u00f1o se realizaban tres jornadas de limpieza, coincidiendo con el inicio de Semana Santa, D\u00eda Mundial del Medio Ambiente y D\u00eda Mundial de los Oc\u00e9anos, para finalizar en septiembre-octubre cerrando la temporada de verano. De media siempre se ha contado con unos 50-60 participantes y un m\u00e1ximo de 90 personas.<\/p>\n<p>La \u00faltima jornada celebrada fue la del 18 de septiembre de 2021, un d\u00eda antes de que comenzara el volc\u00e1n. Desde ese d\u00eda hasta el pasado s\u00e1bado, 7 de octubre, no se hab\u00edan vuelto a realizar jornadas de voluntariado en el litoral.<\/p>\n<p>En la jornada de este s\u00e1bado, las personas voluntarias se encontraron con un litoral cada vez m\u00e1s limpio en comparaci\u00f3n con a\u00f1os anteriores.<\/p>\n<p>En la playa de Charco Verde destac\u00f3 la reducci\u00f3n de colillas en la arena y el buen estado general. A\u00fan as\u00ed se pudieron recoger aproximadamente dos kilos de envases pl\u00e1sticos y tres kilos de fracci\u00f3n resto, adem\u00e1s de papel-cart\u00f3n no apto para el reciclaje.<\/p>\n<p>El vecindario de El Remo tambi\u00e9n evidenci\u00f3 m\u00e1s sensibilidad con la limpieza de su litoral. No se detectaron residuos voluminosos, tan solo envases, fracci\u00f3n-resto, hierros oxidados, etc.<\/p>\n<p>Sin embargo, un a\u00f1o m\u00e1s se han recogido una gran cantidad de colillas en la zona de m\u00e1xima afluencia. Se trata de un volumen bastante preocupante, equivalente a una garrafa de cinco litros. Sobre todo si se tiene en cuenta que una sola colilla puede contaminar unos 50 litros de agua.<\/p>\n<p>\u201cEn estos a\u00f1os hemos comprobado que es mucho m\u00e1s que la limpieza del litoral de ese d\u00eda, es ver c\u00f3mo cada personas participante se siente orgullosa de su participaci\u00f3n y lo transmite a los dem\u00e1s\u201d, apunta la gerente de Asteyma, Tere Gonz\u00e1lez.<\/p>\n<p>Insiste en que las jornadas de voluntariado brindan la oportunidad a las familias de educar a sus hijas e hijos con el ejemplo, \u201cdejando un legado de concienciaci\u00f3n mucho m\u00e1s efectivo que el que pueden recibir en una charla y sobre todo, hacer efectiva la colaboraci\u00f3n y trabajar por un bien com\u00fan, con alianzas horizontales, donde Ayuntamiento, empresas y personas, se unen en un ambiente de convivencia entre diferentes grupos y generaciones; porque todos y todas somos igual de imprescindibles en la conservaci\u00f3n de nuestro litoral y nuestro planeta\u201d.<\/p>\n<\/div>\n","protected":false},"excerpt":{"rendered":"<p>El Ayuntamiento retoma despu\u00e9s de dos a\u00f1os la iniciativa \u2018X un litoral + limpio\u2019, que emprendi\u00f3 acciones de limpieza en El Remo y Charco Verde\u00a0<\/p>\n","protected":false},"author":4,"featured_media":2856,"comment_status":"open","ping_status":"open","sticky":false,"template":"","format":"standard","meta":{"footnotes":""},"categories":[6],"tags":[],"class_list":["post-2855","post","type-post","status-publish","format-standard","has-post-thumbnail","hentry","category-prensa"],"yoast_head":"<!-- This site is optimized with the Yoast SEO plugin v22.7 - https:\/\/yoast.com\/wordpress\/plugins\/seo\/ -->\n<title>M\u00e1s de 50 personas voluntarias limpian el litoral de Los Llanos de Llanos de Aridane - Ayuntamiento de Los Llanos de Aridane<\/title>\n<meta name=\"robots\" content=\"index, follow, max-snippet:-1, max-image-preview:large, max-video-preview:-1\" \/>\n<link rel=\"canonical\" href=\"https:\/\/www.aridane.org\/city\/2023\/10\/10\/mas-de-50-personas-voluntarias-limpian-el-litoral-de-los-llanos-de-llanos-de-aridane\/\" \/>\n<meta property=\"og:locale\" content=\"es_ES\" \/>\n<meta property=\"og:type\" content=\"article\" \/>\n<meta property=\"og:title\" content=\"M\u00e1s de 50 personas voluntarias limpian el litoral de Los Llanos de Llanos de Aridane - Ayuntamiento de Los Llanos de Aridane\" \/>\n<meta property=\"og:description\" content=\"El Ayuntamiento retoma despu\u00e9s de dos a\u00f1os la iniciativa \u2018X un litoral + limpio\u2019, que emprendi\u00f3 acciones de limpieza en El Remo y Charco Verde\u00a0\" \/>\n<meta property=\"og:url\" content=\"https:\/\/www.aridane.org\/city\/2023\/10\/10\/mas-de-50-personas-voluntarias-limpian-el-litoral-de-los-llanos-de-llanos-de-aridane\/\" \/>\n<meta property=\"og:site_name\" content=\"Ayuntamiento de Los Llanos de Aridane\" \/>\n<meta property=\"article:published_time\" content=\"2023-10-10T12:18:58+00:00\" \/>\n<meta property=\"og:image\" content=\"https:\/\/www.aridane.org\/city\/wp-content\/uploads\/2023\/10\/X-un-Litoral-Limpio.jpeg\" \/>\n\t<meta property=\"og:image:width\" content=\"1600\" \/>\n\t<meta property=\"og:image:height\" content=\"1200\" \/>\n\t<meta property=\"og:image:type\" content=\"image\/jpeg\" \/>\n<meta name=\"author\" content=\"Corresponsal\" \/>\n<meta name=\"twitter:card\" content=\"summary_large_image\" \/>\n<meta name=\"twitter:label1\" content=\"Escrito por\" \/>\n\t<meta name=\"twitter:data1\" content=\"Corresponsal\" \/>\n\t<meta name=\"twitter:label2\" content=\"Tiempo de lectura\" \/>\n\t<meta name=\"twitter:data2\" content=\"4 minutos\" \/>\n<script type=\"application\/ld+json\" class=\"yoast-schema-graph\">{\"@context\":\"https:\/\/schema.org\",\"@graph\":[{\"@type\":\"WebPage\",\"@id\":\"https:\/\/www.aridane.org\/city\/2023\/10\/10\/mas-de-50-personas-voluntarias-limpian-el-litoral-de-los-llanos-de-llanos-de-aridane\/\",\"url\":\"https:\/\/www.aridane.org\/city\/2023\/10\/10\/mas-de-50-personas-voluntarias-limpian-el-litoral-de-los-llanos-de-llanos-de-aridane\/\",\"name\":\"M\u00e1s de 50 personas voluntarias limpian el litoral de Los Llanos de Llanos de Aridane - Ayuntamiento de Los Llanos de Aridane\",\"isPartOf\":{\"@id\":\"https:\/\/www.aridane.org\/city\/#website\"},\"primaryImageOfPage\":{\"@id\":\"https:\/\/www.aridane.org\/city\/2023\/10\/10\/mas-de-50-personas-voluntarias-limpian-el-litoral-de-los-llanos-de-llanos-de-aridane\/#primaryimage\"},\"image\":{\"@id\":\"https:\/\/www.aridane.org\/city\/2023\/10\/10\/mas-de-50-personas-voluntarias-limpian-el-litoral-de-los-llanos-de-llanos-de-aridane\/#primaryimage\"},\"thumbnailUrl\":\"https:\/\/www.aridane.org\/city\/wp-content\/uploads\/2023\/10\/X-un-Litoral-Limpio.jpeg\",\"datePublished\":\"2023-10-10T12:18:58+00:00\",\"dateModified\":\"2023-10-10T12:18:58+00:00\",\"author\":{\"@id\":\"https:\/\/www.aridane.org\/city\/#\/schema\/person\/89ebd376b223dc94cc1dbcf200c8e6da\"},\"breadcrumb\":{\"@id\":\"https:\/\/www.aridane.org\/city\/2023\/10\/10\/mas-de-50-personas-voluntarias-limpian-el-litoral-de-los-llanos-de-llanos-de-aridane\/#breadcrumb\"},\"inLanguage\":\"es\",\"potentialAction\":[{\"@type\":\"ReadAction\",\"target\":[\"https:\/\/www.aridane.org\/city\/2023\/10\/10\/mas-de-50-personas-voluntarias-limpian-el-litoral-de-los-llanos-de-llanos-de-aridane\/\"]}]},{\"@type\":\"ImageObject\",\"inLanguage\":\"es\",\"@id\":\"https:\/\/www.aridane.org\/city\/2023\/10\/10\/mas-de-50-personas-voluntarias-limpian-el-litoral-de-los-llanos-de-llanos-de-aridane\/#primaryimage\",\"url\":\"https:\/\/www.aridane.org\/city\/wp-content\/uploads\/2023\/10\/X-un-Litoral-Limpio.jpeg\",\"contentUrl\":\"https:\/\/www.aridane.org\/city\/wp-content\/uploads\/2023\/10\/X-un-Litoral-Limpio.jpeg\",\"width\":1600,\"height\":1200},{\"@type\":\"BreadcrumbList\",\"@id\":\"https:\/\/www.aridane.org\/city\/2023\/10\/10\/mas-de-50-personas-voluntarias-limpian-el-litoral-de-los-llanos-de-llanos-de-aridane\/#breadcrumb\",\"itemListElement\":[{\"@type\":\"ListItem\",\"position\":1,\"name\":\"Portada\",\"item\":\"https:\/\/www.aridane.org\/city\/\"},{\"@type\":\"ListItem\",\"position\":2,\"name\":\"M\u00e1s de 50 personas voluntarias limpian el litoral de Los Llanos de Llanos de Aridane\"}]},{\"@type\":\"WebSite\",\"@id\":\"https:\/\/www.aridane.org\/city\/#website\",\"url\":\"https:\/\/www.aridane.org\/city\/\",\"name\":\"Ayuntamiento de Los Llanos de Aridane\",\"description\":\"\",\"potentialAction\":[{\"@type\":\"SearchAction\",\"target\":{\"@type\":\"EntryPoint\",\"urlTemplate\":\"https:\/\/www.aridane.org\/city\/?s={search_term_string}\"},\"query-input\":\"required name=search_term_string\"}],\"inLanguage\":\"es\"},{\"@type\":\"Person\",\"@id\":\"https:\/\/www.aridane.org\/city\/#\/schema\/person\/89ebd376b223dc94cc1dbcf200c8e6da\",\"name\":\"Corresponsal\",\"image\":{\"@type\":\"ImageObject\",\"inLanguage\":\"es\",\"@id\":\"https:\/\/www.aridane.org\/city\/#\/schema\/person\/image\/\",\"url\":\"https:\/\/secure.gravatar.com\/avatar\/1c476992411e4ccf153da63b2b2f5ea0bb4cb1c85f3ceab8512f04325ad5579c?s=96&d=mm&r=g\",\"contentUrl\":\"https:\/\/secure.gravatar.com\/avatar\/1c476992411e4ccf153da63b2b2f5ea0bb4cb1c85f3ceab8512f04325ad5579c?s=96&d=mm&r=g\",\"caption\":\"Corresponsal\"},\"url\":\"https:\/\/www.aridane.org\/city\/author\/corresponsal\/\"}]}<\/script>\n<!-- \/ Yoast SEO plugin. -->","yoast_head_json":{"title":"M\u00e1s de 50 personas voluntarias limpian el litoral de Los Llanos de Llanos de Aridane - Ayuntamiento de Los Llanos de Aridane","robots":{"index":"index","follow":"follow","max-snippet":"max-snippet:-1","max-image-preview":"max-image-preview:large","max-video-preview":"max-video-preview:-1"},"canonical":"https:\/\/www.aridane.org\/city\/2023\/10\/10\/mas-de-50-personas-voluntarias-limpian-el-litoral-de-los-llanos-de-llanos-de-aridane\/","og_locale":"es_ES","og_type":"article","og_title":"M\u00e1s de 50 personas voluntarias limpian el litoral de Los Llanos de Llanos de Aridane - Ayuntamiento de Los Llanos de Aridane","og_description":"El Ayuntamiento retoma despu\u00e9s de dos a\u00f1os la iniciativa \u2018X un litoral + limpio\u2019, que emprendi\u00f3 acciones de limpieza en El Remo y Charco Verde\u00a0","og_url":"https:\/\/www.aridane.org\/city\/2023\/10\/10\/mas-de-50-personas-voluntarias-limpian-el-litoral-de-los-llanos-de-llanos-de-aridane\/","og_site_name":"Ayuntamiento de Los Llanos de Aridane","article_published_time":"2023-10-10T12:18:58+00:00","og_image":[{"width":1600,"height":1200,"url":"https:\/\/www.aridane.org\/city\/wp-content\/uploads\/2023\/10\/X-un-Litoral-Limpio.jpeg","type":"image\/jpeg"}],"author":"Corresponsal","twitter_card":"summary_large_image","twitter_misc":{"Escrito por":"Corresponsal","Tiempo de lectura":"4 minutos"},"schema":{"@context":"https:\/\/schema.org","@graph":[{"@type":"WebPage","@id":"https:\/\/www.aridane.org\/city\/2023\/10\/10\/mas-de-50-personas-voluntarias-limpian-el-litoral-de-los-llanos-de-llanos-de-aridane\/","url":"https:\/\/www.aridane.org\/city\/2023\/10\/10\/mas-de-50-personas-voluntarias-limpian-el-litoral-de-los-llanos-de-llanos-de-aridane\/","name":"M\u00e1s de 50 personas voluntarias limpian el litoral de Los Llanos de Llanos de Aridane - Ayuntamiento de Los Llanos de Aridane","isPartOf":{"@id":"https:\/\/www.aridane.org\/city\/#website"},"primaryImageOfPage":{"@id":"https:\/\/www.aridane.org\/city\/2023\/10\/10\/mas-de-50-personas-voluntarias-limpian-el-litoral-de-los-llanos-de-llanos-de-aridane\/#primaryimage"},"image":{"@id":"https:\/\/www.aridane.org\/city\/2023\/10\/10\/mas-de-50-personas-voluntarias-limpian-el-litoral-de-los-llanos-de-llanos-de-aridane\/#primaryimage"},"thumbnailUrl":"https:\/\/www.aridane.org\/city\/wp-content\/uploads\/2023\/10\/X-un-Litoral-Limpio.jpeg","datePublished":"2023-10-10T12:18:58+00:00","dateModified":"2023-10-10T12:18:58+00:00","author":{"@id":"https:\/\/www.aridane.org\/city\/#\/schema\/person\/89ebd376b223dc94cc1dbcf200c8e6da"},"breadcrumb":{"@id":"https:\/\/www.aridane.org\/city\/2023\/10\/10\/mas-de-50-personas-voluntarias-limpian-el-litoral-de-los-llanos-de-llanos-de-aridane\/#breadcrumb"},"inLanguage":"es","potentialAction":[{"@type":"ReadAction","target":["https:\/\/www.aridane.org\/city\/2023\/10\/10\/mas-de-50-personas-voluntarias-limpian-el-litoral-de-los-llanos-de-llanos-de-aridane\/"]}]},{"@type":"ImageObject","inLanguage":"es","@id":"https:\/\/www.aridane.org\/city\/2023\/10\/10\/mas-de-50-personas-voluntarias-limpian-el-litoral-de-los-llanos-de-llanos-de-aridane\/#primaryimage","url":"https:\/\/www.aridane.org\/city\/wp-content\/uploads\/2023\/10\/X-un-Litoral-Limpio.jpeg","contentUrl":"https:\/\/www.aridane.org\/city\/wp-content\/uploads\/2023\/10\/X-un-Litoral-Limpio.jpeg","width":1600,"height":1200},{"@type":"BreadcrumbList","@id":"https:\/\/www.aridane.org\/city\/2023\/10\/10\/mas-de-50-personas-voluntarias-limpian-el-litoral-de-los-llanos-de-llanos-de-aridane\/#breadcrumb","itemListElement":[{"@type":"ListItem","position":1,"name":"Portada","item":"https:\/\/www.aridane.org\/city\/"},{"@type":"ListItem","position":2,"name":"M\u00e1s de 50 personas voluntarias limpian el litoral de Los Llanos de Llanos de Aridane"}]},{"@type":"WebSite","@id":"https:\/\/www.aridane.org\/city\/#website","url":"https:\/\/www.aridane.org\/city\/","name":"Ayuntamiento de Los Llanos de Aridane","description":"","potentialAction":[{"@type":"SearchAction","target":{"@type":"EntryPoint","urlTemplate":"https:\/\/www.aridane.org\/city\/?s={search_term_string}"},"query-input":"required name=search_term_string"}],"inLanguage":"es"},{"@type":"Person","@id":"https:\/\/www.aridane.org\/city\/#\/schema\/person\/89ebd376b223dc94cc1dbcf200c8e6da","name":"Corresponsal","image":{"@type":"ImageObject","inLanguage":"es","@id":"https:\/\/www.aridane.org\/city\/#\/schema\/person\/image\/","url":"https:\/\/secure.gravatar.com\/avatar\/1c476992411e4ccf153da63b2b2f5ea0bb4cb1c85f3ceab8512f04325ad5579c?s=96&d=mm&r=g","contentUrl":"https:\/\/secure.gravatar.com\/avatar\/1c476992411e4ccf153da63b2b2f5ea0bb4cb1c85f3ceab8512f04325ad5579c?s=96&d=mm&r=g","caption":"Corresponsal"},"url":"https:\/\/www.aridane.org\/city\/author\/corresponsal\/"}]}},"_links":{"self":[{"href":"https:\/\/www.aridane.org\/city\/wp-json\/wp\/v2\/posts\/2855","targetHints":{"allow":["GET"]}}],"collection":[{"href":"https:\/\/www.aridane.org\/city\/wp-json\/wp\/v2\/posts"}],"about":[{"href":"https:\/\/www.aridane.org\/city\/wp-json\/wp\/v2\/types\/post"}],"author":[{"embeddable":true,"href":"https:\/\/www.aridane.org\/city\/wp-json\/wp\/v2\/users\/4"}],"replies":[{"embeddable":true,"href":"https:\/\/www.aridane.org\/city\/wp-json\/wp\/v2\/comments?post=2855"}],"version-history":[{"count":1,"href":"https:\/\/www.aridane.org\/city\/wp-json\/wp\/v2\/posts\/2855\/revisions"}],"predecessor-version":[{"id":2857,"href":"https:\/\/www.aridane.org\/city\/wp-json\/wp\/v2\/posts\/2855\/revisions\/2857"}],"wp:featuredmedia":[{"embeddable":true,"href":"https:\/\/www.aridane.org\/city\/wp-json\/wp\/v2\/media\/2856"}],"wp:attachment":[{"href":"https:\/\/www.aridane.org\/city\/wp-json\/wp\/v2\/media?parent=2855"}],"wp:term":[{"taxonomy":"category","embeddable":true,"href":"https:\/\/www.aridane.org\/city\/wp-json\/wp\/v2\/categories?post=2855"},{"taxonomy":"post_tag","embeddable":true,"href":"https:\/\/www.aridane.org\/city\/wp-json\/wp\/v2\/tags?post=2855"}],"curies":[{"name":"wp","href":"https:\/\/api.w.org\/{rel}","templated":true}]}}