{"id":2858,"date":"2023-10-16T07:08:33","date_gmt":"2023-10-16T07:08:33","guid":{"rendered":"https:\/\/www.aridane.org\/city\/?p=2858"},"modified":"2023-10-16T07:08:33","modified_gmt":"2023-10-16T07:08:33","slug":"el-ayuntamiento-abre-la-convocatoria-para-participar-en-los-consejos-de-barrio-de-los-llanos-de-aridane","status":"publish","type":"post","link":"https:\/\/www.aridane.org\/city\/2023\/10\/16\/el-ayuntamiento-abre-la-convocatoria-para-participar-en-los-consejos-de-barrio-de-los-llanos-de-aridane\/","title":{"rendered":"El Ayuntamiento abre la convocatoria para participar en los Consejos de Barrio de Los Llanos de Aridane"},"content":{"rendered":"<div id=\"v1signature\"><em>Como consecuencia del volc\u00e1n, se llevar\u00e1 a cabo un proceso de revisi\u00f3n participada de la estructura de los Consejos de Barrio<\/em><\/div>\n<p><!--more--><\/p>\n<div id=\"v1forwardbody1\">\n<p>El Ayuntamiento de Los Llanos de Aridane abre la convocatoria para que colectivos, entidades y personas que a t\u00edtulo personal lo deseen presenten sus candidaturas para participar en los Consejos de Barrio Municipales. Para ello, deber\u00e1n presentar la debida solicitud en el registro municipal entre el lunes 16 de octubre y el viernes 3 de noviembre.<\/p>\n<p>La concejala de Participaci\u00f3n Ciudadana, Inmaculada Fern\u00e1ndez, explica que el objetivo es que los nuevos Consejos queden constituidos en la primera quincena de noviembre. \u201cSiempre hemos colocado a las personas en el centro de nuestras decisiones pol\u00edticas. A trav\u00e9s de los Consejos conocemos en detalle las necesidades y las oportunidades de cada uno de los barrios\u201d, apunta.<\/p>\n<p>Por su parte, el alcalde de Los Llanos de Aridane, Javier Llamas, valora el papel que juegan los Consejos de Barrio Municipales a la hora de definir las prioridades del Ayuntamiento. \u201cInvito a la ciudadan\u00eda y las entidades locales a sumarse para enriquecer el debate y que nuestras decisiones sean m\u00e1s eficaces\u201d, apunta.<\/p>\n<h2><strong>Revisar los Consejos de Barrio tras el volc\u00e1n<\/strong><\/h2>\n<p>Inmaculada Fern\u00e1ndez detalla que, con motivo del volc\u00e1n Tajogaite, se hace preciso desarrollar un proceso de revisi\u00f3n participada de la estructura de los Consejos de Barrio. Un proceso que, aclara, se har\u00e1 en coordinaci\u00f3n con las personas que los compongan.<\/p>\n<p>Cabe apuntar que en los Consejos de Barrio Municipales formar\u00e1n parte representantes pol\u00edticos de la administraci\u00f3n municipal (tanto del equipo de gobierno, como de la oposici\u00f3n), tambi\u00e9n las entidades ciudadanas que lo soliciten, y que se encuentren debidamente inscritas en el Registro Municipal de Entidades y est\u00e9n domiciliadas en el \u00e1mbito territorial al que se adscribe dicho Consejo, as\u00ed como podr\u00e1n formar parte personas f\u00edsicas, a t\u00edtulo individual, que en este caso ser\u00e1n en un n\u00famero proporcionalmente igual al de entidades ciudadanas que est\u00e9n presentes en el Consejo.<\/p>\n<p>Tambi\u00e9n formar\u00e1 parte del mismo el personal municipal que se determine para desempe\u00f1ar las tareas de la secretar\u00eda.<\/p>\n<h2><strong>Cu\u00e1l es la labor de los Consejos<\/strong><\/h2>\n<p>Los Consejos podr\u00e1n supervisar la labor de la administraci\u00f3n en sus barrios y, cuando la corporaci\u00f3n deba tomar acuerdos que afecten de forma particular o relevante a uno de ellos, deber\u00e1 o\u00edr previamente al Consejo correspondiente, aunque sus propuestas nunca ser\u00e1n vinculantes, pero siempre ser\u00e1n muy tenidas en cuenta.<\/p>\n<p>Entre sus funciones est\u00e1n: realizar el seguimiento de la gesti\u00f3n municipal del barrio; recibir informaci\u00f3n e informar, antes de su aprobaci\u00f3n, sobre proyectos, planes y programas de urbanismo, infraestructuras, bienestar social y dem\u00e1s temas de inter\u00e9s, que el Ayuntamiento prevea desarrollar en el barrio; formular propuestas de actuaci\u00f3n a los \u00f3rganos de gobierno del Ayuntamiento sobre asuntos de competencia municipal y de inter\u00e9s para el barrio; facilitar la mayor informaci\u00f3n y publicidad sobre las actividades y acuerdos municipales que afecten al barrio; recabar propuestas ciudadanas relativas al funcionamiento de los servicios y\/o actuaciones municipales en el barrio, as\u00ed como cualquier otra espec\u00edfica que le otorgue sus estatutos, incluyendo la constituci\u00f3n de comisiones sectoriales o grupos de trabajo.<\/p>\n<p>Desde el Ayuntamiento se continuar\u00e1 favoreciendo los espacios de encuentro entre la poblaci\u00f3n, tanto la organizada como la no organizada, con el personal municipal y sus responsables pol\u00edticos. Espacios donde se fomenta el trabajo conjunto para la reflexi\u00f3n y la toma de decisiones sobre aquellos temas que sean considerados como prioritarios. Con la creaci\u00f3n de estos \u00f3rganos de participaci\u00f3n se pretende consolidar la apuesta por una mayor transparencia y cooperaci\u00f3n ciudadana en su gesti\u00f3n.<\/p>\n<\/div>\n","protected":false},"excerpt":{"rendered":"<p>Como consecuencia del volc\u00e1n, se llevar\u00e1 a cabo un proceso de revisi\u00f3n participada de la estructura de los Consejos de Barrio<\/p>\n","protected":false},"author":4,"featured_media":2663,"comment_status":"open","ping_status":"open","sticky":false,"template":"","format":"standard","meta":{"footnotes":""},"categories":[1],"tags":[],"class_list":["post-2858","post","type-post","status-publish","format-standard","has-post-thumbnail","hentry","category-sin-categoria"],"yoast_head":"<!-- This site is optimized with the Yoast SEO plugin v22.7 - https:\/\/yoast.com\/wordpress\/plugins\/seo\/ -->\n<title>El Ayuntamiento abre la convocatoria para participar en los Consejos de Barrio de Los Llanos de Aridane - Ayuntamiento de Los Llanos de Aridane<\/title>\n<meta name=\"robots\" content=\"index, follow, max-snippet:-1, max-image-preview:large, max-video-preview:-1\" \/>\n<link rel=\"canonical\" href=\"https:\/\/www.aridane.org\/city\/2023\/10\/16\/el-ayuntamiento-abre-la-convocatoria-para-participar-en-los-consejos-de-barrio-de-los-llanos-de-aridane\/\" \/>\n<meta property=\"og:locale\" content=\"es_ES\" \/>\n<meta property=\"og:type\" content=\"article\" \/>\n<meta property=\"og:title\" content=\"El Ayuntamiento abre la convocatoria para participar en los Consejos de Barrio de Los Llanos de Aridane - Ayuntamiento de Los Llanos de Aridane\" \/>\n<meta property=\"og:description\" content=\"Como consecuencia del volc\u00e1n, se llevar\u00e1 a cabo un proceso de revisi\u00f3n participada de la estructura de los Consejos de Barrio\" \/>\n<meta property=\"og:url\" content=\"https:\/\/www.aridane.org\/city\/2023\/10\/16\/el-ayuntamiento-abre-la-convocatoria-para-participar-en-los-consejos-de-barrio-de-los-llanos-de-aridane\/\" \/>\n<meta property=\"og:site_name\" content=\"Ayuntamiento de Los Llanos de Aridane\" \/>\n<meta property=\"article:published_time\" content=\"2023-10-16T07:08:33+00:00\" \/>\n<meta property=\"og:image\" content=\"https:\/\/www.aridane.org\/city\/wp-content\/uploads\/2023\/07\/turismo_aridane_50.jpg\" \/>\n\t<meta property=\"og:image:width\" content=\"1000\" \/>\n\t<meta property=\"og:image:height\" content=\"877\" \/>\n\t<meta property=\"og:image:type\" content=\"image\/jpeg\" \/>\n<meta name=\"author\" content=\"Corresponsal\" \/>\n<meta name=\"twitter:card\" content=\"summary_large_image\" \/>\n<meta name=\"twitter:label1\" content=\"Escrito por\" \/>\n\t<meta name=\"twitter:data1\" content=\"Corresponsal\" \/>\n\t<meta name=\"twitter:label2\" content=\"Tiempo de lectura\" \/>\n\t<meta name=\"twitter:data2\" content=\"3 minutos\" \/>\n<script type=\"application\/ld+json\" class=\"yoast-schema-graph\">{\"@context\":\"https:\/\/schema.org\",\"@graph\":[{\"@type\":\"WebPage\",\"@id\":\"https:\/\/www.aridane.org\/city\/2023\/10\/16\/el-ayuntamiento-abre-la-convocatoria-para-participar-en-los-consejos-de-barrio-de-los-llanos-de-aridane\/\",\"url\":\"https:\/\/www.aridane.org\/city\/2023\/10\/16\/el-ayuntamiento-abre-la-convocatoria-para-participar-en-los-consejos-de-barrio-de-los-llanos-de-aridane\/\",\"name\":\"El Ayuntamiento abre la convocatoria para participar en los Consejos de Barrio de Los Llanos de Aridane - Ayuntamiento de Los Llanos de Aridane\",\"isPartOf\":{\"@id\":\"https:\/\/www.aridane.org\/city\/#website\"},\"primaryImageOfPage\":{\"@id\":\"https:\/\/www.aridane.org\/city\/2023\/10\/16\/el-ayuntamiento-abre-la-convocatoria-para-participar-en-los-consejos-de-barrio-de-los-llanos-de-aridane\/#primaryimage\"},\"image\":{\"@id\":\"https:\/\/www.aridane.org\/city\/2023\/10\/16\/el-ayuntamiento-abre-la-convocatoria-para-participar-en-los-consejos-de-barrio-de-los-llanos-de-aridane\/#primaryimage\"},\"thumbnailUrl\":\"https:\/\/www.aridane.org\/city\/wp-content\/uploads\/2023\/07\/turismo_aridane_50.jpg\",\"datePublished\":\"2023-10-16T07:08:33+00:00\",\"dateModified\":\"2023-10-16T07:08:33+00:00\",\"author\":{\"@id\":\"https:\/\/www.aridane.org\/city\/#\/schema\/person\/89ebd376b223dc94cc1dbcf200c8e6da\"},\"breadcrumb\":{\"@id\":\"https:\/\/www.aridane.org\/city\/2023\/10\/16\/el-ayuntamiento-abre-la-convocatoria-para-participar-en-los-consejos-de-barrio-de-los-llanos-de-aridane\/#breadcrumb\"},\"inLanguage\":\"es\",\"potentialAction\":[{\"@type\":\"ReadAction\",\"target\":[\"https:\/\/www.aridane.org\/city\/2023\/10\/16\/el-ayuntamiento-abre-la-convocatoria-para-participar-en-los-consejos-de-barrio-de-los-llanos-de-aridane\/\"]}]},{\"@type\":\"ImageObject\",\"inLanguage\":\"es\",\"@id\":\"https:\/\/www.aridane.org\/city\/2023\/10\/16\/el-ayuntamiento-abre-la-convocatoria-para-participar-en-los-consejos-de-barrio-de-los-llanos-de-aridane\/#primaryimage\",\"url\":\"https:\/\/www.aridane.org\/city\/wp-content\/uploads\/2023\/07\/turismo_aridane_50.jpg\",\"contentUrl\":\"https:\/\/www.aridane.org\/city\/wp-content\/uploads\/2023\/07\/turismo_aridane_50.jpg\",\"width\":1000,\"height\":877},{\"@type\":\"BreadcrumbList\",\"@id\":\"https:\/\/www.aridane.org\/city\/2023\/10\/16\/el-ayuntamiento-abre-la-convocatoria-para-participar-en-los-consejos-de-barrio-de-los-llanos-de-aridane\/#breadcrumb\",\"itemListElement\":[{\"@type\":\"ListItem\",\"position\":1,\"name\":\"Portada\",\"item\":\"https:\/\/www.aridane.org\/city\/\"},{\"@type\":\"ListItem\",\"position\":2,\"name\":\"El Ayuntamiento abre la convocatoria para participar en los Consejos de Barrio de Los Llanos de Aridane\"}]},{\"@type\":\"WebSite\",\"@id\":\"https:\/\/www.aridane.org\/city\/#website\",\"url\":\"https:\/\/www.aridane.org\/city\/\",\"name\":\"Ayuntamiento de Los Llanos de Aridane\",\"description\":\"\",\"potentialAction\":[{\"@type\":\"SearchAction\",\"target\":{\"@type\":\"EntryPoint\",\"urlTemplate\":\"https:\/\/www.aridane.org\/city\/?s={search_term_string}\"},\"query-input\":\"required name=search_term_string\"}],\"inLanguage\":\"es\"},{\"@type\":\"Person\",\"@id\":\"https:\/\/www.aridane.org\/city\/#\/schema\/person\/89ebd376b223dc94cc1dbcf200c8e6da\",\"name\":\"Corresponsal\",\"image\":{\"@type\":\"ImageObject\",\"inLanguage\":\"es\",\"@id\":\"https:\/\/www.aridane.org\/city\/#\/schema\/person\/image\/\",\"url\":\"https:\/\/secure.gravatar.com\/avatar\/1c476992411e4ccf153da63b2b2f5ea0bb4cb1c85f3ceab8512f04325ad5579c?s=96&d=mm&r=g\",\"contentUrl\":\"https:\/\/secure.gravatar.com\/avatar\/1c476992411e4ccf153da63b2b2f5ea0bb4cb1c85f3ceab8512f04325ad5579c?s=96&d=mm&r=g\",\"caption\":\"Corresponsal\"},\"url\":\"https:\/\/www.aridane.org\/city\/author\/corresponsal\/\"}]}<\/script>\n<!-- \/ Yoast SEO plugin. -->","yoast_head_json":{"title":"El Ayuntamiento abre la convocatoria para participar en los Consejos de Barrio de Los Llanos de Aridane - Ayuntamiento de Los Llanos de Aridane","robots":{"index":"index","follow":"follow","max-snippet":"max-snippet:-1","max-image-preview":"max-image-preview:large","max-video-preview":"max-video-preview:-1"},"canonical":"https:\/\/www.aridane.org\/city\/2023\/10\/16\/el-ayuntamiento-abre-la-convocatoria-para-participar-en-los-consejos-de-barrio-de-los-llanos-de-aridane\/","og_locale":"es_ES","og_type":"article","og_title":"El Ayuntamiento abre la convocatoria para participar en los Consejos de Barrio de Los Llanos de Aridane - Ayuntamiento de Los Llanos de Aridane","og_description":"Como consecuencia del volc\u00e1n, se llevar\u00e1 a cabo un proceso de revisi\u00f3n participada de la estructura de los Consejos de Barrio","og_url":"https:\/\/www.aridane.org\/city\/2023\/10\/16\/el-ayuntamiento-abre-la-convocatoria-para-participar-en-los-consejos-de-barrio-de-los-llanos-de-aridane\/","og_site_name":"Ayuntamiento de Los Llanos de Aridane","article_published_time":"2023-10-16T07:08:33+00:00","og_image":[{"width":1000,"height":877,"url":"https:\/\/www.aridane.org\/city\/wp-content\/uploads\/2023\/07\/turismo_aridane_50.jpg","type":"image\/jpeg"}],"author":"Corresponsal","twitter_card":"summary_large_image","twitter_misc":{"Escrito por":"Corresponsal","Tiempo de lectura":"3 minutos"},"schema":{"@context":"https:\/\/schema.org","@graph":[{"@type":"WebPage","@id":"https:\/\/www.aridane.org\/city\/2023\/10\/16\/el-ayuntamiento-abre-la-convocatoria-para-participar-en-los-consejos-de-barrio-de-los-llanos-de-aridane\/","url":"https:\/\/www.aridane.org\/city\/2023\/10\/16\/el-ayuntamiento-abre-la-convocatoria-para-participar-en-los-consejos-de-barrio-de-los-llanos-de-aridane\/","name":"El Ayuntamiento abre la convocatoria para participar en los Consejos de Barrio de Los Llanos de Aridane - Ayuntamiento de Los Llanos de Aridane","isPartOf":{"@id":"https:\/\/www.aridane.org\/city\/#website"},"primaryImageOfPage":{"@id":"https:\/\/www.aridane.org\/city\/2023\/10\/16\/el-ayuntamiento-abre-la-convocatoria-para-participar-en-los-consejos-de-barrio-de-los-llanos-de-aridane\/#primaryimage"},"image":{"@id":"https:\/\/www.aridane.org\/city\/2023\/10\/16\/el-ayuntamiento-abre-la-convocatoria-para-participar-en-los-consejos-de-barrio-de-los-llanos-de-aridane\/#primaryimage"},"thumbnailUrl":"https:\/\/www.aridane.org\/city\/wp-content\/uploads\/2023\/07\/turismo_aridane_50.jpg","datePublished":"2023-10-16T07:08:33+00:00","dateModified":"2023-10-16T07:08:33+00:00","author":{"@id":"https:\/\/www.aridane.org\/city\/#\/schema\/person\/89ebd376b223dc94cc1dbcf200c8e6da"},"breadcrumb":{"@id":"https:\/\/www.aridane.org\/city\/2023\/10\/16\/el-ayuntamiento-abre-la-convocatoria-para-participar-en-los-consejos-de-barrio-de-los-llanos-de-aridane\/#breadcrumb"},"inLanguage":"es","potentialAction":[{"@type":"ReadAction","target":["https:\/\/www.aridane.org\/city\/2023\/10\/16\/el-ayuntamiento-abre-la-convocatoria-para-participar-en-los-consejos-de-barrio-de-los-llanos-de-aridane\/"]}]},{"@type":"ImageObject","inLanguage":"es","@id":"https:\/\/www.aridane.org\/city\/2023\/10\/16\/el-ayuntamiento-abre-la-convocatoria-para-participar-en-los-consejos-de-barrio-de-los-llanos-de-aridane\/#primaryimage","url":"https:\/\/www.aridane.org\/city\/wp-content\/uploads\/2023\/07\/turismo_aridane_50.jpg","contentUrl":"https:\/\/www.aridane.org\/city\/wp-content\/uploads\/2023\/07\/turismo_aridane_50.jpg","width":1000,"height":877},{"@type":"BreadcrumbList","@id":"https:\/\/www.aridane.org\/city\/2023\/10\/16\/el-ayuntamiento-abre-la-convocatoria-para-participar-en-los-consejos-de-barrio-de-los-llanos-de-aridane\/#breadcrumb","itemListElement":[{"@type":"ListItem","position":1,"name":"Portada","item":"https:\/\/www.aridane.org\/city\/"},{"@type":"ListItem","position":2,"name":"El Ayuntamiento abre la convocatoria para participar en los Consejos de Barrio de Los Llanos de Aridane"}]},{"@type":"WebSite","@id":"https:\/\/www.aridane.org\/city\/#website","url":"https:\/\/www.aridane.org\/city\/","name":"Ayuntamiento de Los Llanos de Aridane","description":"","potentialAction":[{"@type":"SearchAction","target":{"@type":"EntryPoint","urlTemplate":"https:\/\/www.aridane.org\/city\/?s={search_term_string}"},"query-input":"required name=search_term_string"}],"inLanguage":"es"},{"@type":"Person","@id":"https:\/\/www.aridane.org\/city\/#\/schema\/person\/89ebd376b223dc94cc1dbcf200c8e6da","name":"Corresponsal","image":{"@type":"ImageObject","inLanguage":"es","@id":"https:\/\/www.aridane.org\/city\/#\/schema\/person\/image\/","url":"https:\/\/secure.gravatar.com\/avatar\/1c476992411e4ccf153da63b2b2f5ea0bb4cb1c85f3ceab8512f04325ad5579c?s=96&d=mm&r=g","contentUrl":"https:\/\/secure.gravatar.com\/avatar\/1c476992411e4ccf153da63b2b2f5ea0bb4cb1c85f3ceab8512f04325ad5579c?s=96&d=mm&r=g","caption":"Corresponsal"},"url":"https:\/\/www.aridane.org\/city\/author\/corresponsal\/"}]}},"_links":{"self":[{"href":"https:\/\/www.aridane.org\/city\/wp-json\/wp\/v2\/posts\/2858","targetHints":{"allow":["GET"]}}],"collection":[{"href":"https:\/\/www.aridane.org\/city\/wp-json\/wp\/v2\/posts"}],"about":[{"href":"https:\/\/www.aridane.org\/city\/wp-json\/wp\/v2\/types\/post"}],"author":[{"embeddable":true,"href":"https:\/\/www.aridane.org\/city\/wp-json\/wp\/v2\/users\/4"}],"replies":[{"embeddable":true,"href":"https:\/\/www.aridane.org\/city\/wp-json\/wp\/v2\/comments?post=2858"}],"version-history":[{"count":1,"href":"https:\/\/www.aridane.org\/city\/wp-json\/wp\/v2\/posts\/2858\/revisions"}],"predecessor-version":[{"id":2859,"href":"https:\/\/www.aridane.org\/city\/wp-json\/wp\/v2\/posts\/2858\/revisions\/2859"}],"wp:featuredmedia":[{"embeddable":true,"href":"https:\/\/www.aridane.org\/city\/wp-json\/wp\/v2\/media\/2663"}],"wp:attachment":[{"href":"https:\/\/www.aridane.org\/city\/wp-json\/wp\/v2\/media?parent=2858"}],"wp:term":[{"taxonomy":"category","embeddable":true,"href":"https:\/\/www.aridane.org\/city\/wp-json\/wp\/v2\/categories?post=2858"},{"taxonomy":"post_tag","embeddable":true,"href":"https:\/\/www.aridane.org\/city\/wp-json\/wp\/v2\/tags?post=2858"}],"curies":[{"name":"wp","href":"https:\/\/api.w.org\/{rel}","templated":true}]}}