{"id":2860,"date":"2023-08-29T08:04:55","date_gmt":"2023-08-29T08:04:55","guid":{"rendered":"https:\/\/www.aridane.org\/city\/?p=2860"},"modified":"2023-10-16T08:07:46","modified_gmt":"2023-10-16T08:07:46","slug":"los-llanos-de-aridane-dinamiza-el-mercadillo-de-agricultor-con-actuaciones-de-musica-en-vivo","status":"publish","type":"post","link":"https:\/\/www.aridane.org\/city\/2023\/08\/29\/los-llanos-de-aridane-dinamiza-el-mercadillo-de-agricultor-con-actuaciones-de-musica-en-vivo\/","title":{"rendered":"Los Llanos de Aridane dinamiza el mercadillo de agricultor con actuaciones de m\u00fasica en vivo"},"content":{"rendered":"<p><em>La concejala de Comercio quiere convertir el mercadillo del agricultor en un espacio m\u00e1s vivo y alegre<\/em><br \/>\n<!--more--><\/p>\n<div id=\"v1forwardbody1\">\n<p>El Ayuntamiento de Los Llanos de Aridane dinamiza el mercadillo del agricultor con m\u00fasica en vivo. Desde la Concejal\u00eda de Desarrollo Local y Comercio que dirige Ver\u00f3nica Gonz\u00e1lez trabajan para potenciar un recurso que beneficia a la ciudadan\u00eda, a los comerciantes y a los productores locales.<\/p>\n<p>El alcalde, Javier Llamas, valora la puesta en marcha de acciones que den vida al municipio. \u201cCada domingo, el mercadillo del agricultor llena de alegr\u00eda y buenos productos nuestras calles. Queremos dar un pasito m\u00e1s para que este espacio sea un referente en todo el Valle\u201d, se\u00f1ala.<\/p>\n<p>Ver\u00f3nica Gonz\u00e1lez asegura que el mercadillo del agricultor de Los Llanos de Aridane es un gran activo para el municipio. \u201cCada domingo la Avenida Doctor Fleming congrega una gran afluencia de personas. Para mejorar el ambiente y hacer de este lugar un sitio a\u00fan m\u00e1s entra\u00f1able, queremos que haya espect\u00e1culos de m\u00fasica en vivo entre otras acciones\u201d, apunta.<\/p>\n<p>Este domingo, 1 de octubre, de 11:00 a 13:00 horas, D\u00fao Palma estar\u00e1 dinamizando el Mercadillo del Agricultor. En esta ocasi\u00f3n contar\u00e1n con el apoyo de C&amp;Z Producciones. El objetivo del Ayuntamiento es que al menos dos fines de semana al mes puedan haber espect\u00e1culos en directo junto a los productores del mercadillo.<\/p>\n<p>\u201cNos apoyaremos de diferentes empresas locales cada vez que hagamos una acci\u00f3n as\u00ed. Queremos que sea un verdadero\u00a0<em>win-win<\/em>. Que gane la ciudadan\u00eda y que ganen los comerciantes con un mercadillo del agricultor m\u00e1s vivo y alegre\u201d, apunta Ver\u00f3nica Gonz\u00e1lez.<\/p>\n<\/div>\n<p>Esta iniciativa se enmarca dentro de <em>Un mercadillo al aire libre<\/em>, un proyecto financiado por el Gobierno de Canarias dentro de la convocatoria de subvenciones a proyectos de mejora de los mercados tradicionales de Canarias y otras actuaciones de apoyo al comercio rural.<\/p>\n","protected":false},"excerpt":{"rendered":"<p>La concejala de Comercio quiere convertir el mercadillo del agricultor en un espacio m\u00e1s vivo y alegre<\/p>\n","protected":false},"author":4,"featured_media":2861,"comment_status":"open","ping_status":"open","sticky":false,"template":"","format":"standard","meta":{"footnotes":""},"categories":[6],"tags":[],"class_list":["post-2860","post","type-post","status-publish","format-standard","has-post-thumbnail","hentry","category-prensa"],"yoast_head":"<!-- This site is optimized with the Yoast SEO plugin v22.7 - https:\/\/yoast.com\/wordpress\/plugins\/seo\/ -->\n<title>Los Llanos de Aridane dinamiza el mercadillo de agricultor con actuaciones de m\u00fasica en vivo - Ayuntamiento de Los Llanos de Aridane<\/title>\n<meta name=\"robots\" content=\"index, follow, max-snippet:-1, max-image-preview:large, max-video-preview:-1\" \/>\n<link rel=\"canonical\" href=\"https:\/\/www.aridane.org\/city\/2023\/08\/29\/los-llanos-de-aridane-dinamiza-el-mercadillo-de-agricultor-con-actuaciones-de-musica-en-vivo\/\" \/>\n<meta property=\"og:locale\" content=\"es_ES\" \/>\n<meta property=\"og:type\" content=\"article\" \/>\n<meta property=\"og:title\" content=\"Los Llanos de Aridane dinamiza el mercadillo de agricultor con actuaciones de m\u00fasica en vivo - Ayuntamiento de Los Llanos de Aridane\" \/>\n<meta property=\"og:description\" content=\"La concejala de Comercio quiere convertir el mercadillo del agricultor en un espacio m\u00e1s vivo y alegre\" \/>\n<meta property=\"og:url\" content=\"https:\/\/www.aridane.org\/city\/2023\/08\/29\/los-llanos-de-aridane-dinamiza-el-mercadillo-de-agricultor-con-actuaciones-de-musica-en-vivo\/\" \/>\n<meta property=\"og:site_name\" content=\"Ayuntamiento de Los Llanos de Aridane\" \/>\n<meta property=\"article:published_time\" content=\"2023-08-29T08:04:55+00:00\" \/>\n<meta property=\"article:modified_time\" content=\"2023-10-16T08:07:46+00:00\" \/>\n<meta property=\"og:image\" content=\"https:\/\/www.aridane.org\/city\/wp-content\/uploads\/2023\/10\/Veronica-Gonzalez-1.jpeg\" \/>\n\t<meta property=\"og:image:width\" content=\"1024\" \/>\n\t<meta property=\"og:image:height\" content=\"683\" \/>\n\t<meta property=\"og:image:type\" content=\"image\/jpeg\" \/>\n<meta name=\"author\" content=\"Corresponsal\" \/>\n<meta name=\"twitter:card\" content=\"summary_large_image\" \/>\n<meta name=\"twitter:label1\" content=\"Escrito por\" \/>\n\t<meta name=\"twitter:data1\" content=\"Corresponsal\" \/>\n\t<meta name=\"twitter:label2\" content=\"Tiempo de lectura\" \/>\n\t<meta name=\"twitter:data2\" content=\"2 minutos\" \/>\n<script type=\"application\/ld+json\" class=\"yoast-schema-graph\">{\"@context\":\"https:\/\/schema.org\",\"@graph\":[{\"@type\":\"WebPage\",\"@id\":\"https:\/\/www.aridane.org\/city\/2023\/08\/29\/los-llanos-de-aridane-dinamiza-el-mercadillo-de-agricultor-con-actuaciones-de-musica-en-vivo\/\",\"url\":\"https:\/\/www.aridane.org\/city\/2023\/08\/29\/los-llanos-de-aridane-dinamiza-el-mercadillo-de-agricultor-con-actuaciones-de-musica-en-vivo\/\",\"name\":\"Los Llanos de Aridane dinamiza el mercadillo de agricultor con actuaciones de m\u00fasica en vivo - Ayuntamiento de Los Llanos de Aridane\",\"isPartOf\":{\"@id\":\"https:\/\/www.aridane.org\/city\/#website\"},\"primaryImageOfPage\":{\"@id\":\"https:\/\/www.aridane.org\/city\/2023\/08\/29\/los-llanos-de-aridane-dinamiza-el-mercadillo-de-agricultor-con-actuaciones-de-musica-en-vivo\/#primaryimage\"},\"image\":{\"@id\":\"https:\/\/www.aridane.org\/city\/2023\/08\/29\/los-llanos-de-aridane-dinamiza-el-mercadillo-de-agricultor-con-actuaciones-de-musica-en-vivo\/#primaryimage\"},\"thumbnailUrl\":\"https:\/\/www.aridane.org\/city\/wp-content\/uploads\/2023\/10\/Veronica-Gonzalez-1.jpeg\",\"datePublished\":\"2023-08-29T08:04:55+00:00\",\"dateModified\":\"2023-10-16T08:07:46+00:00\",\"author\":{\"@id\":\"https:\/\/www.aridane.org\/city\/#\/schema\/person\/89ebd376b223dc94cc1dbcf200c8e6da\"},\"breadcrumb\":{\"@id\":\"https:\/\/www.aridane.org\/city\/2023\/08\/29\/los-llanos-de-aridane-dinamiza-el-mercadillo-de-agricultor-con-actuaciones-de-musica-en-vivo\/#breadcrumb\"},\"inLanguage\":\"es\",\"potentialAction\":[{\"@type\":\"ReadAction\",\"target\":[\"https:\/\/www.aridane.org\/city\/2023\/08\/29\/los-llanos-de-aridane-dinamiza-el-mercadillo-de-agricultor-con-actuaciones-de-musica-en-vivo\/\"]}]},{\"@type\":\"ImageObject\",\"inLanguage\":\"es\",\"@id\":\"https:\/\/www.aridane.org\/city\/2023\/08\/29\/los-llanos-de-aridane-dinamiza-el-mercadillo-de-agricultor-con-actuaciones-de-musica-en-vivo\/#primaryimage\",\"url\":\"https:\/\/www.aridane.org\/city\/wp-content\/uploads\/2023\/10\/Veronica-Gonzalez-1.jpeg\",\"contentUrl\":\"https:\/\/www.aridane.org\/city\/wp-content\/uploads\/2023\/10\/Veronica-Gonzalez-1.jpeg\",\"width\":1024,\"height\":683},{\"@type\":\"BreadcrumbList\",\"@id\":\"https:\/\/www.aridane.org\/city\/2023\/08\/29\/los-llanos-de-aridane-dinamiza-el-mercadillo-de-agricultor-con-actuaciones-de-musica-en-vivo\/#breadcrumb\",\"itemListElement\":[{\"@type\":\"ListItem\",\"position\":1,\"name\":\"Portada\",\"item\":\"https:\/\/www.aridane.org\/city\/\"},{\"@type\":\"ListItem\",\"position\":2,\"name\":\"Los Llanos de Aridane dinamiza el mercadillo de agricultor con actuaciones de m\u00fasica en vivo\"}]},{\"@type\":\"WebSite\",\"@id\":\"https:\/\/www.aridane.org\/city\/#website\",\"url\":\"https:\/\/www.aridane.org\/city\/\",\"name\":\"Ayuntamiento de Los Llanos de Aridane\",\"description\":\"\",\"potentialAction\":[{\"@type\":\"SearchAction\",\"target\":{\"@type\":\"EntryPoint\",\"urlTemplate\":\"https:\/\/www.aridane.org\/city\/?s={search_term_string}\"},\"query-input\":\"required name=search_term_string\"}],\"inLanguage\":\"es\"},{\"@type\":\"Person\",\"@id\":\"https:\/\/www.aridane.org\/city\/#\/schema\/person\/89ebd376b223dc94cc1dbcf200c8e6da\",\"name\":\"Corresponsal\",\"image\":{\"@type\":\"ImageObject\",\"inLanguage\":\"es\",\"@id\":\"https:\/\/www.aridane.org\/city\/#\/schema\/person\/image\/\",\"url\":\"https:\/\/secure.gravatar.com\/avatar\/1c476992411e4ccf153da63b2b2f5ea0bb4cb1c85f3ceab8512f04325ad5579c?s=96&d=mm&r=g\",\"contentUrl\":\"https:\/\/secure.gravatar.com\/avatar\/1c476992411e4ccf153da63b2b2f5ea0bb4cb1c85f3ceab8512f04325ad5579c?s=96&d=mm&r=g\",\"caption\":\"Corresponsal\"},\"url\":\"https:\/\/www.aridane.org\/city\/author\/corresponsal\/\"}]}<\/script>\n<!-- \/ Yoast SEO plugin. -->","yoast_head_json":{"title":"Los Llanos de Aridane dinamiza el mercadillo de agricultor con actuaciones de m\u00fasica en vivo - Ayuntamiento de Los Llanos de Aridane","robots":{"index":"index","follow":"follow","max-snippet":"max-snippet:-1","max-image-preview":"max-image-preview:large","max-video-preview":"max-video-preview:-1"},"canonical":"https:\/\/www.aridane.org\/city\/2023\/08\/29\/los-llanos-de-aridane-dinamiza-el-mercadillo-de-agricultor-con-actuaciones-de-musica-en-vivo\/","og_locale":"es_ES","og_type":"article","og_title":"Los Llanos de Aridane dinamiza el mercadillo de agricultor con actuaciones de m\u00fasica en vivo - Ayuntamiento de Los Llanos de Aridane","og_description":"La concejala de Comercio quiere convertir el mercadillo del agricultor en un espacio m\u00e1s vivo y alegre","og_url":"https:\/\/www.aridane.org\/city\/2023\/08\/29\/los-llanos-de-aridane-dinamiza-el-mercadillo-de-agricultor-con-actuaciones-de-musica-en-vivo\/","og_site_name":"Ayuntamiento de Los Llanos de Aridane","article_published_time":"2023-08-29T08:04:55+00:00","article_modified_time":"2023-10-16T08:07:46+00:00","og_image":[{"width":1024,"height":683,"url":"https:\/\/www.aridane.org\/city\/wp-content\/uploads\/2023\/10\/Veronica-Gonzalez-1.jpeg","type":"image\/jpeg"}],"author":"Corresponsal","twitter_card":"summary_large_image","twitter_misc":{"Escrito por":"Corresponsal","Tiempo de lectura":"2 minutos"},"schema":{"@context":"https:\/\/schema.org","@graph":[{"@type":"WebPage","@id":"https:\/\/www.aridane.org\/city\/2023\/08\/29\/los-llanos-de-aridane-dinamiza-el-mercadillo-de-agricultor-con-actuaciones-de-musica-en-vivo\/","url":"https:\/\/www.aridane.org\/city\/2023\/08\/29\/los-llanos-de-aridane-dinamiza-el-mercadillo-de-agricultor-con-actuaciones-de-musica-en-vivo\/","name":"Los Llanos de Aridane dinamiza el mercadillo de agricultor con actuaciones de m\u00fasica en vivo - Ayuntamiento de Los Llanos de Aridane","isPartOf":{"@id":"https:\/\/www.aridane.org\/city\/#website"},"primaryImageOfPage":{"@id":"https:\/\/www.aridane.org\/city\/2023\/08\/29\/los-llanos-de-aridane-dinamiza-el-mercadillo-de-agricultor-con-actuaciones-de-musica-en-vivo\/#primaryimage"},"image":{"@id":"https:\/\/www.aridane.org\/city\/2023\/08\/29\/los-llanos-de-aridane-dinamiza-el-mercadillo-de-agricultor-con-actuaciones-de-musica-en-vivo\/#primaryimage"},"thumbnailUrl":"https:\/\/www.aridane.org\/city\/wp-content\/uploads\/2023\/10\/Veronica-Gonzalez-1.jpeg","datePublished":"2023-08-29T08:04:55+00:00","dateModified":"2023-10-16T08:07:46+00:00","author":{"@id":"https:\/\/www.aridane.org\/city\/#\/schema\/person\/89ebd376b223dc94cc1dbcf200c8e6da"},"breadcrumb":{"@id":"https:\/\/www.aridane.org\/city\/2023\/08\/29\/los-llanos-de-aridane-dinamiza-el-mercadillo-de-agricultor-con-actuaciones-de-musica-en-vivo\/#breadcrumb"},"inLanguage":"es","potentialAction":[{"@type":"ReadAction","target":["https:\/\/www.aridane.org\/city\/2023\/08\/29\/los-llanos-de-aridane-dinamiza-el-mercadillo-de-agricultor-con-actuaciones-de-musica-en-vivo\/"]}]},{"@type":"ImageObject","inLanguage":"es","@id":"https:\/\/www.aridane.org\/city\/2023\/08\/29\/los-llanos-de-aridane-dinamiza-el-mercadillo-de-agricultor-con-actuaciones-de-musica-en-vivo\/#primaryimage","url":"https:\/\/www.aridane.org\/city\/wp-content\/uploads\/2023\/10\/Veronica-Gonzalez-1.jpeg","contentUrl":"https:\/\/www.aridane.org\/city\/wp-content\/uploads\/2023\/10\/Veronica-Gonzalez-1.jpeg","width":1024,"height":683},{"@type":"BreadcrumbList","@id":"https:\/\/www.aridane.org\/city\/2023\/08\/29\/los-llanos-de-aridane-dinamiza-el-mercadillo-de-agricultor-con-actuaciones-de-musica-en-vivo\/#breadcrumb","itemListElement":[{"@type":"ListItem","position":1,"name":"Portada","item":"https:\/\/www.aridane.org\/city\/"},{"@type":"ListItem","position":2,"name":"Los Llanos de Aridane dinamiza el mercadillo de agricultor con actuaciones de m\u00fasica en vivo"}]},{"@type":"WebSite","@id":"https:\/\/www.aridane.org\/city\/#website","url":"https:\/\/www.aridane.org\/city\/","name":"Ayuntamiento de Los Llanos de Aridane","description":"","potentialAction":[{"@type":"SearchAction","target":{"@type":"EntryPoint","urlTemplate":"https:\/\/www.aridane.org\/city\/?s={search_term_string}"},"query-input":"required name=search_term_string"}],"inLanguage":"es"},{"@type":"Person","@id":"https:\/\/www.aridane.org\/city\/#\/schema\/person\/89ebd376b223dc94cc1dbcf200c8e6da","name":"Corresponsal","image":{"@type":"ImageObject","inLanguage":"es","@id":"https:\/\/www.aridane.org\/city\/#\/schema\/person\/image\/","url":"https:\/\/secure.gravatar.com\/avatar\/1c476992411e4ccf153da63b2b2f5ea0bb4cb1c85f3ceab8512f04325ad5579c?s=96&d=mm&r=g","contentUrl":"https:\/\/secure.gravatar.com\/avatar\/1c476992411e4ccf153da63b2b2f5ea0bb4cb1c85f3ceab8512f04325ad5579c?s=96&d=mm&r=g","caption":"Corresponsal"},"url":"https:\/\/www.aridane.org\/city\/author\/corresponsal\/"}]}},"_links":{"self":[{"href":"https:\/\/www.aridane.org\/city\/wp-json\/wp\/v2\/posts\/2860","targetHints":{"allow":["GET"]}}],"collection":[{"href":"https:\/\/www.aridane.org\/city\/wp-json\/wp\/v2\/posts"}],"about":[{"href":"https:\/\/www.aridane.org\/city\/wp-json\/wp\/v2\/types\/post"}],"author":[{"embeddable":true,"href":"https:\/\/www.aridane.org\/city\/wp-json\/wp\/v2\/users\/4"}],"replies":[{"embeddable":true,"href":"https:\/\/www.aridane.org\/city\/wp-json\/wp\/v2\/comments?post=2860"}],"version-history":[{"count":1,"href":"https:\/\/www.aridane.org\/city\/wp-json\/wp\/v2\/posts\/2860\/revisions"}],"predecessor-version":[{"id":2862,"href":"https:\/\/www.aridane.org\/city\/wp-json\/wp\/v2\/posts\/2860\/revisions\/2862"}],"wp:featuredmedia":[{"embeddable":true,"href":"https:\/\/www.aridane.org\/city\/wp-json\/wp\/v2\/media\/2861"}],"wp:attachment":[{"href":"https:\/\/www.aridane.org\/city\/wp-json\/wp\/v2\/media?parent=2860"}],"wp:term":[{"taxonomy":"category","embeddable":true,"href":"https:\/\/www.aridane.org\/city\/wp-json\/wp\/v2\/categories?post=2860"},{"taxonomy":"post_tag","embeddable":true,"href":"https:\/\/www.aridane.org\/city\/wp-json\/wp\/v2\/tags?post=2860"}],"curies":[{"name":"wp","href":"https:\/\/api.w.org\/{rel}","templated":true}]}}