{"id":2867,"date":"2023-10-23T10:34:59","date_gmt":"2023-10-23T10:34:59","guid":{"rendered":"https:\/\/www.aridane.org\/city\/?p=2867"},"modified":"2023-10-23T10:34:59","modified_gmt":"2023-10-23T10:34:59","slug":"el-ayuntamiento-de-los-llanos-publica-las-ayudas-a-empresas-afectadas-por-el-volcan","status":"publish","type":"post","link":"https:\/\/www.aridane.org\/city\/2023\/10\/23\/el-ayuntamiento-de-los-llanos-publica-las-ayudas-a-empresas-afectadas-por-el-volcan\/","title":{"rendered":"El Ayuntamiento de Los Llanos publica las ayudas a empresas afectadas por el volc\u00e1n"},"content":{"rendered":"<p><em>Las ayudas buscan que las empresas y aut\u00f3nomos que perdieron su actividad por el volc\u00e1n sigan creando nuevas oportunidades en Los Llanos de Aridane<\/em><!--more--><\/p>\n<p>El Ayuntamiento de Los Llanos de Aridane publica la resoluci\u00f3n provisional de ayudas a aut\u00f3nomos\u00a0 o\u00a0 empresas\u00a0 con\u00a0 establecimiento\u00a0 permanente\u00a0 en el municipio.<\/p>\n<p>El alcalde, Javier Llamas, destaca que el Ayuntamiento sigue dando pasos firmes para la reconstrucci\u00f3n post-volc\u00e1n. \u201cNo s\u00f3lo tendemos la manos a nuestras empresas y nuestros aut\u00f3nomos con ayudas y subvenciones, sino que planificamos un municipio con m\u00e1s oportunidades para invertir y emprender\u201d, apunta.<\/p>\n<p>Por su parte, la concejala de Comercio, Ver\u00f3nica Gonz\u00e1lez, asegura que una de las prioridades del grupo de gobierno es la reactivaci\u00f3n socioecon\u00f3mica de Los Llanos de Aridane. \u201cTenemos que consolidar un entorno propicio para que nuestro comercio pueda seguir creciendo\u201d, apunta.<\/p>\n<p>Las personas interesadas pueden consultar los detalles a trav\u00e9s <a href=\"https:\/\/eadmin.aridane.org\/publico\/edictos\/2023000259.\">del siguiente enlace<\/a>.<\/p>\n<h2><strong>300.000 euros de ayudas a negocios<\/strong><\/h2>\n<p>Las ayudas, dotadas con 300.000 euros, forman parte de una subvenci\u00f3n extraordinaria para fomentar\u00a0 la\u00a0 recuperaci\u00f3n post-volc\u00e1n\u00a0 con\u00a0 la\u00a0 creaci\u00f3n\u00a0 de\u00a0 una\u00a0 nueva\u00a0 empresa\u00a0 o actividad\u00a0 econ\u00f3mica\u00a0 en Los Llanos de Aridane.<\/p>\n<p>Hasta el pr\u00f3ximo 3 de noviembre, las personas y representantes legales que optan a las ayudas pueden presentar alegaciones, ya sea mediante sede electr\u00f3nica o en las oficinas de atenci\u00f3n del Ayuntamiento.<\/p>\n","protected":false},"excerpt":{"rendered":"<p>Las ayudas buscan que las empresas y aut\u00f3nomos que perdieron su actividad por el volc\u00e1n sigan creando nuevas oportunidades en Los Llanos de Aridane<\/p>\n","protected":false},"author":4,"featured_media":2672,"comment_status":"open","ping_status":"open","sticky":false,"template":"","format":"standard","meta":{"footnotes":""},"categories":[6],"tags":[],"class_list":["post-2867","post","type-post","status-publish","format-standard","has-post-thumbnail","hentry","category-prensa"],"yoast_head":"<!-- This site is optimized with the Yoast SEO plugin v22.7 - https:\/\/yoast.com\/wordpress\/plugins\/seo\/ -->\n<title>El Ayuntamiento de Los Llanos publica las ayudas a empresas afectadas por el volc\u00e1n - Ayuntamiento de Los Llanos de Aridane<\/title>\n<meta name=\"robots\" content=\"index, follow, max-snippet:-1, max-image-preview:large, max-video-preview:-1\" \/>\n<link rel=\"canonical\" href=\"https:\/\/www.aridane.org\/city\/2023\/10\/23\/el-ayuntamiento-de-los-llanos-publica-las-ayudas-a-empresas-afectadas-por-el-volcan\/\" \/>\n<meta property=\"og:locale\" content=\"es_ES\" \/>\n<meta property=\"og:type\" content=\"article\" \/>\n<meta property=\"og:title\" content=\"El Ayuntamiento de Los Llanos publica las ayudas a empresas afectadas por el volc\u00e1n - Ayuntamiento de Los Llanos de Aridane\" \/>\n<meta property=\"og:description\" content=\"Las ayudas buscan que las empresas y aut\u00f3nomos que perdieron su actividad por el volc\u00e1n sigan creando nuevas oportunidades en Los Llanos de Aridane\" \/>\n<meta property=\"og:url\" content=\"https:\/\/www.aridane.org\/city\/2023\/10\/23\/el-ayuntamiento-de-los-llanos-publica-las-ayudas-a-empresas-afectadas-por-el-volcan\/\" \/>\n<meta property=\"og:site_name\" content=\"Ayuntamiento de Los Llanos de Aridane\" \/>\n<meta property=\"article:published_time\" content=\"2023-10-23T10:34:59+00:00\" \/>\n<meta property=\"og:image\" content=\"https:\/\/www.aridane.org\/city\/wp-content\/uploads\/2023\/07\/turismo_aridane_72.jpg\" \/>\n\t<meta property=\"og:image:width\" content=\"1000\" \/>\n\t<meta property=\"og:image:height\" content=\"667\" \/>\n\t<meta property=\"og:image:type\" content=\"image\/jpeg\" \/>\n<meta name=\"author\" content=\"Corresponsal\" \/>\n<meta name=\"twitter:card\" content=\"summary_large_image\" \/>\n<meta name=\"twitter:label1\" content=\"Escrito por\" \/>\n\t<meta name=\"twitter:data1\" content=\"Corresponsal\" \/>\n\t<meta name=\"twitter:label2\" content=\"Tiempo de lectura\" \/>\n\t<meta name=\"twitter:data2\" content=\"1 minuto\" \/>\n<script type=\"application\/ld+json\" class=\"yoast-schema-graph\">{\"@context\":\"https:\/\/schema.org\",\"@graph\":[{\"@type\":\"WebPage\",\"@id\":\"https:\/\/www.aridane.org\/city\/2023\/10\/23\/el-ayuntamiento-de-los-llanos-publica-las-ayudas-a-empresas-afectadas-por-el-volcan\/\",\"url\":\"https:\/\/www.aridane.org\/city\/2023\/10\/23\/el-ayuntamiento-de-los-llanos-publica-las-ayudas-a-empresas-afectadas-por-el-volcan\/\",\"name\":\"El Ayuntamiento de Los Llanos publica las ayudas a empresas afectadas por el volc\u00e1n - Ayuntamiento de Los Llanos de Aridane\",\"isPartOf\":{\"@id\":\"https:\/\/www.aridane.org\/city\/#website\"},\"primaryImageOfPage\":{\"@id\":\"https:\/\/www.aridane.org\/city\/2023\/10\/23\/el-ayuntamiento-de-los-llanos-publica-las-ayudas-a-empresas-afectadas-por-el-volcan\/#primaryimage\"},\"image\":{\"@id\":\"https:\/\/www.aridane.org\/city\/2023\/10\/23\/el-ayuntamiento-de-los-llanos-publica-las-ayudas-a-empresas-afectadas-por-el-volcan\/#primaryimage\"},\"thumbnailUrl\":\"https:\/\/www.aridane.org\/city\/wp-content\/uploads\/2023\/07\/turismo_aridane_72.jpg\",\"datePublished\":\"2023-10-23T10:34:59+00:00\",\"dateModified\":\"2023-10-23T10:34:59+00:00\",\"author\":{\"@id\":\"https:\/\/www.aridane.org\/city\/#\/schema\/person\/89ebd376b223dc94cc1dbcf200c8e6da\"},\"breadcrumb\":{\"@id\":\"https:\/\/www.aridane.org\/city\/2023\/10\/23\/el-ayuntamiento-de-los-llanos-publica-las-ayudas-a-empresas-afectadas-por-el-volcan\/#breadcrumb\"},\"inLanguage\":\"es\",\"potentialAction\":[{\"@type\":\"ReadAction\",\"target\":[\"https:\/\/www.aridane.org\/city\/2023\/10\/23\/el-ayuntamiento-de-los-llanos-publica-las-ayudas-a-empresas-afectadas-por-el-volcan\/\"]}]},{\"@type\":\"ImageObject\",\"inLanguage\":\"es\",\"@id\":\"https:\/\/www.aridane.org\/city\/2023\/10\/23\/el-ayuntamiento-de-los-llanos-publica-las-ayudas-a-empresas-afectadas-por-el-volcan\/#primaryimage\",\"url\":\"https:\/\/www.aridane.org\/city\/wp-content\/uploads\/2023\/07\/turismo_aridane_72.jpg\",\"contentUrl\":\"https:\/\/www.aridane.org\/city\/wp-content\/uploads\/2023\/07\/turismo_aridane_72.jpg\",\"width\":1000,\"height\":667},{\"@type\":\"BreadcrumbList\",\"@id\":\"https:\/\/www.aridane.org\/city\/2023\/10\/23\/el-ayuntamiento-de-los-llanos-publica-las-ayudas-a-empresas-afectadas-por-el-volcan\/#breadcrumb\",\"itemListElement\":[{\"@type\":\"ListItem\",\"position\":1,\"name\":\"Portada\",\"item\":\"https:\/\/www.aridane.org\/city\/\"},{\"@type\":\"ListItem\",\"position\":2,\"name\":\"El Ayuntamiento de Los Llanos publica las ayudas a empresas afectadas por el volc\u00e1n\"}]},{\"@type\":\"WebSite\",\"@id\":\"https:\/\/www.aridane.org\/city\/#website\",\"url\":\"https:\/\/www.aridane.org\/city\/\",\"name\":\"Ayuntamiento de Los Llanos de Aridane\",\"description\":\"\",\"potentialAction\":[{\"@type\":\"SearchAction\",\"target\":{\"@type\":\"EntryPoint\",\"urlTemplate\":\"https:\/\/www.aridane.org\/city\/?s={search_term_string}\"},\"query-input\":\"required name=search_term_string\"}],\"inLanguage\":\"es\"},{\"@type\":\"Person\",\"@id\":\"https:\/\/www.aridane.org\/city\/#\/schema\/person\/89ebd376b223dc94cc1dbcf200c8e6da\",\"name\":\"Corresponsal\",\"image\":{\"@type\":\"ImageObject\",\"inLanguage\":\"es\",\"@id\":\"https:\/\/www.aridane.org\/city\/#\/schema\/person\/image\/\",\"url\":\"https:\/\/secure.gravatar.com\/avatar\/1c476992411e4ccf153da63b2b2f5ea0bb4cb1c85f3ceab8512f04325ad5579c?s=96&d=mm&r=g\",\"contentUrl\":\"https:\/\/secure.gravatar.com\/avatar\/1c476992411e4ccf153da63b2b2f5ea0bb4cb1c85f3ceab8512f04325ad5579c?s=96&d=mm&r=g\",\"caption\":\"Corresponsal\"},\"url\":\"https:\/\/www.aridane.org\/city\/author\/corresponsal\/\"}]}<\/script>\n<!-- \/ Yoast SEO plugin. -->","yoast_head_json":{"title":"El Ayuntamiento de Los Llanos publica las ayudas a empresas afectadas por el volc\u00e1n - Ayuntamiento de Los Llanos de Aridane","robots":{"index":"index","follow":"follow","max-snippet":"max-snippet:-1","max-image-preview":"max-image-preview:large","max-video-preview":"max-video-preview:-1"},"canonical":"https:\/\/www.aridane.org\/city\/2023\/10\/23\/el-ayuntamiento-de-los-llanos-publica-las-ayudas-a-empresas-afectadas-por-el-volcan\/","og_locale":"es_ES","og_type":"article","og_title":"El Ayuntamiento de Los Llanos publica las ayudas a empresas afectadas por el volc\u00e1n - Ayuntamiento de Los Llanos de Aridane","og_description":"Las ayudas buscan que las empresas y aut\u00f3nomos que perdieron su actividad por el volc\u00e1n sigan creando nuevas oportunidades en Los Llanos de Aridane","og_url":"https:\/\/www.aridane.org\/city\/2023\/10\/23\/el-ayuntamiento-de-los-llanos-publica-las-ayudas-a-empresas-afectadas-por-el-volcan\/","og_site_name":"Ayuntamiento de Los Llanos de Aridane","article_published_time":"2023-10-23T10:34:59+00:00","og_image":[{"width":1000,"height":667,"url":"https:\/\/www.aridane.org\/city\/wp-content\/uploads\/2023\/07\/turismo_aridane_72.jpg","type":"image\/jpeg"}],"author":"Corresponsal","twitter_card":"summary_large_image","twitter_misc":{"Escrito por":"Corresponsal","Tiempo de lectura":"1 minuto"},"schema":{"@context":"https:\/\/schema.org","@graph":[{"@type":"WebPage","@id":"https:\/\/www.aridane.org\/city\/2023\/10\/23\/el-ayuntamiento-de-los-llanos-publica-las-ayudas-a-empresas-afectadas-por-el-volcan\/","url":"https:\/\/www.aridane.org\/city\/2023\/10\/23\/el-ayuntamiento-de-los-llanos-publica-las-ayudas-a-empresas-afectadas-por-el-volcan\/","name":"El Ayuntamiento de Los Llanos publica las ayudas a empresas afectadas por el volc\u00e1n - Ayuntamiento de Los Llanos de Aridane","isPartOf":{"@id":"https:\/\/www.aridane.org\/city\/#website"},"primaryImageOfPage":{"@id":"https:\/\/www.aridane.org\/city\/2023\/10\/23\/el-ayuntamiento-de-los-llanos-publica-las-ayudas-a-empresas-afectadas-por-el-volcan\/#primaryimage"},"image":{"@id":"https:\/\/www.aridane.org\/city\/2023\/10\/23\/el-ayuntamiento-de-los-llanos-publica-las-ayudas-a-empresas-afectadas-por-el-volcan\/#primaryimage"},"thumbnailUrl":"https:\/\/www.aridane.org\/city\/wp-content\/uploads\/2023\/07\/turismo_aridane_72.jpg","datePublished":"2023-10-23T10:34:59+00:00","dateModified":"2023-10-23T10:34:59+00:00","author":{"@id":"https:\/\/www.aridane.org\/city\/#\/schema\/person\/89ebd376b223dc94cc1dbcf200c8e6da"},"breadcrumb":{"@id":"https:\/\/www.aridane.org\/city\/2023\/10\/23\/el-ayuntamiento-de-los-llanos-publica-las-ayudas-a-empresas-afectadas-por-el-volcan\/#breadcrumb"},"inLanguage":"es","potentialAction":[{"@type":"ReadAction","target":["https:\/\/www.aridane.org\/city\/2023\/10\/23\/el-ayuntamiento-de-los-llanos-publica-las-ayudas-a-empresas-afectadas-por-el-volcan\/"]}]},{"@type":"ImageObject","inLanguage":"es","@id":"https:\/\/www.aridane.org\/city\/2023\/10\/23\/el-ayuntamiento-de-los-llanos-publica-las-ayudas-a-empresas-afectadas-por-el-volcan\/#primaryimage","url":"https:\/\/www.aridane.org\/city\/wp-content\/uploads\/2023\/07\/turismo_aridane_72.jpg","contentUrl":"https:\/\/www.aridane.org\/city\/wp-content\/uploads\/2023\/07\/turismo_aridane_72.jpg","width":1000,"height":667},{"@type":"BreadcrumbList","@id":"https:\/\/www.aridane.org\/city\/2023\/10\/23\/el-ayuntamiento-de-los-llanos-publica-las-ayudas-a-empresas-afectadas-por-el-volcan\/#breadcrumb","itemListElement":[{"@type":"ListItem","position":1,"name":"Portada","item":"https:\/\/www.aridane.org\/city\/"},{"@type":"ListItem","position":2,"name":"El Ayuntamiento de Los Llanos publica las ayudas a empresas afectadas por el volc\u00e1n"}]},{"@type":"WebSite","@id":"https:\/\/www.aridane.org\/city\/#website","url":"https:\/\/www.aridane.org\/city\/","name":"Ayuntamiento de Los Llanos de Aridane","description":"","potentialAction":[{"@type":"SearchAction","target":{"@type":"EntryPoint","urlTemplate":"https:\/\/www.aridane.org\/city\/?s={search_term_string}"},"query-input":"required name=search_term_string"}],"inLanguage":"es"},{"@type":"Person","@id":"https:\/\/www.aridane.org\/city\/#\/schema\/person\/89ebd376b223dc94cc1dbcf200c8e6da","name":"Corresponsal","image":{"@type":"ImageObject","inLanguage":"es","@id":"https:\/\/www.aridane.org\/city\/#\/schema\/person\/image\/","url":"https:\/\/secure.gravatar.com\/avatar\/1c476992411e4ccf153da63b2b2f5ea0bb4cb1c85f3ceab8512f04325ad5579c?s=96&d=mm&r=g","contentUrl":"https:\/\/secure.gravatar.com\/avatar\/1c476992411e4ccf153da63b2b2f5ea0bb4cb1c85f3ceab8512f04325ad5579c?s=96&d=mm&r=g","caption":"Corresponsal"},"url":"https:\/\/www.aridane.org\/city\/author\/corresponsal\/"}]}},"_links":{"self":[{"href":"https:\/\/www.aridane.org\/city\/wp-json\/wp\/v2\/posts\/2867","targetHints":{"allow":["GET"]}}],"collection":[{"href":"https:\/\/www.aridane.org\/city\/wp-json\/wp\/v2\/posts"}],"about":[{"href":"https:\/\/www.aridane.org\/city\/wp-json\/wp\/v2\/types\/post"}],"author":[{"embeddable":true,"href":"https:\/\/www.aridane.org\/city\/wp-json\/wp\/v2\/users\/4"}],"replies":[{"embeddable":true,"href":"https:\/\/www.aridane.org\/city\/wp-json\/wp\/v2\/comments?post=2867"}],"version-history":[{"count":1,"href":"https:\/\/www.aridane.org\/city\/wp-json\/wp\/v2\/posts\/2867\/revisions"}],"predecessor-version":[{"id":2868,"href":"https:\/\/www.aridane.org\/city\/wp-json\/wp\/v2\/posts\/2867\/revisions\/2868"}],"wp:featuredmedia":[{"embeddable":true,"href":"https:\/\/www.aridane.org\/city\/wp-json\/wp\/v2\/media\/2672"}],"wp:attachment":[{"href":"https:\/\/www.aridane.org\/city\/wp-json\/wp\/v2\/media?parent=2867"}],"wp:term":[{"taxonomy":"category","embeddable":true,"href":"https:\/\/www.aridane.org\/city\/wp-json\/wp\/v2\/categories?post=2867"},{"taxonomy":"post_tag","embeddable":true,"href":"https:\/\/www.aridane.org\/city\/wp-json\/wp\/v2\/tags?post=2867"}],"curies":[{"name":"wp","href":"https:\/\/api.w.org\/{rel}","templated":true}]}}