{"id":2872,"date":"2023-10-24T11:19:42","date_gmt":"2023-10-24T11:19:42","guid":{"rendered":"https:\/\/www.aridane.org\/city\/?p=2872"},"modified":"2023-10-24T11:19:42","modified_gmt":"2023-10-24T11:19:42","slug":"los-llanos-de-aridane-celebra-halloween-con-una-casa-del-terror-pintacaras-y-actividades-monstruosas","status":"publish","type":"post","link":"https:\/\/www.aridane.org\/city\/2023\/10\/24\/los-llanos-de-aridane-celebra-halloween-con-una-casa-del-terror-pintacaras-y-actividades-monstruosas\/","title":{"rendered":"Los Llanos de Aridane celebra Halloween con una casa del terror, pintacaras y actividades monstruosas"},"content":{"rendered":"<p><i><span style=\"font-weight: 400;\">El concejal de Juventud, Eduardo P\u00e9rez, explica que cuentan con una amplia programaci\u00f3n para todas las edades<\/span><\/i><br \/>\n<!--more--><\/p>\n<p><span style=\"font-weight: 400;\">El Ayuntamiento de Los Llanos de Aridane, a trav\u00e9s del \u00c1rea de Juventud que dirige Eduardo P\u00e9rez, celebra actividades en honor al d\u00eda de Halloween el pr\u00f3ximo lunes, 30 de octubre, y el martes, d\u00eda 31. Habr\u00e1 una casa de terror, pintacaras y m\u00fasica.<\/span><\/p>\n<p><span style=\"font-weight: 400;\">Eduardo P\u00e9rez explica que el <\/span><i><span style=\"font-weight: 400;\">Llanoween <\/span><\/i><span style=\"font-weight: 400;\">-como se llama la actividad- est\u00e1 dirigido a toda la familia. \u201cLas acciones est\u00e1n centradas principalmente en los m\u00e1s peque\u00f1os de la casa\u201d, apunta. \u201cSe trata de un d\u00eda muy esperado para nuestra juventud. Invitamos a todos a venir al municipio y a disfrutar de nuestras actividades\u201d, apunta.<\/span><\/p>\n<p><span style=\"font-weight: 400;\">En este sentido, el alcalde, Javier Llamas, valora la celebraci\u00f3n de actos que dinamicen el d\u00eda a d\u00eda de Los Llanos de Aridane. \u201cSiempre apostaremos por actividades que llenen de alegr\u00eda nuestras calles. No s\u00f3lo lo disfruta la ciudadan\u00eda. Tambi\u00e9n nuestros comercios y establecimientos\u201d, a\u00f1ade.<\/span><\/p>\n<h2><b>Casa del Terror y dem\u00e1s actividades<\/b><\/h2>\n<p><span style=\"font-weight: 400;\">Para celebrar Halloween se instalar\u00e1 una Casa del Terror en la Real 21, tanto el lunes como el martes, en horario de 20:00 hasta las 23:59 horas. Las personas interesadas pueden reservar <a href=\"https:\/\/entradium.com\/events\/llanoween-casa-del-terror\">mediante este enlace<\/a>.<\/span><span style=\"font-weight: 400;\">\u00a0\u00a0<\/span><\/p>\n<p><span style=\"font-weight: 400;\">Eduardo P\u00e9rez explica que esta actividad est\u00e1 dirigida a mayores de 11 a\u00f1os. Se realizar\u00e1n tres pases por hora -de 15 minutos cada pase- en el que podr\u00e1n entrar un m\u00e1ximo de hasta 10 personas.\u00a0\u00a0<\/span><\/p>\n<p><span style=\"font-weight: 400;\">Para el martes, en la Casa de la Cultura, tendr\u00e1 lugar un cuentacuentos a partir de las 18:00 horas, a cargo de Elena Revuelta.\u00a0<\/span><\/p>\n<p><span style=\"font-weight: 400;\">Tambi\u00e9n para el d\u00eda 31 est\u00e1 previsto que un dj -a la altura de la zona de las letras de Los Llanos de Aridane- est\u00e9 de 17:00 a 20:00 horas pinchando las canciones del momento, as\u00ed como pintacaras y unos azafatos\/as terror\u00edficos que se encargar\u00e1n de inmortalizar los mejores momentos de la tarde-noche. \u201cSer\u00e1 un d\u00eda monstruoso, pero tambi\u00e9n muy alegre\u201d, a\u00f1ade.<\/span><\/p>\n<p><span style=\"font-weight: 400;\">Por \u00faltimo, desde el Ayuntamiento de Los Llanos de Aridane se invita a todas las familias del municipio, y de otros puntos de la isla, a vivir una noche terror\u00edfica.<\/span><\/p>\n<p>&nbsp;<\/p>\n","protected":false},"excerpt":{"rendered":"<p>El concejal de Juventud, Eduardo P\u00e9rez, explica que cuentan con una amplia programaci\u00f3n para todas las edades<\/p>\n","protected":false},"author":4,"featured_media":2873,"comment_status":"open","ping_status":"open","sticky":false,"template":"","format":"standard","meta":{"footnotes":""},"categories":[6],"tags":[],"class_list":["post-2872","post","type-post","status-publish","format-standard","has-post-thumbnail","hentry","category-prensa"],"yoast_head":"<!-- This site is optimized with the Yoast SEO plugin v22.7 - https:\/\/yoast.com\/wordpress\/plugins\/seo\/ -->\n<title>Los Llanos de Aridane celebra Halloween con una casa del terror, pintacaras y actividades monstruosas - Ayuntamiento de Los Llanos de Aridane<\/title>\n<meta name=\"robots\" content=\"index, follow, max-snippet:-1, max-image-preview:large, max-video-preview:-1\" \/>\n<link rel=\"canonical\" href=\"https:\/\/www.aridane.org\/city\/2023\/10\/24\/los-llanos-de-aridane-celebra-halloween-con-una-casa-del-terror-pintacaras-y-actividades-monstruosas\/\" \/>\n<meta property=\"og:locale\" content=\"es_ES\" \/>\n<meta property=\"og:type\" content=\"article\" \/>\n<meta property=\"og:title\" content=\"Los Llanos de Aridane celebra Halloween con una casa del terror, pintacaras y actividades monstruosas - Ayuntamiento de Los Llanos de Aridane\" \/>\n<meta property=\"og:description\" content=\"El concejal de Juventud, Eduardo P\u00e9rez, explica que cuentan con una amplia programaci\u00f3n para todas las edades\" \/>\n<meta property=\"og:url\" content=\"https:\/\/www.aridane.org\/city\/2023\/10\/24\/los-llanos-de-aridane-celebra-halloween-con-una-casa-del-terror-pintacaras-y-actividades-monstruosas\/\" \/>\n<meta property=\"og:site_name\" content=\"Ayuntamiento de Los Llanos de Aridane\" \/>\n<meta property=\"article:published_time\" content=\"2023-10-24T11:19:42+00:00\" \/>\n<meta property=\"og:image\" content=\"https:\/\/www.aridane.org\/city\/wp-content\/uploads\/2023\/10\/LlanoweenLosLlanos.jpeg\" \/>\n\t<meta property=\"og:image:width\" content=\"1569\" \/>\n\t<meta property=\"og:image:height\" content=\"1046\" \/>\n\t<meta property=\"og:image:type\" content=\"image\/jpeg\" \/>\n<meta name=\"author\" content=\"Corresponsal\" \/>\n<meta name=\"twitter:card\" content=\"summary_large_image\" \/>\n<meta name=\"twitter:label1\" content=\"Escrito por\" \/>\n\t<meta name=\"twitter:data1\" content=\"Corresponsal\" \/>\n\t<meta name=\"twitter:label2\" content=\"Tiempo de lectura\" \/>\n\t<meta name=\"twitter:data2\" content=\"2 minutos\" \/>\n<script type=\"application\/ld+json\" class=\"yoast-schema-graph\">{\"@context\":\"https:\/\/schema.org\",\"@graph\":[{\"@type\":\"WebPage\",\"@id\":\"https:\/\/www.aridane.org\/city\/2023\/10\/24\/los-llanos-de-aridane-celebra-halloween-con-una-casa-del-terror-pintacaras-y-actividades-monstruosas\/\",\"url\":\"https:\/\/www.aridane.org\/city\/2023\/10\/24\/los-llanos-de-aridane-celebra-halloween-con-una-casa-del-terror-pintacaras-y-actividades-monstruosas\/\",\"name\":\"Los Llanos de Aridane celebra Halloween con una casa del terror, pintacaras y actividades monstruosas - Ayuntamiento de Los Llanos de Aridane\",\"isPartOf\":{\"@id\":\"https:\/\/www.aridane.org\/city\/#website\"},\"primaryImageOfPage\":{\"@id\":\"https:\/\/www.aridane.org\/city\/2023\/10\/24\/los-llanos-de-aridane-celebra-halloween-con-una-casa-del-terror-pintacaras-y-actividades-monstruosas\/#primaryimage\"},\"image\":{\"@id\":\"https:\/\/www.aridane.org\/city\/2023\/10\/24\/los-llanos-de-aridane-celebra-halloween-con-una-casa-del-terror-pintacaras-y-actividades-monstruosas\/#primaryimage\"},\"thumbnailUrl\":\"https:\/\/www.aridane.org\/city\/wp-content\/uploads\/2023\/10\/LlanoweenLosLlanos.jpeg\",\"datePublished\":\"2023-10-24T11:19:42+00:00\",\"dateModified\":\"2023-10-24T11:19:42+00:00\",\"author\":{\"@id\":\"https:\/\/www.aridane.org\/city\/#\/schema\/person\/89ebd376b223dc94cc1dbcf200c8e6da\"},\"breadcrumb\":{\"@id\":\"https:\/\/www.aridane.org\/city\/2023\/10\/24\/los-llanos-de-aridane-celebra-halloween-con-una-casa-del-terror-pintacaras-y-actividades-monstruosas\/#breadcrumb\"},\"inLanguage\":\"es\",\"potentialAction\":[{\"@type\":\"ReadAction\",\"target\":[\"https:\/\/www.aridane.org\/city\/2023\/10\/24\/los-llanos-de-aridane-celebra-halloween-con-una-casa-del-terror-pintacaras-y-actividades-monstruosas\/\"]}]},{\"@type\":\"ImageObject\",\"inLanguage\":\"es\",\"@id\":\"https:\/\/www.aridane.org\/city\/2023\/10\/24\/los-llanos-de-aridane-celebra-halloween-con-una-casa-del-terror-pintacaras-y-actividades-monstruosas\/#primaryimage\",\"url\":\"https:\/\/www.aridane.org\/city\/wp-content\/uploads\/2023\/10\/LlanoweenLosLlanos.jpeg\",\"contentUrl\":\"https:\/\/www.aridane.org\/city\/wp-content\/uploads\/2023\/10\/LlanoweenLosLlanos.jpeg\",\"width\":1569,\"height\":1046},{\"@type\":\"BreadcrumbList\",\"@id\":\"https:\/\/www.aridane.org\/city\/2023\/10\/24\/los-llanos-de-aridane-celebra-halloween-con-una-casa-del-terror-pintacaras-y-actividades-monstruosas\/#breadcrumb\",\"itemListElement\":[{\"@type\":\"ListItem\",\"position\":1,\"name\":\"Portada\",\"item\":\"https:\/\/www.aridane.org\/city\/\"},{\"@type\":\"ListItem\",\"position\":2,\"name\":\"Los Llanos de Aridane celebra Halloween con una casa del terror, pintacaras y actividades monstruosas\"}]},{\"@type\":\"WebSite\",\"@id\":\"https:\/\/www.aridane.org\/city\/#website\",\"url\":\"https:\/\/www.aridane.org\/city\/\",\"name\":\"Ayuntamiento de Los Llanos de Aridane\",\"description\":\"\",\"potentialAction\":[{\"@type\":\"SearchAction\",\"target\":{\"@type\":\"EntryPoint\",\"urlTemplate\":\"https:\/\/www.aridane.org\/city\/?s={search_term_string}\"},\"query-input\":\"required name=search_term_string\"}],\"inLanguage\":\"es\"},{\"@type\":\"Person\",\"@id\":\"https:\/\/www.aridane.org\/city\/#\/schema\/person\/89ebd376b223dc94cc1dbcf200c8e6da\",\"name\":\"Corresponsal\",\"image\":{\"@type\":\"ImageObject\",\"inLanguage\":\"es\",\"@id\":\"https:\/\/www.aridane.org\/city\/#\/schema\/person\/image\/\",\"url\":\"https:\/\/secure.gravatar.com\/avatar\/1c476992411e4ccf153da63b2b2f5ea0bb4cb1c85f3ceab8512f04325ad5579c?s=96&d=mm&r=g\",\"contentUrl\":\"https:\/\/secure.gravatar.com\/avatar\/1c476992411e4ccf153da63b2b2f5ea0bb4cb1c85f3ceab8512f04325ad5579c?s=96&d=mm&r=g\",\"caption\":\"Corresponsal\"},\"url\":\"https:\/\/www.aridane.org\/city\/author\/corresponsal\/\"}]}<\/script>\n<!-- \/ Yoast SEO plugin. -->","yoast_head_json":{"title":"Los Llanos de Aridane celebra Halloween con una casa del terror, pintacaras y actividades monstruosas - Ayuntamiento de Los Llanos de Aridane","robots":{"index":"index","follow":"follow","max-snippet":"max-snippet:-1","max-image-preview":"max-image-preview:large","max-video-preview":"max-video-preview:-1"},"canonical":"https:\/\/www.aridane.org\/city\/2023\/10\/24\/los-llanos-de-aridane-celebra-halloween-con-una-casa-del-terror-pintacaras-y-actividades-monstruosas\/","og_locale":"es_ES","og_type":"article","og_title":"Los Llanos de Aridane celebra Halloween con una casa del terror, pintacaras y actividades monstruosas - Ayuntamiento de Los Llanos de Aridane","og_description":"El concejal de Juventud, Eduardo P\u00e9rez, explica que cuentan con una amplia programaci\u00f3n para todas las edades","og_url":"https:\/\/www.aridane.org\/city\/2023\/10\/24\/los-llanos-de-aridane-celebra-halloween-con-una-casa-del-terror-pintacaras-y-actividades-monstruosas\/","og_site_name":"Ayuntamiento de Los Llanos de Aridane","article_published_time":"2023-10-24T11:19:42+00:00","og_image":[{"width":1569,"height":1046,"url":"https:\/\/www.aridane.org\/city\/wp-content\/uploads\/2023\/10\/LlanoweenLosLlanos.jpeg","type":"image\/jpeg"}],"author":"Corresponsal","twitter_card":"summary_large_image","twitter_misc":{"Escrito por":"Corresponsal","Tiempo de lectura":"2 minutos"},"schema":{"@context":"https:\/\/schema.org","@graph":[{"@type":"WebPage","@id":"https:\/\/www.aridane.org\/city\/2023\/10\/24\/los-llanos-de-aridane-celebra-halloween-con-una-casa-del-terror-pintacaras-y-actividades-monstruosas\/","url":"https:\/\/www.aridane.org\/city\/2023\/10\/24\/los-llanos-de-aridane-celebra-halloween-con-una-casa-del-terror-pintacaras-y-actividades-monstruosas\/","name":"Los Llanos de Aridane celebra Halloween con una casa del terror, pintacaras y actividades monstruosas - Ayuntamiento de Los Llanos de Aridane","isPartOf":{"@id":"https:\/\/www.aridane.org\/city\/#website"},"primaryImageOfPage":{"@id":"https:\/\/www.aridane.org\/city\/2023\/10\/24\/los-llanos-de-aridane-celebra-halloween-con-una-casa-del-terror-pintacaras-y-actividades-monstruosas\/#primaryimage"},"image":{"@id":"https:\/\/www.aridane.org\/city\/2023\/10\/24\/los-llanos-de-aridane-celebra-halloween-con-una-casa-del-terror-pintacaras-y-actividades-monstruosas\/#primaryimage"},"thumbnailUrl":"https:\/\/www.aridane.org\/city\/wp-content\/uploads\/2023\/10\/LlanoweenLosLlanos.jpeg","datePublished":"2023-10-24T11:19:42+00:00","dateModified":"2023-10-24T11:19:42+00:00","author":{"@id":"https:\/\/www.aridane.org\/city\/#\/schema\/person\/89ebd376b223dc94cc1dbcf200c8e6da"},"breadcrumb":{"@id":"https:\/\/www.aridane.org\/city\/2023\/10\/24\/los-llanos-de-aridane-celebra-halloween-con-una-casa-del-terror-pintacaras-y-actividades-monstruosas\/#breadcrumb"},"inLanguage":"es","potentialAction":[{"@type":"ReadAction","target":["https:\/\/www.aridane.org\/city\/2023\/10\/24\/los-llanos-de-aridane-celebra-halloween-con-una-casa-del-terror-pintacaras-y-actividades-monstruosas\/"]}]},{"@type":"ImageObject","inLanguage":"es","@id":"https:\/\/www.aridane.org\/city\/2023\/10\/24\/los-llanos-de-aridane-celebra-halloween-con-una-casa-del-terror-pintacaras-y-actividades-monstruosas\/#primaryimage","url":"https:\/\/www.aridane.org\/city\/wp-content\/uploads\/2023\/10\/LlanoweenLosLlanos.jpeg","contentUrl":"https:\/\/www.aridane.org\/city\/wp-content\/uploads\/2023\/10\/LlanoweenLosLlanos.jpeg","width":1569,"height":1046},{"@type":"BreadcrumbList","@id":"https:\/\/www.aridane.org\/city\/2023\/10\/24\/los-llanos-de-aridane-celebra-halloween-con-una-casa-del-terror-pintacaras-y-actividades-monstruosas\/#breadcrumb","itemListElement":[{"@type":"ListItem","position":1,"name":"Portada","item":"https:\/\/www.aridane.org\/city\/"},{"@type":"ListItem","position":2,"name":"Los Llanos de Aridane celebra Halloween con una casa del terror, pintacaras y actividades monstruosas"}]},{"@type":"WebSite","@id":"https:\/\/www.aridane.org\/city\/#website","url":"https:\/\/www.aridane.org\/city\/","name":"Ayuntamiento de Los Llanos de Aridane","description":"","potentialAction":[{"@type":"SearchAction","target":{"@type":"EntryPoint","urlTemplate":"https:\/\/www.aridane.org\/city\/?s={search_term_string}"},"query-input":"required name=search_term_string"}],"inLanguage":"es"},{"@type":"Person","@id":"https:\/\/www.aridane.org\/city\/#\/schema\/person\/89ebd376b223dc94cc1dbcf200c8e6da","name":"Corresponsal","image":{"@type":"ImageObject","inLanguage":"es","@id":"https:\/\/www.aridane.org\/city\/#\/schema\/person\/image\/","url":"https:\/\/secure.gravatar.com\/avatar\/1c476992411e4ccf153da63b2b2f5ea0bb4cb1c85f3ceab8512f04325ad5579c?s=96&d=mm&r=g","contentUrl":"https:\/\/secure.gravatar.com\/avatar\/1c476992411e4ccf153da63b2b2f5ea0bb4cb1c85f3ceab8512f04325ad5579c?s=96&d=mm&r=g","caption":"Corresponsal"},"url":"https:\/\/www.aridane.org\/city\/author\/corresponsal\/"}]}},"_links":{"self":[{"href":"https:\/\/www.aridane.org\/city\/wp-json\/wp\/v2\/posts\/2872","targetHints":{"allow":["GET"]}}],"collection":[{"href":"https:\/\/www.aridane.org\/city\/wp-json\/wp\/v2\/posts"}],"about":[{"href":"https:\/\/www.aridane.org\/city\/wp-json\/wp\/v2\/types\/post"}],"author":[{"embeddable":true,"href":"https:\/\/www.aridane.org\/city\/wp-json\/wp\/v2\/users\/4"}],"replies":[{"embeddable":true,"href":"https:\/\/www.aridane.org\/city\/wp-json\/wp\/v2\/comments?post=2872"}],"version-history":[{"count":1,"href":"https:\/\/www.aridane.org\/city\/wp-json\/wp\/v2\/posts\/2872\/revisions"}],"predecessor-version":[{"id":2874,"href":"https:\/\/www.aridane.org\/city\/wp-json\/wp\/v2\/posts\/2872\/revisions\/2874"}],"wp:featuredmedia":[{"embeddable":true,"href":"https:\/\/www.aridane.org\/city\/wp-json\/wp\/v2\/media\/2873"}],"wp:attachment":[{"href":"https:\/\/www.aridane.org\/city\/wp-json\/wp\/v2\/media?parent=2872"}],"wp:term":[{"taxonomy":"category","embeddable":true,"href":"https:\/\/www.aridane.org\/city\/wp-json\/wp\/v2\/categories?post=2872"},{"taxonomy":"post_tag","embeddable":true,"href":"https:\/\/www.aridane.org\/city\/wp-json\/wp\/v2\/tags?post=2872"}],"curies":[{"name":"wp","href":"https:\/\/api.w.org\/{rel}","templated":true}]}}