{"id":2876,"date":"2023-10-26T11:38:20","date_gmt":"2023-10-26T11:38:20","guid":{"rendered":"https:\/\/www.aridane.org\/city\/?p=2876"},"modified":"2023-10-26T11:38:20","modified_gmt":"2023-10-26T11:38:20","slug":"aridane-criminal-recuerda-a-alexis-ravelo-en-su-iv-edicion","status":"publish","type":"post","link":"https:\/\/www.aridane.org\/city\/2023\/10\/26\/aridane-criminal-recuerda-a-alexis-ravelo-en-su-iv-edicion\/","title":{"rendered":"Aridane Criminal recuerda a Alexis Ravelo en su IV edici\u00f3n"},"content":{"rendered":"<p><i><span style=\"font-weight: 400;\">La escritora sudafricana Lauren Beukes es una de las invitadas\u00a0 al Festival, en el que tambi\u00e9n habr\u00e1 encuentros con cineastas, editores, poetas y escritores de tem\u00e1tica negra y criminal<\/span><\/i><!--more--><\/p>\n<p><span style=\"font-weight: 400;\">El Ayuntamiento de Los Llanos de Aridane, a trav\u00e9s del \u00c1rea de Cultura que dirige Marlene Gonz\u00e1lez, organiza el IV Aridane Criminal, un festival en el que el g\u00e9nero negro y policial es el protagonista. Esta edici\u00f3n tendr\u00e1 lugar del 17 al 20 de enero de 2024 y la mayor parte de sus contenidos recordar\u00e1n al fallecido escritor grancanario Alexis Ravelo, todo un nombre propio del municipio.<\/span><\/p>\n<p><span style=\"font-weight: 400;\">Marlene Gonz\u00e1lez recuerda que Alexis Ravelo fue el fundador de Aridane Criminal, as\u00ed como su director en las tres primeras ediciones.\u00a0<\/span><\/p>\n<p><span style=\"font-weight: 400;\">\u201cAlexis Ravelo nos dej\u00f3 el 30 de enero de este a\u00f1o. Su marcha dej\u00f3 un aut\u00e9ntico vac\u00edo en nuestro municipio. No s\u00f3lo fue un referente de la novela negra espa\u00f1ola. Su obra y su legado est\u00e1n ligados a La Palma con la creaci\u00f3n del Aridane Criminal y tambi\u00e9n en su novela <\/span><i><span style=\"font-weight: 400;\">Los milagros prohibidos<\/span><\/i><span style=\"font-weight: 400;\">, ambientada en la Semana Roja\u201d, apunta la concejala.\u00a0<\/span><\/p>\n<p><span style=\"font-weight: 400;\">Por su parte, el alcalde, Javier Llamas, espera que la IV edici\u00f3n del Festival sea un digno homenaje a Alexis Ravelo. Asimismo, destaca que Los Llanos de Aridane sigue dando pasos firmes para consolidarse como una ciudad que apuesta por las letras y por la cultura. \u201cConfiamos en que este tipo de eventos sirvan de inspiraci\u00f3n para nuestros talentos\u201d, a\u00f1ade.<\/span><\/p>\n<p><span style=\"font-weight: 400;\">Aridane Criminal est\u00e1 financiado por la Viceconsejer\u00eda de Cultura del Gobierno de Canarias, bajo la coordinaci\u00f3n del Instituto Canario de Desarrollo Cultural. Sus organizadores son el \u00c1rea de Cultura del Ayuntamiento de Los Llanos de Aridane y el Cabildo Insular de La Palma. Casa \u00c1frica y la C\u00e1tedra Antonio Lozano de la Universidad de La Laguna tambi\u00e9n trabajan como colaboradores.<\/span><\/p>\n<p><span style=\"font-weight: 400;\">El acto de presentaci\u00f3n del programa y del cartel de la IV edici\u00f3n tuvo lugar en la Casa de la Cultura de Los Llanos de Aridane. En \u00e9l participaron el viceconsejero de Cultura del Gobierno de Canarias, Horacio Umpi\u00e9rrez; el consejero de Cultura del Cabildo de La Palma, Pablo D\u00edaz Cobiella; la concejala de Cultura del Ayuntamiento de Los Llanos de Aridane, Marlene Gonz\u00e1lez, y el director de la IV edici\u00f3n, el periodista Eduardo Garc\u00eda Rojas, quien coge el relevo de Alexis Ravelo.<\/span><\/p>\n<h2><b>Homenaje a Alexis Ravelo<\/b><\/h2>\n<p><span style=\"font-weight: 400;\">El Festival comenzar\u00e1 con la proyecci\u00f3n en la plaza de Espa\u00f1a del largometraje <\/span><i><span style=\"font-weight: 400;\">La estrategia del pequin\u00e9s<\/span><\/i><span style=\"font-weight: 400;\"> (2019), un filme dirigido por el cineasta Elio Quiroga, que adapta la novela del mismo t\u00edtulo de Alexis Ravelo, y obra por la que se hizo con el premio Hammett que concede la Semana Negra de Gij\u00f3n.\u00a0<\/span><\/p>\n<p><span style=\"font-weight: 400;\">Antes de la proyecci\u00f3n, el especialista Javier Rivero Grandoso mantendr\u00e1 una entrevista con Quiroga para desentra\u00f1ar algunas de las claves de un filme\u00a0 que protagonizan Kira Mir\u00f3, Unax Ugalde y Luis Zahera, entre otros actores.<\/span><\/p>\n<p><span style=\"font-weight: 400;\">El viernes, 19 de enero, se abordar\u00e1n las adaptaciones cinematogr\u00e1ficas de grandes obras literarias de la mano de Elio Quiroga y del cineasta tinerfe\u00f1o Andr\u00e9s M. Koppel, director y guionista de <\/span><i><span style=\"font-weight: 400;\">La niebla y la doncella<\/span><\/i><span style=\"font-weight: 400;\">, seg\u00fan la novela de Lorenzo Silva y cuya trama se desarrolla en la isla de La Gomera y se hablar\u00e1 en una mesa redonda de la relaci\u00f3n que mantuvo el escritor grancanario con sus editores peninsulares, Elena Palacios y Gregory Dolz, de Siruela y Alrev\u00e9s, respectivamente, y en la que tambi\u00e9n estar\u00e1 Jorge Liria (Mercurio), su editor en Canarias.<\/span><\/p>\n<p><span style=\"font-weight: 400;\">El \u00faltimo d\u00eda del Festival algunos de los invitados de la cuarta edici\u00f3n participar\u00e1n en un di\u00e1logo en el que recordar\u00e1n al Alexis Ravelo amigo, m\u00e1s que al escritor. En ese encuentro participar\u00e1n Marta Marne, Jos\u00e9 Correa, Paco G\u00f3mez Escribano, Javier Rivero Grandoso, Gregori Dolz, Elena Palacios, Pedro Flores y Carmen J. Nieto, bajo la moderaci\u00f3n de la periodista Raquel Toste.<\/span><\/p>\n<p><span style=\"font-weight: 400;\">La fiesta concluir\u00e1 con el espect\u00e1culo musical y hablado <\/span><i><span style=\"font-weight: 400;\">Letras a tiros<\/span><\/i><span style=\"font-weight: 400;\">, en el que intervendr\u00e1 el escritor y editor Carlos \u00c1lvarez, que leer\u00e1 fragmentos de novelas de Alexis Ravelo acompa\u00f1ado de la voz de Cristina Santana y del pianista Crist\u00f3bal Montesdeoca.<\/span><\/p>\n<p><span style=\"font-weight: 400;\">El programa de la IV edici\u00f3n\u00a0 de Aridane Criminal ha intentado respetar las secciones que en su d\u00eda dise\u00f1\u00f3 Alexis Ravelo, como son <\/span><i><span style=\"font-weight: 400;\">Cosecha roja. Panorama isle\u00f1o<\/span><\/i><span style=\"font-weight: 400;\">, en la que intervendr\u00e1n Arantxa Rufo y Carlos David Guti\u00e9rrez Robayna as\u00ed como Jos\u00e9 Luis Correa (que publica nueva novela de su detective Ricardo Blanco en 2024) y Carmen J. Nieto.<\/span><\/p>\n<p><span style=\"font-weight: 400;\">Por primera vez, se abre un peque\u00f1o espacio a la poes\u00eda negra y urbana en el Festival con la intervenci\u00f3n de Pedro Flores, gran amigo de Alexis Ravelo, y una de las voces m\u00e1s vibrantes del actual panorama po\u00e9tico canario. En cuanto a escritores de novela negra y criminal, est\u00e1 previsto que asistan y que presenten sus nuevas novelas, la uruguaya Mercedes Rosende (<\/span><i><span style=\"font-weight: 400;\">Mujer equivocada<\/span><\/i><span style=\"font-weight: 400;\">) y Paco G\u00f3mez Escribano (<\/span><i><span style=\"font-weight: 400;\">Narcopiso<\/span><\/i><span style=\"font-weight: 400;\">).<\/span><\/p>\n<p><span style=\"font-weight: 400;\">Por \u00faltimo y de la mano de Casa \u00c1frica, el Festival contar\u00e1 con la presencia de la escritora sudafricana Lauren Beukes, autora de <\/span><i><span style=\"font-weight: 400;\">Las luminosas<\/span><\/i><span style=\"font-weight: 400;\">, <\/span><i><span style=\"font-weight: 400;\">Afterland<\/span><\/i><span style=\"font-weight: 400;\"> y <\/span><i><span style=\"font-weight: 400;\">Monstruos rotos.<\/span><\/i><\/p>\n<p><span style=\"font-weight: 400;\">El cartel de la IV edici\u00f3n es obra de Nano Barbero, autor de los carteles de las tres ediciones anteriores, y en el mismo aparece el escritor grancanario junto al lema que cre\u00f3 para el encuentro: <\/span><i><span style=\"font-weight: 400;\">Un Festival al golpito<\/span><\/i><span style=\"font-weight: 400;\">.<\/span><\/p>\n<p>&nbsp;<\/p>\n","protected":false},"excerpt":{"rendered":"<p>La escritora sudafricana Lauren Beukes es una de las invitadas\u00a0 al Festival, en el que tambi\u00e9n habr\u00e1 encuentros con cineastas, editores, poetas y escritores de tem\u00e1tica negra y criminal<\/p>\n","protected":false},"author":4,"featured_media":2877,"comment_status":"open","ping_status":"open","sticky":false,"template":"","format":"standard","meta":{"footnotes":""},"categories":[6],"tags":[],"class_list":["post-2876","post","type-post","status-publish","format-standard","has-post-thumbnail","hentry","category-prensa"],"yoast_head":"<!-- This site is optimized with the Yoast SEO plugin v22.7 - https:\/\/yoast.com\/wordpress\/plugins\/seo\/ -->\n<title>Aridane Criminal recuerda a Alexis Ravelo en su IV edici\u00f3n - Ayuntamiento de Los Llanos de Aridane<\/title>\n<meta name=\"robots\" content=\"index, follow, max-snippet:-1, max-image-preview:large, max-video-preview:-1\" \/>\n<link rel=\"canonical\" href=\"https:\/\/www.aridane.org\/city\/2023\/10\/26\/aridane-criminal-recuerda-a-alexis-ravelo-en-su-iv-edicion\/\" \/>\n<meta property=\"og:locale\" content=\"es_ES\" \/>\n<meta property=\"og:type\" content=\"article\" \/>\n<meta property=\"og:title\" content=\"Aridane Criminal recuerda a Alexis Ravelo en su IV edici\u00f3n - Ayuntamiento de Los Llanos de Aridane\" \/>\n<meta property=\"og:description\" content=\"La escritora sudafricana Lauren Beukes es una de las invitadas\u00a0 al Festival, en el que tambi\u00e9n habr\u00e1 encuentros con cineastas, editores, poetas y escritores de tem\u00e1tica negra y criminal\" \/>\n<meta property=\"og:url\" content=\"https:\/\/www.aridane.org\/city\/2023\/10\/26\/aridane-criminal-recuerda-a-alexis-ravelo-en-su-iv-edicion\/\" \/>\n<meta property=\"og:site_name\" content=\"Ayuntamiento de Los Llanos de Aridane\" \/>\n<meta property=\"article:published_time\" content=\"2023-10-26T11:38:20+00:00\" \/>\n<meta property=\"og:image\" content=\"https:\/\/www.aridane.org\/city\/wp-content\/uploads\/2023\/10\/Aridane-Criminal.jpeg\" \/>\n\t<meta property=\"og:image:width\" content=\"1600\" \/>\n\t<meta property=\"og:image:height\" content=\"1066\" \/>\n\t<meta property=\"og:image:type\" content=\"image\/jpeg\" \/>\n<meta name=\"author\" content=\"Corresponsal\" \/>\n<meta name=\"twitter:card\" content=\"summary_large_image\" \/>\n<meta name=\"twitter:label1\" content=\"Escrito por\" \/>\n\t<meta name=\"twitter:data1\" content=\"Corresponsal\" \/>\n\t<meta name=\"twitter:label2\" content=\"Tiempo de lectura\" \/>\n\t<meta name=\"twitter:data2\" content=\"4 minutos\" \/>\n<script type=\"application\/ld+json\" class=\"yoast-schema-graph\">{\"@context\":\"https:\/\/schema.org\",\"@graph\":[{\"@type\":\"WebPage\",\"@id\":\"https:\/\/www.aridane.org\/city\/2023\/10\/26\/aridane-criminal-recuerda-a-alexis-ravelo-en-su-iv-edicion\/\",\"url\":\"https:\/\/www.aridane.org\/city\/2023\/10\/26\/aridane-criminal-recuerda-a-alexis-ravelo-en-su-iv-edicion\/\",\"name\":\"Aridane Criminal recuerda a Alexis Ravelo en su IV edici\u00f3n - Ayuntamiento de Los Llanos de Aridane\",\"isPartOf\":{\"@id\":\"https:\/\/www.aridane.org\/city\/#website\"},\"primaryImageOfPage\":{\"@id\":\"https:\/\/www.aridane.org\/city\/2023\/10\/26\/aridane-criminal-recuerda-a-alexis-ravelo-en-su-iv-edicion\/#primaryimage\"},\"image\":{\"@id\":\"https:\/\/www.aridane.org\/city\/2023\/10\/26\/aridane-criminal-recuerda-a-alexis-ravelo-en-su-iv-edicion\/#primaryimage\"},\"thumbnailUrl\":\"https:\/\/www.aridane.org\/city\/wp-content\/uploads\/2023\/10\/Aridane-Criminal.jpeg\",\"datePublished\":\"2023-10-26T11:38:20+00:00\",\"dateModified\":\"2023-10-26T11:38:20+00:00\",\"author\":{\"@id\":\"https:\/\/www.aridane.org\/city\/#\/schema\/person\/89ebd376b223dc94cc1dbcf200c8e6da\"},\"breadcrumb\":{\"@id\":\"https:\/\/www.aridane.org\/city\/2023\/10\/26\/aridane-criminal-recuerda-a-alexis-ravelo-en-su-iv-edicion\/#breadcrumb\"},\"inLanguage\":\"es\",\"potentialAction\":[{\"@type\":\"ReadAction\",\"target\":[\"https:\/\/www.aridane.org\/city\/2023\/10\/26\/aridane-criminal-recuerda-a-alexis-ravelo-en-su-iv-edicion\/\"]}]},{\"@type\":\"ImageObject\",\"inLanguage\":\"es\",\"@id\":\"https:\/\/www.aridane.org\/city\/2023\/10\/26\/aridane-criminal-recuerda-a-alexis-ravelo-en-su-iv-edicion\/#primaryimage\",\"url\":\"https:\/\/www.aridane.org\/city\/wp-content\/uploads\/2023\/10\/Aridane-Criminal.jpeg\",\"contentUrl\":\"https:\/\/www.aridane.org\/city\/wp-content\/uploads\/2023\/10\/Aridane-Criminal.jpeg\",\"width\":1600,\"height\":1066},{\"@type\":\"BreadcrumbList\",\"@id\":\"https:\/\/www.aridane.org\/city\/2023\/10\/26\/aridane-criminal-recuerda-a-alexis-ravelo-en-su-iv-edicion\/#breadcrumb\",\"itemListElement\":[{\"@type\":\"ListItem\",\"position\":1,\"name\":\"Portada\",\"item\":\"https:\/\/www.aridane.org\/city\/\"},{\"@type\":\"ListItem\",\"position\":2,\"name\":\"Aridane Criminal recuerda a Alexis Ravelo en su IV edici\u00f3n\"}]},{\"@type\":\"WebSite\",\"@id\":\"https:\/\/www.aridane.org\/city\/#website\",\"url\":\"https:\/\/www.aridane.org\/city\/\",\"name\":\"Ayuntamiento de Los Llanos de Aridane\",\"description\":\"\",\"potentialAction\":[{\"@type\":\"SearchAction\",\"target\":{\"@type\":\"EntryPoint\",\"urlTemplate\":\"https:\/\/www.aridane.org\/city\/?s={search_term_string}\"},\"query-input\":\"required name=search_term_string\"}],\"inLanguage\":\"es\"},{\"@type\":\"Person\",\"@id\":\"https:\/\/www.aridane.org\/city\/#\/schema\/person\/89ebd376b223dc94cc1dbcf200c8e6da\",\"name\":\"Corresponsal\",\"image\":{\"@type\":\"ImageObject\",\"inLanguage\":\"es\",\"@id\":\"https:\/\/www.aridane.org\/city\/#\/schema\/person\/image\/\",\"url\":\"https:\/\/secure.gravatar.com\/avatar\/1c476992411e4ccf153da63b2b2f5ea0bb4cb1c85f3ceab8512f04325ad5579c?s=96&d=mm&r=g\",\"contentUrl\":\"https:\/\/secure.gravatar.com\/avatar\/1c476992411e4ccf153da63b2b2f5ea0bb4cb1c85f3ceab8512f04325ad5579c?s=96&d=mm&r=g\",\"caption\":\"Corresponsal\"},\"url\":\"https:\/\/www.aridane.org\/city\/author\/corresponsal\/\"}]}<\/script>\n<!-- \/ Yoast SEO plugin. -->","yoast_head_json":{"title":"Aridane Criminal recuerda a Alexis Ravelo en su IV edici\u00f3n - Ayuntamiento de Los Llanos de Aridane","robots":{"index":"index","follow":"follow","max-snippet":"max-snippet:-1","max-image-preview":"max-image-preview:large","max-video-preview":"max-video-preview:-1"},"canonical":"https:\/\/www.aridane.org\/city\/2023\/10\/26\/aridane-criminal-recuerda-a-alexis-ravelo-en-su-iv-edicion\/","og_locale":"es_ES","og_type":"article","og_title":"Aridane Criminal recuerda a Alexis Ravelo en su IV edici\u00f3n - Ayuntamiento de Los Llanos de Aridane","og_description":"La escritora sudafricana Lauren Beukes es una de las invitadas\u00a0 al Festival, en el que tambi\u00e9n habr\u00e1 encuentros con cineastas, editores, poetas y escritores de tem\u00e1tica negra y criminal","og_url":"https:\/\/www.aridane.org\/city\/2023\/10\/26\/aridane-criminal-recuerda-a-alexis-ravelo-en-su-iv-edicion\/","og_site_name":"Ayuntamiento de Los Llanos de Aridane","article_published_time":"2023-10-26T11:38:20+00:00","og_image":[{"width":1600,"height":1066,"url":"https:\/\/www.aridane.org\/city\/wp-content\/uploads\/2023\/10\/Aridane-Criminal.jpeg","type":"image\/jpeg"}],"author":"Corresponsal","twitter_card":"summary_large_image","twitter_misc":{"Escrito por":"Corresponsal","Tiempo de lectura":"4 minutos"},"schema":{"@context":"https:\/\/schema.org","@graph":[{"@type":"WebPage","@id":"https:\/\/www.aridane.org\/city\/2023\/10\/26\/aridane-criminal-recuerda-a-alexis-ravelo-en-su-iv-edicion\/","url":"https:\/\/www.aridane.org\/city\/2023\/10\/26\/aridane-criminal-recuerda-a-alexis-ravelo-en-su-iv-edicion\/","name":"Aridane Criminal recuerda a Alexis Ravelo en su IV edici\u00f3n - Ayuntamiento de Los Llanos de Aridane","isPartOf":{"@id":"https:\/\/www.aridane.org\/city\/#website"},"primaryImageOfPage":{"@id":"https:\/\/www.aridane.org\/city\/2023\/10\/26\/aridane-criminal-recuerda-a-alexis-ravelo-en-su-iv-edicion\/#primaryimage"},"image":{"@id":"https:\/\/www.aridane.org\/city\/2023\/10\/26\/aridane-criminal-recuerda-a-alexis-ravelo-en-su-iv-edicion\/#primaryimage"},"thumbnailUrl":"https:\/\/www.aridane.org\/city\/wp-content\/uploads\/2023\/10\/Aridane-Criminal.jpeg","datePublished":"2023-10-26T11:38:20+00:00","dateModified":"2023-10-26T11:38:20+00:00","author":{"@id":"https:\/\/www.aridane.org\/city\/#\/schema\/person\/89ebd376b223dc94cc1dbcf200c8e6da"},"breadcrumb":{"@id":"https:\/\/www.aridane.org\/city\/2023\/10\/26\/aridane-criminal-recuerda-a-alexis-ravelo-en-su-iv-edicion\/#breadcrumb"},"inLanguage":"es","potentialAction":[{"@type":"ReadAction","target":["https:\/\/www.aridane.org\/city\/2023\/10\/26\/aridane-criminal-recuerda-a-alexis-ravelo-en-su-iv-edicion\/"]}]},{"@type":"ImageObject","inLanguage":"es","@id":"https:\/\/www.aridane.org\/city\/2023\/10\/26\/aridane-criminal-recuerda-a-alexis-ravelo-en-su-iv-edicion\/#primaryimage","url":"https:\/\/www.aridane.org\/city\/wp-content\/uploads\/2023\/10\/Aridane-Criminal.jpeg","contentUrl":"https:\/\/www.aridane.org\/city\/wp-content\/uploads\/2023\/10\/Aridane-Criminal.jpeg","width":1600,"height":1066},{"@type":"BreadcrumbList","@id":"https:\/\/www.aridane.org\/city\/2023\/10\/26\/aridane-criminal-recuerda-a-alexis-ravelo-en-su-iv-edicion\/#breadcrumb","itemListElement":[{"@type":"ListItem","position":1,"name":"Portada","item":"https:\/\/www.aridane.org\/city\/"},{"@type":"ListItem","position":2,"name":"Aridane Criminal recuerda a Alexis Ravelo en su IV edici\u00f3n"}]},{"@type":"WebSite","@id":"https:\/\/www.aridane.org\/city\/#website","url":"https:\/\/www.aridane.org\/city\/","name":"Ayuntamiento de Los Llanos de Aridane","description":"","potentialAction":[{"@type":"SearchAction","target":{"@type":"EntryPoint","urlTemplate":"https:\/\/www.aridane.org\/city\/?s={search_term_string}"},"query-input":"required name=search_term_string"}],"inLanguage":"es"},{"@type":"Person","@id":"https:\/\/www.aridane.org\/city\/#\/schema\/person\/89ebd376b223dc94cc1dbcf200c8e6da","name":"Corresponsal","image":{"@type":"ImageObject","inLanguage":"es","@id":"https:\/\/www.aridane.org\/city\/#\/schema\/person\/image\/","url":"https:\/\/secure.gravatar.com\/avatar\/1c476992411e4ccf153da63b2b2f5ea0bb4cb1c85f3ceab8512f04325ad5579c?s=96&d=mm&r=g","contentUrl":"https:\/\/secure.gravatar.com\/avatar\/1c476992411e4ccf153da63b2b2f5ea0bb4cb1c85f3ceab8512f04325ad5579c?s=96&d=mm&r=g","caption":"Corresponsal"},"url":"https:\/\/www.aridane.org\/city\/author\/corresponsal\/"}]}},"_links":{"self":[{"href":"https:\/\/www.aridane.org\/city\/wp-json\/wp\/v2\/posts\/2876","targetHints":{"allow":["GET"]}}],"collection":[{"href":"https:\/\/www.aridane.org\/city\/wp-json\/wp\/v2\/posts"}],"about":[{"href":"https:\/\/www.aridane.org\/city\/wp-json\/wp\/v2\/types\/post"}],"author":[{"embeddable":true,"href":"https:\/\/www.aridane.org\/city\/wp-json\/wp\/v2\/users\/4"}],"replies":[{"embeddable":true,"href":"https:\/\/www.aridane.org\/city\/wp-json\/wp\/v2\/comments?post=2876"}],"version-history":[{"count":1,"href":"https:\/\/www.aridane.org\/city\/wp-json\/wp\/v2\/posts\/2876\/revisions"}],"predecessor-version":[{"id":2878,"href":"https:\/\/www.aridane.org\/city\/wp-json\/wp\/v2\/posts\/2876\/revisions\/2878"}],"wp:featuredmedia":[{"embeddable":true,"href":"https:\/\/www.aridane.org\/city\/wp-json\/wp\/v2\/media\/2877"}],"wp:attachment":[{"href":"https:\/\/www.aridane.org\/city\/wp-json\/wp\/v2\/media?parent=2876"}],"wp:term":[{"taxonomy":"category","embeddable":true,"href":"https:\/\/www.aridane.org\/city\/wp-json\/wp\/v2\/categories?post=2876"},{"taxonomy":"post_tag","embeddable":true,"href":"https:\/\/www.aridane.org\/city\/wp-json\/wp\/v2\/tags?post=2876"}],"curies":[{"name":"wp","href":"https:\/\/api.w.org\/{rel}","templated":true}]}}