{"id":2879,"date":"2023-10-30T09:01:11","date_gmt":"2023-10-30T09:01:11","guid":{"rendered":"https:\/\/www.aridane.org\/city\/?p=2879"},"modified":"2023-10-30T09:01:11","modified_gmt":"2023-10-30T09:01:11","slug":"el-ayuntamiento-de-los-llanos-de-aridane-emplea-fondos-propios-para-impulsar-las-fiestas-y-la-cultura","status":"publish","type":"post","link":"https:\/\/www.aridane.org\/city\/2023\/10\/30\/el-ayuntamiento-de-los-llanos-de-aridane-emplea-fondos-propios-para-impulsar-las-fiestas-y-la-cultura\/","title":{"rendered":"El Ayuntamiento de Los Llanos de Aridane emplea fondos propios para impulsar las fiestas y la cultura"},"content":{"rendered":"<p><i><span style=\"font-weight: 400;\">El alcalde insiste en que la recuperaci\u00f3n post volc\u00e1n tambi\u00e9n pasa por devolver la vida y la actividad al municipio<\/span><\/i><\/p>\n<p><!--more--><\/p>\n<p><span style=\"font-weight: 400;\">El Ayuntamiento de Los Llanos de Aridane emplea fondos propios para impulsar las fiestas y la cultura, mermadas tras la pandemia y el volc\u00e1n. \u201cTenemos el reto de devolver la alegr\u00eda al municipio. Lo agradecer\u00e1n nuestros visitantes, nuestros comercios y, sobre todo, nuestros vecinos y vecinas\u201d, apunta el alcalde, Javier Llamas.<\/span><\/p>\n<p><span style=\"font-weight: 400;\">Esta inversi\u00f3n para las \u00e1reas de Fiestas y Cultura proviene de fondos consignados por el Ayuntamiento en el Presupuesto de 2022. Son partidas clave para poder organizar la Navidad, la Patrona, el Campus de Verano y otros eventos culturales y l\u00fadicos.<\/span><\/p>\n<p><span style=\"font-weight: 400;\">En concreto, se trata de 790.000 euros de fondos propios que hasta la fecha estaban incluidos en el Fondo de Solidaridad por el Volc\u00e1n del Cabildo de La Palma. Fondos propios que no hubo que ejecutar ya que se invirti\u00f3 al completo la subvenci\u00f3n de la Corporaci\u00f3n insular: m\u00e1s de un mill\u00f3n de euros en partidas asociadas a la reconstrucci\u00f3n y el apoyo a las personas afectadas.<\/span><\/p>\n<p><span style=\"font-weight: 400;\">\u201cEn ning\u00fan momento retiramos dinero para los afectados para financiar fiestas y actos culturales\u201d, sentencia el alcalde, quien condena los ataques de la oposici\u00f3n en este sentido. \u201cEl PSOE de Aridane est\u00e1 haciendo de la desinformaci\u00f3n un arma arrojadiza contra este grupo de gobierno y eso no lo podemos permitir\u201d, a\u00f1ade.<\/span><\/p>\n<p><span style=\"font-weight: 400;\">Asimismo, Javier Llamas recuerda que la reconstrucci\u00f3n post volc\u00e1n debe adoptar un enfoque integral. \u201cLa erupci\u00f3n supuso un duro rev\u00e9s a la actividad de todo el municipio. El compromiso de este grupo de gobierno es reactivar todos y cada uno de los sectores de nuestra econom\u00eda\u201d, concluye.<\/span><\/p>\n","protected":false},"excerpt":{"rendered":"<p>El alcalde insiste en que la recuperaci\u00f3n post volc\u00e1n tambi\u00e9n pasa por devolver la vida y la actividad al municipio<\/p>\n","protected":false},"author":4,"featured_media":2675,"comment_status":"open","ping_status":"open","sticky":false,"template":"","format":"standard","meta":{"footnotes":""},"categories":[6],"tags":[],"class_list":["post-2879","post","type-post","status-publish","format-standard","has-post-thumbnail","hentry","category-prensa"],"yoast_head":"<!-- This site is optimized with the Yoast SEO plugin v22.7 - https:\/\/yoast.com\/wordpress\/plugins\/seo\/ -->\n<title>El Ayuntamiento de Los Llanos de Aridane emplea fondos propios para impulsar las fiestas y la cultura - Ayuntamiento de Los Llanos de Aridane<\/title>\n<meta name=\"robots\" content=\"index, follow, max-snippet:-1, max-image-preview:large, max-video-preview:-1\" \/>\n<link rel=\"canonical\" href=\"https:\/\/www.aridane.org\/city\/2023\/10\/30\/el-ayuntamiento-de-los-llanos-de-aridane-emplea-fondos-propios-para-impulsar-las-fiestas-y-la-cultura\/\" \/>\n<meta property=\"og:locale\" content=\"es_ES\" \/>\n<meta property=\"og:type\" content=\"article\" \/>\n<meta property=\"og:title\" content=\"El Ayuntamiento de Los Llanos de Aridane emplea fondos propios para impulsar las fiestas y la cultura - Ayuntamiento de Los Llanos de Aridane\" \/>\n<meta property=\"og:description\" content=\"El alcalde insiste en que la recuperaci\u00f3n post volc\u00e1n tambi\u00e9n pasa por devolver la vida y la actividad al municipio\" \/>\n<meta property=\"og:url\" content=\"https:\/\/www.aridane.org\/city\/2023\/10\/30\/el-ayuntamiento-de-los-llanos-de-aridane-emplea-fondos-propios-para-impulsar-las-fiestas-y-la-cultura\/\" \/>\n<meta property=\"og:site_name\" content=\"Ayuntamiento de Los Llanos de Aridane\" \/>\n<meta property=\"article:published_time\" content=\"2023-10-30T09:01:11+00:00\" \/>\n<meta property=\"og:image\" content=\"https:\/\/www.aridane.org\/city\/wp-content\/uploads\/2023\/07\/turismo_aridane_103.jpg\" \/>\n\t<meta property=\"og:image:width\" content=\"1000\" \/>\n\t<meta property=\"og:image:height\" content=\"667\" \/>\n\t<meta property=\"og:image:type\" content=\"image\/jpeg\" \/>\n<meta name=\"author\" content=\"Corresponsal\" \/>\n<meta name=\"twitter:card\" content=\"summary_large_image\" \/>\n<meta name=\"twitter:label1\" content=\"Escrito por\" \/>\n\t<meta name=\"twitter:data1\" content=\"Corresponsal\" \/>\n\t<meta name=\"twitter:label2\" content=\"Tiempo de lectura\" \/>\n\t<meta name=\"twitter:data2\" content=\"2 minutos\" \/>\n<script type=\"application\/ld+json\" class=\"yoast-schema-graph\">{\"@context\":\"https:\/\/schema.org\",\"@graph\":[{\"@type\":\"WebPage\",\"@id\":\"https:\/\/www.aridane.org\/city\/2023\/10\/30\/el-ayuntamiento-de-los-llanos-de-aridane-emplea-fondos-propios-para-impulsar-las-fiestas-y-la-cultura\/\",\"url\":\"https:\/\/www.aridane.org\/city\/2023\/10\/30\/el-ayuntamiento-de-los-llanos-de-aridane-emplea-fondos-propios-para-impulsar-las-fiestas-y-la-cultura\/\",\"name\":\"El Ayuntamiento de Los Llanos de Aridane emplea fondos propios para impulsar las fiestas y la cultura - Ayuntamiento de Los Llanos de Aridane\",\"isPartOf\":{\"@id\":\"https:\/\/www.aridane.org\/city\/#website\"},\"primaryImageOfPage\":{\"@id\":\"https:\/\/www.aridane.org\/city\/2023\/10\/30\/el-ayuntamiento-de-los-llanos-de-aridane-emplea-fondos-propios-para-impulsar-las-fiestas-y-la-cultura\/#primaryimage\"},\"image\":{\"@id\":\"https:\/\/www.aridane.org\/city\/2023\/10\/30\/el-ayuntamiento-de-los-llanos-de-aridane-emplea-fondos-propios-para-impulsar-las-fiestas-y-la-cultura\/#primaryimage\"},\"thumbnailUrl\":\"https:\/\/www.aridane.org\/city\/wp-content\/uploads\/2023\/07\/turismo_aridane_103.jpg\",\"datePublished\":\"2023-10-30T09:01:11+00:00\",\"dateModified\":\"2023-10-30T09:01:11+00:00\",\"author\":{\"@id\":\"https:\/\/www.aridane.org\/city\/#\/schema\/person\/89ebd376b223dc94cc1dbcf200c8e6da\"},\"breadcrumb\":{\"@id\":\"https:\/\/www.aridane.org\/city\/2023\/10\/30\/el-ayuntamiento-de-los-llanos-de-aridane-emplea-fondos-propios-para-impulsar-las-fiestas-y-la-cultura\/#breadcrumb\"},\"inLanguage\":\"es\",\"potentialAction\":[{\"@type\":\"ReadAction\",\"target\":[\"https:\/\/www.aridane.org\/city\/2023\/10\/30\/el-ayuntamiento-de-los-llanos-de-aridane-emplea-fondos-propios-para-impulsar-las-fiestas-y-la-cultura\/\"]}]},{\"@type\":\"ImageObject\",\"inLanguage\":\"es\",\"@id\":\"https:\/\/www.aridane.org\/city\/2023\/10\/30\/el-ayuntamiento-de-los-llanos-de-aridane-emplea-fondos-propios-para-impulsar-las-fiestas-y-la-cultura\/#primaryimage\",\"url\":\"https:\/\/www.aridane.org\/city\/wp-content\/uploads\/2023\/07\/turismo_aridane_103.jpg\",\"contentUrl\":\"https:\/\/www.aridane.org\/city\/wp-content\/uploads\/2023\/07\/turismo_aridane_103.jpg\",\"width\":1000,\"height\":667},{\"@type\":\"BreadcrumbList\",\"@id\":\"https:\/\/www.aridane.org\/city\/2023\/10\/30\/el-ayuntamiento-de-los-llanos-de-aridane-emplea-fondos-propios-para-impulsar-las-fiestas-y-la-cultura\/#breadcrumb\",\"itemListElement\":[{\"@type\":\"ListItem\",\"position\":1,\"name\":\"Portada\",\"item\":\"https:\/\/www.aridane.org\/city\/\"},{\"@type\":\"ListItem\",\"position\":2,\"name\":\"El Ayuntamiento de Los Llanos de Aridane emplea fondos propios para impulsar las fiestas y la cultura\"}]},{\"@type\":\"WebSite\",\"@id\":\"https:\/\/www.aridane.org\/city\/#website\",\"url\":\"https:\/\/www.aridane.org\/city\/\",\"name\":\"Ayuntamiento de Los Llanos de Aridane\",\"description\":\"\",\"potentialAction\":[{\"@type\":\"SearchAction\",\"target\":{\"@type\":\"EntryPoint\",\"urlTemplate\":\"https:\/\/www.aridane.org\/city\/?s={search_term_string}\"},\"query-input\":\"required name=search_term_string\"}],\"inLanguage\":\"es\"},{\"@type\":\"Person\",\"@id\":\"https:\/\/www.aridane.org\/city\/#\/schema\/person\/89ebd376b223dc94cc1dbcf200c8e6da\",\"name\":\"Corresponsal\",\"image\":{\"@type\":\"ImageObject\",\"inLanguage\":\"es\",\"@id\":\"https:\/\/www.aridane.org\/city\/#\/schema\/person\/image\/\",\"url\":\"https:\/\/secure.gravatar.com\/avatar\/1c476992411e4ccf153da63b2b2f5ea0bb4cb1c85f3ceab8512f04325ad5579c?s=96&d=mm&r=g\",\"contentUrl\":\"https:\/\/secure.gravatar.com\/avatar\/1c476992411e4ccf153da63b2b2f5ea0bb4cb1c85f3ceab8512f04325ad5579c?s=96&d=mm&r=g\",\"caption\":\"Corresponsal\"},\"url\":\"https:\/\/www.aridane.org\/city\/author\/corresponsal\/\"}]}<\/script>\n<!-- \/ Yoast SEO plugin. -->","yoast_head_json":{"title":"El Ayuntamiento de Los Llanos de Aridane emplea fondos propios para impulsar las fiestas y la cultura - Ayuntamiento de Los Llanos de Aridane","robots":{"index":"index","follow":"follow","max-snippet":"max-snippet:-1","max-image-preview":"max-image-preview:large","max-video-preview":"max-video-preview:-1"},"canonical":"https:\/\/www.aridane.org\/city\/2023\/10\/30\/el-ayuntamiento-de-los-llanos-de-aridane-emplea-fondos-propios-para-impulsar-las-fiestas-y-la-cultura\/","og_locale":"es_ES","og_type":"article","og_title":"El Ayuntamiento de Los Llanos de Aridane emplea fondos propios para impulsar las fiestas y la cultura - Ayuntamiento de Los Llanos de Aridane","og_description":"El alcalde insiste en que la recuperaci\u00f3n post volc\u00e1n tambi\u00e9n pasa por devolver la vida y la actividad al municipio","og_url":"https:\/\/www.aridane.org\/city\/2023\/10\/30\/el-ayuntamiento-de-los-llanos-de-aridane-emplea-fondos-propios-para-impulsar-las-fiestas-y-la-cultura\/","og_site_name":"Ayuntamiento de Los Llanos de Aridane","article_published_time":"2023-10-30T09:01:11+00:00","og_image":[{"width":1000,"height":667,"url":"https:\/\/www.aridane.org\/city\/wp-content\/uploads\/2023\/07\/turismo_aridane_103.jpg","type":"image\/jpeg"}],"author":"Corresponsal","twitter_card":"summary_large_image","twitter_misc":{"Escrito por":"Corresponsal","Tiempo de lectura":"2 minutos"},"schema":{"@context":"https:\/\/schema.org","@graph":[{"@type":"WebPage","@id":"https:\/\/www.aridane.org\/city\/2023\/10\/30\/el-ayuntamiento-de-los-llanos-de-aridane-emplea-fondos-propios-para-impulsar-las-fiestas-y-la-cultura\/","url":"https:\/\/www.aridane.org\/city\/2023\/10\/30\/el-ayuntamiento-de-los-llanos-de-aridane-emplea-fondos-propios-para-impulsar-las-fiestas-y-la-cultura\/","name":"El Ayuntamiento de Los Llanos de Aridane emplea fondos propios para impulsar las fiestas y la cultura - Ayuntamiento de Los Llanos de Aridane","isPartOf":{"@id":"https:\/\/www.aridane.org\/city\/#website"},"primaryImageOfPage":{"@id":"https:\/\/www.aridane.org\/city\/2023\/10\/30\/el-ayuntamiento-de-los-llanos-de-aridane-emplea-fondos-propios-para-impulsar-las-fiestas-y-la-cultura\/#primaryimage"},"image":{"@id":"https:\/\/www.aridane.org\/city\/2023\/10\/30\/el-ayuntamiento-de-los-llanos-de-aridane-emplea-fondos-propios-para-impulsar-las-fiestas-y-la-cultura\/#primaryimage"},"thumbnailUrl":"https:\/\/www.aridane.org\/city\/wp-content\/uploads\/2023\/07\/turismo_aridane_103.jpg","datePublished":"2023-10-30T09:01:11+00:00","dateModified":"2023-10-30T09:01:11+00:00","author":{"@id":"https:\/\/www.aridane.org\/city\/#\/schema\/person\/89ebd376b223dc94cc1dbcf200c8e6da"},"breadcrumb":{"@id":"https:\/\/www.aridane.org\/city\/2023\/10\/30\/el-ayuntamiento-de-los-llanos-de-aridane-emplea-fondos-propios-para-impulsar-las-fiestas-y-la-cultura\/#breadcrumb"},"inLanguage":"es","potentialAction":[{"@type":"ReadAction","target":["https:\/\/www.aridane.org\/city\/2023\/10\/30\/el-ayuntamiento-de-los-llanos-de-aridane-emplea-fondos-propios-para-impulsar-las-fiestas-y-la-cultura\/"]}]},{"@type":"ImageObject","inLanguage":"es","@id":"https:\/\/www.aridane.org\/city\/2023\/10\/30\/el-ayuntamiento-de-los-llanos-de-aridane-emplea-fondos-propios-para-impulsar-las-fiestas-y-la-cultura\/#primaryimage","url":"https:\/\/www.aridane.org\/city\/wp-content\/uploads\/2023\/07\/turismo_aridane_103.jpg","contentUrl":"https:\/\/www.aridane.org\/city\/wp-content\/uploads\/2023\/07\/turismo_aridane_103.jpg","width":1000,"height":667},{"@type":"BreadcrumbList","@id":"https:\/\/www.aridane.org\/city\/2023\/10\/30\/el-ayuntamiento-de-los-llanos-de-aridane-emplea-fondos-propios-para-impulsar-las-fiestas-y-la-cultura\/#breadcrumb","itemListElement":[{"@type":"ListItem","position":1,"name":"Portada","item":"https:\/\/www.aridane.org\/city\/"},{"@type":"ListItem","position":2,"name":"El Ayuntamiento de Los Llanos de Aridane emplea fondos propios para impulsar las fiestas y la cultura"}]},{"@type":"WebSite","@id":"https:\/\/www.aridane.org\/city\/#website","url":"https:\/\/www.aridane.org\/city\/","name":"Ayuntamiento de Los Llanos de Aridane","description":"","potentialAction":[{"@type":"SearchAction","target":{"@type":"EntryPoint","urlTemplate":"https:\/\/www.aridane.org\/city\/?s={search_term_string}"},"query-input":"required name=search_term_string"}],"inLanguage":"es"},{"@type":"Person","@id":"https:\/\/www.aridane.org\/city\/#\/schema\/person\/89ebd376b223dc94cc1dbcf200c8e6da","name":"Corresponsal","image":{"@type":"ImageObject","inLanguage":"es","@id":"https:\/\/www.aridane.org\/city\/#\/schema\/person\/image\/","url":"https:\/\/secure.gravatar.com\/avatar\/1c476992411e4ccf153da63b2b2f5ea0bb4cb1c85f3ceab8512f04325ad5579c?s=96&d=mm&r=g","contentUrl":"https:\/\/secure.gravatar.com\/avatar\/1c476992411e4ccf153da63b2b2f5ea0bb4cb1c85f3ceab8512f04325ad5579c?s=96&d=mm&r=g","caption":"Corresponsal"},"url":"https:\/\/www.aridane.org\/city\/author\/corresponsal\/"}]}},"_links":{"self":[{"href":"https:\/\/www.aridane.org\/city\/wp-json\/wp\/v2\/posts\/2879","targetHints":{"allow":["GET"]}}],"collection":[{"href":"https:\/\/www.aridane.org\/city\/wp-json\/wp\/v2\/posts"}],"about":[{"href":"https:\/\/www.aridane.org\/city\/wp-json\/wp\/v2\/types\/post"}],"author":[{"embeddable":true,"href":"https:\/\/www.aridane.org\/city\/wp-json\/wp\/v2\/users\/4"}],"replies":[{"embeddable":true,"href":"https:\/\/www.aridane.org\/city\/wp-json\/wp\/v2\/comments?post=2879"}],"version-history":[{"count":1,"href":"https:\/\/www.aridane.org\/city\/wp-json\/wp\/v2\/posts\/2879\/revisions"}],"predecessor-version":[{"id":2880,"href":"https:\/\/www.aridane.org\/city\/wp-json\/wp\/v2\/posts\/2879\/revisions\/2880"}],"wp:featuredmedia":[{"embeddable":true,"href":"https:\/\/www.aridane.org\/city\/wp-json\/wp\/v2\/media\/2675"}],"wp:attachment":[{"href":"https:\/\/www.aridane.org\/city\/wp-json\/wp\/v2\/media?parent=2879"}],"wp:term":[{"taxonomy":"category","embeddable":true,"href":"https:\/\/www.aridane.org\/city\/wp-json\/wp\/v2\/categories?post=2879"},{"taxonomy":"post_tag","embeddable":true,"href":"https:\/\/www.aridane.org\/city\/wp-json\/wp\/v2\/tags?post=2879"}],"curies":[{"name":"wp","href":"https:\/\/api.w.org\/{rel}","templated":true}]}}