{"id":2881,"date":"2023-10-31T15:39:23","date_gmt":"2023-10-31T15:39:23","guid":{"rendered":"https:\/\/www.aridane.org\/city\/?p=2881"},"modified":"2023-10-31T16:24:56","modified_gmt":"2023-10-31T16:24:56","slug":"los-llanos-de-aridane-recupera-con-la-plaza-de-la-despedida-un-toponimo-urbano","status":"publish","type":"post","link":"https:\/\/www.aridane.org\/city\/2023\/10\/31\/los-llanos-de-aridane-recupera-con-la-plaza-de-la-despedida-un-toponimo-urbano\/","title":{"rendered":"Los Llanos de Aridane recupera con la Plaza de la Despedida un top\u00f3nimo urbano"},"content":{"rendered":"<p id=\"m_-1733334121782546234h.30j0zll\"><em>El Ayuntamiento toma esta decisi\u00f3n despu\u00e9s de que el pleno aprobara la propuesta institucional de la cronista oficial, Mar\u00eda Victoria Hern\u00e1ndez<\/em><\/p>\n<p>El Ayuntamiento de Los Llanos de Aridane acepta la propuesta de su cronista oficial, Mar\u00eda Victoria Hern\u00e1ndez, y denomina Plaza de la Despedida al espacio arbolado en frente del cementerio. Se trata de una medida que busca cuidar y conservar el patrimonio cultural e hist\u00f3rico de la ciudad.<\/p>\n<p>A la recuperaci\u00f3n de la ahora denominada Plaza de la Despedida acudieron el alcalde, Javier Llamas; la concejala de Cultura, Marlene Gonz\u00e1lez; la concejala de Infraestructuras, Virginia Santaella; el concejal del PSOE Diego Gonz\u00e1lez y la propia Mar\u00eda Victoria Hern\u00e1ndez, adem\u00e1s de otros representantes de la Corporaci\u00f3n municipal.<\/p>\n<h2>Un top\u00f3nimo a punto de perderse<\/h2>\n<p>La cronista oficial explica que la Plaza de la Despedida surge de la antigua referencia a la existencia en Los Llanos de Aridane de la conocida \u2018calle Despedida\u2019, hoy calle Conrado Hern\u00e1ndez de las Casas. De hecho, en el Archivo Municipal existe un expediente administrativo de 1865 sobre la rotulaci\u00f3n de calles y plazas, donde figura textualmente: \u00abDespedida, hoy Cementerio\u00bb.<\/p>\n<p>Tambi\u00e9n detalla que la denominaci\u00f3n de \u2018calle Despedida\u2019 se origina por ser la v\u00eda urbana que conduc\u00eda al primer cementerio establecido en la ciudad, donde nuestros antepasados difuntos eran \u2018despedidos\u2019, tal como se hace en la actualidad. Un top\u00f3nimo que ha comenzado a perderse y que ahora se recupera con la propuesta de Mar\u00eda Victoria Hern\u00e1ndez que el pleno del gobierno municipal aprob\u00f3 por unanimidad.<\/p>\n<p>\u201cCon esta propuesta, el antiguo top\u00f3nimo urbano recupera parte de su espacio original y todo su significado hist\u00f3rico descriptivo, cargado de los sentimientos del pueblo y sus vecinos\u201d, concluye la cronista oficial.<\/p>\n<p>Por su parte, Javier Llamas pone de relieve el trabajo que desde el grupo de gobierno municipal se realiza en la preservaci\u00f3n del patrimonio hist\u00f3rico del municipio, tanto tangible como intangible, impulsando todas aquellas medidas que permitan generar sinergias para darlo a conocer a la vez de preservarlo para futuras generaciones. \u201cMi m\u00e1s sincero agradecimiento a Mar\u00eda Victoria Hern\u00e1ndez en su esfuerzo por conservar nuestro patrimonio\u201d, concluye.<\/p>\n","protected":false},"excerpt":{"rendered":"<p>El Ayuntamiento toma esta decisi\u00f3n despu\u00e9s de que el pleno aprobara la propuesta institucional de la cronista oficial, Mar\u00eda Victoria Hern\u00e1ndez El Ayuntamiento de Los Llanos de Aridane acepta la propuesta de su cronista oficial, Mar\u00eda Victoria Hern\u00e1ndez, y denomina Plaza de la Despedida al&#8230;<\/p>\n","protected":false},"author":4,"featured_media":2882,"comment_status":"open","ping_status":"open","sticky":false,"template":"","format":"standard","meta":{"footnotes":""},"categories":[6],"tags":[],"class_list":["post-2881","post","type-post","status-publish","format-standard","has-post-thumbnail","hentry","category-prensa"],"yoast_head":"<!-- This site is optimized with the Yoast SEO plugin v22.7 - https:\/\/yoast.com\/wordpress\/plugins\/seo\/ -->\n<title>Los Llanos de Aridane recupera con la Plaza de la Despedida un top\u00f3nimo urbano - Ayuntamiento de Los Llanos de Aridane<\/title>\n<meta name=\"robots\" content=\"index, follow, max-snippet:-1, max-image-preview:large, max-video-preview:-1\" \/>\n<link rel=\"canonical\" href=\"https:\/\/www.aridane.org\/city\/2023\/10\/31\/los-llanos-de-aridane-recupera-con-la-plaza-de-la-despedida-un-toponimo-urbano\/\" \/>\n<meta property=\"og:locale\" content=\"es_ES\" \/>\n<meta property=\"og:type\" content=\"article\" \/>\n<meta property=\"og:title\" content=\"Los Llanos de Aridane recupera con la Plaza de la Despedida un top\u00f3nimo urbano - Ayuntamiento de Los Llanos de Aridane\" \/>\n<meta property=\"og:description\" content=\"El Ayuntamiento toma esta decisi\u00f3n despu\u00e9s de que el pleno aprobara la propuesta institucional de la cronista oficial, Mar\u00eda Victoria Hern\u00e1ndez El Ayuntamiento de Los Llanos de Aridane acepta la propuesta de su cronista oficial, Mar\u00eda Victoria Hern\u00e1ndez, y denomina Plaza de la Despedida al...\" \/>\n<meta property=\"og:url\" content=\"https:\/\/www.aridane.org\/city\/2023\/10\/31\/los-llanos-de-aridane-recupera-con-la-plaza-de-la-despedida-un-toponimo-urbano\/\" \/>\n<meta property=\"og:site_name\" content=\"Ayuntamiento de Los Llanos de Aridane\" \/>\n<meta property=\"article:published_time\" content=\"2023-10-31T15:39:23+00:00\" \/>\n<meta property=\"article:modified_time\" content=\"2023-10-31T16:24:56+00:00\" \/>\n<meta property=\"og:image\" content=\"https:\/\/www.aridane.org\/city\/wp-content\/uploads\/2023\/10\/Plaza-de-la-Despedida.jpeg\" \/>\n\t<meta property=\"og:image:width\" content=\"920\" \/>\n\t<meta property=\"og:image:height\" content=\"645\" \/>\n\t<meta property=\"og:image:type\" content=\"image\/jpeg\" \/>\n<meta name=\"author\" content=\"Corresponsal\" \/>\n<meta name=\"twitter:card\" content=\"summary_large_image\" \/>\n<meta name=\"twitter:label1\" content=\"Escrito por\" \/>\n\t<meta name=\"twitter:data1\" content=\"Corresponsal\" \/>\n\t<meta name=\"twitter:label2\" content=\"Tiempo de lectura\" \/>\n\t<meta name=\"twitter:data2\" content=\"2 minutos\" \/>\n<script type=\"application\/ld+json\" class=\"yoast-schema-graph\">{\"@context\":\"https:\/\/schema.org\",\"@graph\":[{\"@type\":\"WebPage\",\"@id\":\"https:\/\/www.aridane.org\/city\/2023\/10\/31\/los-llanos-de-aridane-recupera-con-la-plaza-de-la-despedida-un-toponimo-urbano\/\",\"url\":\"https:\/\/www.aridane.org\/city\/2023\/10\/31\/los-llanos-de-aridane-recupera-con-la-plaza-de-la-despedida-un-toponimo-urbano\/\",\"name\":\"Los Llanos de Aridane recupera con la Plaza de la Despedida un top\u00f3nimo urbano - Ayuntamiento de Los Llanos de Aridane\",\"isPartOf\":{\"@id\":\"https:\/\/www.aridane.org\/city\/#website\"},\"primaryImageOfPage\":{\"@id\":\"https:\/\/www.aridane.org\/city\/2023\/10\/31\/los-llanos-de-aridane-recupera-con-la-plaza-de-la-despedida-un-toponimo-urbano\/#primaryimage\"},\"image\":{\"@id\":\"https:\/\/www.aridane.org\/city\/2023\/10\/31\/los-llanos-de-aridane-recupera-con-la-plaza-de-la-despedida-un-toponimo-urbano\/#primaryimage\"},\"thumbnailUrl\":\"https:\/\/www.aridane.org\/city\/wp-content\/uploads\/2023\/10\/Plaza-de-la-Despedida.jpeg\",\"datePublished\":\"2023-10-31T15:39:23+00:00\",\"dateModified\":\"2023-10-31T16:24:56+00:00\",\"author\":{\"@id\":\"https:\/\/www.aridane.org\/city\/#\/schema\/person\/89ebd376b223dc94cc1dbcf200c8e6da\"},\"breadcrumb\":{\"@id\":\"https:\/\/www.aridane.org\/city\/2023\/10\/31\/los-llanos-de-aridane-recupera-con-la-plaza-de-la-despedida-un-toponimo-urbano\/#breadcrumb\"},\"inLanguage\":\"es\",\"potentialAction\":[{\"@type\":\"ReadAction\",\"target\":[\"https:\/\/www.aridane.org\/city\/2023\/10\/31\/los-llanos-de-aridane-recupera-con-la-plaza-de-la-despedida-un-toponimo-urbano\/\"]}]},{\"@type\":\"ImageObject\",\"inLanguage\":\"es\",\"@id\":\"https:\/\/www.aridane.org\/city\/2023\/10\/31\/los-llanos-de-aridane-recupera-con-la-plaza-de-la-despedida-un-toponimo-urbano\/#primaryimage\",\"url\":\"https:\/\/www.aridane.org\/city\/wp-content\/uploads\/2023\/10\/Plaza-de-la-Despedida.jpeg\",\"contentUrl\":\"https:\/\/www.aridane.org\/city\/wp-content\/uploads\/2023\/10\/Plaza-de-la-Despedida.jpeg\",\"width\":920,\"height\":645},{\"@type\":\"BreadcrumbList\",\"@id\":\"https:\/\/www.aridane.org\/city\/2023\/10\/31\/los-llanos-de-aridane-recupera-con-la-plaza-de-la-despedida-un-toponimo-urbano\/#breadcrumb\",\"itemListElement\":[{\"@type\":\"ListItem\",\"position\":1,\"name\":\"Portada\",\"item\":\"https:\/\/www.aridane.org\/city\/\"},{\"@type\":\"ListItem\",\"position\":2,\"name\":\"Los Llanos de Aridane recupera con la Plaza de la Despedida un top\u00f3nimo urbano\"}]},{\"@type\":\"WebSite\",\"@id\":\"https:\/\/www.aridane.org\/city\/#website\",\"url\":\"https:\/\/www.aridane.org\/city\/\",\"name\":\"Ayuntamiento de Los Llanos de Aridane\",\"description\":\"\",\"potentialAction\":[{\"@type\":\"SearchAction\",\"target\":{\"@type\":\"EntryPoint\",\"urlTemplate\":\"https:\/\/www.aridane.org\/city\/?s={search_term_string}\"},\"query-input\":\"required name=search_term_string\"}],\"inLanguage\":\"es\"},{\"@type\":\"Person\",\"@id\":\"https:\/\/www.aridane.org\/city\/#\/schema\/person\/89ebd376b223dc94cc1dbcf200c8e6da\",\"name\":\"Corresponsal\",\"image\":{\"@type\":\"ImageObject\",\"inLanguage\":\"es\",\"@id\":\"https:\/\/www.aridane.org\/city\/#\/schema\/person\/image\/\",\"url\":\"https:\/\/secure.gravatar.com\/avatar\/1c476992411e4ccf153da63b2b2f5ea0bb4cb1c85f3ceab8512f04325ad5579c?s=96&d=mm&r=g\",\"contentUrl\":\"https:\/\/secure.gravatar.com\/avatar\/1c476992411e4ccf153da63b2b2f5ea0bb4cb1c85f3ceab8512f04325ad5579c?s=96&d=mm&r=g\",\"caption\":\"Corresponsal\"},\"url\":\"https:\/\/www.aridane.org\/city\/author\/corresponsal\/\"}]}<\/script>\n<!-- \/ Yoast SEO plugin. -->","yoast_head_json":{"title":"Los Llanos de Aridane recupera con la Plaza de la Despedida un top\u00f3nimo urbano - Ayuntamiento de Los Llanos de Aridane","robots":{"index":"index","follow":"follow","max-snippet":"max-snippet:-1","max-image-preview":"max-image-preview:large","max-video-preview":"max-video-preview:-1"},"canonical":"https:\/\/www.aridane.org\/city\/2023\/10\/31\/los-llanos-de-aridane-recupera-con-la-plaza-de-la-despedida-un-toponimo-urbano\/","og_locale":"es_ES","og_type":"article","og_title":"Los Llanos de Aridane recupera con la Plaza de la Despedida un top\u00f3nimo urbano - Ayuntamiento de Los Llanos de Aridane","og_description":"El Ayuntamiento toma esta decisi\u00f3n despu\u00e9s de que el pleno aprobara la propuesta institucional de la cronista oficial, Mar\u00eda Victoria Hern\u00e1ndez El Ayuntamiento de Los Llanos de Aridane acepta la propuesta de su cronista oficial, Mar\u00eda Victoria Hern\u00e1ndez, y denomina Plaza de la Despedida al...","og_url":"https:\/\/www.aridane.org\/city\/2023\/10\/31\/los-llanos-de-aridane-recupera-con-la-plaza-de-la-despedida-un-toponimo-urbano\/","og_site_name":"Ayuntamiento de Los Llanos de Aridane","article_published_time":"2023-10-31T15:39:23+00:00","article_modified_time":"2023-10-31T16:24:56+00:00","og_image":[{"width":920,"height":645,"url":"https:\/\/www.aridane.org\/city\/wp-content\/uploads\/2023\/10\/Plaza-de-la-Despedida.jpeg","type":"image\/jpeg"}],"author":"Corresponsal","twitter_card":"summary_large_image","twitter_misc":{"Escrito por":"Corresponsal","Tiempo de lectura":"2 minutos"},"schema":{"@context":"https:\/\/schema.org","@graph":[{"@type":"WebPage","@id":"https:\/\/www.aridane.org\/city\/2023\/10\/31\/los-llanos-de-aridane-recupera-con-la-plaza-de-la-despedida-un-toponimo-urbano\/","url":"https:\/\/www.aridane.org\/city\/2023\/10\/31\/los-llanos-de-aridane-recupera-con-la-plaza-de-la-despedida-un-toponimo-urbano\/","name":"Los Llanos de Aridane recupera con la Plaza de la Despedida un top\u00f3nimo urbano - Ayuntamiento de Los Llanos de Aridane","isPartOf":{"@id":"https:\/\/www.aridane.org\/city\/#website"},"primaryImageOfPage":{"@id":"https:\/\/www.aridane.org\/city\/2023\/10\/31\/los-llanos-de-aridane-recupera-con-la-plaza-de-la-despedida-un-toponimo-urbano\/#primaryimage"},"image":{"@id":"https:\/\/www.aridane.org\/city\/2023\/10\/31\/los-llanos-de-aridane-recupera-con-la-plaza-de-la-despedida-un-toponimo-urbano\/#primaryimage"},"thumbnailUrl":"https:\/\/www.aridane.org\/city\/wp-content\/uploads\/2023\/10\/Plaza-de-la-Despedida.jpeg","datePublished":"2023-10-31T15:39:23+00:00","dateModified":"2023-10-31T16:24:56+00:00","author":{"@id":"https:\/\/www.aridane.org\/city\/#\/schema\/person\/89ebd376b223dc94cc1dbcf200c8e6da"},"breadcrumb":{"@id":"https:\/\/www.aridane.org\/city\/2023\/10\/31\/los-llanos-de-aridane-recupera-con-la-plaza-de-la-despedida-un-toponimo-urbano\/#breadcrumb"},"inLanguage":"es","potentialAction":[{"@type":"ReadAction","target":["https:\/\/www.aridane.org\/city\/2023\/10\/31\/los-llanos-de-aridane-recupera-con-la-plaza-de-la-despedida-un-toponimo-urbano\/"]}]},{"@type":"ImageObject","inLanguage":"es","@id":"https:\/\/www.aridane.org\/city\/2023\/10\/31\/los-llanos-de-aridane-recupera-con-la-plaza-de-la-despedida-un-toponimo-urbano\/#primaryimage","url":"https:\/\/www.aridane.org\/city\/wp-content\/uploads\/2023\/10\/Plaza-de-la-Despedida.jpeg","contentUrl":"https:\/\/www.aridane.org\/city\/wp-content\/uploads\/2023\/10\/Plaza-de-la-Despedida.jpeg","width":920,"height":645},{"@type":"BreadcrumbList","@id":"https:\/\/www.aridane.org\/city\/2023\/10\/31\/los-llanos-de-aridane-recupera-con-la-plaza-de-la-despedida-un-toponimo-urbano\/#breadcrumb","itemListElement":[{"@type":"ListItem","position":1,"name":"Portada","item":"https:\/\/www.aridane.org\/city\/"},{"@type":"ListItem","position":2,"name":"Los Llanos de Aridane recupera con la Plaza de la Despedida un top\u00f3nimo urbano"}]},{"@type":"WebSite","@id":"https:\/\/www.aridane.org\/city\/#website","url":"https:\/\/www.aridane.org\/city\/","name":"Ayuntamiento de Los Llanos de Aridane","description":"","potentialAction":[{"@type":"SearchAction","target":{"@type":"EntryPoint","urlTemplate":"https:\/\/www.aridane.org\/city\/?s={search_term_string}"},"query-input":"required name=search_term_string"}],"inLanguage":"es"},{"@type":"Person","@id":"https:\/\/www.aridane.org\/city\/#\/schema\/person\/89ebd376b223dc94cc1dbcf200c8e6da","name":"Corresponsal","image":{"@type":"ImageObject","inLanguage":"es","@id":"https:\/\/www.aridane.org\/city\/#\/schema\/person\/image\/","url":"https:\/\/secure.gravatar.com\/avatar\/1c476992411e4ccf153da63b2b2f5ea0bb4cb1c85f3ceab8512f04325ad5579c?s=96&d=mm&r=g","contentUrl":"https:\/\/secure.gravatar.com\/avatar\/1c476992411e4ccf153da63b2b2f5ea0bb4cb1c85f3ceab8512f04325ad5579c?s=96&d=mm&r=g","caption":"Corresponsal"},"url":"https:\/\/www.aridane.org\/city\/author\/corresponsal\/"}]}},"_links":{"self":[{"href":"https:\/\/www.aridane.org\/city\/wp-json\/wp\/v2\/posts\/2881","targetHints":{"allow":["GET"]}}],"collection":[{"href":"https:\/\/www.aridane.org\/city\/wp-json\/wp\/v2\/posts"}],"about":[{"href":"https:\/\/www.aridane.org\/city\/wp-json\/wp\/v2\/types\/post"}],"author":[{"embeddable":true,"href":"https:\/\/www.aridane.org\/city\/wp-json\/wp\/v2\/users\/4"}],"replies":[{"embeddable":true,"href":"https:\/\/www.aridane.org\/city\/wp-json\/wp\/v2\/comments?post=2881"}],"version-history":[{"count":2,"href":"https:\/\/www.aridane.org\/city\/wp-json\/wp\/v2\/posts\/2881\/revisions"}],"predecessor-version":[{"id":2884,"href":"https:\/\/www.aridane.org\/city\/wp-json\/wp\/v2\/posts\/2881\/revisions\/2884"}],"wp:featuredmedia":[{"embeddable":true,"href":"https:\/\/www.aridane.org\/city\/wp-json\/wp\/v2\/media\/2882"}],"wp:attachment":[{"href":"https:\/\/www.aridane.org\/city\/wp-json\/wp\/v2\/media?parent=2881"}],"wp:term":[{"taxonomy":"category","embeddable":true,"href":"https:\/\/www.aridane.org\/city\/wp-json\/wp\/v2\/categories?post=2881"},{"taxonomy":"post_tag","embeddable":true,"href":"https:\/\/www.aridane.org\/city\/wp-json\/wp\/v2\/tags?post=2881"}],"curies":[{"name":"wp","href":"https:\/\/api.w.org\/{rel}","templated":true}]}}