{"id":2890,"date":"2023-11-03T08:49:39","date_gmt":"2023-11-03T08:49:39","guid":{"rendered":"https:\/\/www.aridane.org\/city\/?p=2890"},"modified":"2023-11-06T08:51:58","modified_gmt":"2023-11-06T08:51:58","slug":"los-llanos-de-aridane-retoma-los-circulos-de-mujeres-un-espacio-para-el-empoderamiento-femenino","status":"publish","type":"post","link":"https:\/\/www.aridane.org\/city\/2023\/11\/03\/los-llanos-de-aridane-retoma-los-circulos-de-mujeres-un-espacio-para-el-empoderamiento-femenino\/","title":{"rendered":"Los Llanos de Aridane retoma los C\u00edrculos de Mujeres, un espacio para el empoderamiento femenino"},"content":{"rendered":"<p><i><span style=\"font-weight: 400;\">\u201cEs trascendental que las mujeres tengan este espacio para poder contar sus inquietudes\u201d, se\u00f1ala el alcalde, Javier Llamas<\/span><\/i><\/p>\n<p><!--more--><\/p>\n<p><span style=\"font-weight: 400;\">El Ayuntamiento de Los Llanos, a trav\u00e9s del \u00c1rea de Igualdad y con la colaboraci\u00f3n del Ministerio de Igualdad del Gobierno de Espa\u00f1a, retoma los C\u00edrculos de Mujeres, un espacio de encuentro donde las protagonistas pueden expresar sus pensamientos y preocupaciones con total libertad.<\/span><\/p>\n<p><span style=\"font-weight: 400;\">La concejala de Servicios Sociales, Idaira P\u00e9rez, valora la relevancia que ostenta este tipo de reuniones. \u201cEs vital poder generar un lugar en el que nuestras mujeres se sientan c\u00f3modas para expresar sus sentimientos y creencias. Un espacio liberador que debemos tener muy en cuenta para mejorar nuestra sociedad\u201d, a\u00f1ade.\u00a0<\/span><\/p>\n<p><span style=\"font-weight: 400;\">La concejala explica que los C\u00edrculos de Mujeres se desarrollan teniendo en cuenta la perspectiva de g\u00e9nero. \u201cDesempe\u00f1an un papel crucial en la prevenci\u00f3n de la violencia, especialmente en la prevenci\u00f3n de la violencia de g\u00e9nero que afecta a las mujeres\u201d, se\u00f1ala.<\/span><\/p>\n<p><span style=\"font-weight: 400;\">Por su parte, el alcalde, Javier Llamas, destaca la importancia de retomar esta actividad. \u201cLa sabidur\u00eda, experiencia y valor de las mujeres que conforman estos espacios merecen tener un lugar para ser escuchadas. El empoderamiento femenino es fundamental para avanzar como sociedad\u201d, expone.\u00a0<\/span><\/p>\n<h2><b>C\u00edrculos de Mujeres una vez al mes<\/b><\/h2>\n<p><span style=\"font-weight: 400;\">Estas reuniones se desarrollar\u00e1n una vez al mes, teniendo como sede el Centro Cultural de Argual, en horario de 10:00 a 13:00 horas. La \u00faltima reuni\u00f3n tuvo lugar el pasado 28 de octubre: Las pr\u00f3ximas est\u00e1n previstas para el 25 de noviembre y 16 de diciembre de 2023; y 20 de enero, 10 de febrero, 16 de marzo, 20 de abril y 18 de mayo de 2024.<\/span><\/p>\n<p><span style=\"font-weight: 400;\">Las plazas para los C\u00edrculos de Mujeres son limitadas, es por ello que se necesita realizar una inscripci\u00f3n previa por medio del formulario<\/span><a href=\"https:\/\/forms.gle\/Hy4nwJhfzkuNUccB9\"> <span style=\"font-weight: 400;\">https:\/\/forms.gle\/Hy4nwJhfzkuNUccB9<\/span><\/a><span style=\"font-weight: 400;\">. Adem\u00e1s, se ha puesto a disposici\u00f3n el n\u00famero de WhatsApp 699 365 141, para atender cualquier aclaraci\u00f3n que se precise.<\/span><\/p>\n<h2><b>La din\u00e1mica de los C\u00edrculos<\/b><\/h2>\n<p><span style=\"font-weight: 400;\">En el desarrollo de los C\u00edrculos, se presta una atenci\u00f3n especial a la identificaci\u00f3n y sensibilizaci\u00f3n sobre las desigualdades de g\u00e9nero en la sociedad, incluyendo las normas y roles de g\u00e9nero que perpet\u00faan la violencia.\u00a0<\/span><\/p>\n<p><span style=\"font-weight: 400;\">En el C\u00edrculo se fomenta la escucha, la expresi\u00f3n de emociones y la comunicaci\u00f3n sincera, lo que facilita un enriquecedor viaje de autoconocimiento y autodescubrimiento. Cada mujer contribuye con su experiencia, y este enfoque colectivo promueve el empoderamiento de las mujeres y el fortalecimiento de redes de apoyo.<\/span><\/p>\n<p><span style=\"font-weight: 400;\">Estos encuentros proporcionan un refugio donde las mujeres se sienten en casa, promoviendo una comunicaci\u00f3n basada en la sinceridad, el respeto y la honestidad. A trav\u00e9s de la uni\u00f3n de experiencias individuales en un contexto colectivo, se fortalece el empoderamiento de las mujeres y se fomenta un mayor entendimiento de las din\u00e1micas de g\u00e9nero y la importancia de desafiar las expectativas tradicionales.<\/span><\/p>\n","protected":false},"excerpt":{"rendered":"<p>\u201cEs trascendental que las mujeres tengan este espacio para poder contar sus inquietudes\u201d, se\u00f1ala el alcalde, Javier Llamas<\/p>\n","protected":false},"author":4,"featured_media":2891,"comment_status":"open","ping_status":"open","sticky":false,"template":"","format":"standard","meta":{"footnotes":""},"categories":[1],"tags":[],"class_list":["post-2890","post","type-post","status-publish","format-standard","has-post-thumbnail","hentry","category-sin-categoria"],"yoast_head":"<!-- This site is optimized with the Yoast SEO plugin v22.7 - https:\/\/yoast.com\/wordpress\/plugins\/seo\/ -->\n<title>Los Llanos de Aridane retoma los C\u00edrculos de Mujeres, un espacio para el empoderamiento femenino - Ayuntamiento de Los Llanos de Aridane<\/title>\n<meta name=\"robots\" content=\"index, follow, max-snippet:-1, max-image-preview:large, max-video-preview:-1\" \/>\n<link rel=\"canonical\" href=\"https:\/\/www.aridane.org\/city\/2023\/11\/03\/los-llanos-de-aridane-retoma-los-circulos-de-mujeres-un-espacio-para-el-empoderamiento-femenino\/\" \/>\n<meta property=\"og:locale\" content=\"es_ES\" \/>\n<meta property=\"og:type\" content=\"article\" \/>\n<meta property=\"og:title\" content=\"Los Llanos de Aridane retoma los C\u00edrculos de Mujeres, un espacio para el empoderamiento femenino - Ayuntamiento de Los Llanos de Aridane\" \/>\n<meta property=\"og:description\" content=\"\u201cEs trascendental que las mujeres tengan este espacio para poder contar sus inquietudes\u201d, se\u00f1ala el alcalde, Javier Llamas\" \/>\n<meta property=\"og:url\" content=\"https:\/\/www.aridane.org\/city\/2023\/11\/03\/los-llanos-de-aridane-retoma-los-circulos-de-mujeres-un-espacio-para-el-empoderamiento-femenino\/\" \/>\n<meta property=\"og:site_name\" content=\"Ayuntamiento de Los Llanos de Aridane\" \/>\n<meta property=\"article:published_time\" content=\"2023-11-03T08:49:39+00:00\" \/>\n<meta property=\"article:modified_time\" content=\"2023-11-06T08:51:58+00:00\" \/>\n<meta property=\"og:image\" content=\"https:\/\/www.aridane.org\/city\/wp-content\/uploads\/2023\/11\/Circulos-de-Mujeres.jpeg\" \/>\n\t<meta property=\"og:image:width\" content=\"2048\" \/>\n\t<meta property=\"og:image:height\" content=\"922\" \/>\n\t<meta property=\"og:image:type\" content=\"image\/jpeg\" \/>\n<meta name=\"author\" content=\"Corresponsal\" \/>\n<meta name=\"twitter:card\" content=\"summary_large_image\" \/>\n<meta name=\"twitter:label1\" content=\"Escrito por\" \/>\n\t<meta name=\"twitter:data1\" content=\"Corresponsal\" \/>\n\t<meta name=\"twitter:label2\" content=\"Tiempo de lectura\" \/>\n\t<meta name=\"twitter:data2\" content=\"3 minutos\" \/>\n<script type=\"application\/ld+json\" class=\"yoast-schema-graph\">{\"@context\":\"https:\/\/schema.org\",\"@graph\":[{\"@type\":\"WebPage\",\"@id\":\"https:\/\/www.aridane.org\/city\/2023\/11\/03\/los-llanos-de-aridane-retoma-los-circulos-de-mujeres-un-espacio-para-el-empoderamiento-femenino\/\",\"url\":\"https:\/\/www.aridane.org\/city\/2023\/11\/03\/los-llanos-de-aridane-retoma-los-circulos-de-mujeres-un-espacio-para-el-empoderamiento-femenino\/\",\"name\":\"Los Llanos de Aridane retoma los C\u00edrculos de Mujeres, un espacio para el empoderamiento femenino - Ayuntamiento de Los Llanos de Aridane\",\"isPartOf\":{\"@id\":\"https:\/\/www.aridane.org\/city\/#website\"},\"primaryImageOfPage\":{\"@id\":\"https:\/\/www.aridane.org\/city\/2023\/11\/03\/los-llanos-de-aridane-retoma-los-circulos-de-mujeres-un-espacio-para-el-empoderamiento-femenino\/#primaryimage\"},\"image\":{\"@id\":\"https:\/\/www.aridane.org\/city\/2023\/11\/03\/los-llanos-de-aridane-retoma-los-circulos-de-mujeres-un-espacio-para-el-empoderamiento-femenino\/#primaryimage\"},\"thumbnailUrl\":\"https:\/\/www.aridane.org\/city\/wp-content\/uploads\/2023\/11\/Circulos-de-Mujeres.jpeg\",\"datePublished\":\"2023-11-03T08:49:39+00:00\",\"dateModified\":\"2023-11-06T08:51:58+00:00\",\"author\":{\"@id\":\"https:\/\/www.aridane.org\/city\/#\/schema\/person\/89ebd376b223dc94cc1dbcf200c8e6da\"},\"breadcrumb\":{\"@id\":\"https:\/\/www.aridane.org\/city\/2023\/11\/03\/los-llanos-de-aridane-retoma-los-circulos-de-mujeres-un-espacio-para-el-empoderamiento-femenino\/#breadcrumb\"},\"inLanguage\":\"es\",\"potentialAction\":[{\"@type\":\"ReadAction\",\"target\":[\"https:\/\/www.aridane.org\/city\/2023\/11\/03\/los-llanos-de-aridane-retoma-los-circulos-de-mujeres-un-espacio-para-el-empoderamiento-femenino\/\"]}]},{\"@type\":\"ImageObject\",\"inLanguage\":\"es\",\"@id\":\"https:\/\/www.aridane.org\/city\/2023\/11\/03\/los-llanos-de-aridane-retoma-los-circulos-de-mujeres-un-espacio-para-el-empoderamiento-femenino\/#primaryimage\",\"url\":\"https:\/\/www.aridane.org\/city\/wp-content\/uploads\/2023\/11\/Circulos-de-Mujeres.jpeg\",\"contentUrl\":\"https:\/\/www.aridane.org\/city\/wp-content\/uploads\/2023\/11\/Circulos-de-Mujeres.jpeg\",\"width\":2048,\"height\":922},{\"@type\":\"BreadcrumbList\",\"@id\":\"https:\/\/www.aridane.org\/city\/2023\/11\/03\/los-llanos-de-aridane-retoma-los-circulos-de-mujeres-un-espacio-para-el-empoderamiento-femenino\/#breadcrumb\",\"itemListElement\":[{\"@type\":\"ListItem\",\"position\":1,\"name\":\"Portada\",\"item\":\"https:\/\/www.aridane.org\/city\/\"},{\"@type\":\"ListItem\",\"position\":2,\"name\":\"Los Llanos de Aridane retoma los C\u00edrculos de Mujeres, un espacio para el empoderamiento femenino\"}]},{\"@type\":\"WebSite\",\"@id\":\"https:\/\/www.aridane.org\/city\/#website\",\"url\":\"https:\/\/www.aridane.org\/city\/\",\"name\":\"Ayuntamiento de Los Llanos de Aridane\",\"description\":\"\",\"potentialAction\":[{\"@type\":\"SearchAction\",\"target\":{\"@type\":\"EntryPoint\",\"urlTemplate\":\"https:\/\/www.aridane.org\/city\/?s={search_term_string}\"},\"query-input\":\"required name=search_term_string\"}],\"inLanguage\":\"es\"},{\"@type\":\"Person\",\"@id\":\"https:\/\/www.aridane.org\/city\/#\/schema\/person\/89ebd376b223dc94cc1dbcf200c8e6da\",\"name\":\"Corresponsal\",\"image\":{\"@type\":\"ImageObject\",\"inLanguage\":\"es\",\"@id\":\"https:\/\/www.aridane.org\/city\/#\/schema\/person\/image\/\",\"url\":\"https:\/\/secure.gravatar.com\/avatar\/1c476992411e4ccf153da63b2b2f5ea0bb4cb1c85f3ceab8512f04325ad5579c?s=96&d=mm&r=g\",\"contentUrl\":\"https:\/\/secure.gravatar.com\/avatar\/1c476992411e4ccf153da63b2b2f5ea0bb4cb1c85f3ceab8512f04325ad5579c?s=96&d=mm&r=g\",\"caption\":\"Corresponsal\"},\"url\":\"https:\/\/www.aridane.org\/city\/author\/corresponsal\/\"}]}<\/script>\n<!-- \/ Yoast SEO plugin. -->","yoast_head_json":{"title":"Los Llanos de Aridane retoma los C\u00edrculos de Mujeres, un espacio para el empoderamiento femenino - Ayuntamiento de Los Llanos de Aridane","robots":{"index":"index","follow":"follow","max-snippet":"max-snippet:-1","max-image-preview":"max-image-preview:large","max-video-preview":"max-video-preview:-1"},"canonical":"https:\/\/www.aridane.org\/city\/2023\/11\/03\/los-llanos-de-aridane-retoma-los-circulos-de-mujeres-un-espacio-para-el-empoderamiento-femenino\/","og_locale":"es_ES","og_type":"article","og_title":"Los Llanos de Aridane retoma los C\u00edrculos de Mujeres, un espacio para el empoderamiento femenino - Ayuntamiento de Los Llanos de Aridane","og_description":"\u201cEs trascendental que las mujeres tengan este espacio para poder contar sus inquietudes\u201d, se\u00f1ala el alcalde, Javier Llamas","og_url":"https:\/\/www.aridane.org\/city\/2023\/11\/03\/los-llanos-de-aridane-retoma-los-circulos-de-mujeres-un-espacio-para-el-empoderamiento-femenino\/","og_site_name":"Ayuntamiento de Los Llanos de Aridane","article_published_time":"2023-11-03T08:49:39+00:00","article_modified_time":"2023-11-06T08:51:58+00:00","og_image":[{"width":2048,"height":922,"url":"https:\/\/www.aridane.org\/city\/wp-content\/uploads\/2023\/11\/Circulos-de-Mujeres.jpeg","type":"image\/jpeg"}],"author":"Corresponsal","twitter_card":"summary_large_image","twitter_misc":{"Escrito por":"Corresponsal","Tiempo de lectura":"3 minutos"},"schema":{"@context":"https:\/\/schema.org","@graph":[{"@type":"WebPage","@id":"https:\/\/www.aridane.org\/city\/2023\/11\/03\/los-llanos-de-aridane-retoma-los-circulos-de-mujeres-un-espacio-para-el-empoderamiento-femenino\/","url":"https:\/\/www.aridane.org\/city\/2023\/11\/03\/los-llanos-de-aridane-retoma-los-circulos-de-mujeres-un-espacio-para-el-empoderamiento-femenino\/","name":"Los Llanos de Aridane retoma los C\u00edrculos de Mujeres, un espacio para el empoderamiento femenino - Ayuntamiento de Los Llanos de Aridane","isPartOf":{"@id":"https:\/\/www.aridane.org\/city\/#website"},"primaryImageOfPage":{"@id":"https:\/\/www.aridane.org\/city\/2023\/11\/03\/los-llanos-de-aridane-retoma-los-circulos-de-mujeres-un-espacio-para-el-empoderamiento-femenino\/#primaryimage"},"image":{"@id":"https:\/\/www.aridane.org\/city\/2023\/11\/03\/los-llanos-de-aridane-retoma-los-circulos-de-mujeres-un-espacio-para-el-empoderamiento-femenino\/#primaryimage"},"thumbnailUrl":"https:\/\/www.aridane.org\/city\/wp-content\/uploads\/2023\/11\/Circulos-de-Mujeres.jpeg","datePublished":"2023-11-03T08:49:39+00:00","dateModified":"2023-11-06T08:51:58+00:00","author":{"@id":"https:\/\/www.aridane.org\/city\/#\/schema\/person\/89ebd376b223dc94cc1dbcf200c8e6da"},"breadcrumb":{"@id":"https:\/\/www.aridane.org\/city\/2023\/11\/03\/los-llanos-de-aridane-retoma-los-circulos-de-mujeres-un-espacio-para-el-empoderamiento-femenino\/#breadcrumb"},"inLanguage":"es","potentialAction":[{"@type":"ReadAction","target":["https:\/\/www.aridane.org\/city\/2023\/11\/03\/los-llanos-de-aridane-retoma-los-circulos-de-mujeres-un-espacio-para-el-empoderamiento-femenino\/"]}]},{"@type":"ImageObject","inLanguage":"es","@id":"https:\/\/www.aridane.org\/city\/2023\/11\/03\/los-llanos-de-aridane-retoma-los-circulos-de-mujeres-un-espacio-para-el-empoderamiento-femenino\/#primaryimage","url":"https:\/\/www.aridane.org\/city\/wp-content\/uploads\/2023\/11\/Circulos-de-Mujeres.jpeg","contentUrl":"https:\/\/www.aridane.org\/city\/wp-content\/uploads\/2023\/11\/Circulos-de-Mujeres.jpeg","width":2048,"height":922},{"@type":"BreadcrumbList","@id":"https:\/\/www.aridane.org\/city\/2023\/11\/03\/los-llanos-de-aridane-retoma-los-circulos-de-mujeres-un-espacio-para-el-empoderamiento-femenino\/#breadcrumb","itemListElement":[{"@type":"ListItem","position":1,"name":"Portada","item":"https:\/\/www.aridane.org\/city\/"},{"@type":"ListItem","position":2,"name":"Los Llanos de Aridane retoma los C\u00edrculos de Mujeres, un espacio para el empoderamiento femenino"}]},{"@type":"WebSite","@id":"https:\/\/www.aridane.org\/city\/#website","url":"https:\/\/www.aridane.org\/city\/","name":"Ayuntamiento de Los Llanos de Aridane","description":"","potentialAction":[{"@type":"SearchAction","target":{"@type":"EntryPoint","urlTemplate":"https:\/\/www.aridane.org\/city\/?s={search_term_string}"},"query-input":"required name=search_term_string"}],"inLanguage":"es"},{"@type":"Person","@id":"https:\/\/www.aridane.org\/city\/#\/schema\/person\/89ebd376b223dc94cc1dbcf200c8e6da","name":"Corresponsal","image":{"@type":"ImageObject","inLanguage":"es","@id":"https:\/\/www.aridane.org\/city\/#\/schema\/person\/image\/","url":"https:\/\/secure.gravatar.com\/avatar\/1c476992411e4ccf153da63b2b2f5ea0bb4cb1c85f3ceab8512f04325ad5579c?s=96&d=mm&r=g","contentUrl":"https:\/\/secure.gravatar.com\/avatar\/1c476992411e4ccf153da63b2b2f5ea0bb4cb1c85f3ceab8512f04325ad5579c?s=96&d=mm&r=g","caption":"Corresponsal"},"url":"https:\/\/www.aridane.org\/city\/author\/corresponsal\/"}]}},"_links":{"self":[{"href":"https:\/\/www.aridane.org\/city\/wp-json\/wp\/v2\/posts\/2890","targetHints":{"allow":["GET"]}}],"collection":[{"href":"https:\/\/www.aridane.org\/city\/wp-json\/wp\/v2\/posts"}],"about":[{"href":"https:\/\/www.aridane.org\/city\/wp-json\/wp\/v2\/types\/post"}],"author":[{"embeddable":true,"href":"https:\/\/www.aridane.org\/city\/wp-json\/wp\/v2\/users\/4"}],"replies":[{"embeddable":true,"href":"https:\/\/www.aridane.org\/city\/wp-json\/wp\/v2\/comments?post=2890"}],"version-history":[{"count":1,"href":"https:\/\/www.aridane.org\/city\/wp-json\/wp\/v2\/posts\/2890\/revisions"}],"predecessor-version":[{"id":2892,"href":"https:\/\/www.aridane.org\/city\/wp-json\/wp\/v2\/posts\/2890\/revisions\/2892"}],"wp:featuredmedia":[{"embeddable":true,"href":"https:\/\/www.aridane.org\/city\/wp-json\/wp\/v2\/media\/2891"}],"wp:attachment":[{"href":"https:\/\/www.aridane.org\/city\/wp-json\/wp\/v2\/media?parent=2890"}],"wp:term":[{"taxonomy":"category","embeddable":true,"href":"https:\/\/www.aridane.org\/city\/wp-json\/wp\/v2\/categories?post=2890"},{"taxonomy":"post_tag","embeddable":true,"href":"https:\/\/www.aridane.org\/city\/wp-json\/wp\/v2\/tags?post=2890"}],"curies":[{"name":"wp","href":"https:\/\/api.w.org\/{rel}","templated":true}]}}