{"id":2893,"date":"2023-11-03T06:03:13","date_gmt":"2023-11-03T06:03:13","guid":{"rendered":"https:\/\/www.aridane.org\/city\/?p=2893"},"modified":"2023-11-06T09:18:48","modified_gmt":"2023-11-06T09:18:48","slug":"los-llanos-inyecta-casi-800-000-euros-para-continuar-cumpliendo-con-sus-proveedores","status":"publish","type":"post","link":"https:\/\/www.aridane.org\/city\/2023\/11\/03\/los-llanos-inyecta-casi-800-000-euros-para-continuar-cumpliendo-con-sus-proveedores\/","title":{"rendered":"Los Llanos inyecta casi 800.000 euros para continuar cumpliendo con sus proveedores"},"content":{"rendered":"<p><i><span style=\"font-weight: 400;\">El grupo de gobierno del Ayuntamiento sigue pendiente de que el Estado abone las facturas pendientes de la reconstrucci\u00f3n<\/span><\/i><\/p>\n<p><!--more--><span style=\"font-weight: 400;\">El pleno municipal del Ayuntamiento de Los Llanos de Aridane aprueba un cr\u00e9dito extrajudicial de 790.076,31 euros con el objetivo de seguir cumpliendo con los proveedores que han prestado y prestan servicios al Consistorio. Este se har\u00e1 frente con una partida que el Cabildo de La Palma destin\u00f3 en su presupuesto 2023 para ayudar a los tres municipios afectados por el volc\u00e1n.\u00a0<\/span><\/p>\n<p><span style=\"font-weight: 400;\">El concejal de Hacienda, Pablo Almeida, recuerda que \u201cdesde que comenz\u00f3 la erupci\u00f3n, el pasado 19 de septiembre de 2021, el Ayuntamiento de Los Llanos de Aridane ha hecho un importante esfuerzo por dar respuesta a las necesidades de sus vecinos, con fondos propios, ya que a d\u00eda de hoy el Ministerio del Interior a\u00fan no ha abonado las facturas comprometidas con las administraciones locales\u201d.\u00a0\u00a0<\/span><\/p>\n<p><span style=\"font-weight: 400;\">Adem\u00e1s, el concejal recuerda que precisamente los empresarios y aut\u00f3nomos a los que se abonar\u00e1n las facturas, la mayor\u00eda de Los Llanos de Aridane, son los verdaderos generadores de empleo y uno de los principales motores econ\u00f3micos del municipio.<\/span><\/p>\n<p><span style=\"font-weight: 400;\">Destaca que \u201cprevisiblemente a lo largo del mes de diciembre esperamos haber abonado la mayor\u00eda de las facturas pendientes\u201d.\u00a0<\/span><\/p>\n<p><span style=\"font-weight: 400;\">Por \u00faltimo, desde el grupo de gobierno del Ayuntamiento de Los Llanos de Aridane se indica que ante situaciones extraordinarias, como la que vive en el municipio en plena recuperaci\u00f3n, se deben tomar decisiones extraordinarias.<\/span><\/p>\n","protected":false},"excerpt":{"rendered":"<p>El grupo de gobierno del Ayuntamiento sigue pendiente de que el Estado abone las facturas pendientes de la reconstrucci\u00f3n<\/p>\n","protected":false},"author":4,"featured_media":0,"comment_status":"open","ping_status":"open","sticky":false,"template":"","format":"standard","meta":{"footnotes":""},"categories":[1],"tags":[],"class_list":["post-2893","post","type-post","status-publish","format-standard","hentry","category-sin-categoria"],"yoast_head":"<!-- This site is optimized with the Yoast SEO plugin v22.7 - https:\/\/yoast.com\/wordpress\/plugins\/seo\/ -->\n<title>Los Llanos inyecta casi 800.000 euros para continuar cumpliendo con sus proveedores - Ayuntamiento de Los Llanos de Aridane<\/title>\n<meta name=\"robots\" content=\"index, follow, max-snippet:-1, max-image-preview:large, max-video-preview:-1\" \/>\n<link rel=\"canonical\" href=\"https:\/\/www.aridane.org\/city\/2023\/11\/03\/los-llanos-inyecta-casi-800-000-euros-para-continuar-cumpliendo-con-sus-proveedores\/\" \/>\n<meta property=\"og:locale\" content=\"es_ES\" \/>\n<meta property=\"og:type\" content=\"article\" \/>\n<meta property=\"og:title\" content=\"Los Llanos inyecta casi 800.000 euros para continuar cumpliendo con sus proveedores - Ayuntamiento de Los Llanos de Aridane\" \/>\n<meta property=\"og:description\" content=\"El grupo de gobierno del Ayuntamiento sigue pendiente de que el Estado abone las facturas pendientes de la reconstrucci\u00f3n\" \/>\n<meta property=\"og:url\" content=\"https:\/\/www.aridane.org\/city\/2023\/11\/03\/los-llanos-inyecta-casi-800-000-euros-para-continuar-cumpliendo-con-sus-proveedores\/\" \/>\n<meta property=\"og:site_name\" content=\"Ayuntamiento de Los Llanos de Aridane\" \/>\n<meta property=\"article:published_time\" content=\"2023-11-03T06:03:13+00:00\" \/>\n<meta property=\"article:modified_time\" content=\"2023-11-06T09:18:48+00:00\" \/>\n<meta name=\"author\" content=\"Corresponsal\" \/>\n<meta name=\"twitter:card\" content=\"summary_large_image\" \/>\n<meta name=\"twitter:label1\" content=\"Escrito por\" \/>\n\t<meta name=\"twitter:data1\" content=\"Corresponsal\" \/>\n\t<meta name=\"twitter:label2\" content=\"Tiempo de lectura\" \/>\n\t<meta name=\"twitter:data2\" content=\"2 minutos\" \/>\n<script type=\"application\/ld+json\" class=\"yoast-schema-graph\">{\"@context\":\"https:\/\/schema.org\",\"@graph\":[{\"@type\":\"WebPage\",\"@id\":\"https:\/\/www.aridane.org\/city\/2023\/11\/03\/los-llanos-inyecta-casi-800-000-euros-para-continuar-cumpliendo-con-sus-proveedores\/\",\"url\":\"https:\/\/www.aridane.org\/city\/2023\/11\/03\/los-llanos-inyecta-casi-800-000-euros-para-continuar-cumpliendo-con-sus-proveedores\/\",\"name\":\"Los Llanos inyecta casi 800.000 euros para continuar cumpliendo con sus proveedores - Ayuntamiento de Los Llanos de Aridane\",\"isPartOf\":{\"@id\":\"https:\/\/www.aridane.org\/city\/#website\"},\"datePublished\":\"2023-11-03T06:03:13+00:00\",\"dateModified\":\"2023-11-06T09:18:48+00:00\",\"author\":{\"@id\":\"https:\/\/www.aridane.org\/city\/#\/schema\/person\/89ebd376b223dc94cc1dbcf200c8e6da\"},\"breadcrumb\":{\"@id\":\"https:\/\/www.aridane.org\/city\/2023\/11\/03\/los-llanos-inyecta-casi-800-000-euros-para-continuar-cumpliendo-con-sus-proveedores\/#breadcrumb\"},\"inLanguage\":\"es\",\"potentialAction\":[{\"@type\":\"ReadAction\",\"target\":[\"https:\/\/www.aridane.org\/city\/2023\/11\/03\/los-llanos-inyecta-casi-800-000-euros-para-continuar-cumpliendo-con-sus-proveedores\/\"]}]},{\"@type\":\"BreadcrumbList\",\"@id\":\"https:\/\/www.aridane.org\/city\/2023\/11\/03\/los-llanos-inyecta-casi-800-000-euros-para-continuar-cumpliendo-con-sus-proveedores\/#breadcrumb\",\"itemListElement\":[{\"@type\":\"ListItem\",\"position\":1,\"name\":\"Portada\",\"item\":\"https:\/\/www.aridane.org\/city\/\"},{\"@type\":\"ListItem\",\"position\":2,\"name\":\"Los Llanos inyecta casi 800.000 euros para continuar cumpliendo con sus proveedores\"}]},{\"@type\":\"WebSite\",\"@id\":\"https:\/\/www.aridane.org\/city\/#website\",\"url\":\"https:\/\/www.aridane.org\/city\/\",\"name\":\"Ayuntamiento de Los Llanos de Aridane\",\"description\":\"\",\"potentialAction\":[{\"@type\":\"SearchAction\",\"target\":{\"@type\":\"EntryPoint\",\"urlTemplate\":\"https:\/\/www.aridane.org\/city\/?s={search_term_string}\"},\"query-input\":\"required name=search_term_string\"}],\"inLanguage\":\"es\"},{\"@type\":\"Person\",\"@id\":\"https:\/\/www.aridane.org\/city\/#\/schema\/person\/89ebd376b223dc94cc1dbcf200c8e6da\",\"name\":\"Corresponsal\",\"image\":{\"@type\":\"ImageObject\",\"inLanguage\":\"es\",\"@id\":\"https:\/\/www.aridane.org\/city\/#\/schema\/person\/image\/\",\"url\":\"https:\/\/secure.gravatar.com\/avatar\/1c476992411e4ccf153da63b2b2f5ea0bb4cb1c85f3ceab8512f04325ad5579c?s=96&d=mm&r=g\",\"contentUrl\":\"https:\/\/secure.gravatar.com\/avatar\/1c476992411e4ccf153da63b2b2f5ea0bb4cb1c85f3ceab8512f04325ad5579c?s=96&d=mm&r=g\",\"caption\":\"Corresponsal\"},\"url\":\"https:\/\/www.aridane.org\/city\/author\/corresponsal\/\"}]}<\/script>\n<!-- \/ Yoast SEO plugin. -->","yoast_head_json":{"title":"Los Llanos inyecta casi 800.000 euros para continuar cumpliendo con sus proveedores - Ayuntamiento de Los Llanos de Aridane","robots":{"index":"index","follow":"follow","max-snippet":"max-snippet:-1","max-image-preview":"max-image-preview:large","max-video-preview":"max-video-preview:-1"},"canonical":"https:\/\/www.aridane.org\/city\/2023\/11\/03\/los-llanos-inyecta-casi-800-000-euros-para-continuar-cumpliendo-con-sus-proveedores\/","og_locale":"es_ES","og_type":"article","og_title":"Los Llanos inyecta casi 800.000 euros para continuar cumpliendo con sus proveedores - Ayuntamiento de Los Llanos de Aridane","og_description":"El grupo de gobierno del Ayuntamiento sigue pendiente de que el Estado abone las facturas pendientes de la reconstrucci\u00f3n","og_url":"https:\/\/www.aridane.org\/city\/2023\/11\/03\/los-llanos-inyecta-casi-800-000-euros-para-continuar-cumpliendo-con-sus-proveedores\/","og_site_name":"Ayuntamiento de Los Llanos de Aridane","article_published_time":"2023-11-03T06:03:13+00:00","article_modified_time":"2023-11-06T09:18:48+00:00","author":"Corresponsal","twitter_card":"summary_large_image","twitter_misc":{"Escrito por":"Corresponsal","Tiempo de lectura":"2 minutos"},"schema":{"@context":"https:\/\/schema.org","@graph":[{"@type":"WebPage","@id":"https:\/\/www.aridane.org\/city\/2023\/11\/03\/los-llanos-inyecta-casi-800-000-euros-para-continuar-cumpliendo-con-sus-proveedores\/","url":"https:\/\/www.aridane.org\/city\/2023\/11\/03\/los-llanos-inyecta-casi-800-000-euros-para-continuar-cumpliendo-con-sus-proveedores\/","name":"Los Llanos inyecta casi 800.000 euros para continuar cumpliendo con sus proveedores - Ayuntamiento de Los Llanos de Aridane","isPartOf":{"@id":"https:\/\/www.aridane.org\/city\/#website"},"datePublished":"2023-11-03T06:03:13+00:00","dateModified":"2023-11-06T09:18:48+00:00","author":{"@id":"https:\/\/www.aridane.org\/city\/#\/schema\/person\/89ebd376b223dc94cc1dbcf200c8e6da"},"breadcrumb":{"@id":"https:\/\/www.aridane.org\/city\/2023\/11\/03\/los-llanos-inyecta-casi-800-000-euros-para-continuar-cumpliendo-con-sus-proveedores\/#breadcrumb"},"inLanguage":"es","potentialAction":[{"@type":"ReadAction","target":["https:\/\/www.aridane.org\/city\/2023\/11\/03\/los-llanos-inyecta-casi-800-000-euros-para-continuar-cumpliendo-con-sus-proveedores\/"]}]},{"@type":"BreadcrumbList","@id":"https:\/\/www.aridane.org\/city\/2023\/11\/03\/los-llanos-inyecta-casi-800-000-euros-para-continuar-cumpliendo-con-sus-proveedores\/#breadcrumb","itemListElement":[{"@type":"ListItem","position":1,"name":"Portada","item":"https:\/\/www.aridane.org\/city\/"},{"@type":"ListItem","position":2,"name":"Los Llanos inyecta casi 800.000 euros para continuar cumpliendo con sus proveedores"}]},{"@type":"WebSite","@id":"https:\/\/www.aridane.org\/city\/#website","url":"https:\/\/www.aridane.org\/city\/","name":"Ayuntamiento de Los Llanos de Aridane","description":"","potentialAction":[{"@type":"SearchAction","target":{"@type":"EntryPoint","urlTemplate":"https:\/\/www.aridane.org\/city\/?s={search_term_string}"},"query-input":"required name=search_term_string"}],"inLanguage":"es"},{"@type":"Person","@id":"https:\/\/www.aridane.org\/city\/#\/schema\/person\/89ebd376b223dc94cc1dbcf200c8e6da","name":"Corresponsal","image":{"@type":"ImageObject","inLanguage":"es","@id":"https:\/\/www.aridane.org\/city\/#\/schema\/person\/image\/","url":"https:\/\/secure.gravatar.com\/avatar\/1c476992411e4ccf153da63b2b2f5ea0bb4cb1c85f3ceab8512f04325ad5579c?s=96&d=mm&r=g","contentUrl":"https:\/\/secure.gravatar.com\/avatar\/1c476992411e4ccf153da63b2b2f5ea0bb4cb1c85f3ceab8512f04325ad5579c?s=96&d=mm&r=g","caption":"Corresponsal"},"url":"https:\/\/www.aridane.org\/city\/author\/corresponsal\/"}]}},"_links":{"self":[{"href":"https:\/\/www.aridane.org\/city\/wp-json\/wp\/v2\/posts\/2893","targetHints":{"allow":["GET"]}}],"collection":[{"href":"https:\/\/www.aridane.org\/city\/wp-json\/wp\/v2\/posts"}],"about":[{"href":"https:\/\/www.aridane.org\/city\/wp-json\/wp\/v2\/types\/post"}],"author":[{"embeddable":true,"href":"https:\/\/www.aridane.org\/city\/wp-json\/wp\/v2\/users\/4"}],"replies":[{"embeddable":true,"href":"https:\/\/www.aridane.org\/city\/wp-json\/wp\/v2\/comments?post=2893"}],"version-history":[{"count":1,"href":"https:\/\/www.aridane.org\/city\/wp-json\/wp\/v2\/posts\/2893\/revisions"}],"predecessor-version":[{"id":2894,"href":"https:\/\/www.aridane.org\/city\/wp-json\/wp\/v2\/posts\/2893\/revisions\/2894"}],"wp:attachment":[{"href":"https:\/\/www.aridane.org\/city\/wp-json\/wp\/v2\/media?parent=2893"}],"wp:term":[{"taxonomy":"category","embeddable":true,"href":"https:\/\/www.aridane.org\/city\/wp-json\/wp\/v2\/categories?post=2893"},{"taxonomy":"post_tag","embeddable":true,"href":"https:\/\/www.aridane.org\/city\/wp-json\/wp\/v2\/tags?post=2893"}],"curies":[{"name":"wp","href":"https:\/\/api.w.org\/{rel}","templated":true}]}}