{"id":2895,"date":"2023-11-07T14:38:38","date_gmt":"2023-11-07T14:38:38","guid":{"rendered":"https:\/\/www.aridane.org\/city\/?p=2895"},"modified":"2023-11-07T14:38:38","modified_gmt":"2023-11-07T14:38:38","slug":"la-celebracion-de-san-martin-regresa-al-museo-del-vino-de-los-llanos-de-aridane","status":"publish","type":"post","link":"https:\/\/www.aridane.org\/city\/2023\/11\/07\/la-celebracion-de-san-martin-regresa-al-museo-del-vino-de-los-llanos-de-aridane\/","title":{"rendered":"La celebraci\u00f3n de San Mart\u00edn regresa al Museo del Vino de Los Llanos de Aridane"},"content":{"rendered":"<p><i><span style=\"font-weight: 400;\">La concejala de Turismo, Inmaculada Fern\u00e1ndez, destaca que pueda volver a celebrarse en dicha ubicaci\u00f3n despu\u00e9s de cuatro a\u00f1os<\/span><\/i><\/p>\n<p><!--more--><span style=\"font-weight: 400;\">El Ayuntamiento de Los Llanos de Aridane recupera la celebraci\u00f3n de San Mart\u00edn en el Museo del Vino de Las Manchas. Tendr\u00e1 lugar el pr\u00f3ximo viernes, 10 de noviembre, y contar\u00e1 con un extenso programa de actividades, adem\u00e1s de m\u00fasica, comida, bebida y, por supuesto, casta\u00f1as.\u00a0<\/span><\/p>\n<p><span style=\"font-weight: 400;\">La concejala de Turismo del Ayuntamiento de Los Llanos de Aridane, Inmaculada Fern\u00e1ndez, recuerda que la pandemia y el volc\u00e1n impidieron que San Mart\u00edn pudiera celebrarse en el Museo del Vino. \u201cDespu\u00e9s de cuatro a\u00f1os la festividad regresa ad\u00f3nde nunca tuvo que irse. Est\u00e1 todo listo para vivir un gran d\u00eda\u201d, apunta.<\/span><\/p>\n<p><span style=\"font-weight: 400;\">Fern\u00e1ndez explica que para este d\u00eda se ha preparado un extenso programa, \u00aben el que los asistentes podr\u00e1n disfrutar de buena m\u00fasica, adem\u00e1s de tradicionales casta\u00f1as y el buen vino\u00bb.\u00a0<\/span><\/p>\n<p><span style=\"font-weight: 400;\">Tambi\u00e9n detalle que contar\u00e1n con los breves entremeses costumbristas del grupo de teatro <\/span><i><span style=\"font-weight: 400;\">Los de Denantes<\/span><\/i><span style=\"font-weight: 400;\"> de Las Manchas, que abrir\u00e1n y cerrar\u00e1n la velada, \u201cy servir\u00e1n adem\u00e1s de bisagra entre las dos actuaciones musicales del Grupo de versadores <\/span><i><span style=\"font-weight: 400;\">Punto y Clave<\/span><\/i><span style=\"font-weight: 400;\"> y la Agrupaci\u00f3n Folcl\u00f3rica Volc\u00e1n de San Juan\u201d.<\/span><\/p>\n<p><span style=\"font-weight: 400;\">Por su parte, el alcalde de Los Llanos de Aridane, Javier Llamas, valora que San Mart\u00edn regrese al Museo del Vino. \u201cSe trata de un edificio ic\u00f3nico de nuestro municipio, que conjuga la tradici\u00f3n y las buenas costumbres del barrio de Las Manchas\u201d, a\u00f1ade.<\/span><\/p>\n<p><span style=\"font-weight: 400;\">Asimismo, desde el Ayuntamiento de Los Llanos de Aridane se invita a todos los vecinos del municipio y del resto de la isla a participar en la celebraci\u00f3n de esta fiesta tan popular y t\u00edpica de noviembre. San Mart\u00edn es un buen momento para destacar el papel que juega la vi\u00f1a en la historia de la Isla.<\/span><\/p>\n<h2>\u2018Punto y Clave\u2019, la Agrupaci\u00f3n Folcl\u00f3rica Volc\u00e1n de San Juan y \u2018Los Denantes\u2019<\/h2>\n<p><span style=\"font-weight: 400;\">Respecto a las actuaciones previstas para San Mart\u00edn, destacar que <\/span><i><span style=\"font-weight: 400;\">Punto y Clave <\/span><\/i><span style=\"font-weight: 400;\">es un grupo liderado por Yapci Bienes que ha versado en numerosas fiestas y espacios culturales. Tambi\u00e9n han divulgado la tradici\u00f3n del verso en centros escolares y en medios de comunicaci\u00f3n.\u00a0<\/span><\/p>\n<p><span style=\"font-weight: 400;\">Yapci, adem\u00e1s, es un habitual en las delegaciones canarias en los festivales internacionales de improvisaci\u00f3n po\u00e9tica, participando en muchos de los organizados en territorio nacional y en varios de los organizados en el extranjero, visitando Cuba, M\u00e9xico, Argentina, Portugal o Italia.\u00a0<\/span><\/p>\n<p><span style=\"font-weight: 400;\">Por su parte, la Agrupaci\u00f3n Folcl\u00f3rica Volc\u00e1n de San Juan naci\u00f3 en Las Manchas en 1981. Fue compuesta por un grupo de amigos que se reun\u00edan para tocar por las casas del barrio en las fiestas de Navidad, una tradici\u00f3n que se mantuvo muchos a\u00f1os. Poco a poco fueron desarrollando su propio estilo, desde el folklore canario, hasta la m\u00fasica hispanoamericana, con canciones propias del grupo e innovaciones en el estilo musical canario, marcado por el inconfundible sello del que fuera su director durante casi 40 a\u00f1os Francisco Ventura.\u00a0<\/span><\/p>\n<p><span style=\"font-weight: 400;\">Esta agrupaci\u00f3n tiene el privilegio de contar a\u00fan con varios fundadores que son pilares fundamentales de este grupo, y actualmente son unos 25 componentes. El Volc\u00e1n San Juan se presenta como un grupo resiliente y resistente con may\u00fasculas. En los \u00faltimos tres a\u00f1os, como todos saben, han pasado por una pandemia, por un volc\u00e1n y por la p\u00e9rdida de su amigo y director. Han actuado en much\u00edsimos pueblos y barrios de la isla de La Palma donde se celebran festivales, romer\u00edas, misas canarias, ferias, comidas ben\u00e9ficas y en cualquier sitio donde se requiera su presencia y en esta nueva etapa, de la mano de su nuevo director Lu\u00eds D\u00edaz.<\/span><\/p>\n<p><span style=\"font-weight: 400;\">Respecto a <\/span><i><span style=\"font-weight: 400;\">Los de Denantes,<\/span><\/i><span style=\"font-weight: 400;\"> es una agrupaci\u00f3n que naci\u00f3 en los a\u00f1os 80 siempre haciendo teatro costumbrista, siempre bajo la direcci\u00f3n y las obras escritas por Roberto Camacho. Est\u00e1n actuando por diferentes municipios as\u00ed como en la celebraci\u00f3n de los 40 a\u00f1os de la Reserva de la Biosfera, de La Palma. El teatro que escribe y escenifica Roberto se basa en la recuperaci\u00f3n de nuestra tradiciones, costumbres, vocabulario, resaltando nuestra identidad canaria.<\/span><\/p>\n<p>&nbsp;<\/p>\n","protected":false},"excerpt":{"rendered":"<p>La concejala de Turismo, Inmaculada Fern\u00e1ndez, destaca que pueda volver a celebrarse en dicha ubicaci\u00f3n despu\u00e9s de cuatro a\u00f1os<\/p>\n","protected":false},"author":4,"featured_media":2897,"comment_status":"open","ping_status":"open","sticky":false,"template":"","format":"standard","meta":{"footnotes":""},"categories":[1],"tags":[],"class_list":["post-2895","post","type-post","status-publish","format-standard","has-post-thumbnail","hentry","category-sin-categoria"],"yoast_head":"<!-- This site is optimized with the Yoast SEO plugin v22.7 - https:\/\/yoast.com\/wordpress\/plugins\/seo\/ -->\n<title>La celebraci\u00f3n de San Mart\u00edn regresa al Museo del Vino de Los Llanos de Aridane - Ayuntamiento de Los Llanos de Aridane<\/title>\n<meta name=\"robots\" content=\"index, follow, max-snippet:-1, max-image-preview:large, max-video-preview:-1\" \/>\n<link rel=\"canonical\" href=\"https:\/\/www.aridane.org\/city\/2023\/11\/07\/la-celebracion-de-san-martin-regresa-al-museo-del-vino-de-los-llanos-de-aridane\/\" \/>\n<meta property=\"og:locale\" content=\"es_ES\" \/>\n<meta property=\"og:type\" content=\"article\" \/>\n<meta property=\"og:title\" content=\"La celebraci\u00f3n de San Mart\u00edn regresa al Museo del Vino de Los Llanos de Aridane - Ayuntamiento de Los Llanos de Aridane\" \/>\n<meta property=\"og:description\" content=\"La concejala de Turismo, Inmaculada Fern\u00e1ndez, destaca que pueda volver a celebrarse en dicha ubicaci\u00f3n despu\u00e9s de cuatro a\u00f1os\" \/>\n<meta property=\"og:url\" content=\"https:\/\/www.aridane.org\/city\/2023\/11\/07\/la-celebracion-de-san-martin-regresa-al-museo-del-vino-de-los-llanos-de-aridane\/\" \/>\n<meta property=\"og:site_name\" content=\"Ayuntamiento de Los Llanos de Aridane\" \/>\n<meta property=\"article:published_time\" content=\"2023-11-07T14:38:38+00:00\" \/>\n<meta property=\"og:image\" content=\"https:\/\/www.aridane.org\/city\/wp-content\/uploads\/2023\/11\/Museo-del-Vino.jpeg\" \/>\n\t<meta property=\"og:image:width\" content=\"1024\" \/>\n\t<meta property=\"og:image:height\" content=\"768\" \/>\n\t<meta property=\"og:image:type\" content=\"image\/jpeg\" \/>\n<meta name=\"author\" content=\"Corresponsal\" \/>\n<meta name=\"twitter:card\" content=\"summary_large_image\" \/>\n<meta name=\"twitter:label1\" content=\"Escrito por\" \/>\n\t<meta name=\"twitter:data1\" content=\"Corresponsal\" \/>\n\t<meta name=\"twitter:label2\" content=\"Tiempo de lectura\" \/>\n\t<meta name=\"twitter:data2\" content=\"4 minutos\" \/>\n<script type=\"application\/ld+json\" class=\"yoast-schema-graph\">{\"@context\":\"https:\/\/schema.org\",\"@graph\":[{\"@type\":\"WebPage\",\"@id\":\"https:\/\/www.aridane.org\/city\/2023\/11\/07\/la-celebracion-de-san-martin-regresa-al-museo-del-vino-de-los-llanos-de-aridane\/\",\"url\":\"https:\/\/www.aridane.org\/city\/2023\/11\/07\/la-celebracion-de-san-martin-regresa-al-museo-del-vino-de-los-llanos-de-aridane\/\",\"name\":\"La celebraci\u00f3n de San Mart\u00edn regresa al Museo del Vino de Los Llanos de Aridane - Ayuntamiento de Los Llanos de Aridane\",\"isPartOf\":{\"@id\":\"https:\/\/www.aridane.org\/city\/#website\"},\"primaryImageOfPage\":{\"@id\":\"https:\/\/www.aridane.org\/city\/2023\/11\/07\/la-celebracion-de-san-martin-regresa-al-museo-del-vino-de-los-llanos-de-aridane\/#primaryimage\"},\"image\":{\"@id\":\"https:\/\/www.aridane.org\/city\/2023\/11\/07\/la-celebracion-de-san-martin-regresa-al-museo-del-vino-de-los-llanos-de-aridane\/#primaryimage\"},\"thumbnailUrl\":\"https:\/\/www.aridane.org\/city\/wp-content\/uploads\/2023\/11\/Museo-del-Vino.jpeg\",\"datePublished\":\"2023-11-07T14:38:38+00:00\",\"dateModified\":\"2023-11-07T14:38:38+00:00\",\"author\":{\"@id\":\"https:\/\/www.aridane.org\/city\/#\/schema\/person\/89ebd376b223dc94cc1dbcf200c8e6da\"},\"breadcrumb\":{\"@id\":\"https:\/\/www.aridane.org\/city\/2023\/11\/07\/la-celebracion-de-san-martin-regresa-al-museo-del-vino-de-los-llanos-de-aridane\/#breadcrumb\"},\"inLanguage\":\"es\",\"potentialAction\":[{\"@type\":\"ReadAction\",\"target\":[\"https:\/\/www.aridane.org\/city\/2023\/11\/07\/la-celebracion-de-san-martin-regresa-al-museo-del-vino-de-los-llanos-de-aridane\/\"]}]},{\"@type\":\"ImageObject\",\"inLanguage\":\"es\",\"@id\":\"https:\/\/www.aridane.org\/city\/2023\/11\/07\/la-celebracion-de-san-martin-regresa-al-museo-del-vino-de-los-llanos-de-aridane\/#primaryimage\",\"url\":\"https:\/\/www.aridane.org\/city\/wp-content\/uploads\/2023\/11\/Museo-del-Vino.jpeg\",\"contentUrl\":\"https:\/\/www.aridane.org\/city\/wp-content\/uploads\/2023\/11\/Museo-del-Vino.jpeg\",\"width\":1024,\"height\":768},{\"@type\":\"BreadcrumbList\",\"@id\":\"https:\/\/www.aridane.org\/city\/2023\/11\/07\/la-celebracion-de-san-martin-regresa-al-museo-del-vino-de-los-llanos-de-aridane\/#breadcrumb\",\"itemListElement\":[{\"@type\":\"ListItem\",\"position\":1,\"name\":\"Portada\",\"item\":\"https:\/\/www.aridane.org\/city\/\"},{\"@type\":\"ListItem\",\"position\":2,\"name\":\"La celebraci\u00f3n de San Mart\u00edn regresa al Museo del Vino de Los Llanos de Aridane\"}]},{\"@type\":\"WebSite\",\"@id\":\"https:\/\/www.aridane.org\/city\/#website\",\"url\":\"https:\/\/www.aridane.org\/city\/\",\"name\":\"Ayuntamiento de Los Llanos de Aridane\",\"description\":\"\",\"potentialAction\":[{\"@type\":\"SearchAction\",\"target\":{\"@type\":\"EntryPoint\",\"urlTemplate\":\"https:\/\/www.aridane.org\/city\/?s={search_term_string}\"},\"query-input\":\"required name=search_term_string\"}],\"inLanguage\":\"es\"},{\"@type\":\"Person\",\"@id\":\"https:\/\/www.aridane.org\/city\/#\/schema\/person\/89ebd376b223dc94cc1dbcf200c8e6da\",\"name\":\"Corresponsal\",\"image\":{\"@type\":\"ImageObject\",\"inLanguage\":\"es\",\"@id\":\"https:\/\/www.aridane.org\/city\/#\/schema\/person\/image\/\",\"url\":\"https:\/\/secure.gravatar.com\/avatar\/1c476992411e4ccf153da63b2b2f5ea0bb4cb1c85f3ceab8512f04325ad5579c?s=96&d=mm&r=g\",\"contentUrl\":\"https:\/\/secure.gravatar.com\/avatar\/1c476992411e4ccf153da63b2b2f5ea0bb4cb1c85f3ceab8512f04325ad5579c?s=96&d=mm&r=g\",\"caption\":\"Corresponsal\"},\"url\":\"https:\/\/www.aridane.org\/city\/author\/corresponsal\/\"}]}<\/script>\n<!-- \/ Yoast SEO plugin. -->","yoast_head_json":{"title":"La celebraci\u00f3n de San Mart\u00edn regresa al Museo del Vino de Los Llanos de Aridane - Ayuntamiento de Los Llanos de Aridane","robots":{"index":"index","follow":"follow","max-snippet":"max-snippet:-1","max-image-preview":"max-image-preview:large","max-video-preview":"max-video-preview:-1"},"canonical":"https:\/\/www.aridane.org\/city\/2023\/11\/07\/la-celebracion-de-san-martin-regresa-al-museo-del-vino-de-los-llanos-de-aridane\/","og_locale":"es_ES","og_type":"article","og_title":"La celebraci\u00f3n de San Mart\u00edn regresa al Museo del Vino de Los Llanos de Aridane - Ayuntamiento de Los Llanos de Aridane","og_description":"La concejala de Turismo, Inmaculada Fern\u00e1ndez, destaca que pueda volver a celebrarse en dicha ubicaci\u00f3n despu\u00e9s de cuatro a\u00f1os","og_url":"https:\/\/www.aridane.org\/city\/2023\/11\/07\/la-celebracion-de-san-martin-regresa-al-museo-del-vino-de-los-llanos-de-aridane\/","og_site_name":"Ayuntamiento de Los Llanos de Aridane","article_published_time":"2023-11-07T14:38:38+00:00","og_image":[{"width":1024,"height":768,"url":"https:\/\/www.aridane.org\/city\/wp-content\/uploads\/2023\/11\/Museo-del-Vino.jpeg","type":"image\/jpeg"}],"author":"Corresponsal","twitter_card":"summary_large_image","twitter_misc":{"Escrito por":"Corresponsal","Tiempo de lectura":"4 minutos"},"schema":{"@context":"https:\/\/schema.org","@graph":[{"@type":"WebPage","@id":"https:\/\/www.aridane.org\/city\/2023\/11\/07\/la-celebracion-de-san-martin-regresa-al-museo-del-vino-de-los-llanos-de-aridane\/","url":"https:\/\/www.aridane.org\/city\/2023\/11\/07\/la-celebracion-de-san-martin-regresa-al-museo-del-vino-de-los-llanos-de-aridane\/","name":"La celebraci\u00f3n de San Mart\u00edn regresa al Museo del Vino de Los Llanos de Aridane - Ayuntamiento de Los Llanos de Aridane","isPartOf":{"@id":"https:\/\/www.aridane.org\/city\/#website"},"primaryImageOfPage":{"@id":"https:\/\/www.aridane.org\/city\/2023\/11\/07\/la-celebracion-de-san-martin-regresa-al-museo-del-vino-de-los-llanos-de-aridane\/#primaryimage"},"image":{"@id":"https:\/\/www.aridane.org\/city\/2023\/11\/07\/la-celebracion-de-san-martin-regresa-al-museo-del-vino-de-los-llanos-de-aridane\/#primaryimage"},"thumbnailUrl":"https:\/\/www.aridane.org\/city\/wp-content\/uploads\/2023\/11\/Museo-del-Vino.jpeg","datePublished":"2023-11-07T14:38:38+00:00","dateModified":"2023-11-07T14:38:38+00:00","author":{"@id":"https:\/\/www.aridane.org\/city\/#\/schema\/person\/89ebd376b223dc94cc1dbcf200c8e6da"},"breadcrumb":{"@id":"https:\/\/www.aridane.org\/city\/2023\/11\/07\/la-celebracion-de-san-martin-regresa-al-museo-del-vino-de-los-llanos-de-aridane\/#breadcrumb"},"inLanguage":"es","potentialAction":[{"@type":"ReadAction","target":["https:\/\/www.aridane.org\/city\/2023\/11\/07\/la-celebracion-de-san-martin-regresa-al-museo-del-vino-de-los-llanos-de-aridane\/"]}]},{"@type":"ImageObject","inLanguage":"es","@id":"https:\/\/www.aridane.org\/city\/2023\/11\/07\/la-celebracion-de-san-martin-regresa-al-museo-del-vino-de-los-llanos-de-aridane\/#primaryimage","url":"https:\/\/www.aridane.org\/city\/wp-content\/uploads\/2023\/11\/Museo-del-Vino.jpeg","contentUrl":"https:\/\/www.aridane.org\/city\/wp-content\/uploads\/2023\/11\/Museo-del-Vino.jpeg","width":1024,"height":768},{"@type":"BreadcrumbList","@id":"https:\/\/www.aridane.org\/city\/2023\/11\/07\/la-celebracion-de-san-martin-regresa-al-museo-del-vino-de-los-llanos-de-aridane\/#breadcrumb","itemListElement":[{"@type":"ListItem","position":1,"name":"Portada","item":"https:\/\/www.aridane.org\/city\/"},{"@type":"ListItem","position":2,"name":"La celebraci\u00f3n de San Mart\u00edn regresa al Museo del Vino de Los Llanos de Aridane"}]},{"@type":"WebSite","@id":"https:\/\/www.aridane.org\/city\/#website","url":"https:\/\/www.aridane.org\/city\/","name":"Ayuntamiento de Los Llanos de Aridane","description":"","potentialAction":[{"@type":"SearchAction","target":{"@type":"EntryPoint","urlTemplate":"https:\/\/www.aridane.org\/city\/?s={search_term_string}"},"query-input":"required name=search_term_string"}],"inLanguage":"es"},{"@type":"Person","@id":"https:\/\/www.aridane.org\/city\/#\/schema\/person\/89ebd376b223dc94cc1dbcf200c8e6da","name":"Corresponsal","image":{"@type":"ImageObject","inLanguage":"es","@id":"https:\/\/www.aridane.org\/city\/#\/schema\/person\/image\/","url":"https:\/\/secure.gravatar.com\/avatar\/1c476992411e4ccf153da63b2b2f5ea0bb4cb1c85f3ceab8512f04325ad5579c?s=96&d=mm&r=g","contentUrl":"https:\/\/secure.gravatar.com\/avatar\/1c476992411e4ccf153da63b2b2f5ea0bb4cb1c85f3ceab8512f04325ad5579c?s=96&d=mm&r=g","caption":"Corresponsal"},"url":"https:\/\/www.aridane.org\/city\/author\/corresponsal\/"}]}},"_links":{"self":[{"href":"https:\/\/www.aridane.org\/city\/wp-json\/wp\/v2\/posts\/2895","targetHints":{"allow":["GET"]}}],"collection":[{"href":"https:\/\/www.aridane.org\/city\/wp-json\/wp\/v2\/posts"}],"about":[{"href":"https:\/\/www.aridane.org\/city\/wp-json\/wp\/v2\/types\/post"}],"author":[{"embeddable":true,"href":"https:\/\/www.aridane.org\/city\/wp-json\/wp\/v2\/users\/4"}],"replies":[{"embeddable":true,"href":"https:\/\/www.aridane.org\/city\/wp-json\/wp\/v2\/comments?post=2895"}],"version-history":[{"count":1,"href":"https:\/\/www.aridane.org\/city\/wp-json\/wp\/v2\/posts\/2895\/revisions"}],"predecessor-version":[{"id":2898,"href":"https:\/\/www.aridane.org\/city\/wp-json\/wp\/v2\/posts\/2895\/revisions\/2898"}],"wp:featuredmedia":[{"embeddable":true,"href":"https:\/\/www.aridane.org\/city\/wp-json\/wp\/v2\/media\/2897"}],"wp:attachment":[{"href":"https:\/\/www.aridane.org\/city\/wp-json\/wp\/v2\/media?parent=2895"}],"wp:term":[{"taxonomy":"category","embeddable":true,"href":"https:\/\/www.aridane.org\/city\/wp-json\/wp\/v2\/categories?post=2895"},{"taxonomy":"post_tag","embeddable":true,"href":"https:\/\/www.aridane.org\/city\/wp-json\/wp\/v2\/tags?post=2895"}],"curies":[{"name":"wp","href":"https:\/\/api.w.org\/{rel}","templated":true}]}}